{"id":5766,"date":"2020-12-18T09:11:38","date_gmt":"2020-12-18T08:11:38","guid":{"rendered":"https:\/\/www.kompetensforetagen.se\/?p=5766"},"modified":"2023-03-31T16:43:24","modified_gmt":"2023-03-31T14:43:24","slug":"debattartikel-sa-forbattras-upphandlingarna-av-vardtjanster","status":"publish","type":"post","link":"https:\/\/www.kompetensforetagen.se\/2020\/12\/debattartikel-sa-forbattras-upphandlingarna-av-vardtjanster\/","title":{"rendered":"Debattartikel: S\u00e5 f\u00f6rb\u00e4ttras upphandlingarna av v\u00e5rdtj\u00e4nster"},"content":{"rendered":"\n<p>Det \u00e4r nu klart att landets samtliga 21 regioner \u00e4r eniga kring f\u00f6rslaget om <a href=\"https:\/\/upphandling24.se\/alla-hakar-pa-vardupphandling\/\">gemensam upphandling av v\u00e5rdtj\u00e4nster<\/a>. Kompetensf\u00f6retagens budskap \u00e4r att vi leverant\u00f6rer beh\u00f6ver bidra med v\u00e5r kunskap till den arbetsgrupp som utformar upphandlingsunderlaget under ledning av SKR. F\u00f6rst d\u00e5 blir det ett optimalt resultat f\u00f6r medborgarna, s\u00e5v\u00e4l som patienter som skattebetalare.<\/p>\n\n\n\n<p>Olyckligtvis f\u00f6rekommer idag allt f\u00f6r m\u00e5nga direktupphandlingar utanf\u00f6r ramavtal. Detta \u00e4r det sannolikaste sk\u00e4let till att kostnaderna f\u00f6r inhyrd v\u00e5rdpersonal forts\u00e4tter \u00f6ka i regionerna. Kompetensf\u00f6retagen vill d\u00e4rf\u00f6r betona att regionerna g\u00e5r i r\u00e4tt riktning n\u00e4r de g\u00e5r samman f\u00f6r att fokusera mer p\u00e5 kvalitet och utf\u00f6rd v\u00e5rd \u00e4n kronor och \u00f6ren g\u00e4llande inhyrning. F\u00f6r faktum \u00e4r att inhyrd personal beh\u00f6vs, och inte bara i det sv\u00e5ra l\u00e4ge v\u00e5rden befinner sig i nu. Enligt <a href=\"https:\/\/skr.se\/skr\/arbetsgivarekollektivavtal\/uppfoljninganalys\/personalstatistik\/sjukfranvaroredovisningen.46608.html\" target=\"_blank\" rel=\"noopener\">SKR:s egna siffror motsvarade enbart sjukfr\u00e5nvaro l\u00e4ngre \u00e4n 30 dagar i regionerna, p\u00e5 hel- eller deltid, cirka 7 200 \u00e5rsarbetare under 2019.<\/a> Sjukv\u00e5rden gick d\u00e4rf\u00f6r miste om arbetskraft som i \u00e5rsarbetare motsvarade 1 800 sjuksk\u00f6terskor, 1 800 undersk\u00f6terskor och 300 specialistutbildade l\u00e4kare p\u00e5 grund av l\u00e4ngre sjukfr\u00e5nvaro. Sen tillkommer till exempel kortare sjukfr\u00e5nvaro, semester, utbildning, f\u00f6r\u00e4ldraledighet och byte av arbetsplats. Med fr\u00e5nvaron uppst\u00e5r kvalitetsproblem i v\u00e5rden som l\u00e5nga v\u00e5rdk\u00f6er och att \u00f6verhuvudtaget tr\u00e4ffa en l\u00e4kare.<\/p>\n\n\n\n<blockquote class=\"wp-block-quote is-layout-flow wp-block-quote-is-layout-flow\">\n<p>Olyckligtvis f\u00f6rekommer idag allt f\u00f6r m\u00e5nga direktupphandlingar utanf\u00f6r ramavtal.<\/p>\n<\/blockquote>\n\n\n\n<p>Kompetensf\u00f6retagens medlemsf\u00f6retag har i m\u00e5nga \u00e5r arbetat f\u00f6r att leverera mot behoven hos s\u00e5v\u00e4l regioner som patienter, med st\u00e4ndigt f\u00f6rb\u00e4ttrad kvalitet, kostnadseffektivitet och leveranss\u00e4kerhet. Samarbetet med regionerna har st\u00e4rkts de senaste \u00e5ren, vilket bekr\u00e4ftas i en rapport fr\u00e5n Konkurrensverket, som ocks\u00e5 s\u00e4ger att b\u00e4ttre ramavtal har minskat antalet dyra direktupphandlingar (2020). Men det kr\u00e4vs mer \u00e4n gott samarbete. Det f\u00f6rekommer att regionerna blundar f\u00f6r sina behov och inte budgeterar f\u00f6r inhyrning<a href=\"https:\/\/arenaide.se\/rapporter\/hyrpersonal-i-varden\/\"> (Arena Id\u00e9 2020)<\/a>.<\/p>\n\n\n\n<p>D\u00e5 hamnar regionerna i situationer med direktupphandling som medf\u00f6r p\u00e5verkanssv\u00e5righeter i b\u00e5de kvalitet och kostnad. Dessutom har regionernas nuvarande fokus p\u00e5 pris i upphandlingar \u00f6ppnat marknaden f\u00f6r leverant\u00f6rer som inte lever upp till de h\u00f6ga krav Kompetensf\u00f6retagen st\u00e4ller i sin auktorisation. De innefattar bland annat kollektivavtal med f\u00f6rs\u00e4kringar och andra f\u00f6rm\u00e5ner, helt enligt den svenska modellen.<\/p>\n\n\n\n<blockquote class=\"wp-block-quote is-layout-flow wp-block-quote-is-layout-flow\">\n<p>V\u00e5r f\u00f6rhoppning \u00e4r d\u00e4rf\u00f6r att vi bjuds in till samarbetet med de gemensamma upphandlingarna f\u00f6r en b\u00e4ttre, s\u00e4krare och mer kostnadseffektiv v\u00e5rd<\/p>\n<\/blockquote>\n\n\n\n<p>Konkurrensverkets rapport lyfter vikten av god f\u00f6rankring och att alla regioner, trots skiftande demografiska och geografiska f\u00f6ruts\u00e4ttningar, kan f\u00f6rh\u00e5lla sig till avtalet, tillsammans med behovet av olika regionala priskoefficienter. Vi inst\u00e4mmer i detta, och f\u00f6resl\u00e5r sex till sju olika regioner med olika ers\u00e4ttningsniv\u00e5er beroende p\u00e5 om det exempelvis \u00e4r glesbygdsomr\u00e5de \/ specialistl\u00e4karkompetenser som \u00e4r mer sv\u00e5rrekryterat.<\/p>\n\n\n\n<h3 class=\"wp-block-heading\">Gl\u00e4djande med gemensam upphandling av v\u00e5rdtj\u00e4nster<\/h3>\n\n\n\n<p>Det gemensamma arbetet med att skapa b\u00e4ttre f\u00f6ruts\u00e4ttningar f\u00f6r upphandling av v\u00e5rdtj\u00e4nster \u00e4r gl\u00e4djande. Kompetensf\u00f6retagen vill bidra genom att erbjuda en referensgrupp i ett l\u00e5ngsiktigt samarbete med regionerna och SKR i utformandet av v\u00e4lfungerande ramavtal. V\u00e5ra medlemsf\u00f6retag \u00e4r viktiga HR-partners, avg\u00f6rande f\u00f6r v\u00e5rdens kompetensf\u00f6rs\u00f6rjning. Upphandling fr\u00e5n auktoriserade f\u00f6retag inneb\u00e4r att skattemedel anv\u00e4nds ansvarsfullt i flera led, d\u00e5 <a href=\"https:\/\/www.kompetensforetagen.se\/auktorisation\/\" target=\"_blank\" rel=\"noopener noreferrer\">auktorisationen<\/a> fordrar ordning och reda i f\u00f6retagens ekonomi och ger sjuksk\u00f6terskor reglerad r\u00e4tt till exempelvis pension.<\/p>\n\n\n\n<p>V\u00e5r f\u00f6rhoppning \u00e4r d\u00e4rf\u00f6r att vi bjuds in till samarbetet med de gemensamma upphandlingarna f\u00f6r en b\u00e4ttre, s\u00e4krare och mer kostnadseffektiv v\u00e5rd.<\/p>\n\n\n\n<p>Eva Domanders, ordf\u00f6rande Kompetensf\u00f6retagen<\/p>\n\n\n\n<p>Patrik Eidfelt, f\u00f6rbundsdirekt\u00f6r Kompetensf\u00f6retagen<\/p>\n\n\n\n<p>Debattartikeln publicerades p\u00e5 <a href=\"https:\/\/www.dagenssamhalle.se\/debatt\/sa-forbattras-upphandlingarna-av-vardtjanster-34813\">Dagens Samh\u00e4lles webbplats<\/a> den 17 december 2020<\/p>\n","protected":false},"excerpt":{"rendered":"<p>Det \u00e4r nu klart att landets samtliga 21 regioner \u00e4r eniga kring f\u00f6rslaget om gemensam upphandling av v\u00e5rdtj\u00e4nster. Kompetensf\u00f6retagens budskap \u00e4r att vi leverant\u00f6rer beh\u00f6ver bidra med v\u00e5r kunskap till den arbetsgrupp som utformar upphandlingsunderlaget &hellip;<\/p>\n","protected":false},"author":6058,"featured_media":5322,"comment_status":"closed","ping_status":"closed","sticky":false,"template":"","format":"standard","meta":{"_acf_changed":false,"footnotes":""},"categories":[5],"tags":[],"article_type":[32],"agreement":[],"for-members":[],"class_list":["post-5766","post","type-post","status-publish","format-standard","has-post-thumbnail","hentry","category-vard","type-debattartiklar"],"acf":[],"yoast_head":"<!-- This site is optimized with the Yoast SEO Premium plugin v26.8 (Yoast SEO v26.8) - https:\/\/yoast.com\/product\/yoast-seo-premium-wordpress\/ -->\n<title>Gl\u00e4djande med gemensam upphandling av v\u00e5rdtj\u00e4nster<\/title>\n<meta name=\"description\" content=\"Kompetensf\u00f6retagen erbjuder SKR och regioenrna en referensgrupp att samarbeta med f\u00f6r en framg\u00e5ngsrik gemensam upphandling av v\u00e5rdtj\u00e4nster.\" \/>\n<meta name=\"robots\" content=\"index, follow, max-snippet:-1, max-image-preview:large, max-video-preview:-1\" \/>\n<link rel=\"canonical\" href=\"https:\/\/www.kompetensforetagen.se\/2020\/12\/debattartikel-sa-forbattras-upphandlingarna-av-vardtjanster\/\" \/>\n<meta property=\"og:locale\" content=\"sv_SE\" \/>\n<meta property=\"og:type\" content=\"article\" \/>\n<meta property=\"og:title\" content=\"Debattartikel: S\u00e5 f\u00f6rb\u00e4ttras upphandlingarna av v\u00e5rdtj\u00e4nster\" \/>\n<meta property=\"og:description\" content=\"Kompetensf\u00f6retagen erbjuder SKR och regioenrna en referensgrupp att samarbeta med f\u00f6r en framg\u00e5ngsrik gemensam upphandling av v\u00e5rdtj\u00e4nster.\" \/>\n<meta property=\"og:url\" content=\"https:\/\/www.kompetensforetagen.se\/2020\/12\/debattartikel-sa-forbattras-upphandlingarna-av-vardtjanster\/\" \/>\n<meta property=\"og:site_name\" content=\"Kompetensf\u00f6retagen\" \/>\n<meta property=\"article:published_time\" content=\"2020-12-18T08:11:38+00:00\" \/>\n<meta property=\"article:modified_time\" content=\"2023-03-31T14:43:24+00:00\" \/>\n<meta property=\"og:image\" content=\"https:\/\/www.kompetensforetagen.se\/app\/uploads\/sites\/5\/2020\/09\/evaochpatrik-2.png\" \/>\n\t<meta property=\"og:image:width\" content=\"1073\" \/>\n\t<meta property=\"og:image:height\" content=\"757\" \/>\n\t<meta property=\"og:image:type\" content=\"image\/png\" \/>\n<meta name=\"author\" content=\"Shashika Sellgren\" \/>\n<meta name=\"twitter:card\" content=\"summary_large_image\" \/>\n<meta name=\"twitter:label1\" content=\"Skriven av\" \/>\n\t<meta name=\"twitter:data1\" content=\"Shashika Sellgren\" \/>\n\t<meta name=\"twitter:label2\" content=\"Ber\u00e4knad l\u00e4stid\" \/>\n\t<meta name=\"twitter:data2\" content=\"3 minuter\" \/>\n<!-- \/ Yoast SEO Premium plugin. -->","yoast_head_json":{"title":"Gl\u00e4djande med gemensam upphandling av v\u00e5rdtj\u00e4nster","description":"Kompetensf\u00f6retagen erbjuder SKR och regioenrna en referensgrupp att samarbeta med f\u00f6r en framg\u00e5ngsrik gemensam upphandling av v\u00e5rdtj\u00e4nster.","robots":{"index":"index","follow":"follow","max-snippet":"max-snippet:-1","max-image-preview":"max-image-preview:large","max-video-preview":"max-video-preview:-1"},"canonical":"https:\/\/www.kompetensforetagen.se\/2020\/12\/debattartikel-sa-forbattras-upphandlingarna-av-vardtjanster\/","og_locale":"sv_SE","og_type":"article","og_title":"Debattartikel: S\u00e5 f\u00f6rb\u00e4ttras upphandlingarna av v\u00e5rdtj\u00e4nster","og_description":"Kompetensf\u00f6retagen erbjuder SKR och regioenrna en referensgrupp att samarbeta med f\u00f6r en framg\u00e5ngsrik gemensam upphandling av v\u00e5rdtj\u00e4nster.","og_url":"https:\/\/www.kompetensforetagen.se\/2020\/12\/debattartikel-sa-forbattras-upphandlingarna-av-vardtjanster\/","og_site_name":"Kompetensf\u00f6retagen","article_published_time":"2020-12-18T08:11:38+00:00","article_modified_time":"2023-03-31T14:43:24+00:00","og_image":[{"width":1073,"height":757,"url":"https:\/\/www.kompetensforetagen.se\/app\/uploads\/sites\/5\/2020\/09\/evaochpatrik-2.png","type":"image\/png"}],"author":"Shashika Sellgren","twitter_card":"summary_large_image","twitter_misc":{"Skriven av":"Shashika Sellgren","Ber\u00e4knad l\u00e4stid":"3 minuter"},"schema":{"@context":"https:\/\/schema.org","@graph":[{"@type":"Article","@id":"https:\/\/www.kompetensforetagen.se\/2020\/12\/debattartikel-sa-forbattras-upphandlingarna-av-vardtjanster\/#article","isPartOf":{"@id":"https:\/\/www.kompetensforetagen.se\/2020\/12\/debattartikel-sa-forbattras-upphandlingarna-av-vardtjanster\/"},"author":{"name":"Shashika Sellgren","@id":"https:\/\/www.kompetensforetagen.se\/#\/schema\/person\/38c6b37b81c530c93246c3d1993d5662"},"headline":"Debattartikel: S\u00e5 f\u00f6rb\u00e4ttras upphandlingarna av v\u00e5rdtj\u00e4nster","datePublished":"2020-12-18T08:11:38+00:00","dateModified":"2023-03-31T14:43:24+00:00","mainEntityOfPage":{"@id":"https:\/\/www.kompetensforetagen.se\/2020\/12\/debattartikel-sa-forbattras-upphandlingarna-av-vardtjanster\/"},"wordCount":687,"publisher":{"@id":"https:\/\/www.kompetensforetagen.se\/#organization"},"image":{"@id":"https:\/\/www.kompetensforetagen.se\/2020\/12\/debattartikel-sa-forbattras-upphandlingarna-av-vardtjanster\/#primaryimage"},"thumbnailUrl":"https:\/\/www.kompetensforetagen.se\/app\/uploads\/sites\/5\/2020\/09\/evaochpatrik-2.png","articleSection":["V\u00e5rdbemanning"],"inLanguage":"sv-SE"},{"@type":"WebPage","@id":"https:\/\/www.kompetensforetagen.se\/2020\/12\/debattartikel-sa-forbattras-upphandlingarna-av-vardtjanster\/","url":"https:\/\/www.kompetensforetagen.se\/2020\/12\/debattartikel-sa-forbattras-upphandlingarna-av-vardtjanster\/","name":"Gl\u00e4djande med gemensam upphandling av v\u00e5rdtj\u00e4nster","isPartOf":{"@id":"https:\/\/www.kompetensforetagen.se\/#website"},"primaryImageOfPage":{"@id":"https:\/\/www.kompetensforetagen.se\/2020\/12\/debattartikel-sa-forbattras-upphandlingarna-av-vardtjanster\/#primaryimage"},"image":{"@id":"https:\/\/www.kompetensforetagen.se\/2020\/12\/debattartikel-sa-forbattras-upphandlingarna-av-vardtjanster\/#primaryimage"},"thumbnailUrl":"https:\/\/www.kompetensforetagen.se\/app\/uploads\/sites\/5\/2020\/09\/evaochpatrik-2.png","datePublished":"2020-12-18T08:11:38+00:00","dateModified":"2023-03-31T14:43:24+00:00","description":"Kompetensf\u00f6retagen erbjuder SKR och regioenrna en referensgrupp att samarbeta med f\u00f6r en framg\u00e5ngsrik gemensam upphandling av v\u00e5rdtj\u00e4nster.","breadcrumb":{"@id":"https:\/\/www.kompetensforetagen.se\/2020\/12\/debattartikel-sa-forbattras-upphandlingarna-av-vardtjanster\/#breadcrumb"},"inLanguage":"sv-SE","potentialAction":[{"@type":"ReadAction","target":["https:\/\/www.kompetensforetagen.se\/2020\/12\/debattartikel-sa-forbattras-upphandlingarna-av-vardtjanster\/"]}]},{"@type":"ImageObject","inLanguage":"sv-SE","@id":"https:\/\/www.kompetensforetagen.se\/2020\/12\/debattartikel-sa-forbattras-upphandlingarna-av-vardtjanster\/#primaryimage","url":"https:\/\/www.kompetensforetagen.se\/app\/uploads\/sites\/5\/2020\/09\/evaochpatrik-2.png","contentUrl":"https:\/\/www.kompetensforetagen.se\/app\/uploads\/sites\/5\/2020\/09\/evaochpatrik-2.png","width":1073,"height":757,"caption":"Debatt\u00f6rerna Eva Domanders och Patrik Eidfelt"},{"@type":"BreadcrumbList","@id":"https:\/\/www.kompetensforetagen.se\/2020\/12\/debattartikel-sa-forbattras-upphandlingarna-av-vardtjanster\/#breadcrumb","itemListElement":[{"@type":"ListItem","position":1,"name":"Home","item":"https:\/\/www.kompetensforetagen.se\/"},{"@type":"ListItem","position":2,"name":"Debattartikel: S\u00e5 f\u00f6rb\u00e4ttras upphandlingarna av v\u00e5rdtj\u00e4nster"}]},{"@type":"WebSite","@id":"https:\/\/www.kompetensforetagen.se\/#website","url":"https:\/\/www.kompetensforetagen.se\/","name":"Kompetensf\u00f6retagen","description":"R\u00e4tt person p\u00e5 r\u00e4tt plats kan f\u00f6r\u00e4ndra v\u00e4rlden","publisher":{"@id":"https:\/\/www.kompetensforetagen.se\/#organization"},"potentialAction":[{"@type":"SearchAction","target":{"@type":"EntryPoint","urlTemplate":"https:\/\/www.kompetensforetagen.se\/?s={search_term_string}"},"query-input":{"@type":"PropertyValueSpecification","valueRequired":true,"valueName":"search_term_string"}}],"inLanguage":"sv-SE"},{"@type":"Organization","@id":"https:\/\/www.kompetensforetagen.se\/#organization","name":"Kompetensf\u00f6retagen","url":"https:\/\/www.kompetensforetagen.se\/","logo":{"@type":"ImageObject","inLanguage":"sv-SE","@id":"https:\/\/www.kompetensforetagen.se\/#\/schema\/logo\/image\/","url":"https:\/\/www.kompetensforetagen.se\/app\/uploads\/sites\/5\/2022\/10\/logga_svart.png","contentUrl":"https:\/\/www.kompetensforetagen.se\/app\/uploads\/sites\/5\/2022\/10\/logga_svart.png","width":752,"height":64,"caption":"Kompetensf\u00f6retagen"},"image":{"@id":"https:\/\/www.kompetensforetagen.se\/#\/schema\/logo\/image\/"},"sameAs":["https:\/\/www.linkedin.com\/company\/10540032\/"]},{"@type":"Person","@id":"https:\/\/www.kompetensforetagen.se\/#\/schema\/person\/38c6b37b81c530c93246c3d1993d5662","name":"Shashika Sellgren","image":{"@type":"ImageObject","inLanguage":"sv-SE","@id":"https:\/\/www.kompetensforetagen.se\/#\/schema\/person\/image\/","url":"https:\/\/secure.gravatar.com\/avatar\/b225c479880df9eb82d1501dd105dd8040f27c8563f3d4bf5dd62ce0a1630abd?s=96&d=mm&r=g","contentUrl":"https:\/\/secure.gravatar.com\/avatar\/b225c479880df9eb82d1501dd105dd8040f27c8563f3d4bf5dd62ce0a1630abd?s=96&d=mm&r=g","caption":"Shashika Sellgren"},"url":"https:\/\/www.kompetensforetagen.se\/person\/shashikasellgren\/"}]}},"_links":{"self":[{"href":"https:\/\/www.kompetensforetagen.se\/api\/wp\/v2\/posts\/5766","targetHints":{"allow":["GET"]}}],"collection":[{"href":"https:\/\/www.kompetensforetagen.se\/api\/wp\/v2\/posts"}],"about":[{"href":"https:\/\/www.kompetensforetagen.se\/api\/wp\/v2\/types\/post"}],"author":[{"embeddable":true,"href":"https:\/\/www.kompetensforetagen.se\/api\/wp\/v2\/users\/6058"}],"replies":[{"embeddable":true,"href":"https:\/\/www.kompetensforetagen.se\/api\/wp\/v2\/comments?post=5766"}],"version-history":[{"count":1,"href":"https:\/\/www.kompetensforetagen.se\/api\/wp\/v2\/posts\/5766\/revisions"}],"predecessor-version":[{"id":12277,"href":"https:\/\/www.kompetensforetagen.se\/api\/wp\/v2\/posts\/5766\/revisions\/12277"}],"wp:featuredmedia":[{"embeddable":true,"href":"https:\/\/www.kompetensforetagen.se\/api\/wp\/v2\/media\/5322"}],"wp:attachment":[{"href":"https:\/\/www.kompetensforetagen.se\/api\/wp\/v2\/media?parent=5766"}],"wp:term":[{"taxonomy":"category","embeddable":true,"href":"https:\/\/www.kompetensforetagen.se\/api\/wp\/v2\/categories?post=5766"},{"taxonomy":"post_tag","embeddable":true,"href":"https:\/\/www.kompetensforetagen.se\/api\/wp\/v2\/tags?post=5766"},{"taxonomy":"type","embeddable":true,"href":"https:\/\/www.kompetensforetagen.se\/api\/wp\/v2\/article_type?post=5766"},{"taxonomy":"agreement","embeddable":true,"href":"https:\/\/www.kompetensforetagen.se\/api\/wp\/v2\/agreement?post=5766"},{"taxonomy":"for-members","embeddable":true,"href":"https:\/\/www.kompetensforetagen.se\/api\/wp\/v2\/for-members?post=5766"}],"curies":[{"name":"wp","href":"https:\/\/api.w.org\/{rel}","templated":true}]}}