{"id":5761,"date":"2020-12-16T21:54:15","date_gmt":"2020-12-16T20:54:15","guid":{"rendered":"https:\/\/www.kompetensforetagen.se\/?p=5761"},"modified":"2024-07-02T14:09:21","modified_gmt":"2024-07-02T12:09:21","slug":"vem-deltar-i-konflikt-och-vem-jobbar-som-vanligt","status":"publish","type":"post","link":"https:\/\/www.kompetensforetagen.se\/2020\/12\/vem-deltar-i-konflikt-och-vem-jobbar-som-vanligt\/","title":{"rendered":"Vem deltar i konflikt och vem jobbar som vanligt?"},"content":{"rendered":"\n<p>Ett&nbsp;fackf\u00f6rbund&nbsp;som varslat om konflikt kan bara best\u00e4mma \u00f6ver sina egna medlemmar. Medarbetare som \u00e4r med i annat f\u00f6rbund eller inte alls organiserade arbetar som vanligt eller kan h\u00e4vda neutralitetsr\u00e4tt. <\/p>\n\n\n\n<p>Vid en konflikt som handlar om \u00f6vertidsblockad, nyanst\u00e4llningsblockad eller arbetsnedl\u00e4ggelse, g\u00e4ller strids\u00e5tg\u00e4rden f\u00f6r de medarbetare som \u00e4r anslutna till det fackf\u00f6rbund som har varslat om strids\u00e5tg\u00e4rd.<\/p>\n\n\n\n<p class=\"has-secondary-background-color has-background\">De medarbetare som inte \u00e4r medlem i den organisation som varslat om strids\u00e5tg\u00e4rd omfattas inte av strids\u00e5tg\u00e4rden och ska allts\u00e5 forts\u00e4tta arbeta som vanligt.<\/p>\n\n\n\n<p>De medarbetare som inte \u00e4r med i facket alls, det vill s\u00e4ga oorganiserad, och som arbetar p\u00e5 det avtalsomr\u00e5de som ber\u00f6rs av konflikten har r\u00e4tt att vara neutral. De betyder att medarbetare kan h\u00e4nvisa till neutralitetsr\u00e4tten, och d\u00e4rmed inte beh\u00f6ver utf\u00f6ra arbete som omfattas av det varsel som lagts. Detta f\u00e5r ingen arbetsr\u00e4ttslig konsekvens f\u00f6r anst\u00e4llningsf\u00f6rh\u00e5llandet, men den som vill anv\u00e4nda sin neutralitetsr\u00e4tt m\u00e5ste beg\u00e4ra tj\u00e4nstledigt, utan l\u00f6n.<\/p>\n\n\n\n<p>L\u00e4s mer om regler och termer p\u00e5 arbetsmarknaden p\u00e5 <a href=\"https:\/\/www.avtalsrorelsen.nu\" target=\"_blank\" rel=\"noreferrer noopener\">avtalsr\u00f6relsen.nu<\/a><\/p>\n","protected":false},"excerpt":{"rendered":"<p>Ett&nbsp;fackf\u00f6rbund&nbsp;som varslat om konflikt kan bara best\u00e4mma \u00f6ver sina egna medlemmar. Medarbetare som \u00e4r med i annat f\u00f6rbund eller inte alls organiserade arbetar som vanligt eller kan h\u00e4vda neutralitetsr\u00e4tt. Vid en konflikt som handlar om &hellip;<\/p>\n","protected":false},"author":6058,"featured_media":10717,"comment_status":"closed","ping_status":"closed","sticky":false,"template":"","format":"standard","meta":{"_acf_changed":false,"footnotes":""},"categories":[13],"tags":[],"article_type":[210],"agreement":[41,58,59,60,42,43,44,45,46,47,48,49,50,51,52,53,55,54,56,57,61,62],"for-members":[],"class_list":["post-5761","post","type-post","status-publish","format-standard","has-post-thumbnail","hentry","category-avtalsrorelse","type-fakta","agreement-acce80f7-ff07-de11-b4e1-02bf9e69ca65","agreement-705d8229-a064-de11-bdb9-02bf9e69ca65","agreement-2767ab55-42a2-e411-95d0-005056b20fd6","agreement-875fe194-42a2-e411-95d0-005056b20fd6","agreement-9cce80f7-ff07-de11-b4e1-02bf9e69ca65","agreement-a2ce80f7-ff07-de11-b4e1-02bf9e69ca65","agreement-a1ce80f7-ff07-de11-b4e1-02bf9e69ca65","agreement-9dce80f7-ff07-de11-b4e1-02bf9e69ca65","agreement-a3ce80f7-ff07-de11-b4e1-02bf9e69ca65","agreement-a8ce80f7-ff07-de11-b4e1-02bf9e69ca65","agreement-9ece80f7-ff07-de11-b4e1-02bf9e69ca65","agreement-a4ce80f7-ff07-de11-b4e1-02bf9e69ca65","agreement-20c6e08e-fe12-de11-b4e1-02bf9e69ca65","agreement-a7ce80f7-ff07-de11-b4e1-02bf9e69ca65","agreement-a5ce80f7-ff07-de11-b4e1-02bf9e69ca65","agreement-a6ce80f7-ff07-de11-b4e1-02bf9e69ca65","agreement-9fce80f7-ff07-de11-b4e1-02bf9e69ca65","agreement-a0ce80f7-ff07-de11-b4e1-02bf9e69ca65","agreement-aace80f7-ff07-de11-b4e1-02bf9e69ca65","agreement-a9ce80f7-ff07-de11-b4e1-02bf9e69ca65","agreement-abce80f7-ff07-de11-b4e1-02bf9e69ca65","agreement-b0ce80f7-ff07-de11-b4e1-02bf9e69ca65"],"acf":[],"yoast_head":"<!-- This site is optimized with the Yoast SEO Premium plugin v26.8 (Yoast SEO v26.8) - https:\/\/yoast.com\/product\/yoast-seo-premium-wordpress\/ -->\n<title>Vem deltar i konflikt<\/title>\n<meta name=\"description\" content=\"Vem deltar i konflikt vid ett varsel? Strids\u00e5tg\u00e4rder g\u00e4ller de medarbetare som \u00e4r anslutna till det varslande fackf\u00f6rbundet, inte \u00f6vriga.\" \/>\n<meta name=\"robots\" content=\"index, follow, max-snippet:-1, max-image-preview:large, max-video-preview:-1\" \/>\n<link rel=\"canonical\" href=\"https:\/\/www.kompetensforetagen.se\/2020\/12\/vem-deltar-i-konflikt-och-vem-jobbar-som-vanligt\/\" \/>\n<meta property=\"og:locale\" content=\"sv_SE\" \/>\n<meta property=\"og:type\" content=\"article\" \/>\n<meta property=\"og:title\" content=\"Vem deltar i konflikt och vem jobbar som vanligt?\" \/>\n<meta property=\"og:description\" content=\"Vem deltar i konflikt vid ett varsel? Strids\u00e5tg\u00e4rder g\u00e4ller de medarbetare som \u00e4r anslutna till det varslande fackf\u00f6rbundet, inte \u00f6vriga.\" \/>\n<meta property=\"og:url\" content=\"https:\/\/www.kompetensforetagen.se\/2020\/12\/vem-deltar-i-konflikt-och-vem-jobbar-som-vanligt\/\" \/>\n<meta property=\"og:site_name\" content=\"Kompetensf\u00f6retagen\" \/>\n<meta property=\"article:published_time\" content=\"2020-12-16T20:54:15+00:00\" \/>\n<meta property=\"article:modified_time\" content=\"2024-07-02T12:09:21+00:00\" \/>\n<meta property=\"og:image\" content=\"https:\/\/www.kompetensforetagen.se\/app\/uploads\/sites\/5\/2023\/01\/introduktion-inom-industrin-1_16x9.jpg\" \/>\n\t<meta property=\"og:image:width\" content=\"1920\" \/>\n\t<meta property=\"og:image:height\" content=\"1080\" \/>\n\t<meta property=\"og:image:type\" content=\"image\/jpeg\" \/>\n<meta name=\"author\" content=\"Shashika Sellgren\" \/>\n<meta name=\"twitter:card\" content=\"summary_large_image\" \/>\n<meta name=\"twitter:label1\" content=\"Skriven av\" \/>\n\t<meta name=\"twitter:data1\" content=\"Shashika Sellgren\" \/>\n\t<meta name=\"twitter:label2\" content=\"Ber\u00e4knad l\u00e4stid\" \/>\n\t<meta name=\"twitter:data2\" content=\"1 minut\" \/>\n<!-- \/ Yoast SEO Premium plugin. -->","yoast_head_json":{"title":"Vem deltar i konflikt","description":"Vem deltar i konflikt vid ett varsel? Strids\u00e5tg\u00e4rder g\u00e4ller de medarbetare som \u00e4r anslutna till det varslande fackf\u00f6rbundet, inte \u00f6vriga.","robots":{"index":"index","follow":"follow","max-snippet":"max-snippet:-1","max-image-preview":"max-image-preview:large","max-video-preview":"max-video-preview:-1"},"canonical":"https:\/\/www.kompetensforetagen.se\/2020\/12\/vem-deltar-i-konflikt-och-vem-jobbar-som-vanligt\/","og_locale":"sv_SE","og_type":"article","og_title":"Vem deltar i konflikt och vem jobbar som vanligt?","og_description":"Vem deltar i konflikt vid ett varsel? Strids\u00e5tg\u00e4rder g\u00e4ller de medarbetare som \u00e4r anslutna till det varslande fackf\u00f6rbundet, inte \u00f6vriga.","og_url":"https:\/\/www.kompetensforetagen.se\/2020\/12\/vem-deltar-i-konflikt-och-vem-jobbar-som-vanligt\/","og_site_name":"Kompetensf\u00f6retagen","article_published_time":"2020-12-16T20:54:15+00:00","article_modified_time":"2024-07-02T12:09:21+00:00","og_image":[{"width":1920,"height":1080,"url":"https:\/\/www.kompetensforetagen.se\/app\/uploads\/sites\/5\/2023\/01\/introduktion-inom-industrin-1_16x9.jpg","type":"image\/jpeg"}],"author":"Shashika Sellgren","twitter_card":"summary_large_image","twitter_misc":{"Skriven av":"Shashika Sellgren","Ber\u00e4knad l\u00e4stid":"1 minut"},"schema":{"@context":"https:\/\/schema.org","@graph":[{"@type":"Article","@id":"https:\/\/www.kompetensforetagen.se\/2020\/12\/vem-deltar-i-konflikt-och-vem-jobbar-som-vanligt\/#article","isPartOf":{"@id":"https:\/\/www.kompetensforetagen.se\/2020\/12\/vem-deltar-i-konflikt-och-vem-jobbar-som-vanligt\/"},"author":{"name":"Shashika Sellgren","@id":"https:\/\/www.kompetensforetagen.se\/#\/schema\/person\/38c6b37b81c530c93246c3d1993d5662"},"headline":"Vem deltar i konflikt och vem jobbar som vanligt?","datePublished":"2020-12-16T20:54:15+00:00","dateModified":"2024-07-02T12:09:21+00:00","mainEntityOfPage":{"@id":"https:\/\/www.kompetensforetagen.se\/2020\/12\/vem-deltar-i-konflikt-och-vem-jobbar-som-vanligt\/"},"wordCount":213,"publisher":{"@id":"https:\/\/www.kompetensforetagen.se\/#organization"},"image":{"@id":"https:\/\/www.kompetensforetagen.se\/2020\/12\/vem-deltar-i-konflikt-och-vem-jobbar-som-vanligt\/#primaryimage"},"thumbnailUrl":"https:\/\/www.kompetensforetagen.se\/app\/uploads\/sites\/5\/2023\/01\/introduktion-inom-industrin-1_16x9.jpg","articleSection":["Avtalsr\u00f6relse"],"inLanguage":"sv-SE"},{"@type":"WebPage","@id":"https:\/\/www.kompetensforetagen.se\/2020\/12\/vem-deltar-i-konflikt-och-vem-jobbar-som-vanligt\/","url":"https:\/\/www.kompetensforetagen.se\/2020\/12\/vem-deltar-i-konflikt-och-vem-jobbar-som-vanligt\/","name":"Vem deltar i konflikt","isPartOf":{"@id":"https:\/\/www.kompetensforetagen.se\/#website"},"primaryImageOfPage":{"@id":"https:\/\/www.kompetensforetagen.se\/2020\/12\/vem-deltar-i-konflikt-och-vem-jobbar-som-vanligt\/#primaryimage"},"image":{"@id":"https:\/\/www.kompetensforetagen.se\/2020\/12\/vem-deltar-i-konflikt-och-vem-jobbar-som-vanligt\/#primaryimage"},"thumbnailUrl":"https:\/\/www.kompetensforetagen.se\/app\/uploads\/sites\/5\/2023\/01\/introduktion-inom-industrin-1_16x9.jpg","datePublished":"2020-12-16T20:54:15+00:00","dateModified":"2024-07-02T12:09:21+00:00","description":"Vem deltar i konflikt vid ett varsel? Strids\u00e5tg\u00e4rder g\u00e4ller de medarbetare som \u00e4r anslutna till det varslande fackf\u00f6rbundet, inte \u00f6vriga.","breadcrumb":{"@id":"https:\/\/www.kompetensforetagen.se\/2020\/12\/vem-deltar-i-konflikt-och-vem-jobbar-som-vanligt\/#breadcrumb"},"inLanguage":"sv-SE","potentialAction":[{"@type":"ReadAction","target":["https:\/\/www.kompetensforetagen.se\/2020\/12\/vem-deltar-i-konflikt-och-vem-jobbar-som-vanligt\/"]}]},{"@type":"ImageObject","inLanguage":"sv-SE","@id":"https:\/\/www.kompetensforetagen.se\/2020\/12\/vem-deltar-i-konflikt-och-vem-jobbar-som-vanligt\/#primaryimage","url":"https:\/\/www.kompetensforetagen.se\/app\/uploads\/sites\/5\/2023\/01\/introduktion-inom-industrin-1_16x9.jpg","contentUrl":"https:\/\/www.kompetensforetagen.se\/app\/uploads\/sites\/5\/2023\/01\/introduktion-inom-industrin-1_16x9.jpg","width":1920,"height":1080,"caption":"Man och kvinna tittar p\u00e5 varandra st\u00e5ende i fabrikslokal"},{"@type":"BreadcrumbList","@id":"https:\/\/www.kompetensforetagen.se\/2020\/12\/vem-deltar-i-konflikt-och-vem-jobbar-som-vanligt\/#breadcrumb","itemListElement":[{"@type":"ListItem","position":1,"name":"Home","item":"https:\/\/www.kompetensforetagen.se\/"},{"@type":"ListItem","position":2,"name":"Vem deltar i konflikt och vem jobbar som vanligt?"}]},{"@type":"WebSite","@id":"https:\/\/www.kompetensforetagen.se\/#website","url":"https:\/\/www.kompetensforetagen.se\/","name":"Kompetensf\u00f6retagen","description":"R\u00e4tt person p\u00e5 r\u00e4tt plats kan f\u00f6r\u00e4ndra v\u00e4rlden","publisher":{"@id":"https:\/\/www.kompetensforetagen.se\/#organization"},"potentialAction":[{"@type":"SearchAction","target":{"@type":"EntryPoint","urlTemplate":"https:\/\/www.kompetensforetagen.se\/?s={search_term_string}"},"query-input":{"@type":"PropertyValueSpecification","valueRequired":true,"valueName":"search_term_string"}}],"inLanguage":"sv-SE"},{"@type":"Organization","@id":"https:\/\/www.kompetensforetagen.se\/#organization","name":"Kompetensf\u00f6retagen","url":"https:\/\/www.kompetensforetagen.se\/","logo":{"@type":"ImageObject","inLanguage":"sv-SE","@id":"https:\/\/www.kompetensforetagen.se\/#\/schema\/logo\/image\/","url":"https:\/\/www.kompetensforetagen.se\/app\/uploads\/sites\/5\/2022\/10\/logga_svart.png","contentUrl":"https:\/\/www.kompetensforetagen.se\/app\/uploads\/sites\/5\/2022\/10\/logga_svart.png","width":752,"height":64,"caption":"Kompetensf\u00f6retagen"},"image":{"@id":"https:\/\/www.kompetensforetagen.se\/#\/schema\/logo\/image\/"},"sameAs":["https:\/\/www.linkedin.com\/company\/10540032\/"]},{"@type":"Person","@id":"https:\/\/www.kompetensforetagen.se\/#\/schema\/person\/38c6b37b81c530c93246c3d1993d5662","name":"Shashika Sellgren","image":{"@type":"ImageObject","inLanguage":"sv-SE","@id":"https:\/\/www.kompetensforetagen.se\/#\/schema\/person\/image\/","url":"https:\/\/secure.gravatar.com\/avatar\/b225c479880df9eb82d1501dd105dd8040f27c8563f3d4bf5dd62ce0a1630abd?s=96&d=mm&r=g","contentUrl":"https:\/\/secure.gravatar.com\/avatar\/b225c479880df9eb82d1501dd105dd8040f27c8563f3d4bf5dd62ce0a1630abd?s=96&d=mm&r=g","caption":"Shashika Sellgren"},"url":"https:\/\/www.kompetensforetagen.se\/person\/shashikasellgren\/"}]}},"_links":{"self":[{"href":"https:\/\/www.kompetensforetagen.se\/api\/wp\/v2\/posts\/5761","targetHints":{"allow":["GET"]}}],"collection":[{"href":"https:\/\/www.kompetensforetagen.se\/api\/wp\/v2\/posts"}],"about":[{"href":"https:\/\/www.kompetensforetagen.se\/api\/wp\/v2\/types\/post"}],"author":[{"embeddable":true,"href":"https:\/\/www.kompetensforetagen.se\/api\/wp\/v2\/users\/6058"}],"replies":[{"embeddable":true,"href":"https:\/\/www.kompetensforetagen.se\/api\/wp\/v2\/comments?post=5761"}],"version-history":[{"count":5,"href":"https:\/\/www.kompetensforetagen.se\/api\/wp\/v2\/posts\/5761\/revisions"}],"predecessor-version":[{"id":17715,"href":"https:\/\/www.kompetensforetagen.se\/api\/wp\/v2\/posts\/5761\/revisions\/17715"}],"wp:featuredmedia":[{"embeddable":true,"href":"https:\/\/www.kompetensforetagen.se\/api\/wp\/v2\/media\/10717"}],"wp:attachment":[{"href":"https:\/\/www.kompetensforetagen.se\/api\/wp\/v2\/media?parent=5761"}],"wp:term":[{"taxonomy":"category","embeddable":true,"href":"https:\/\/www.kompetensforetagen.se\/api\/wp\/v2\/categories?post=5761"},{"taxonomy":"post_tag","embeddable":true,"href":"https:\/\/www.kompetensforetagen.se\/api\/wp\/v2\/tags?post=5761"},{"taxonomy":"type","embeddable":true,"href":"https:\/\/www.kompetensforetagen.se\/api\/wp\/v2\/article_type?post=5761"},{"taxonomy":"agreement","embeddable":true,"href":"https:\/\/www.kompetensforetagen.se\/api\/wp\/v2\/agreement?post=5761"},{"taxonomy":"for-members","embeddable":true,"href":"https:\/\/www.kompetensforetagen.se\/api\/wp\/v2\/for-members?post=5761"}],"curies":[{"name":"wp","href":"https:\/\/api.w.org\/{rel}","templated":true}]}}