{"id":5648,"date":"2020-12-04T11:43:45","date_gmt":"2020-12-04T10:43:45","guid":{"rendered":"https:\/\/www.kompetensforetagen.se\/?p=5648"},"modified":"2023-03-31T16:27:26","modified_gmt":"2023-03-31T14:27:26","slug":"debattartikel-dagens-samhalle-obefogad-oro-for-bristande-arbetsformedling-i-hultsfred","status":"publish","type":"post","link":"https:\/\/www.kompetensforetagen.se\/2020\/12\/debattartikel-dagens-samhalle-obefogad-oro-for-bristande-arbetsformedling-i-hultsfred\/","title":{"rendered":"Debattartikel Dagens samh\u00e4lle: Obefogad oro f\u00f6r bristande arbetsf\u00f6rmedling i Hultsfred"},"content":{"rendered":"\n<p>I artikeln <a href=\"https:\/\/www.dagenssamhalle.se\/nyhet\/hultsfred-redo-ta-over-arbetsformedlingen-i-morgon-34470\" target=\"_blank\" rel=\"noopener noreferrer\">\u201dHultsfred redo att ta \u00f6ver arbetsf\u00f6rmedlingen \u2019imorgon\u2019\u201d (Dagens Samh\u00e4lle 23\/11\u201320)&nbsp;<\/a>informerar flera kommuner, d\u00e4ribland Hultsfreds kommun, att de vill utf\u00f6ra jobbinsatser p\u00e5 Arbetsf\u00f6rmedlingens uppdrag och att det finns en oro f\u00f6r vita fl\u00e4ckar.<\/p>\n\n\n\n<p>Den oron \u00e4r&nbsp;obefogad. \u00d6ver 99 procent av landets arbetsl\u00f6sa har tillg\u00e5ng till minst en <a href=\"https:\/\/www.kompetensforetagen.se\/2021\/03\/de-fristaende-leverantorerna-krom\/\" target=\"_blank\" rel=\"noopener noreferrer\">frist\u00e5ende matchningsakt\u00f6r <\/a>lokalt och drygt 99 procent av befolkningen i arbetsf\u00f6r \u00e5lder bor och arbetar i ett leverant\u00f6rsomr\u00e5de d\u00e4r det finns etablerade och frist\u00e5ende leverant\u00f6rer. Detta har Riksrevisionen konstaterat<a href=\"https:\/\/www.riksrevisionen.se\/rapporter\/granskningsrapporter\/2020\/stod-och-matchning---ett-valfrihetssystem-for-arbetssokande.html\" target=\"_blank\" rel=\"noopener noreferrer\">&nbsp;i granskningsrapporten (RIR 2020:13) av St\u00f6d och Matchning (STOM). &nbsp;<\/a><\/p>\n\n\n\n<h3 class=\"wp-block-heading\">Obefogad oro f\u00f6r bristande arbetsf\u00f6rmedling i Hultsfred<\/h3>\n\n\n\n<p>I artikeln f\u00f6rmedlas\u00a0en bild av att Arbetsf\u00f6rmedlingen (AF) ska ha l\u00e4mnat Hultsfreds kommun. Det \u00e4r olyckligt att det upplevs s\u00e5 och d\u00e4rut\u00f6ver \u00e4r s\u00e5 inte heller fallet. Man m\u00e5ste komma ih\u00e5g att det runt om i landet finns frist\u00e5ende leverant\u00f6rer som arbetar p\u00e5 AF:s uppdrag. Bland annat finns Arenakoncernen i Hultsfred med uppdrag \u00e5t AF av b\u00e5de rustande och matchande karakt\u00e4r. I\u00a0dag arbetar Arenakoncernen med \u00f6ver 130 arbetss\u00f6kande i omr\u00e5det p\u00e5 uppdrag av AF.\u00a0 <\/p>\n\n\n\n<blockquote class=\"wp-block-quote is-layout-flow wp-block-quote-is-layout-flow\">\n<p>Hultsfred och \u00f6vriga kommuner kan k\u00e4nna sig trygga med det st\u00f6d som inv\u00e5narna har<\/p>\n<\/blockquote>\n\n\n\n<p>N\u00e4rvaron i Hultsfredsomr\u00e5det s\u00e4kerst\u00e4lls d\u00e4rut\u00f6ver genom Arbetslivsresurs, som har arbetat i mer \u00e4n 25 \u00e5r med att hj\u00e4lpa m\u00e4nniskor att hitta r\u00e4tt i arbetslivet, och genom ALEA Kompetens som har st\u00e4llt om personer i syfte att kunna tilltr\u00e4da lediga jobb. De arbetss\u00f6kande i Hultsfred har allts\u00e5 flera kompetenta akt\u00f6rer att v\u00e4lja bland f\u00f6r att f\u00e5 hj\u00e4lp att komma in p\u00e5 arbetsmarknaden.<\/p>\n\n\n\n<h3 class=\"wp-block-heading\">Goda kontakter och etablerade n\u00e4tverk hos leverant\u00f6rerna<\/h3>\n\n\n\n<p>I likhet med m\u00e5nga andra kommuner \u00e4r Hultsfred i\u00a0dag en kommun som m\u00e5nga pendlar ut fr\u00e5n eftersom arbetsgivarna ofta finns i andra kommuner \u00e4n hemkommunen. Navet inom industrin i Hultsfred \u00e4r Ikea Industry, som \u00e4r en betydande arbetsgivare. D\u00e4remot har f\u00f6retaget en l\u00e5g personaloms\u00e4ttning och rekryteringsbehovet uppst\u00e5r fr\u00e4mst runt tidig v\u00e5r och d\u00e5 f\u00f6r att t\u00e4cka behovet under semesterperioden. F\u00f6r att lyckas med matchningen i kommunen \u00e4r det d\u00e4rf\u00f6r avg\u00f6rande med upparbetade, goda kontakter med sm\u00e5 f\u00f6retag i hela regionen och kunskap om deras behov f\u00f6r att kunna matcha r\u00e4tt arbetss\u00f6kande till r\u00e4tt jobb. De frist\u00e5ende matchningsleverant\u00f6rerna har s\u00e5dana etablerade n\u00e4tverk och st\u00e5r redo att hj\u00e4lpa de arbetss\u00f6kande till jobb. Hultsfred och \u00f6vriga kommuner kan k\u00e4nna sig trygga med det st\u00f6d som inv\u00e5narna har.<\/p>\n\n\n\n<p>I&nbsp;st\u00e4llet f\u00f6r att&nbsp;l\u00e5ta kommuner ta \u00f6ver matchnings- och omst\u00e4llningsarbetet b\u00f6r ber\u00f6rda kommuner, AF och de frist\u00e5ende leverant\u00f6rerna arbeta tillsammans och samverka f\u00f6r att s\u00e4kerst\u00e4lla att fler m\u00e4nniskor rustas och matchas samt f\u00e5r hj\u00e4lp in i arbete. Kommunerna skulle kunna spela en betydelsefull roll genom att ges ansvar att vara sammanh\u00e5llande kontaktpunkt mellan individ, frist\u00e5ende jobbf\u00f6rmedlare och kommun. En s\u00e5dan kommunal funktion skulle vara till stor nytta f\u00f6r ett framg\u00e5ngsrikt system.<\/p>\n\n\n\n<p>Patrik Eidfelt, f\u00f6rbundsdirekt\u00f6r Kompetensf\u00f6retagen<\/p>\n\n\n\n<p>Andreas \u00c5str\u00f6m, n\u00e4ringspolitisk chef Almega<\/p>\n\n\n\n<p>Fredric Sk\u00e4lstad, branschchef Almega Utbildningsf\u00f6retagen<\/p>\n\n\n\n<p>J\u00f6rgen Rolf, MO-chef Arbetslivsresurs<\/p>\n\n\n\n<p>L\u00e4s debattartikeln p\u00e5 <a href=\"https:\/\/www.dagenssamhalle.se\/debatt\/obefogad-oro-bristande-arbetsformedling-i-hultsfred-34660\">dagenssamh\u00e4lle.se <\/a><\/p>\n","protected":false},"excerpt":{"rendered":"<p>I artikeln \u201dHultsfred redo att ta \u00f6ver arbetsf\u00f6rmedlingen \u2019imorgon\u2019\u201d (Dagens Samh\u00e4lle 23\/11\u201320)&nbsp;informerar flera kommuner, d\u00e4ribland Hultsfreds kommun, att de vill utf\u00f6ra jobbinsatser p\u00e5 Arbetsf\u00f6rmedlingens uppdrag och att det finns en oro f\u00f6r vita fl\u00e4ckar. Den &hellip;<\/p>\n","protected":false},"author":6058,"featured_media":5559,"comment_status":"closed","ping_status":"closed","sticky":false,"template":"","format":"standard","meta":{"_acf_changed":false,"footnotes":""},"categories":[192],"tags":[],"article_type":[32],"agreement":[],"for-members":[],"class_list":["post-5648","post","type-post","status-publish","format-standard","has-post-thumbnail","hentry","category-arbetsformedlingen","type-debattartiklar"],"acf":[],"yoast_head":"<!-- This site is optimized with the Yoast SEO Premium plugin v26.8 (Yoast SEO v26.8) - https:\/\/yoast.com\/product\/yoast-seo-premium-wordpress\/ -->\n<title>Obefogad oro f\u00f6r bristande arbetsf\u00f6rmedling i Hultsfred<\/title>\n<meta name=\"description\" content=\"Det finns en obefogad oro f\u00f6r bristande arbetsf\u00f6rmedling i Hulsfred, d\u00e5 de arbetss\u00f6kande har flera akt\u00f6rer att v\u00e4lja p\u00e5 f\u00f6r att f\u00e5 hj\u00e4lp.\" \/>\n<meta name=\"robots\" content=\"index, follow, max-snippet:-1, max-image-preview:large, max-video-preview:-1\" \/>\n<link rel=\"canonical\" href=\"https:\/\/www.kompetensforetagen.se\/2020\/12\/debattartikel-dagens-samhalle-obefogad-oro-for-bristande-arbetsformedling-i-hultsfred\/\" \/>\n<meta property=\"og:locale\" content=\"sv_SE\" \/>\n<meta property=\"og:type\" content=\"article\" \/>\n<meta property=\"og:title\" content=\"Debattartikel Dagens samh\u00e4lle: Obefogad oro f\u00f6r bristande arbetsf\u00f6rmedling i Hultsfred\" \/>\n<meta property=\"og:description\" content=\"Det finns en obefogad oro f\u00f6r bristande arbetsf\u00f6rmedling i Hulsfred, d\u00e5 de arbetss\u00f6kande har flera akt\u00f6rer att v\u00e4lja p\u00e5 f\u00f6r att f\u00e5 hj\u00e4lp.\" \/>\n<meta property=\"og:url\" content=\"https:\/\/www.kompetensforetagen.se\/2020\/12\/debattartikel-dagens-samhalle-obefogad-oro-for-bristande-arbetsformedling-i-hultsfred\/\" \/>\n<meta property=\"og:site_name\" content=\"Kompetensf\u00f6retagen\" \/>\n<meta property=\"article:published_time\" content=\"2020-12-04T10:43:45+00:00\" \/>\n<meta property=\"article:modified_time\" content=\"2023-03-31T14:27:26+00:00\" \/>\n<meta property=\"og:image\" content=\"https:\/\/www.kompetensforetagen.se\/app\/uploads\/sites\/5\/2020\/11\/dsc0089-scaled.jpg\" \/>\n\t<meta property=\"og:image:width\" content=\"2560\" \/>\n\t<meta property=\"og:image:height\" content=\"1707\" \/>\n\t<meta property=\"og:image:type\" content=\"image\/jpeg\" \/>\n<meta name=\"author\" content=\"Shashika Sellgren\" \/>\n<meta name=\"twitter:card\" content=\"summary_large_image\" \/>\n<meta name=\"twitter:label1\" content=\"Skriven av\" \/>\n\t<meta name=\"twitter:data1\" content=\"Shashika Sellgren\" \/>\n\t<meta name=\"twitter:label2\" content=\"Ber\u00e4knad l\u00e4stid\" \/>\n\t<meta name=\"twitter:data2\" content=\"3 minuter\" \/>\n<!-- \/ Yoast SEO Premium plugin. -->","yoast_head_json":{"title":"Obefogad oro f\u00f6r bristande arbetsf\u00f6rmedling i Hultsfred","description":"Det finns en obefogad oro f\u00f6r bristande arbetsf\u00f6rmedling i Hulsfred, d\u00e5 de arbetss\u00f6kande har flera akt\u00f6rer att v\u00e4lja p\u00e5 f\u00f6r att f\u00e5 hj\u00e4lp.","robots":{"index":"index","follow":"follow","max-snippet":"max-snippet:-1","max-image-preview":"max-image-preview:large","max-video-preview":"max-video-preview:-1"},"canonical":"https:\/\/www.kompetensforetagen.se\/2020\/12\/debattartikel-dagens-samhalle-obefogad-oro-for-bristande-arbetsformedling-i-hultsfred\/","og_locale":"sv_SE","og_type":"article","og_title":"Debattartikel Dagens samh\u00e4lle: Obefogad oro f\u00f6r bristande arbetsf\u00f6rmedling i Hultsfred","og_description":"Det finns en obefogad oro f\u00f6r bristande arbetsf\u00f6rmedling i Hulsfred, d\u00e5 de arbetss\u00f6kande har flera akt\u00f6rer att v\u00e4lja p\u00e5 f\u00f6r att f\u00e5 hj\u00e4lp.","og_url":"https:\/\/www.kompetensforetagen.se\/2020\/12\/debattartikel-dagens-samhalle-obefogad-oro-for-bristande-arbetsformedling-i-hultsfred\/","og_site_name":"Kompetensf\u00f6retagen","article_published_time":"2020-12-04T10:43:45+00:00","article_modified_time":"2023-03-31T14:27:26+00:00","og_image":[{"width":2560,"height":1707,"url":"https:\/\/www.kompetensforetagen.se\/app\/uploads\/sites\/5\/2020\/11\/dsc0089-scaled.jpg","type":"image\/jpeg"}],"author":"Shashika Sellgren","twitter_card":"summary_large_image","twitter_misc":{"Skriven av":"Shashika Sellgren","Ber\u00e4knad l\u00e4stid":"3 minuter"},"schema":{"@context":"https:\/\/schema.org","@graph":[{"@type":"Article","@id":"https:\/\/www.kompetensforetagen.se\/2020\/12\/debattartikel-dagens-samhalle-obefogad-oro-for-bristande-arbetsformedling-i-hultsfred\/#article","isPartOf":{"@id":"https:\/\/www.kompetensforetagen.se\/2020\/12\/debattartikel-dagens-samhalle-obefogad-oro-for-bristande-arbetsformedling-i-hultsfred\/"},"author":{"name":"Shashika Sellgren","@id":"https:\/\/www.kompetensforetagen.se\/#\/schema\/person\/38c6b37b81c530c93246c3d1993d5662"},"headline":"Debattartikel Dagens samh\u00e4lle: Obefogad oro f\u00f6r bristande arbetsf\u00f6rmedling i Hultsfred","datePublished":"2020-12-04T10:43:45+00:00","dateModified":"2023-03-31T14:27:26+00:00","mainEntityOfPage":{"@id":"https:\/\/www.kompetensforetagen.se\/2020\/12\/debattartikel-dagens-samhalle-obefogad-oro-for-bristande-arbetsformedling-i-hultsfred\/"},"wordCount":602,"publisher":{"@id":"https:\/\/www.kompetensforetagen.se\/#organization"},"image":{"@id":"https:\/\/www.kompetensforetagen.se\/2020\/12\/debattartikel-dagens-samhalle-obefogad-oro-for-bristande-arbetsformedling-i-hultsfred\/#primaryimage"},"thumbnailUrl":"https:\/\/www.kompetensforetagen.se\/app\/uploads\/sites\/5\/2020\/11\/dsc0089-scaled.jpg","articleSection":["Arbetsf\u00f6rmedlingen"],"inLanguage":"sv-SE"},{"@type":"WebPage","@id":"https:\/\/www.kompetensforetagen.se\/2020\/12\/debattartikel-dagens-samhalle-obefogad-oro-for-bristande-arbetsformedling-i-hultsfred\/","url":"https:\/\/www.kompetensforetagen.se\/2020\/12\/debattartikel-dagens-samhalle-obefogad-oro-for-bristande-arbetsformedling-i-hultsfred\/","name":"Obefogad oro f\u00f6r bristande arbetsf\u00f6rmedling i Hultsfred","isPartOf":{"@id":"https:\/\/www.kompetensforetagen.se\/#website"},"primaryImageOfPage":{"@id":"https:\/\/www.kompetensforetagen.se\/2020\/12\/debattartikel-dagens-samhalle-obefogad-oro-for-bristande-arbetsformedling-i-hultsfred\/#primaryimage"},"image":{"@id":"https:\/\/www.kompetensforetagen.se\/2020\/12\/debattartikel-dagens-samhalle-obefogad-oro-for-bristande-arbetsformedling-i-hultsfred\/#primaryimage"},"thumbnailUrl":"https:\/\/www.kompetensforetagen.se\/app\/uploads\/sites\/5\/2020\/11\/dsc0089-scaled.jpg","datePublished":"2020-12-04T10:43:45+00:00","dateModified":"2023-03-31T14:27:26+00:00","description":"Det finns en obefogad oro f\u00f6r bristande arbetsf\u00f6rmedling i Hulsfred, d\u00e5 de arbetss\u00f6kande har flera akt\u00f6rer att v\u00e4lja p\u00e5 f\u00f6r att f\u00e5 hj\u00e4lp.","breadcrumb":{"@id":"https:\/\/www.kompetensforetagen.se\/2020\/12\/debattartikel-dagens-samhalle-obefogad-oro-for-bristande-arbetsformedling-i-hultsfred\/#breadcrumb"},"inLanguage":"sv-SE","potentialAction":[{"@type":"ReadAction","target":["https:\/\/www.kompetensforetagen.se\/2020\/12\/debattartikel-dagens-samhalle-obefogad-oro-for-bristande-arbetsformedling-i-hultsfred\/"]}]},{"@type":"ImageObject","inLanguage":"sv-SE","@id":"https:\/\/www.kompetensforetagen.se\/2020\/12\/debattartikel-dagens-samhalle-obefogad-oro-for-bristande-arbetsformedling-i-hultsfred\/#primaryimage","url":"https:\/\/www.kompetensforetagen.se\/app\/uploads\/sites\/5\/2020\/11\/dsc0089-scaled.jpg","contentUrl":"https:\/\/www.kompetensforetagen.se\/app\/uploads\/sites\/5\/2020\/11\/dsc0089-scaled.jpg","width":2560,"height":1707,"caption":"F\u00f6rbundsdirekt\u00f6r Patrik Eidfelt."},{"@type":"BreadcrumbList","@id":"https:\/\/www.kompetensforetagen.se\/2020\/12\/debattartikel-dagens-samhalle-obefogad-oro-for-bristande-arbetsformedling-i-hultsfred\/#breadcrumb","itemListElement":[{"@type":"ListItem","position":1,"name":"Home","item":"https:\/\/www.kompetensforetagen.se\/"},{"@type":"ListItem","position":2,"name":"Debattartikel Dagens samh\u00e4lle: Obefogad oro f\u00f6r bristande arbetsf\u00f6rmedling i Hultsfred"}]},{"@type":"WebSite","@id":"https:\/\/www.kompetensforetagen.se\/#website","url":"https:\/\/www.kompetensforetagen.se\/","name":"Kompetensf\u00f6retagen","description":"R\u00e4tt person p\u00e5 r\u00e4tt plats kan f\u00f6r\u00e4ndra v\u00e4rlden","publisher":{"@id":"https:\/\/www.kompetensforetagen.se\/#organization"},"potentialAction":[{"@type":"SearchAction","target":{"@type":"EntryPoint","urlTemplate":"https:\/\/www.kompetensforetagen.se\/?s={search_term_string}"},"query-input":{"@type":"PropertyValueSpecification","valueRequired":true,"valueName":"search_term_string"}}],"inLanguage":"sv-SE"},{"@type":"Organization","@id":"https:\/\/www.kompetensforetagen.se\/#organization","name":"Kompetensf\u00f6retagen","url":"https:\/\/www.kompetensforetagen.se\/","logo":{"@type":"ImageObject","inLanguage":"sv-SE","@id":"https:\/\/www.kompetensforetagen.se\/#\/schema\/logo\/image\/","url":"https:\/\/www.kompetensforetagen.se\/app\/uploads\/sites\/5\/2022\/10\/logga_svart.png","contentUrl":"https:\/\/www.kompetensforetagen.se\/app\/uploads\/sites\/5\/2022\/10\/logga_svart.png","width":752,"height":64,"caption":"Kompetensf\u00f6retagen"},"image":{"@id":"https:\/\/www.kompetensforetagen.se\/#\/schema\/logo\/image\/"},"sameAs":["https:\/\/www.linkedin.com\/company\/10540032\/"]},{"@type":"Person","@id":"https:\/\/www.kompetensforetagen.se\/#\/schema\/person\/38c6b37b81c530c93246c3d1993d5662","name":"Shashika Sellgren","image":{"@type":"ImageObject","inLanguage":"sv-SE","@id":"https:\/\/www.kompetensforetagen.se\/#\/schema\/person\/image\/","url":"https:\/\/secure.gravatar.com\/avatar\/b225c479880df9eb82d1501dd105dd8040f27c8563f3d4bf5dd62ce0a1630abd?s=96&d=mm&r=g","contentUrl":"https:\/\/secure.gravatar.com\/avatar\/b225c479880df9eb82d1501dd105dd8040f27c8563f3d4bf5dd62ce0a1630abd?s=96&d=mm&r=g","caption":"Shashika Sellgren"},"url":"https:\/\/www.kompetensforetagen.se\/person\/shashikasellgren\/"}]}},"_links":{"self":[{"href":"https:\/\/www.kompetensforetagen.se\/api\/wp\/v2\/posts\/5648","targetHints":{"allow":["GET"]}}],"collection":[{"href":"https:\/\/www.kompetensforetagen.se\/api\/wp\/v2\/posts"}],"about":[{"href":"https:\/\/www.kompetensforetagen.se\/api\/wp\/v2\/types\/post"}],"author":[{"embeddable":true,"href":"https:\/\/www.kompetensforetagen.se\/api\/wp\/v2\/users\/6058"}],"replies":[{"embeddable":true,"href":"https:\/\/www.kompetensforetagen.se\/api\/wp\/v2\/comments?post=5648"}],"version-history":[{"count":1,"href":"https:\/\/www.kompetensforetagen.se\/api\/wp\/v2\/posts\/5648\/revisions"}],"predecessor-version":[{"id":12260,"href":"https:\/\/www.kompetensforetagen.se\/api\/wp\/v2\/posts\/5648\/revisions\/12260"}],"wp:featuredmedia":[{"embeddable":true,"href":"https:\/\/www.kompetensforetagen.se\/api\/wp\/v2\/media\/5559"}],"wp:attachment":[{"href":"https:\/\/www.kompetensforetagen.se\/api\/wp\/v2\/media?parent=5648"}],"wp:term":[{"taxonomy":"category","embeddable":true,"href":"https:\/\/www.kompetensforetagen.se\/api\/wp\/v2\/categories?post=5648"},{"taxonomy":"post_tag","embeddable":true,"href":"https:\/\/www.kompetensforetagen.se\/api\/wp\/v2\/tags?post=5648"},{"taxonomy":"type","embeddable":true,"href":"https:\/\/www.kompetensforetagen.se\/api\/wp\/v2\/article_type?post=5648"},{"taxonomy":"agreement","embeddable":true,"href":"https:\/\/www.kompetensforetagen.se\/api\/wp\/v2\/agreement?post=5648"},{"taxonomy":"for-members","embeddable":true,"href":"https:\/\/www.kompetensforetagen.se\/api\/wp\/v2\/for-members?post=5648"}],"curies":[{"name":"wp","href":"https:\/\/api.w.org\/{rel}","templated":true}]}}