{"id":5640,"date":"2020-12-03T11:56:11","date_gmt":"2020-12-03T10:56:11","guid":{"rendered":"https:\/\/www.kompetensforetagen.se\/?p=5640"},"modified":"2023-03-31T16:22:21","modified_gmt":"2023-03-31T14:22:21","slug":"tatare-dialog-for-att-losa-utmaningar-i-vardens-kompetensforsorjning","status":"publish","type":"post","link":"https:\/\/www.kompetensforetagen.se\/2020\/12\/tatare-dialog-for-att-losa-utmaningar-i-vardens-kompetensforsorjning\/","title":{"rendered":"T\u00e4tare samarbete f\u00f6r att l\u00f6sa utmaningar i v\u00e5rdens kompetensf\u00f6rs\u00f6rjning"},"content":{"rendered":"\n<p>Minst tre fj\u00e4rdedelar av landets regioner kommer att g\u00e5 samman och upphandla inhyrningen av v\u00e5rdpersonal, rapporterar <a href=\"https:\/\/lakartidningen.se\/aktuellt\/nyheter\/2020\/12\/regioner-upphandlar-hyrpersonal-gemensamt\/\">L\u00e4kartidningen<\/a>. Kompetensf\u00f6retagen ser positivt p\u00e5 en kommande upphandling. Ordf\u00f6rande Eva Domanders hoppas att det f\u00f6r med sig ett t\u00e4tare samarbete med landets regioner f\u00f6r att l\u00f6sa utmaningar i v\u00e5rdens kompetensf\u00f6rs\u00f6rjning. <a href=\"https:\/\/www.kompetensforetagen.se\/auktorisation\/\" target=\"_blank\" rel=\"noopener noreferrer\">Auktoriserade<\/a> v\u00e5rdbemanningsf\u00f6retag b\u00f6r \u00e4ven blir en hygienfaktor i den offentliga upphandlingen.<\/p>\n\n\n\n<p>\u2014 Vi tror att det finns goda f\u00f6ruts\u00e4ttningar att genomf\u00f6ra en bra nationell upphandling av v\u00e5rdbemanningstj\u00e4nster. D\u00e4rf\u00f6r v\u00e4lkomnar vi att den processen dras ig\u00e5ng av flera regioner tillsammans med SKR. V\u00e5rdtj\u00e4nstleverant\u00f6rerna vill bidra till att l\u00f6sa utmaningarna med kompetensf\u00f6rs\u00f6rjning i v\u00e5rden, s\u00e4ger Eva Domanders.<\/p>\n\n\n\n<p>Sveriges regioner har som m\u00e5l att f\u00e5 b\u00e4ttre kontroll p\u00e5 upphandling och kostnader f\u00f6r inhyrd v\u00e5rdpersonal, och har diskuterat ett sammang\u00e5ende f\u00f6r att uppn\u00e5 detta. F\u00f6r att kunna genomf\u00f6ra projektet skulle 15 av landets 21 regioner ha svarat ja den 30 november. Tre fj\u00e4rdedelar har tackat ja, och n\u00e5gra avvaktar.<\/p>\n\n\n\n<h3 class=\"wp-block-heading\">T\u00e4tare samarbete f\u00f6r att l\u00f6sa utmaningar i v\u00e5rdens kompetensf\u00f6rs\u00f6rjning<\/h3>\n\n\n\n<p>Kompetensf\u00f6retagen har l\u00e4nge efters\u00f6kt samarbete med SKR kring en planerad kompetensf\u00f6rs\u00f6rjning som m\u00f6ter v\u00e5rdbehovet, och vill delta i dialogen kring utformandet. <\/p>\n\n\n\n<blockquote class=\"wp-block-quote is-layout-flow wp-block-quote-is-layout-flow\">\n<p>V\u00e5rdtj\u00e4nstleverant\u00f6rerna vill bidra till att l\u00f6sa utmaningarna med kompetensf\u00f6rs\u00f6rjning i v\u00e5rden<\/p>\n<\/blockquote>\n\n\n\n<p>Kompetensf\u00f6retagens medlemsf\u00f6retag \u00e4r en strategisk HR-partner som skapar h\u00e5llbara kompetensf\u00f6rs\u00f6rjningsl\u00f6sningar d\u00e4r de saknas. Med t\u00e4tare dialog mellan regioner och v\u00e5rdbemanningsf\u00f6retag blir m\u00f6jligheterna \u00e4nnu b\u00e4ttre.<\/p>\n\n\n\n<p>\u2014 Vi vet att dialogen med branschen \u00e4r en viktig del i processen med att skapa en bra upphandling och goda avtal. V\u00e5ra f\u00f6retag har i allra h\u00f6gsta grad kunskap om vad som fungerar v\u00e4l i avtalen. D\u00e4rf\u00f6r hoppas vi att vi f\u00e5r tillf\u00e4lle att utveckla upphandlingen tillsammans med regionerna, s\u00e4ger Eva Domanders.<\/p>\n\n\n\n<h3 class=\"wp-block-heading\">Viktigt med auktoriserade v\u00e5rdbemanningsf\u00f6retag<\/h3>\n\n\n\n<p>Den nationella processamordnaren hos SKR, Helena Svensson, uppger att de vill bli en tydligare och starkare best\u00e4llare. De vill minimera f\u00f6rekomsten av direktupphandlingar och undvika att konkurrera med varandra om hyrpersonal. \u00c4ven detta \u00e4r en utveckling som Kompetensf\u00f6retagen \u00e4r i r\u00e4tt riktning. Allt handlar om att f\u00e5 v\u00e5rdpersonal att komma till platsen och d\u00e5 styr priserna och andra villkor detta.<\/p>\n\n\n\n<p>\u2014 Om myndigheterna v\u00e4ljer att fastst\u00e4lla priserna i upphandlingen s\u00e5 \u00e4r differentierade priser i glesbygd j\u00e4mf\u00f6rt med storstad att f\u00f6redra, tillsammans med att dela upp landet i exempelvis sex delar. Med st\u00f6rre f\u00f6rutseende och fokus p\u00e5 kvalitet kommer upphandlingarna att kunna bli \u00e4nnu b\u00e4ttre. Och f\u00f6rhoppningsvis kommer regionerna att se vikten av att upphandla auktoriserade f\u00f6retag som ger konsulterna m\u00f6jlighet att v\u00e4lja en arbetsgivare med kollektivavtal, s\u00e4ger Eva Domanders.<\/p>\n","protected":false},"excerpt":{"rendered":"<p>Minst tre fj\u00e4rdedelar av landets regioner kommer att g\u00e5 samman och upphandla inhyrningen av v\u00e5rdpersonal, rapporterar L\u00e4kartidningen. Kompetensf\u00f6retagen ser positivt p\u00e5 en kommande upphandling. Ordf\u00f6rande Eva Domanders hoppas att det f\u00f6r med sig ett t\u00e4tare &hellip;<\/p>\n","protected":false},"author":6058,"featured_media":4820,"comment_status":"closed","ping_status":"closed","sticky":false,"template":"","format":"standard","meta":{"_acf_changed":false,"footnotes":""},"categories":[21,5],"tags":[],"article_type":[193],"agreement":[],"for-members":[],"class_list":["post-5640","post","type-post","status-publish","format-standard","has-post-thumbnail","hentry","category-offentlig-upphandling","category-vard","type-kommentar"],"acf":[],"yoast_head":"<!-- This site is optimized with the Yoast SEO Premium plugin v26.8 (Yoast SEO v26.8) - https:\/\/yoast.com\/product\/yoast-seo-premium-wordpress\/ -->\n<title>T\u00e4tare samarbete f\u00f6r att l\u00f6sa utmaningar i v\u00e5rdens kompetensf\u00f6rs\u00f6rjning<\/title>\n<meta name=\"description\" content=\"Det beh\u00f6vs t\u00e4tare samarbete f\u00f6r att l\u00f6sa utmaningar i v\u00e5rdens kompetensf\u00f6rs\u00f6rjning. D\u00e4rf\u00f6r kr\u00e4vs mer dialog mellan regioner och leverant\u00f6rer.\" \/>\n<meta name=\"robots\" content=\"index, follow, max-snippet:-1, max-image-preview:large, max-video-preview:-1\" \/>\n<link rel=\"canonical\" href=\"https:\/\/www.kompetensforetagen.se\/2020\/12\/tatare-dialog-for-att-losa-utmaningar-i-vardens-kompetensforsorjning\/\" \/>\n<meta property=\"og:locale\" content=\"sv_SE\" \/>\n<meta property=\"og:type\" content=\"article\" \/>\n<meta property=\"og:title\" content=\"T\u00e4tare samarbete f\u00f6r att l\u00f6sa utmaningar i v\u00e5rdens kompetensf\u00f6rs\u00f6rjning\" \/>\n<meta property=\"og:description\" content=\"Det beh\u00f6vs t\u00e4tare samarbete f\u00f6r att l\u00f6sa utmaningar i v\u00e5rdens kompetensf\u00f6rs\u00f6rjning. D\u00e4rf\u00f6r kr\u00e4vs mer dialog mellan regioner och leverant\u00f6rer.\" \/>\n<meta property=\"og:url\" content=\"https:\/\/www.kompetensforetagen.se\/2020\/12\/tatare-dialog-for-att-losa-utmaningar-i-vardens-kompetensforsorjning\/\" \/>\n<meta property=\"og:site_name\" content=\"Kompetensf\u00f6retagen\" \/>\n<meta property=\"article:published_time\" content=\"2020-12-03T10:56:11+00:00\" \/>\n<meta property=\"article:modified_time\" content=\"2023-03-31T14:22:21+00:00\" \/>\n<meta property=\"og:image\" content=\"https:\/\/www.kompetensforetagen.se\/app\/uploads\/sites\/5\/2020\/03\/eva.jpg\" \/>\n\t<meta property=\"og:image:width\" content=\"831\" \/>\n\t<meta property=\"og:image:height\" content=\"654\" \/>\n\t<meta property=\"og:image:type\" content=\"image\/jpeg\" \/>\n<meta name=\"author\" content=\"Shashika Sellgren\" \/>\n<meta name=\"twitter:card\" content=\"summary_large_image\" \/>\n<meta name=\"twitter:label1\" content=\"Skriven av\" \/>\n\t<meta name=\"twitter:data1\" content=\"Shashika Sellgren\" \/>\n\t<meta name=\"twitter:label2\" content=\"Ber\u00e4knad l\u00e4stid\" \/>\n\t<meta name=\"twitter:data2\" content=\"3 minuter\" \/>\n<!-- \/ Yoast SEO Premium plugin. -->","yoast_head_json":{"title":"T\u00e4tare samarbete f\u00f6r att l\u00f6sa utmaningar i v\u00e5rdens kompetensf\u00f6rs\u00f6rjning","description":"Det beh\u00f6vs t\u00e4tare samarbete f\u00f6r att l\u00f6sa utmaningar i v\u00e5rdens kompetensf\u00f6rs\u00f6rjning. D\u00e4rf\u00f6r kr\u00e4vs mer dialog mellan regioner och leverant\u00f6rer.","robots":{"index":"index","follow":"follow","max-snippet":"max-snippet:-1","max-image-preview":"max-image-preview:large","max-video-preview":"max-video-preview:-1"},"canonical":"https:\/\/www.kompetensforetagen.se\/2020\/12\/tatare-dialog-for-att-losa-utmaningar-i-vardens-kompetensforsorjning\/","og_locale":"sv_SE","og_type":"article","og_title":"T\u00e4tare samarbete f\u00f6r att l\u00f6sa utmaningar i v\u00e5rdens kompetensf\u00f6rs\u00f6rjning","og_description":"Det beh\u00f6vs t\u00e4tare samarbete f\u00f6r att l\u00f6sa utmaningar i v\u00e5rdens kompetensf\u00f6rs\u00f6rjning. D\u00e4rf\u00f6r kr\u00e4vs mer dialog mellan regioner och leverant\u00f6rer.","og_url":"https:\/\/www.kompetensforetagen.se\/2020\/12\/tatare-dialog-for-att-losa-utmaningar-i-vardens-kompetensforsorjning\/","og_site_name":"Kompetensf\u00f6retagen","article_published_time":"2020-12-03T10:56:11+00:00","article_modified_time":"2023-03-31T14:22:21+00:00","og_image":[{"width":831,"height":654,"url":"https:\/\/www.kompetensforetagen.se\/app\/uploads\/sites\/5\/2020\/03\/eva.jpg","type":"image\/jpeg"}],"author":"Shashika Sellgren","twitter_card":"summary_large_image","twitter_misc":{"Skriven av":"Shashika Sellgren","Ber\u00e4knad l\u00e4stid":"3 minuter"},"schema":{"@context":"https:\/\/schema.org","@graph":[{"@type":"Article","@id":"https:\/\/www.kompetensforetagen.se\/2020\/12\/tatare-dialog-for-att-losa-utmaningar-i-vardens-kompetensforsorjning\/#article","isPartOf":{"@id":"https:\/\/www.kompetensforetagen.se\/2020\/12\/tatare-dialog-for-att-losa-utmaningar-i-vardens-kompetensforsorjning\/"},"author":{"name":"Shashika Sellgren","@id":"https:\/\/www.kompetensforetagen.se\/#\/schema\/person\/38c6b37b81c530c93246c3d1993d5662"},"headline":"T\u00e4tare samarbete f\u00f6r att l\u00f6sa utmaningar i v\u00e5rdens kompetensf\u00f6rs\u00f6rjning","datePublished":"2020-12-03T10:56:11+00:00","dateModified":"2023-03-31T14:22:21+00:00","mainEntityOfPage":{"@id":"https:\/\/www.kompetensforetagen.se\/2020\/12\/tatare-dialog-for-att-losa-utmaningar-i-vardens-kompetensforsorjning\/"},"wordCount":514,"publisher":{"@id":"https:\/\/www.kompetensforetagen.se\/#organization"},"image":{"@id":"https:\/\/www.kompetensforetagen.se\/2020\/12\/tatare-dialog-for-att-losa-utmaningar-i-vardens-kompetensforsorjning\/#primaryimage"},"thumbnailUrl":"https:\/\/www.kompetensforetagen.se\/app\/uploads\/sites\/5\/2020\/03\/eva.jpg","articleSection":["Offentlig upphandling","V\u00e5rdbemanning"],"inLanguage":"sv-SE"},{"@type":"WebPage","@id":"https:\/\/www.kompetensforetagen.se\/2020\/12\/tatare-dialog-for-att-losa-utmaningar-i-vardens-kompetensforsorjning\/","url":"https:\/\/www.kompetensforetagen.se\/2020\/12\/tatare-dialog-for-att-losa-utmaningar-i-vardens-kompetensforsorjning\/","name":"T\u00e4tare samarbete f\u00f6r att l\u00f6sa utmaningar i v\u00e5rdens kompetensf\u00f6rs\u00f6rjning","isPartOf":{"@id":"https:\/\/www.kompetensforetagen.se\/#website"},"primaryImageOfPage":{"@id":"https:\/\/www.kompetensforetagen.se\/2020\/12\/tatare-dialog-for-att-losa-utmaningar-i-vardens-kompetensforsorjning\/#primaryimage"},"image":{"@id":"https:\/\/www.kompetensforetagen.se\/2020\/12\/tatare-dialog-for-att-losa-utmaningar-i-vardens-kompetensforsorjning\/#primaryimage"},"thumbnailUrl":"https:\/\/www.kompetensforetagen.se\/app\/uploads\/sites\/5\/2020\/03\/eva.jpg","datePublished":"2020-12-03T10:56:11+00:00","dateModified":"2023-03-31T14:22:21+00:00","description":"Det beh\u00f6vs t\u00e4tare samarbete f\u00f6r att l\u00f6sa utmaningar i v\u00e5rdens kompetensf\u00f6rs\u00f6rjning. D\u00e4rf\u00f6r kr\u00e4vs mer dialog mellan regioner och leverant\u00f6rer.","breadcrumb":{"@id":"https:\/\/www.kompetensforetagen.se\/2020\/12\/tatare-dialog-for-att-losa-utmaningar-i-vardens-kompetensforsorjning\/#breadcrumb"},"inLanguage":"sv-SE","potentialAction":[{"@type":"ReadAction","target":["https:\/\/www.kompetensforetagen.se\/2020\/12\/tatare-dialog-for-att-losa-utmaningar-i-vardens-kompetensforsorjning\/"]}]},{"@type":"ImageObject","inLanguage":"sv-SE","@id":"https:\/\/www.kompetensforetagen.se\/2020\/12\/tatare-dialog-for-att-losa-utmaningar-i-vardens-kompetensforsorjning\/#primaryimage","url":"https:\/\/www.kompetensforetagen.se\/app\/uploads\/sites\/5\/2020\/03\/eva.jpg","contentUrl":"https:\/\/www.kompetensforetagen.se\/app\/uploads\/sites\/5\/2020\/03\/eva.jpg","width":831,"height":654,"caption":"Kompetensf\u00f6retagens ordf\u00f6rande Eva Domanders"},{"@type":"BreadcrumbList","@id":"https:\/\/www.kompetensforetagen.se\/2020\/12\/tatare-dialog-for-att-losa-utmaningar-i-vardens-kompetensforsorjning\/#breadcrumb","itemListElement":[{"@type":"ListItem","position":1,"name":"Home","item":"https:\/\/www.kompetensforetagen.se\/"},{"@type":"ListItem","position":2,"name":"T\u00e4tare samarbete f\u00f6r att l\u00f6sa utmaningar i v\u00e5rdens kompetensf\u00f6rs\u00f6rjning"}]},{"@type":"WebSite","@id":"https:\/\/www.kompetensforetagen.se\/#website","url":"https:\/\/www.kompetensforetagen.se\/","name":"Kompetensf\u00f6retagen","description":"R\u00e4tt person p\u00e5 r\u00e4tt plats kan f\u00f6r\u00e4ndra v\u00e4rlden","publisher":{"@id":"https:\/\/www.kompetensforetagen.se\/#organization"},"potentialAction":[{"@type":"SearchAction","target":{"@type":"EntryPoint","urlTemplate":"https:\/\/www.kompetensforetagen.se\/?s={search_term_string}"},"query-input":{"@type":"PropertyValueSpecification","valueRequired":true,"valueName":"search_term_string"}}],"inLanguage":"sv-SE"},{"@type":"Organization","@id":"https:\/\/www.kompetensforetagen.se\/#organization","name":"Kompetensf\u00f6retagen","url":"https:\/\/www.kompetensforetagen.se\/","logo":{"@type":"ImageObject","inLanguage":"sv-SE","@id":"https:\/\/www.kompetensforetagen.se\/#\/schema\/logo\/image\/","url":"https:\/\/www.kompetensforetagen.se\/app\/uploads\/sites\/5\/2022\/10\/logga_svart.png","contentUrl":"https:\/\/www.kompetensforetagen.se\/app\/uploads\/sites\/5\/2022\/10\/logga_svart.png","width":752,"height":64,"caption":"Kompetensf\u00f6retagen"},"image":{"@id":"https:\/\/www.kompetensforetagen.se\/#\/schema\/logo\/image\/"},"sameAs":["https:\/\/www.linkedin.com\/company\/10540032\/"]},{"@type":"Person","@id":"https:\/\/www.kompetensforetagen.se\/#\/schema\/person\/38c6b37b81c530c93246c3d1993d5662","name":"Shashika Sellgren","image":{"@type":"ImageObject","inLanguage":"sv-SE","@id":"https:\/\/www.kompetensforetagen.se\/#\/schema\/person\/image\/","url":"https:\/\/secure.gravatar.com\/avatar\/b225c479880df9eb82d1501dd105dd8040f27c8563f3d4bf5dd62ce0a1630abd?s=96&d=mm&r=g","contentUrl":"https:\/\/secure.gravatar.com\/avatar\/b225c479880df9eb82d1501dd105dd8040f27c8563f3d4bf5dd62ce0a1630abd?s=96&d=mm&r=g","caption":"Shashika Sellgren"},"url":"https:\/\/www.kompetensforetagen.se\/person\/shashikasellgren\/"}]}},"_links":{"self":[{"href":"https:\/\/www.kompetensforetagen.se\/api\/wp\/v2\/posts\/5640","targetHints":{"allow":["GET"]}}],"collection":[{"href":"https:\/\/www.kompetensforetagen.se\/api\/wp\/v2\/posts"}],"about":[{"href":"https:\/\/www.kompetensforetagen.se\/api\/wp\/v2\/types\/post"}],"author":[{"embeddable":true,"href":"https:\/\/www.kompetensforetagen.se\/api\/wp\/v2\/users\/6058"}],"replies":[{"embeddable":true,"href":"https:\/\/www.kompetensforetagen.se\/api\/wp\/v2\/comments?post=5640"}],"version-history":[{"count":1,"href":"https:\/\/www.kompetensforetagen.se\/api\/wp\/v2\/posts\/5640\/revisions"}],"predecessor-version":[{"id":12253,"href":"https:\/\/www.kompetensforetagen.se\/api\/wp\/v2\/posts\/5640\/revisions\/12253"}],"wp:featuredmedia":[{"embeddable":true,"href":"https:\/\/www.kompetensforetagen.se\/api\/wp\/v2\/media\/4820"}],"wp:attachment":[{"href":"https:\/\/www.kompetensforetagen.se\/api\/wp\/v2\/media?parent=5640"}],"wp:term":[{"taxonomy":"category","embeddable":true,"href":"https:\/\/www.kompetensforetagen.se\/api\/wp\/v2\/categories?post=5640"},{"taxonomy":"post_tag","embeddable":true,"href":"https:\/\/www.kompetensforetagen.se\/api\/wp\/v2\/tags?post=5640"},{"taxonomy":"type","embeddable":true,"href":"https:\/\/www.kompetensforetagen.se\/api\/wp\/v2\/article_type?post=5640"},{"taxonomy":"agreement","embeddable":true,"href":"https:\/\/www.kompetensforetagen.se\/api\/wp\/v2\/agreement?post=5640"},{"taxonomy":"for-members","embeddable":true,"href":"https:\/\/www.kompetensforetagen.se\/api\/wp\/v2\/for-members?post=5640"}],"curies":[{"name":"wp","href":"https:\/\/api.w.org\/{rel}","templated":true}]}}