{"id":5554,"date":"2021-01-13T13:00:58","date_gmt":"2021-01-13T12:00:58","guid":{"rendered":"https:\/\/www.kompetensforetagen.se\/?p=5554"},"modified":"2023-07-12T09:49:22","modified_gmt":"2023-07-12T07:49:22","slug":"inhyrning-av-over-100-konsulter-sakerstallde-leveranser-till-akutsjukvarden","status":"publish","type":"post","link":"https:\/\/www.kompetensforetagen.se\/2021\/01\/inhyrning-av-over-100-konsulter-sakerstallde-leveranser-till-akutsjukvarden\/","title":{"rendered":"Inhyrning av \u00f6ver 100 konsulter s\u00e4kerst\u00e4llde leveranser till akutsjukv\u00e5rden"},"content":{"rendered":"\n<p>I och med&nbsp;coronapandemin \u00f6kade behovet av medicintekniska l\u00f6sningar till akutsjukv\u00e5rden kraftigt i v\u00e5ras. Randstad hj\u00e4lpte en av de leverant\u00f6rer som p\u00e5 kort tid skulle leverera ett stort antal ventilatorer till sjukhus runtom i v\u00e4rlden. P\u00e5 grund av det kraftiga trycket var de &nbsp;d\u00e4rut\u00f6ver tvungna att&nbsp;inf\u00f6ra flerskiftsarbete. Catrine Jack som \u00e4r&nbsp;Head&nbsp;of&nbsp;key&nbsp;accounts&nbsp;p\u00e5 Randstad ber\u00e4ttar hur de, tack vare personalens engagemang, kunde f\u00f6rse kunden med \u00f6ver 120 konsulter. De s\u00e4kerst\u00e4llde kundens leveranser till akutsjukv\u00e5rden ytterligare genom att \u00e4ven fungera som r\u00e5dgivare och bollplank.<\/p>\n\n\n\n<p><span data-contrast=\"none\">Allt b\u00f6rjade med att kunden,\u00a0 en global leverant\u00f6r av l\u00f6sningar inom medtech, i februari meddelade Randstad att de skulle beh\u00f6va kraftig f\u00f6rst\u00e4rkning. F\u00f6r att f\u00e5 ut tillr\u00e4ckligt m\u00e5nga ventilatorer var man tvungna att snabbt skala upp produktionen rej\u00e4lt och b\u00f6rja med arbete dygnet runt. Randstad som jobbat tillsammans med f\u00f6retaget i flera \u00e5r skulle nu g\u00e5 fr\u00e5n att hyra ut tio konsulter till att hyra ut 120 konsulter. \u00a0<\/span><\/p>\n\n\n\n<blockquote class=\"wp-block-quote is-layout-flow wp-block-quote-is-layout-flow\">\n<p><span data-contrast=\"none\">Alla som var delaktiga i projektet k\u00e4nde hur angel\u00e4get det var <\/span><\/p>\n<\/blockquote>\n\n\n\n<p><span data-contrast=\"auto\">&#8211; Kunden hade aldrig tidigare inf\u00f6rt flerskiftsarbete. D\u00e5 kunde vi som har stor erfarenhet av det hj\u00e4lpa till och ge tips. Ut\u00f6ver det s\u00e5g vi ocks\u00e5 till att genast b\u00f6rja rekrytera konsulter.<\/span><span data-ccp-props=\"{&quot;134233279&quot;:true,&quot;201341983&quot;:0,&quot;335559739&quot;:160,&quot;335559740&quot;:259}\">&nbsp;<\/span><\/p>\n\n\n\n<p><span data-contrast=\"none\">Catrine medger att det var en utmaning att rekrytera <\/span><span data-contrast=\"none\">s\u00e5 m\u00e5nga konsulter p\u00e5 kort tid. Arbetet underl\u00e4ttades dock av att det fanns ett stort engagemang hos konsulterna. Alla som var delaktiga i projektet k\u00e4nde hur angel\u00e4get det var att g\u00f6ra ett bra jobb. Hon ber\u00e4ttar ocks\u00e5 att de hj\u00e4lptes mycket av att vara ett stort f\u00f6retag.<\/span><span data-ccp-props=\"{&quot;201341983&quot;:0,&quot;335559739&quot;:160,&quot;335559740&quot;:276}\">&nbsp;<\/span><\/p>\n\n\n\n<h3 class=\"wp-block-heading\">S\u00e4kerst\u00e4llde kundens leveranser till akutsjukv\u00e5rden<\/h3>\n\n\n\n<p><span data-contrast=\"auto\">&#8211; En f\u00f6rdel med att vara ett s\u00e5 stort bolag \u00e4r att vi har kapacitet att agera snabbt och m\u00f6jlighet att bygga team med just den kompetens som beh\u00f6vs. I det h\u00e4r fallet kunde vi handplocka specialister som sedan hade dagliga avst\u00e4mningar och n\u00e4ra kontakt med kunden. Det gjorde att vi kunde f\u00f6rutse kundens behov och hela tiden jobba proaktivt. V\u00e5r personal har gjort ett fantastiskt arbete. Jag \u00e4r verkligen stolt \u00f6ver de<\/span><span data-contrast=\"auto\">m.<\/span><span data-ccp-props=\"{&quot;134233279&quot;:true,&quot;201341983&quot;:0,&quot;335559739&quot;:160,&quot;335559740&quot;:259}\">&nbsp;<\/span><\/p>\n\n\n\n<p><span data-contrast=\"none\">Nu har behovet minskat &#8211; alla ventilatorer har levererats och man har kunnat konstatera att arbetet har g\u00e5tt bra. Catrine ber\u00e4ttar att kunden \u00e4r mycket n\u00f6jd och imponerad av att de lyckats trots de stora volymerna, och \u00e4ven konsulterna varit n\u00f6jda.<\/span><span data-ccp-props=\"{&quot;201341983&quot;:0,&quot;335559739&quot;:160,&quot;335559740&quot;:276}\">&nbsp;<\/span><\/p>\n\n\n\n<h6 class=\"wp-block-heading\">&nbsp;<\/h6>\n\n\n\n<figure class=\"wp-block-table\"><table class=\"has-secondary-background-color has-background\"><tbody><tr><td><strong>Faktaruta<\/strong><br><strong>F\u00f6retagsnamn<\/strong>: Randstad<br><strong>Verksamhet<\/strong>: Rekryterings- och bemanningsf\u00f6retag<br><strong>Vanligaste tj\u00e4nsterna<\/strong>: Rekrytering, bemanning, konsultuthyrning och omst\u00e4llning.<br><strong>N\u00e4rvaro<\/strong>: Hela landet.<br><strong>Antal anst\u00e4llda<\/strong>: Ungef\u00e4r 5000 anst\u00e4llda i Sverige.<br><strong>V\u00e4rderingar<\/strong>: To know, to serve, to trust, striving for perfection and simultaneous promotion of all interests.<br><strong>Webbplats<\/strong>: <a href=\"https:\/\/www.randstad.se\/om-oss\/\" target=\"_blank\" rel=\"noreferrer noopener\">Randstad<\/a><\/td><\/tr><\/tbody><\/table><\/figure>\n","protected":false},"excerpt":{"rendered":"<p>I och med&nbsp;coronapandemin \u00f6kade behovet av medicintekniska l\u00f6sningar till akutsjukv\u00e5rden kraftigt i v\u00e5ras. Randstad hj\u00e4lpte en av de leverant\u00f6rer som p\u00e5 kort tid skulle leverera ett stort antal ventilatorer till sjukhus runtom i v\u00e4rlden. P\u00e5 &hellip;<\/p>\n","protected":false},"author":6058,"featured_media":5528,"comment_status":"closed","ping_status":"closed","sticky":false,"template":"","format":"standard","meta":{"_acf_changed":false,"footnotes":""},"categories":[185,204,1],"tags":[],"article_type":[8],"agreement":[],"for-members":[],"class_list":["post-5554","post","type-post","status-publish","format-standard","has-post-thumbnail","hentry","category-corona","category-konsult","category-okategoriserade","type-aktuellt"],"acf":[],"yoast_head":"<!-- This site is optimized with the Yoast SEO Premium plugin v26.8 (Yoast SEO v26.8) - https:\/\/yoast.com\/product\/yoast-seo-premium-wordpress\/ -->\n<title>Inhyrning av \u00f6ver 100 konsulter s\u00e4kerst\u00e4llde leveranser till akutsjukv\u00e5rden<\/title>\n<meta name=\"description\" content=\"N\u00e4r kundf\u00f6retaget \u00f6kade tillverkningen kunde Ranstad bidra med \u00f6ver 100 konsulter som s\u00e4kerst\u00e4llde leveranser till akutsjukv\u00e5rden.\" \/>\n<meta name=\"robots\" content=\"index, follow, max-snippet:-1, max-image-preview:large, max-video-preview:-1\" \/>\n<link rel=\"canonical\" href=\"https:\/\/www.kompetensforetagen.se\/2021\/01\/inhyrning-av-over-100-konsulter-sakerstallde-leveranser-till-akutsjukvarden\/\" \/>\n<meta property=\"og:locale\" content=\"sv_SE\" \/>\n<meta property=\"og:type\" content=\"article\" \/>\n<meta property=\"og:title\" content=\"Inhyrning av \u00f6ver 100 konsulter s\u00e4kerst\u00e4llde leveranser till akutsjukv\u00e5rden\" \/>\n<meta property=\"og:description\" content=\"N\u00e4r kundf\u00f6retaget \u00f6kade tillverkningen kunde Ranstad bidra med \u00f6ver 100 konsulter som s\u00e4kerst\u00e4llde leveranser till akutsjukv\u00e5rden.\" \/>\n<meta property=\"og:url\" content=\"https:\/\/www.kompetensforetagen.se\/2021\/01\/inhyrning-av-over-100-konsulter-sakerstallde-leveranser-till-akutsjukvarden\/\" \/>\n<meta property=\"og:site_name\" content=\"Kompetensf\u00f6retagen\" \/>\n<meta property=\"article:published_time\" content=\"2021-01-13T12:00:58+00:00\" \/>\n<meta property=\"article:modified_time\" content=\"2023-07-12T07:49:22+00:00\" \/>\n<meta property=\"og:image\" content=\"https:\/\/www.kompetensforetagen.se\/app\/uploads\/sites\/5\/2020\/11\/randstad-catrine-jack.jpg\" \/>\n\t<meta property=\"og:image:width\" content=\"2068\" \/>\n\t<meta property=\"og:image:height\" content=\"2188\" \/>\n\t<meta property=\"og:image:type\" content=\"image\/jpeg\" \/>\n<meta name=\"author\" content=\"Shashika Sellgren\" \/>\n<meta name=\"twitter:card\" content=\"summary_large_image\" \/>\n<meta name=\"twitter:label1\" content=\"Skriven av\" \/>\n\t<meta name=\"twitter:data1\" content=\"Shashika Sellgren\" \/>\n\t<meta name=\"twitter:label2\" content=\"Ber\u00e4knad l\u00e4stid\" \/>\n\t<meta name=\"twitter:data2\" content=\"3 minuter\" \/>\n<!-- \/ Yoast SEO Premium plugin. -->","yoast_head_json":{"title":"Inhyrning av \u00f6ver 100 konsulter s\u00e4kerst\u00e4llde leveranser till akutsjukv\u00e5rden","description":"N\u00e4r kundf\u00f6retaget \u00f6kade tillverkningen kunde Ranstad bidra med \u00f6ver 100 konsulter som s\u00e4kerst\u00e4llde leveranser till akutsjukv\u00e5rden.","robots":{"index":"index","follow":"follow","max-snippet":"max-snippet:-1","max-image-preview":"max-image-preview:large","max-video-preview":"max-video-preview:-1"},"canonical":"https:\/\/www.kompetensforetagen.se\/2021\/01\/inhyrning-av-over-100-konsulter-sakerstallde-leveranser-till-akutsjukvarden\/","og_locale":"sv_SE","og_type":"article","og_title":"Inhyrning av \u00f6ver 100 konsulter s\u00e4kerst\u00e4llde leveranser till akutsjukv\u00e5rden","og_description":"N\u00e4r kundf\u00f6retaget \u00f6kade tillverkningen kunde Ranstad bidra med \u00f6ver 100 konsulter som s\u00e4kerst\u00e4llde leveranser till akutsjukv\u00e5rden.","og_url":"https:\/\/www.kompetensforetagen.se\/2021\/01\/inhyrning-av-over-100-konsulter-sakerstallde-leveranser-till-akutsjukvarden\/","og_site_name":"Kompetensf\u00f6retagen","article_published_time":"2021-01-13T12:00:58+00:00","article_modified_time":"2023-07-12T07:49:22+00:00","og_image":[{"width":2068,"height":2188,"url":"https:\/\/www.kompetensforetagen.se\/app\/uploads\/sites\/5\/2020\/11\/randstad-catrine-jack.jpg","type":"image\/jpeg"}],"author":"Shashika Sellgren","twitter_card":"summary_large_image","twitter_misc":{"Skriven av":"Shashika Sellgren","Ber\u00e4knad l\u00e4stid":"3 minuter"},"schema":{"@context":"https:\/\/schema.org","@graph":[{"@type":"Article","@id":"https:\/\/www.kompetensforetagen.se\/2021\/01\/inhyrning-av-over-100-konsulter-sakerstallde-leveranser-till-akutsjukvarden\/#article","isPartOf":{"@id":"https:\/\/www.kompetensforetagen.se\/2021\/01\/inhyrning-av-over-100-konsulter-sakerstallde-leveranser-till-akutsjukvarden\/"},"author":{"name":"Shashika Sellgren","@id":"https:\/\/www.kompetensforetagen.se\/#\/schema\/person\/38c6b37b81c530c93246c3d1993d5662"},"headline":"Inhyrning av \u00f6ver 100 konsulter s\u00e4kerst\u00e4llde leveranser till akutsjukv\u00e5rden","datePublished":"2021-01-13T12:00:58+00:00","dateModified":"2023-07-12T07:49:22+00:00","mainEntityOfPage":{"@id":"https:\/\/www.kompetensforetagen.se\/2021\/01\/inhyrning-av-over-100-konsulter-sakerstallde-leveranser-till-akutsjukvarden\/"},"wordCount":504,"publisher":{"@id":"https:\/\/www.kompetensforetagen.se\/#organization"},"image":{"@id":"https:\/\/www.kompetensforetagen.se\/2021\/01\/inhyrning-av-over-100-konsulter-sakerstallde-leveranser-till-akutsjukvarden\/#primaryimage"},"thumbnailUrl":"https:\/\/www.kompetensforetagen.se\/app\/uploads\/sites\/5\/2020\/11\/randstad-catrine-jack.jpg","articleSection":["Corona","Konsult"],"inLanguage":"sv-SE"},{"@type":"WebPage","@id":"https:\/\/www.kompetensforetagen.se\/2021\/01\/inhyrning-av-over-100-konsulter-sakerstallde-leveranser-till-akutsjukvarden\/","url":"https:\/\/www.kompetensforetagen.se\/2021\/01\/inhyrning-av-over-100-konsulter-sakerstallde-leveranser-till-akutsjukvarden\/","name":"Inhyrning av \u00f6ver 100 konsulter s\u00e4kerst\u00e4llde leveranser till akutsjukv\u00e5rden","isPartOf":{"@id":"https:\/\/www.kompetensforetagen.se\/#website"},"primaryImageOfPage":{"@id":"https:\/\/www.kompetensforetagen.se\/2021\/01\/inhyrning-av-over-100-konsulter-sakerstallde-leveranser-till-akutsjukvarden\/#primaryimage"},"image":{"@id":"https:\/\/www.kompetensforetagen.se\/2021\/01\/inhyrning-av-over-100-konsulter-sakerstallde-leveranser-till-akutsjukvarden\/#primaryimage"},"thumbnailUrl":"https:\/\/www.kompetensforetagen.se\/app\/uploads\/sites\/5\/2020\/11\/randstad-catrine-jack.jpg","datePublished":"2021-01-13T12:00:58+00:00","dateModified":"2023-07-12T07:49:22+00:00","description":"N\u00e4r kundf\u00f6retaget \u00f6kade tillverkningen kunde Ranstad bidra med \u00f6ver 100 konsulter som s\u00e4kerst\u00e4llde leveranser till akutsjukv\u00e5rden.","breadcrumb":{"@id":"https:\/\/www.kompetensforetagen.se\/2021\/01\/inhyrning-av-over-100-konsulter-sakerstallde-leveranser-till-akutsjukvarden\/#breadcrumb"},"inLanguage":"sv-SE","potentialAction":[{"@type":"ReadAction","target":["https:\/\/www.kompetensforetagen.se\/2021\/01\/inhyrning-av-over-100-konsulter-sakerstallde-leveranser-till-akutsjukvarden\/"]}]},{"@type":"ImageObject","inLanguage":"sv-SE","@id":"https:\/\/www.kompetensforetagen.se\/2021\/01\/inhyrning-av-over-100-konsulter-sakerstallde-leveranser-till-akutsjukvarden\/#primaryimage","url":"https:\/\/www.kompetensforetagen.se\/app\/uploads\/sites\/5\/2020\/11\/randstad-catrine-jack.jpg","contentUrl":"https:\/\/www.kompetensforetagen.se\/app\/uploads\/sites\/5\/2020\/11\/randstad-catrine-jack.jpg","width":2068,"height":2188,"caption":"Catrine Jack, representant f\u00f6r Randstad."},{"@type":"BreadcrumbList","@id":"https:\/\/www.kompetensforetagen.se\/2021\/01\/inhyrning-av-over-100-konsulter-sakerstallde-leveranser-till-akutsjukvarden\/#breadcrumb","itemListElement":[{"@type":"ListItem","position":1,"name":"Home","item":"https:\/\/www.kompetensforetagen.se\/"},{"@type":"ListItem","position":2,"name":"Inhyrning av \u00f6ver 100 konsulter s\u00e4kerst\u00e4llde leveranser till akutsjukv\u00e5rden"}]},{"@type":"WebSite","@id":"https:\/\/www.kompetensforetagen.se\/#website","url":"https:\/\/www.kompetensforetagen.se\/","name":"Kompetensf\u00f6retagen","description":"R\u00e4tt person p\u00e5 r\u00e4tt plats kan f\u00f6r\u00e4ndra v\u00e4rlden","publisher":{"@id":"https:\/\/www.kompetensforetagen.se\/#organization"},"potentialAction":[{"@type":"SearchAction","target":{"@type":"EntryPoint","urlTemplate":"https:\/\/www.kompetensforetagen.se\/?s={search_term_string}"},"query-input":{"@type":"PropertyValueSpecification","valueRequired":true,"valueName":"search_term_string"}}],"inLanguage":"sv-SE"},{"@type":"Organization","@id":"https:\/\/www.kompetensforetagen.se\/#organization","name":"Kompetensf\u00f6retagen","url":"https:\/\/www.kompetensforetagen.se\/","logo":{"@type":"ImageObject","inLanguage":"sv-SE","@id":"https:\/\/www.kompetensforetagen.se\/#\/schema\/logo\/image\/","url":"https:\/\/www.kompetensforetagen.se\/app\/uploads\/sites\/5\/2022\/10\/logga_svart.png","contentUrl":"https:\/\/www.kompetensforetagen.se\/app\/uploads\/sites\/5\/2022\/10\/logga_svart.png","width":752,"height":64,"caption":"Kompetensf\u00f6retagen"},"image":{"@id":"https:\/\/www.kompetensforetagen.se\/#\/schema\/logo\/image\/"},"sameAs":["https:\/\/www.linkedin.com\/company\/10540032\/"]},{"@type":"Person","@id":"https:\/\/www.kompetensforetagen.se\/#\/schema\/person\/38c6b37b81c530c93246c3d1993d5662","name":"Shashika Sellgren","image":{"@type":"ImageObject","inLanguage":"sv-SE","@id":"https:\/\/www.kompetensforetagen.se\/#\/schema\/person\/image\/","url":"https:\/\/secure.gravatar.com\/avatar\/b225c479880df9eb82d1501dd105dd8040f27c8563f3d4bf5dd62ce0a1630abd?s=96&d=mm&r=g","contentUrl":"https:\/\/secure.gravatar.com\/avatar\/b225c479880df9eb82d1501dd105dd8040f27c8563f3d4bf5dd62ce0a1630abd?s=96&d=mm&r=g","caption":"Shashika Sellgren"},"url":"https:\/\/www.kompetensforetagen.se\/person\/shashikasellgren\/"}]}},"_links":{"self":[{"href":"https:\/\/www.kompetensforetagen.se\/api\/wp\/v2\/posts\/5554","targetHints":{"allow":["GET"]}}],"collection":[{"href":"https:\/\/www.kompetensforetagen.se\/api\/wp\/v2\/posts"}],"about":[{"href":"https:\/\/www.kompetensforetagen.se\/api\/wp\/v2\/types\/post"}],"author":[{"embeddable":true,"href":"https:\/\/www.kompetensforetagen.se\/api\/wp\/v2\/users\/6058"}],"replies":[{"embeddable":true,"href":"https:\/\/www.kompetensforetagen.se\/api\/wp\/v2\/comments?post=5554"}],"version-history":[{"count":2,"href":"https:\/\/www.kompetensforetagen.se\/api\/wp\/v2\/posts\/5554\/revisions"}],"predecessor-version":[{"id":14485,"href":"https:\/\/www.kompetensforetagen.se\/api\/wp\/v2\/posts\/5554\/revisions\/14485"}],"wp:featuredmedia":[{"embeddable":true,"href":"https:\/\/www.kompetensforetagen.se\/api\/wp\/v2\/media\/5528"}],"wp:attachment":[{"href":"https:\/\/www.kompetensforetagen.se\/api\/wp\/v2\/media?parent=5554"}],"wp:term":[{"taxonomy":"category","embeddable":true,"href":"https:\/\/www.kompetensforetagen.se\/api\/wp\/v2\/categories?post=5554"},{"taxonomy":"post_tag","embeddable":true,"href":"https:\/\/www.kompetensforetagen.se\/api\/wp\/v2\/tags?post=5554"},{"taxonomy":"type","embeddable":true,"href":"https:\/\/www.kompetensforetagen.se\/api\/wp\/v2\/article_type?post=5554"},{"taxonomy":"agreement","embeddable":true,"href":"https:\/\/www.kompetensforetagen.se\/api\/wp\/v2\/agreement?post=5554"},{"taxonomy":"for-members","embeddable":true,"href":"https:\/\/www.kompetensforetagen.se\/api\/wp\/v2\/for-members?post=5554"}],"curies":[{"name":"wp","href":"https:\/\/api.w.org\/{rel}","templated":true}]}}