{"id":5542,"date":"2021-01-13T13:00:27","date_gmt":"2021-01-13T12:00:27","guid":{"rendered":"https:\/\/www.kompetensforetagen.se\/?p=5542"},"modified":"2023-07-12T09:10:55","modified_gmt":"2023-07-12T07:10:55","slug":"saneringstjanst-mojliggjorde-corona-varden-i-stockholm","status":"publish","type":"post","link":"https:\/\/www.kompetensforetagen.se\/2021\/01\/saneringstjanst-mojliggjorde-corona-varden-i-stockholm\/","title":{"rendered":"Saneringstj\u00e4nst m\u00f6jliggjorde coronav\u00e5rd i Stockholm"},"content":{"rendered":"\n<h3 class=\"wp-block-heading\"><span class=\"TextRun SCXW238535500 BCX9\" lang=\"SV-SE\" xml:lang=\"SV-SE\" data-contrast=\"none\"><span class=\"NormalTextRun SCXW238535500 BCX9\">Under v\u00e5ren<\/span><\/span><span class=\"TextRun SCXW238535500 BCX9\" lang=\"SV-SE\" xml:lang=\"SV-SE\" data-contrast=\"none\"><span class=\"NormalTextRun SCXW238535500 BCX9\">&nbsp;<\/span><\/span><span class=\"TextRun SCXW238535500 BCX9\" lang=\"SV-SE\" xml:lang=\"SV-SE\" data-contrast=\"none\"><span class=\"NormalTextRun SCXW238535500 BCX9\">levererade MW Group en saneringstj\u00e4nst&nbsp;<\/span><\/span><span class=\"TextRun SCXW238535500 BCX9\" lang=\"SV-SE\" xml:lang=\"SV-SE\" data-contrast=\"none\"><span class=\"NormalTextRun SCXW238535500 BCX9\"> p\u00e5 uppdrag av Region Stockholm&nbsp;<\/span><\/span><span class=\"TextRun SCXW238535500 BCX9\" lang=\"SV-SE\" xml:lang=\"SV-SE\" data-contrast=\"none\"><span class=\"NormalTextRun SCXW238535500 BCX9\">f\u00f6r att m\u00f6jligg\u00f6ra \u00e5teranv\u00e4ndning av skyddsutrustning vid Stockholmsm\u00e4ssan. P\u00e5 bara 36 timmar hade experterna byggt systemet och var redo att genomf\u00f6ra saneringsuppgifter f\u00f6r sjukhuset. Gemensamt f\u00f6r alla som jobbade i projektet var att de hade en bakgrund fr\u00e5n F\u00f6rsvarsmakten d\u00e4r de utbildats bland annat f\u00f6r sanering. Michael Yngvesson, operativ chef p\u00e5 MW Group, ber\u00e4ttar mer om hur deras saneringstj\u00e4nst m\u00f6jliggjorde coronav\u00e5rd i Stockholm. <\/span><\/span><span class=\"EOP SCXW238535500 BCX9\" data-ccp-props=\"{&quot;201341983&quot;:0,&quot;335559739&quot;:160,&quot;335559740&quot;:276}\">&nbsp;<\/span><\/h3>\n\n\n\n<p><span data-contrast=\"auto\">&#8211; Det h\u00e4r saneringssystemet hade vi tittat p\u00e5 redan innan coronakrisen. Vi s\u00e5g att det skulle kunna fylla en viktig funktion vid en eventuell kris i samh\u00e4llet. N\u00e4r pandemin sen br\u00f6t ut fick v\u00e5rden i Stockholm problem med tillr\u00e4cklig skyddsutrustning och vi f\u00f6rstod att vi kunde anv\u00e4nda oss av systemet f\u00f6r att reng\u00f6ra utrustningen s\u00e5 att den kunde \u00e5teranv\u00e4ndas<\/span><span data-contrast=\"auto\">.&nbsp;<\/span><span data-ccp-props=\"{&quot;134233279&quot;:true,&quot;201341983&quot;:0,&quot;335559739&quot;:160,&quot;335559740&quot;:259}\">&nbsp;<\/span><\/p>\n\n\n\n<p><span data-contrast=\"none\">Michael och hans kollegor f\u00f6reslog id\u00e9n till Region Stockholm som vid den tiden planerade ett krissjukhus i \u00c4lvsj\u00f6. Beslutet var att Stockholmsm\u00e4ssans lokaler skulle byggas om och anv\u00e4ndas som sjukhus. Systemet grupperades i containrar i anslutning till sjukhuset d\u00e4r MW Group kunde sanera viss typ av skyddsutrustning f\u00f6r att kunna \u00e5teranv\u00e4nda den inom v\u00e5rden d\u00e5 det var stor brist p\u00e5 just visir, skyddsglas och andningsmasker under inledningen p\u00e5 pandemin.\u00a0<\/span><\/p>\n\n\n\n<blockquote class=\"wp-block-quote is-layout-flow wp-block-quote-is-layout-flow\">\n<p><span data-contrast=\"auto\">Vi handplockade medarbetare med r\u00e4tt bakgrund och utbildade dem sen direkt <\/span><\/p>\n<\/blockquote>\n\n\n\n<p><span data-contrast=\"auto\">&#8211; Sen b\u00f6rjade arbetet med att komma p\u00e5 hur vi kunde anv\u00e4nda saneringssystemet rent praktiskt. Vi satte containrarna p\u00e5 plats och b\u00f6rjade bygga ut en logistikkedja. St\u00e4dpersonal p\u00e5 sjukhuset i \u00c4lvsj\u00f6 skulle l\u00e4mna ut den kontaminerade utrustningen, varp\u00e5 vi skulle transportera den till saneringsanl\u00e4ggningen, reng\u00f6ra, sanera och sedan packa den innan den skulle tillbaka in i f\u00f6rr\u00e5d p\u00e5 sjukhuset. Implementeringen gick bra och vi har f\u00e5tt fin feedback fr\u00e5n regionen.<\/span><span data-ccp-props=\"{&quot;134233279&quot;:true,&quot;201341983&quot;:0,&quot;335559739&quot;:160,&quot;335559740&quot;:259}\">&nbsp;<\/span><\/p>\n\n\n\n<h3 class=\"wp-block-heading\"><span data-contrast=\"none\">Viktigt v\u00e4lja r\u00e4tt medarbetare<\/span><\/h3>\n\n\n\n<p><span data-contrast=\"auto\">&#8211; Vi handplockade medarbetare med r\u00e4tt bakgrund och utbildade dem sen direkt s\u00e5 att de kunde hantera systemet och processerna. Vi satte ihop en grupp som kunde bemanna systemet dygnet runt, eftersom vi d\u00e5 inte visste hur stort trycket skulle komma att bli.\u00a0<\/span><\/p>\n\n\n\n<blockquote class=\"wp-block-quote is-layout-flow wp-block-quote-is-layout-flow\">\n<p><span data-contrast=\"auto\">Det k\u00e4nns bra att ha gjort reell skillnad och bidragit under krisen<\/span><\/p>\n<\/blockquote>\n\n\n\n<p><span data-contrast=\"none\"><span class=\"TextRun Strikethrough BCX9 SCXW77681974\" lang=\"SV-SE\" xml:lang=\"SV-SE\" data-contrast=\"none\"><span class=\"NormalTextRun BCX9 SCXW77681974\">Best\u00e4llarna p\u00e5 sjukhuset var v\u00e4ldigt positiva och imponerade av MW Groups f\u00f6rm\u00e5ga att s\u00e5 snabbt f\u00e5 ig\u00e5ng verksamheten. <\/span><\/span>Redan efter 36 timmar var man redo att s\u00e4tta ig\u00e5ng. Arbetet blev l\u00e4ttare av att det fanns ett stort engagemang och vilja att hj\u00e4lpa till hos medarbetarna, ber\u00e4ttar Michael.<\/span><span data-ccp-props=\"{&quot;201341983&quot;:0,&quot;335559739&quot;:160,&quot;335559740&quot;:276}\">&nbsp;<\/span><\/p>\n\n\n\n<p><span data-contrast=\"auto\">&#8211; V\u00e5ra medarbetare k\u00e4nde sig v\u00e4ldigt delaktiga och gjorde ett superbra jobb. De var mycket omtyckta av kunden och jag \u00e4r superstolt \u00f6ver deras insats. Det var tydligt att de ville vara med och bygga n\u00e5got riktigt bra och det lyckades vi verkligen med. Det k\u00e4nns bra att ha gjort reell skillnad och bidragit under krisen.<\/span><span data-ccp-props=\"{&quot;134233279&quot;:true,&quot;201341983&quot;:0,&quot;335559739&quot;:160,&quot;335559740&quot;:259}\"> V\u00e5r saneringstj\u00e4nst m\u00f6jliggjorde coronav\u00e5rd i Stockholm!<\/span><\/p>\n\n\n\n<figure class=\"wp-block-table\"><table class=\"has-secondary-background-color has-background\"><tbody><tr><td> Faktaruta:<br><strong>F\u00f6retagsnamn<\/strong>: MW Group,\u00a0 en koncern vars svenska dotterbolag, Military Work, \u00e4r ett auktoriserat bemannings- och rekryteringsf\u00f6retag.<br><strong>Verksamhet<\/strong>: Uppdrag inom f\u00f6rsvar och s\u00e4kerhet. \u00a0<br><strong>Vanligaste tj\u00e4nsterna: <\/strong>Tj\u00e4nster som st\u00e4rker samh\u00e4llsviktiga funktioner inom omr\u00e5dena: Installation och Underh\u00e5ll, Cybers\u00e4kerhet, Tr\u00e4ning, Obemannade operationer och R\u00e5dgivning, \u00a0<br><strong>N\u00e4rvaro<\/strong>: Sverige, Finland och Danmark samt internationella leveranser. \u00a0<br><strong>Antal anst\u00e4llda<\/strong>: 120 personer, samtliga med en bakgrund inom F\u00f6rsvarsmakten \u00a0<br><strong>Vision<\/strong>: Ett samh\u00e4lle med fria m\u00e4nniskor<br><strong>Webbplats <\/strong><a href=\"https:\/\/mw.group\/business-areas\/mw-geospatial-services\/?utm_source=google&amp;utm_medium=cpc&amp;utm_campaign=Manifest_geospatial_s%C3%B6k&amp;utm_content=mwgroup&amp;gclid=Cj0KCQjwnrmlBhDHARIsADJ5b_kydofzZINVC89JecR-Iy8B3J1-LR61-vsNkuZnSooI8Bq55FVj7n4aAoMzEALw_wcB\" target=\"_blank\" rel=\"noreferrer noopener\">MW Group<\/a><\/td><\/tr><\/tbody><\/table><\/figure>\n","protected":false},"excerpt":{"rendered":"<p>Under v\u00e5ren&nbsp;levererade MW Group en saneringstj\u00e4nst&nbsp; p\u00e5 uppdrag av Region Stockholm&nbsp;f\u00f6r att m\u00f6jligg\u00f6ra \u00e5teranv\u00e4ndning av skyddsutrustning vid Stockholmsm\u00e4ssan. P\u00e5 bara 36 timmar hade experterna byggt systemet och var redo att genomf\u00f6ra saneringsuppgifter f\u00f6r sjukhuset. Gemensamt &hellip;<\/p>\n","protected":false},"author":6058,"featured_media":5510,"comment_status":"closed","ping_status":"closed","sticky":false,"template":"","format":"standard","meta":{"_acf_changed":false,"footnotes":""},"categories":[185,204,1],"tags":[],"article_type":[],"agreement":[],"for-members":[],"class_list":["post-5542","post","type-post","status-publish","format-standard","has-post-thumbnail","hentry","category-corona","category-konsult","category-okategoriserade"],"acf":[],"yoast_head":"<!-- This site is optimized with the Yoast SEO Premium plugin v26.8 (Yoast SEO v26.8) - https:\/\/yoast.com\/product\/yoast-seo-premium-wordpress\/ -->\n<title>Saneringstj\u00e4nst m\u00f6jliggjorde coronav\u00e5rd i Stockholm<\/title>\n<meta name=\"description\" content=\"MW Group m\u00f6jliggjorde coronav\u00e5rd i Stockholm med en saneringstj\u00e4nst som under stort engagemang f\u00e4rdigst\u00e4lldes p\u00e5 36 timmar.\" \/>\n<meta name=\"robots\" content=\"index, follow, max-snippet:-1, max-image-preview:large, max-video-preview:-1\" \/>\n<link rel=\"canonical\" href=\"https:\/\/www.kompetensforetagen.se\/2021\/01\/saneringstjanst-mojliggjorde-corona-varden-i-stockholm\/\" \/>\n<meta property=\"og:locale\" content=\"sv_SE\" \/>\n<meta property=\"og:type\" content=\"article\" \/>\n<meta property=\"og:title\" content=\"Saneringstj\u00e4nst m\u00f6jliggjorde coronav\u00e5rd i Stockholm\" \/>\n<meta property=\"og:description\" content=\"MW Group m\u00f6jliggjorde coronav\u00e5rd i Stockholm med en saneringstj\u00e4nst som under stort engagemang f\u00e4rdigst\u00e4lldes p\u00e5 36 timmar.\" \/>\n<meta property=\"og:url\" content=\"https:\/\/www.kompetensforetagen.se\/2021\/01\/saneringstjanst-mojliggjorde-corona-varden-i-stockholm\/\" \/>\n<meta property=\"og:site_name\" content=\"Kompetensf\u00f6retagen\" \/>\n<meta property=\"article:published_time\" content=\"2021-01-13T12:00:27+00:00\" \/>\n<meta property=\"article:modified_time\" content=\"2023-07-12T07:10:55+00:00\" \/>\n<meta property=\"og:image\" content=\"https:\/\/www.kompetensforetagen.se\/app\/uploads\/sites\/5\/2020\/11\/mw-group-yngvesson-uniform-shoulder-2019-1180x1356.png\" \/>\n\t<meta property=\"og:image:width\" content=\"1180\" \/>\n\t<meta property=\"og:image:height\" content=\"1356\" \/>\n\t<meta property=\"og:image:type\" content=\"image\/png\" \/>\n<meta name=\"author\" content=\"Shashika Sellgren\" \/>\n<meta name=\"twitter:card\" content=\"summary_large_image\" \/>\n<meta name=\"twitter:label1\" content=\"Skriven av\" \/>\n\t<meta name=\"twitter:data1\" content=\"Shashika Sellgren\" \/>\n\t<meta name=\"twitter:label2\" content=\"Ber\u00e4knad l\u00e4stid\" \/>\n\t<meta name=\"twitter:data2\" content=\"3 minuter\" \/>\n<!-- \/ Yoast SEO Premium plugin. -->","yoast_head_json":{"title":"Saneringstj\u00e4nst m\u00f6jliggjorde coronav\u00e5rd i Stockholm","description":"MW Group m\u00f6jliggjorde coronav\u00e5rd i Stockholm med en saneringstj\u00e4nst som under stort engagemang f\u00e4rdigst\u00e4lldes p\u00e5 36 timmar.","robots":{"index":"index","follow":"follow","max-snippet":"max-snippet:-1","max-image-preview":"max-image-preview:large","max-video-preview":"max-video-preview:-1"},"canonical":"https:\/\/www.kompetensforetagen.se\/2021\/01\/saneringstjanst-mojliggjorde-corona-varden-i-stockholm\/","og_locale":"sv_SE","og_type":"article","og_title":"Saneringstj\u00e4nst m\u00f6jliggjorde coronav\u00e5rd i Stockholm","og_description":"MW Group m\u00f6jliggjorde coronav\u00e5rd i Stockholm med en saneringstj\u00e4nst som under stort engagemang f\u00e4rdigst\u00e4lldes p\u00e5 36 timmar.","og_url":"https:\/\/www.kompetensforetagen.se\/2021\/01\/saneringstjanst-mojliggjorde-corona-varden-i-stockholm\/","og_site_name":"Kompetensf\u00f6retagen","article_published_time":"2021-01-13T12:00:27+00:00","article_modified_time":"2023-07-12T07:10:55+00:00","og_image":[{"width":1180,"height":1356,"url":"https:\/\/www.kompetensforetagen.se\/app\/uploads\/sites\/5\/2020\/11\/mw-group-yngvesson-uniform-shoulder-2019-1180x1356.png","type":"image\/png"}],"author":"Shashika Sellgren","twitter_card":"summary_large_image","twitter_misc":{"Skriven av":"Shashika Sellgren","Ber\u00e4knad l\u00e4stid":"3 minuter"},"schema":{"@context":"https:\/\/schema.org","@graph":[{"@type":"Article","@id":"https:\/\/www.kompetensforetagen.se\/2021\/01\/saneringstjanst-mojliggjorde-corona-varden-i-stockholm\/#article","isPartOf":{"@id":"https:\/\/www.kompetensforetagen.se\/2021\/01\/saneringstjanst-mojliggjorde-corona-varden-i-stockholm\/"},"author":{"name":"Shashika Sellgren","@id":"https:\/\/www.kompetensforetagen.se\/#\/schema\/person\/38c6b37b81c530c93246c3d1993d5662"},"headline":"Saneringstj\u00e4nst m\u00f6jliggjorde coronav\u00e5rd i Stockholm","datePublished":"2021-01-13T12:00:27+00:00","dateModified":"2023-07-12T07:10:55+00:00","mainEntityOfPage":{"@id":"https:\/\/www.kompetensforetagen.se\/2021\/01\/saneringstjanst-mojliggjorde-corona-varden-i-stockholm\/"},"wordCount":624,"publisher":{"@id":"https:\/\/www.kompetensforetagen.se\/#organization"},"image":{"@id":"https:\/\/www.kompetensforetagen.se\/2021\/01\/saneringstjanst-mojliggjorde-corona-varden-i-stockholm\/#primaryimage"},"thumbnailUrl":"https:\/\/www.kompetensforetagen.se\/app\/uploads\/sites\/5\/2020\/11\/mw-group-yngvesson-uniform-shoulder-2019-e1606126187642.png","articleSection":["Corona","Konsult"],"inLanguage":"sv-SE"},{"@type":"WebPage","@id":"https:\/\/www.kompetensforetagen.se\/2021\/01\/saneringstjanst-mojliggjorde-corona-varden-i-stockholm\/","url":"https:\/\/www.kompetensforetagen.se\/2021\/01\/saneringstjanst-mojliggjorde-corona-varden-i-stockholm\/","name":"Saneringstj\u00e4nst m\u00f6jliggjorde coronav\u00e5rd i Stockholm","isPartOf":{"@id":"https:\/\/www.kompetensforetagen.se\/#website"},"primaryImageOfPage":{"@id":"https:\/\/www.kompetensforetagen.se\/2021\/01\/saneringstjanst-mojliggjorde-corona-varden-i-stockholm\/#primaryimage"},"image":{"@id":"https:\/\/www.kompetensforetagen.se\/2021\/01\/saneringstjanst-mojliggjorde-corona-varden-i-stockholm\/#primaryimage"},"thumbnailUrl":"https:\/\/www.kompetensforetagen.se\/app\/uploads\/sites\/5\/2020\/11\/mw-group-yngvesson-uniform-shoulder-2019-e1606126187642.png","datePublished":"2021-01-13T12:00:27+00:00","dateModified":"2023-07-12T07:10:55+00:00","description":"MW Group m\u00f6jliggjorde coronav\u00e5rd i Stockholm med en saneringstj\u00e4nst som under stort engagemang f\u00e4rdigst\u00e4lldes p\u00e5 36 timmar.","breadcrumb":{"@id":"https:\/\/www.kompetensforetagen.se\/2021\/01\/saneringstjanst-mojliggjorde-corona-varden-i-stockholm\/#breadcrumb"},"inLanguage":"sv-SE","potentialAction":[{"@type":"ReadAction","target":["https:\/\/www.kompetensforetagen.se\/2021\/01\/saneringstjanst-mojliggjorde-corona-varden-i-stockholm\/"]}]},{"@type":"ImageObject","inLanguage":"sv-SE","@id":"https:\/\/www.kompetensforetagen.se\/2021\/01\/saneringstjanst-mojliggjorde-corona-varden-i-stockholm\/#primaryimage","url":"https:\/\/www.kompetensforetagen.se\/app\/uploads\/sites\/5\/2020\/11\/mw-group-yngvesson-uniform-shoulder-2019-e1606126187642.png","contentUrl":"https:\/\/www.kompetensforetagen.se\/app\/uploads\/sites\/5\/2020\/11\/mw-group-yngvesson-uniform-shoulder-2019-e1606126187642.png","width":1712,"height":1968,"caption":"Yngvesson fr\u00e5n MW Group \u2013 kompetensf\u00f6rs\u00f6rjning inom f\u00f6rsvar och s\u00e4kerhet."},{"@type":"BreadcrumbList","@id":"https:\/\/www.kompetensforetagen.se\/2021\/01\/saneringstjanst-mojliggjorde-corona-varden-i-stockholm\/#breadcrumb","itemListElement":[{"@type":"ListItem","position":1,"name":"Home","item":"https:\/\/www.kompetensforetagen.se\/"},{"@type":"ListItem","position":2,"name":"Saneringstj\u00e4nst m\u00f6jliggjorde coronav\u00e5rd i Stockholm"}]},{"@type":"WebSite","@id":"https:\/\/www.kompetensforetagen.se\/#website","url":"https:\/\/www.kompetensforetagen.se\/","name":"Kompetensf\u00f6retagen","description":"R\u00e4tt person p\u00e5 r\u00e4tt plats kan f\u00f6r\u00e4ndra v\u00e4rlden","publisher":{"@id":"https:\/\/www.kompetensforetagen.se\/#organization"},"potentialAction":[{"@type":"SearchAction","target":{"@type":"EntryPoint","urlTemplate":"https:\/\/www.kompetensforetagen.se\/?s={search_term_string}"},"query-input":{"@type":"PropertyValueSpecification","valueRequired":true,"valueName":"search_term_string"}}],"inLanguage":"sv-SE"},{"@type":"Organization","@id":"https:\/\/www.kompetensforetagen.se\/#organization","name":"Kompetensf\u00f6retagen","url":"https:\/\/www.kompetensforetagen.se\/","logo":{"@type":"ImageObject","inLanguage":"sv-SE","@id":"https:\/\/www.kompetensforetagen.se\/#\/schema\/logo\/image\/","url":"https:\/\/www.kompetensforetagen.se\/app\/uploads\/sites\/5\/2022\/10\/logga_svart.png","contentUrl":"https:\/\/www.kompetensforetagen.se\/app\/uploads\/sites\/5\/2022\/10\/logga_svart.png","width":752,"height":64,"caption":"Kompetensf\u00f6retagen"},"image":{"@id":"https:\/\/www.kompetensforetagen.se\/#\/schema\/logo\/image\/"},"sameAs":["https:\/\/www.linkedin.com\/company\/10540032\/"]},{"@type":"Person","@id":"https:\/\/www.kompetensforetagen.se\/#\/schema\/person\/38c6b37b81c530c93246c3d1993d5662","name":"Shashika Sellgren","image":{"@type":"ImageObject","inLanguage":"sv-SE","@id":"https:\/\/www.kompetensforetagen.se\/#\/schema\/person\/image\/","url":"https:\/\/secure.gravatar.com\/avatar\/b225c479880df9eb82d1501dd105dd8040f27c8563f3d4bf5dd62ce0a1630abd?s=96&d=mm&r=g","contentUrl":"https:\/\/secure.gravatar.com\/avatar\/b225c479880df9eb82d1501dd105dd8040f27c8563f3d4bf5dd62ce0a1630abd?s=96&d=mm&r=g","caption":"Shashika Sellgren"},"url":"https:\/\/www.kompetensforetagen.se\/person\/shashikasellgren\/"}]}},"_links":{"self":[{"href":"https:\/\/www.kompetensforetagen.se\/api\/wp\/v2\/posts\/5542","targetHints":{"allow":["GET"]}}],"collection":[{"href":"https:\/\/www.kompetensforetagen.se\/api\/wp\/v2\/posts"}],"about":[{"href":"https:\/\/www.kompetensforetagen.se\/api\/wp\/v2\/types\/post"}],"author":[{"embeddable":true,"href":"https:\/\/www.kompetensforetagen.se\/api\/wp\/v2\/users\/6058"}],"replies":[{"embeddable":true,"href":"https:\/\/www.kompetensforetagen.se\/api\/wp\/v2\/comments?post=5542"}],"version-history":[{"count":2,"href":"https:\/\/www.kompetensforetagen.se\/api\/wp\/v2\/posts\/5542\/revisions"}],"predecessor-version":[{"id":14472,"href":"https:\/\/www.kompetensforetagen.se\/api\/wp\/v2\/posts\/5542\/revisions\/14472"}],"wp:featuredmedia":[{"embeddable":true,"href":"https:\/\/www.kompetensforetagen.se\/api\/wp\/v2\/media\/5510"}],"wp:attachment":[{"href":"https:\/\/www.kompetensforetagen.se\/api\/wp\/v2\/media?parent=5542"}],"wp:term":[{"taxonomy":"category","embeddable":true,"href":"https:\/\/www.kompetensforetagen.se\/api\/wp\/v2\/categories?post=5542"},{"taxonomy":"post_tag","embeddable":true,"href":"https:\/\/www.kompetensforetagen.se\/api\/wp\/v2\/tags?post=5542"},{"taxonomy":"type","embeddable":true,"href":"https:\/\/www.kompetensforetagen.se\/api\/wp\/v2\/article_type?post=5542"},{"taxonomy":"agreement","embeddable":true,"href":"https:\/\/www.kompetensforetagen.se\/api\/wp\/v2\/agreement?post=5542"},{"taxonomy":"for-members","embeddable":true,"href":"https:\/\/www.kompetensforetagen.se\/api\/wp\/v2\/for-members?post=5542"}],"curies":[{"name":"wp","href":"https:\/\/api.w.org\/{rel}","templated":true}]}}