{"id":5341,"date":"2020-10-12T15:17:12","date_gmt":"2020-10-12T13:17:12","guid":{"rendered":"https:\/\/www.kompetensforetagen.se\/?p=5341"},"modified":"2023-03-31T15:05:49","modified_gmt":"2023-03-31T13:05:49","slug":"domanders-hoppas-pa-mer-vardsamverkan","status":"publish","type":"post","link":"https:\/\/www.kompetensforetagen.se\/2020\/10\/domanders-hoppas-pa-mer-vardsamverkan\/","title":{"rendered":"Domanders: Hoppas p\u00e5 mer v\u00e5rdsamverkan"},"content":{"rendered":"\n<p>Sajten Upphandling24 har intervjuat Kompetensf\u00f6retagens ordf\u00f6rande Eva Domanders om hur hon ser p\u00e5 framtiden f\u00f6r v\u00e5rdbemanning och regionernas kommande samarbete kring upphandling. Domanders \u00e4r positiv och hoppas p\u00e5 mer v\u00e5rdsamverkan. -Effekterna av god dialog har blivit tydliga under coronakrisen. F\u00f6retag, medarbetare, regioner och politiker str\u00e4ckt sig till det yttersta f\u00f6r att undvika l\u00e5sningar och, i en anda av prestigel\u00f6shet och samf\u00f6rst\u00e5nd, gemensamt svarat upp mot patienters och medborgares behov. Detta beh\u00f6ver fortg\u00e5, s\u00e4ger Eva Domanders.<\/p>\n\n\n\n<blockquote class=\"wp-block-quote is-layout-flow wp-block-quote-is-layout-flow\">\n<p>Resultatet blir en mer planerad kompetensf\u00f6rs\u00f6rjning, och ett fr\u00e4mjande av den svenska modellen <\/p>\n<\/blockquote>\n\n\n\n<p>Hon pekar s\u00e4rskilt p\u00e5 de st\u00f6rre v\u00e5rdgivarna som positiva exempel med Region Stockholms ambition att utvecklas som upphandlande myndighet och V\u00e4stra G\u00f6talandsregionen som \u00e4r p\u00e5 v\u00e4g att tillm\u00f6tesg\u00e5 branschkrav om att slopa <a href=\"https:\/\/www.kompetensforetagen.se\/2020\/09\/debatt-i-dagens-medicin-utan-karens-och-viten-blir-varden-battre\/\" target=\"_blank\" rel=\"noreferrer noopener\">karenstid f\u00f6r v\u00e5rdpersonal.<\/a><\/p>\n\n\n\n<h3 class=\"wp-block-heading\">Hoppas p\u00e5 mer v\u00e5rdsamverkan<\/h3>\n\n\n\n<p>Organisationen ser nu ocks\u00e5 stora m\u00f6jligheter att utveckla dialogen med v\u00e5rdgivarna och d\u00e4r grundliga marknadsanalyser i dialog med leverant\u00f6rerna f\u00f6r att bed\u00f6ma behovet av hyrpersonal (v\u00e5rdkonsulter) p\u00e5 kort, medell\u00e5ng och l\u00e5ng sikt \u00e4r en central del.<\/p>\n\n\n\n<p>-Dialog under och efter upphandlingen \u00e4r viktig. Det ger f\u00f6ruts\u00e4ttningar f\u00f6r att utveckla avtalen, tar bort missf\u00f6rst\u00e5nd och minskar riskerna f\u00f6r \u00f6verpr\u00f6vningar. Resultatet blir en mer planerad kompetensf\u00f6rs\u00f6rjning, och ett fr\u00e4mjande av den svenska modellen d\u00e5 det ger m\u00f6jligheten f\u00f6r v\u00e5rdkonsulter att v\u00e4lja f\u00f6retag med kollektivavtal, s\u00e4ger Eva Domanders.<\/p>\n\n\n\n<p>L\u00e4s hela artikeln p\u00e5 <a href=\"https:\/\/upphandling24.se\/hoppas-pa-mer-vardsamverkan\/\">upphandling24.se&nbsp;<\/a><\/p>\n\n\n\n<p><\/p>\n","protected":false},"excerpt":{"rendered":"<p>Sajten Upphandling24 har intervjuat Kompetensf\u00f6retagens ordf\u00f6rande Eva Domanders om hur hon ser p\u00e5 framtiden f\u00f6r v\u00e5rdbemanning och regionernas kommande samarbete kring upphandling. Domanders \u00e4r positiv och hoppas p\u00e5 mer v\u00e5rdsamverkan. -Effekterna av god dialog har &hellip;<\/p>\n","protected":false},"author":6058,"featured_media":1998,"comment_status":"closed","ping_status":"closed","sticky":false,"template":"","format":"standard","meta":{"_acf_changed":false,"footnotes":""},"categories":[5],"tags":[],"article_type":[193],"agreement":[],"for-members":[],"class_list":["post-5341","post","type-post","status-publish","format-standard","has-post-thumbnail","hentry","category-vard","type-kommentar"],"acf":[],"yoast_head":"<!-- This site is optimized with the Yoast SEO Premium plugin v26.8 (Yoast SEO v26.8) - https:\/\/yoast.com\/product\/yoast-seo-premium-wordpress\/ -->\n<title>Domanders hoppas p\u00e5 mer v\u00e5rdsamverkan - Kompetensf\u00f6retagen<\/title>\n<meta name=\"description\" content=\"I en intervju med Upphandling24 ser ordf\u00f6rande Eva Domanders positivt p\u00e5 framtiden och hoppas p\u00e5 mer v\u00e5rdsamverkan med regionerna.\" \/>\n<meta name=\"robots\" content=\"index, follow, max-snippet:-1, max-image-preview:large, max-video-preview:-1\" \/>\n<link rel=\"canonical\" href=\"https:\/\/www.kompetensforetagen.se\/2020\/10\/domanders-hoppas-pa-mer-vardsamverkan\/\" \/>\n<meta property=\"og:locale\" content=\"sv_SE\" \/>\n<meta property=\"og:type\" content=\"article\" \/>\n<meta property=\"og:title\" content=\"Domanders: Hoppas p\u00e5 mer v\u00e5rdsamverkan\" \/>\n<meta property=\"og:description\" content=\"I en intervju med Upphandling24 ser ordf\u00f6rande Eva Domanders positivt p\u00e5 framtiden och hoppas p\u00e5 mer v\u00e5rdsamverkan med regionerna.\" \/>\n<meta property=\"og:url\" content=\"https:\/\/www.kompetensforetagen.se\/2020\/10\/domanders-hoppas-pa-mer-vardsamverkan\/\" \/>\n<meta property=\"og:site_name\" content=\"Kompetensf\u00f6retagen\" \/>\n<meta property=\"article:published_time\" content=\"2020-10-12T13:17:12+00:00\" \/>\n<meta property=\"article:modified_time\" content=\"2023-03-31T13:05:49+00:00\" \/>\n<meta property=\"og:image\" content=\"https:\/\/www.kompetensforetagen.se\/app\/uploads\/sites\/5\/2018\/05\/3d92a705-d05e-467f-b34f-068f171c562c.png\" \/>\n\t<meta property=\"og:image:width\" content=\"502\" \/>\n\t<meta property=\"og:image:height\" content=\"700\" \/>\n\t<meta property=\"og:image:type\" content=\"image\/png\" \/>\n<meta name=\"author\" content=\"Shashika Sellgren\" \/>\n<meta name=\"twitter:card\" content=\"summary_large_image\" \/>\n<meta name=\"twitter:label1\" content=\"Skriven av\" \/>\n\t<meta name=\"twitter:data1\" content=\"Shashika Sellgren\" \/>\n\t<meta name=\"twitter:label2\" content=\"Ber\u00e4knad l\u00e4stid\" \/>\n\t<meta name=\"twitter:data2\" content=\"2 minuter\" \/>\n<!-- \/ Yoast SEO Premium plugin. -->","yoast_head_json":{"title":"Domanders hoppas p\u00e5 mer v\u00e5rdsamverkan - Kompetensf\u00f6retagen","description":"I en intervju med Upphandling24 ser ordf\u00f6rande Eva Domanders positivt p\u00e5 framtiden och hoppas p\u00e5 mer v\u00e5rdsamverkan med regionerna.","robots":{"index":"index","follow":"follow","max-snippet":"max-snippet:-1","max-image-preview":"max-image-preview:large","max-video-preview":"max-video-preview:-1"},"canonical":"https:\/\/www.kompetensforetagen.se\/2020\/10\/domanders-hoppas-pa-mer-vardsamverkan\/","og_locale":"sv_SE","og_type":"article","og_title":"Domanders: Hoppas p\u00e5 mer v\u00e5rdsamverkan","og_description":"I en intervju med Upphandling24 ser ordf\u00f6rande Eva Domanders positivt p\u00e5 framtiden och hoppas p\u00e5 mer v\u00e5rdsamverkan med regionerna.","og_url":"https:\/\/www.kompetensforetagen.se\/2020\/10\/domanders-hoppas-pa-mer-vardsamverkan\/","og_site_name":"Kompetensf\u00f6retagen","article_published_time":"2020-10-12T13:17:12+00:00","article_modified_time":"2023-03-31T13:05:49+00:00","og_image":[{"width":502,"height":700,"url":"https:\/\/www.kompetensforetagen.se\/app\/uploads\/sites\/5\/2018\/05\/3d92a705-d05e-467f-b34f-068f171c562c.png","type":"image\/png"}],"author":"Shashika Sellgren","twitter_card":"summary_large_image","twitter_misc":{"Skriven av":"Shashika Sellgren","Ber\u00e4knad l\u00e4stid":"2 minuter"},"schema":{"@context":"https:\/\/schema.org","@graph":[{"@type":"Article","@id":"https:\/\/www.kompetensforetagen.se\/2020\/10\/domanders-hoppas-pa-mer-vardsamverkan\/#article","isPartOf":{"@id":"https:\/\/www.kompetensforetagen.se\/2020\/10\/domanders-hoppas-pa-mer-vardsamverkan\/"},"author":{"name":"Shashika Sellgren","@id":"https:\/\/www.kompetensforetagen.se\/#\/schema\/person\/38c6b37b81c530c93246c3d1993d5662"},"headline":"Domanders: Hoppas p\u00e5 mer v\u00e5rdsamverkan","datePublished":"2020-10-12T13:17:12+00:00","dateModified":"2023-03-31T13:05:49+00:00","mainEntityOfPage":{"@id":"https:\/\/www.kompetensforetagen.se\/2020\/10\/domanders-hoppas-pa-mer-vardsamverkan\/"},"wordCount":278,"publisher":{"@id":"https:\/\/www.kompetensforetagen.se\/#organization"},"image":{"@id":"https:\/\/www.kompetensforetagen.se\/2020\/10\/domanders-hoppas-pa-mer-vardsamverkan\/#primaryimage"},"thumbnailUrl":"https:\/\/www.kompetensforetagen.se\/app\/uploads\/sites\/5\/2018\/05\/3d92a705-d05e-467f-b34f-068f171c562c.png","articleSection":["V\u00e5rdbemanning"],"inLanguage":"sv-SE"},{"@type":"WebPage","@id":"https:\/\/www.kompetensforetagen.se\/2020\/10\/domanders-hoppas-pa-mer-vardsamverkan\/","url":"https:\/\/www.kompetensforetagen.se\/2020\/10\/domanders-hoppas-pa-mer-vardsamverkan\/","name":"Domanders hoppas p\u00e5 mer v\u00e5rdsamverkan - Kompetensf\u00f6retagen","isPartOf":{"@id":"https:\/\/www.kompetensforetagen.se\/#website"},"primaryImageOfPage":{"@id":"https:\/\/www.kompetensforetagen.se\/2020\/10\/domanders-hoppas-pa-mer-vardsamverkan\/#primaryimage"},"image":{"@id":"https:\/\/www.kompetensforetagen.se\/2020\/10\/domanders-hoppas-pa-mer-vardsamverkan\/#primaryimage"},"thumbnailUrl":"https:\/\/www.kompetensforetagen.se\/app\/uploads\/sites\/5\/2018\/05\/3d92a705-d05e-467f-b34f-068f171c562c.png","datePublished":"2020-10-12T13:17:12+00:00","dateModified":"2023-03-31T13:05:49+00:00","description":"I en intervju med Upphandling24 ser ordf\u00f6rande Eva Domanders positivt p\u00e5 framtiden och hoppas p\u00e5 mer v\u00e5rdsamverkan med regionerna.","breadcrumb":{"@id":"https:\/\/www.kompetensforetagen.se\/2020\/10\/domanders-hoppas-pa-mer-vardsamverkan\/#breadcrumb"},"inLanguage":"sv-SE","potentialAction":[{"@type":"ReadAction","target":["https:\/\/www.kompetensforetagen.se\/2020\/10\/domanders-hoppas-pa-mer-vardsamverkan\/"]}]},{"@type":"ImageObject","inLanguage":"sv-SE","@id":"https:\/\/www.kompetensforetagen.se\/2020\/10\/domanders-hoppas-pa-mer-vardsamverkan\/#primaryimage","url":"https:\/\/www.kompetensforetagen.se\/app\/uploads\/sites\/5\/2018\/05\/3d92a705-d05e-467f-b34f-068f171c562c.png","contentUrl":"https:\/\/www.kompetensforetagen.se\/app\/uploads\/sites\/5\/2018\/05\/3d92a705-d05e-467f-b34f-068f171c562c.png","width":502,"height":700,"caption":"Eva Domanders, styrelseordf\u00f6rande Bemanningsf\u00f6retagen"},{"@type":"BreadcrumbList","@id":"https:\/\/www.kompetensforetagen.se\/2020\/10\/domanders-hoppas-pa-mer-vardsamverkan\/#breadcrumb","itemListElement":[{"@type":"ListItem","position":1,"name":"Home","item":"https:\/\/www.kompetensforetagen.se\/"},{"@type":"ListItem","position":2,"name":"Domanders: Hoppas p\u00e5 mer v\u00e5rdsamverkan"}]},{"@type":"WebSite","@id":"https:\/\/www.kompetensforetagen.se\/#website","url":"https:\/\/www.kompetensforetagen.se\/","name":"Kompetensf\u00f6retagen","description":"R\u00e4tt person p\u00e5 r\u00e4tt plats kan f\u00f6r\u00e4ndra v\u00e4rlden","publisher":{"@id":"https:\/\/www.kompetensforetagen.se\/#organization"},"potentialAction":[{"@type":"SearchAction","target":{"@type":"EntryPoint","urlTemplate":"https:\/\/www.kompetensforetagen.se\/?s={search_term_string}"},"query-input":{"@type":"PropertyValueSpecification","valueRequired":true,"valueName":"search_term_string"}}],"inLanguage":"sv-SE"},{"@type":"Organization","@id":"https:\/\/www.kompetensforetagen.se\/#organization","name":"Kompetensf\u00f6retagen","url":"https:\/\/www.kompetensforetagen.se\/","logo":{"@type":"ImageObject","inLanguage":"sv-SE","@id":"https:\/\/www.kompetensforetagen.se\/#\/schema\/logo\/image\/","url":"https:\/\/www.kompetensforetagen.se\/app\/uploads\/sites\/5\/2022\/10\/logga_svart.png","contentUrl":"https:\/\/www.kompetensforetagen.se\/app\/uploads\/sites\/5\/2022\/10\/logga_svart.png","width":752,"height":64,"caption":"Kompetensf\u00f6retagen"},"image":{"@id":"https:\/\/www.kompetensforetagen.se\/#\/schema\/logo\/image\/"},"sameAs":["https:\/\/www.linkedin.com\/company\/10540032\/"]},{"@type":"Person","@id":"https:\/\/www.kompetensforetagen.se\/#\/schema\/person\/38c6b37b81c530c93246c3d1993d5662","name":"Shashika Sellgren","image":{"@type":"ImageObject","inLanguage":"sv-SE","@id":"https:\/\/www.kompetensforetagen.se\/#\/schema\/person\/image\/","url":"https:\/\/secure.gravatar.com\/avatar\/b225c479880df9eb82d1501dd105dd8040f27c8563f3d4bf5dd62ce0a1630abd?s=96&d=mm&r=g","contentUrl":"https:\/\/secure.gravatar.com\/avatar\/b225c479880df9eb82d1501dd105dd8040f27c8563f3d4bf5dd62ce0a1630abd?s=96&d=mm&r=g","caption":"Shashika Sellgren"},"url":"https:\/\/www.kompetensforetagen.se\/person\/shashikasellgren\/"}]}},"_links":{"self":[{"href":"https:\/\/www.kompetensforetagen.se\/api\/wp\/v2\/posts\/5341","targetHints":{"allow":["GET"]}}],"collection":[{"href":"https:\/\/www.kompetensforetagen.se\/api\/wp\/v2\/posts"}],"about":[{"href":"https:\/\/www.kompetensforetagen.se\/api\/wp\/v2\/types\/post"}],"author":[{"embeddable":true,"href":"https:\/\/www.kompetensforetagen.se\/api\/wp\/v2\/users\/6058"}],"replies":[{"embeddable":true,"href":"https:\/\/www.kompetensforetagen.se\/api\/wp\/v2\/comments?post=5341"}],"version-history":[{"count":1,"href":"https:\/\/www.kompetensforetagen.se\/api\/wp\/v2\/posts\/5341\/revisions"}],"predecessor-version":[{"id":12237,"href":"https:\/\/www.kompetensforetagen.se\/api\/wp\/v2\/posts\/5341\/revisions\/12237"}],"wp:featuredmedia":[{"embeddable":true,"href":"https:\/\/www.kompetensforetagen.se\/api\/wp\/v2\/media\/1998"}],"wp:attachment":[{"href":"https:\/\/www.kompetensforetagen.se\/api\/wp\/v2\/media?parent=5341"}],"wp:term":[{"taxonomy":"category","embeddable":true,"href":"https:\/\/www.kompetensforetagen.se\/api\/wp\/v2\/categories?post=5341"},{"taxonomy":"post_tag","embeddable":true,"href":"https:\/\/www.kompetensforetagen.se\/api\/wp\/v2\/tags?post=5341"},{"taxonomy":"type","embeddable":true,"href":"https:\/\/www.kompetensforetagen.se\/api\/wp\/v2\/article_type?post=5341"},{"taxonomy":"agreement","embeddable":true,"href":"https:\/\/www.kompetensforetagen.se\/api\/wp\/v2\/agreement?post=5341"},{"taxonomy":"for-members","embeddable":true,"href":"https:\/\/www.kompetensforetagen.se\/api\/wp\/v2\/for-members?post=5341"}],"curies":[{"name":"wp","href":"https:\/\/api.w.org\/{rel}","templated":true}]}}