{"id":5330,"date":"2020-09-30T15:52:17","date_gmt":"2020-09-30T13:52:17","guid":{"rendered":"https:\/\/www.kompetensforetagen.se\/?p=5330"},"modified":"2023-03-31T15:02:44","modified_gmt":"2023-03-31T13:02:44","slug":"varnar-for-oskaliga-hinder","status":"publish","type":"post","link":"https:\/\/www.kompetensforetagen.se\/2020\/09\/varnar-for-oskaliga-hinder\/","title":{"rendered":"Varnar f\u00f6r osk\u00e4liga hinder"},"content":{"rendered":"\n<h4 class=\"wp-block-heading\">Ur artikel fr\u00e5n Ink\u00f6psr\u00e5det den 30\/9-20<\/h4>\n\n\n\n<p>Trubbiga avtalsvillkor kan g\u00f6ra att externa leverant\u00f6rer inte blir den stora resurs f\u00f6r att hantera v\u00e5rdskulden som m\u00e5nga regioner hoppas p\u00e5. Kompetensf\u00f6retagen varnar f\u00f6r osk\u00e4liga hinder som <a href=\"https:\/\/www.kompetensforetagen.se\/2020\/09\/debatt-i-dagens-medicin-utan-karens-och-viten-blir-varden-battre\/\" target=\"_blank\" rel=\"noopener noreferrer\">karensregler<\/a> och ensidigt prisfokus.<\/p>\n\n\n\n<p class=\"has-secondary-background-color has-background\">-Det finns osk\u00e4liga hinder som minskar viljan att delta i offentlig upphandling f\u00f6r v\u00e5rdbemanning, s\u00e4ger Eva Domanders, ordf\u00f6rande f\u00f6r bransch- och arbetsgivarorganisationen Kompetensf\u00f6retagen.<\/p>\n\n\n\n<p>-Krav p\u00e5 karenstid \u00e4r en s\u00e5dan och vi \u00e4r lite f\u00f6rv\u00e5nade \u00f6ver att det anv\u00e4nds s\u00e5 ofta av exempelvis regionerna f\u00f6r det s\u00e4nder ingen bra signal om att vara en attraktiv arbetsgivare.<\/p>\n\n\n\n<p>L\u00e4s hela artikeln p\u00e5 <a href=\"https:\/\/inkopsradet.se\/upphandling\/varnar-for-oskaliga-hinder\/\">inkopsradet.se<\/a><\/p>\n","protected":false},"excerpt":{"rendered":"<p>Ur artikel fr\u00e5n Ink\u00f6psr\u00e5det den 30\/9-20 Trubbiga avtalsvillkor kan g\u00f6ra att externa leverant\u00f6rer inte blir den stora resurs f\u00f6r att hantera v\u00e5rdskulden som m\u00e5nga regioner hoppas p\u00e5. Kompetensf\u00f6retagen varnar f\u00f6r osk\u00e4liga hinder som karensregler och &hellip;<\/p>\n","protected":false},"author":6058,"featured_media":4820,"comment_status":"closed","ping_status":"closed","sticky":false,"template":"","format":"standard","meta":{"_acf_changed":false,"footnotes":""},"categories":[5],"tags":[],"article_type":[193],"agreement":[],"for-members":[],"class_list":["post-5330","post","type-post","status-publish","format-standard","has-post-thumbnail","hentry","category-vard","type-kommentar"],"acf":[],"yoast_head":"<!-- This site is optimized with the Yoast SEO Premium plugin v26.8 (Yoast SEO v26.8) - https:\/\/yoast.com\/product\/yoast-seo-premium-wordpress\/ -->\n<title>Varnar f\u00f6r osk\u00e4liga hinder f\u00f6r v\u00e5rdbemanning - Kompetensf\u00f6retagen<\/title>\n<meta name=\"description\" content=\"Trubbiga avtalsvillkor f\u00f6rsv\u00e5rar f\u00f6r v\u00e5rdtj\u00e4nstleverant\u00f6rers bidrag till att l\u00f6sa v\u00e5rdskulden. Kompetensf\u00f6retagen varnar f\u00f6r osk\u00e4liga hinder.\" \/>\n<meta name=\"robots\" content=\"index, follow, max-snippet:-1, max-image-preview:large, max-video-preview:-1\" \/>\n<link rel=\"canonical\" href=\"https:\/\/www.kompetensforetagen.se\/2020\/09\/varnar-for-oskaliga-hinder\/\" \/>\n<meta property=\"og:locale\" content=\"sv_SE\" \/>\n<meta property=\"og:type\" content=\"article\" \/>\n<meta property=\"og:title\" content=\"Varnar f\u00f6r osk\u00e4liga hinder\" \/>\n<meta property=\"og:description\" content=\"Trubbiga avtalsvillkor f\u00f6rsv\u00e5rar f\u00f6r v\u00e5rdtj\u00e4nstleverant\u00f6rers bidrag till att l\u00f6sa v\u00e5rdskulden. Kompetensf\u00f6retagen varnar f\u00f6r osk\u00e4liga hinder.\" \/>\n<meta property=\"og:url\" content=\"https:\/\/www.kompetensforetagen.se\/2020\/09\/varnar-for-oskaliga-hinder\/\" \/>\n<meta property=\"og:site_name\" content=\"Kompetensf\u00f6retagen\" \/>\n<meta property=\"article:published_time\" content=\"2020-09-30T13:52:17+00:00\" \/>\n<meta property=\"article:modified_time\" content=\"2023-03-31T13:02:44+00:00\" \/>\n<meta property=\"og:image\" content=\"https:\/\/www.kompetensforetagen.se\/app\/uploads\/sites\/5\/2020\/03\/eva.jpg\" \/>\n\t<meta property=\"og:image:width\" content=\"831\" \/>\n\t<meta property=\"og:image:height\" content=\"654\" \/>\n\t<meta property=\"og:image:type\" content=\"image\/jpeg\" \/>\n<meta name=\"author\" content=\"Shashika Sellgren\" \/>\n<meta name=\"twitter:card\" content=\"summary_large_image\" \/>\n<meta name=\"twitter:label1\" content=\"Skriven av\" \/>\n\t<meta name=\"twitter:data1\" content=\"Shashika Sellgren\" \/>\n\t<meta name=\"twitter:label2\" content=\"Ber\u00e4knad l\u00e4stid\" \/>\n\t<meta name=\"twitter:data2\" content=\"1 minut\" \/>\n<!-- \/ Yoast SEO Premium plugin. -->","yoast_head_json":{"title":"Varnar f\u00f6r osk\u00e4liga hinder f\u00f6r v\u00e5rdbemanning - Kompetensf\u00f6retagen","description":"Trubbiga avtalsvillkor f\u00f6rsv\u00e5rar f\u00f6r v\u00e5rdtj\u00e4nstleverant\u00f6rers bidrag till att l\u00f6sa v\u00e5rdskulden. Kompetensf\u00f6retagen varnar f\u00f6r osk\u00e4liga hinder.","robots":{"index":"index","follow":"follow","max-snippet":"max-snippet:-1","max-image-preview":"max-image-preview:large","max-video-preview":"max-video-preview:-1"},"canonical":"https:\/\/www.kompetensforetagen.se\/2020\/09\/varnar-for-oskaliga-hinder\/","og_locale":"sv_SE","og_type":"article","og_title":"Varnar f\u00f6r osk\u00e4liga hinder","og_description":"Trubbiga avtalsvillkor f\u00f6rsv\u00e5rar f\u00f6r v\u00e5rdtj\u00e4nstleverant\u00f6rers bidrag till att l\u00f6sa v\u00e5rdskulden. Kompetensf\u00f6retagen varnar f\u00f6r osk\u00e4liga hinder.","og_url":"https:\/\/www.kompetensforetagen.se\/2020\/09\/varnar-for-oskaliga-hinder\/","og_site_name":"Kompetensf\u00f6retagen","article_published_time":"2020-09-30T13:52:17+00:00","article_modified_time":"2023-03-31T13:02:44+00:00","og_image":[{"width":831,"height":654,"url":"https:\/\/www.kompetensforetagen.se\/app\/uploads\/sites\/5\/2020\/03\/eva.jpg","type":"image\/jpeg"}],"author":"Shashika Sellgren","twitter_card":"summary_large_image","twitter_misc":{"Skriven av":"Shashika Sellgren","Ber\u00e4knad l\u00e4stid":"1 minut"},"schema":{"@context":"https:\/\/schema.org","@graph":[{"@type":"Article","@id":"https:\/\/www.kompetensforetagen.se\/2020\/09\/varnar-for-oskaliga-hinder\/#article","isPartOf":{"@id":"https:\/\/www.kompetensforetagen.se\/2020\/09\/varnar-for-oskaliga-hinder\/"},"author":{"name":"Shashika Sellgren","@id":"https:\/\/www.kompetensforetagen.se\/#\/schema\/person\/38c6b37b81c530c93246c3d1993d5662"},"headline":"Varnar f\u00f6r osk\u00e4liga hinder","datePublished":"2020-09-30T13:52:17+00:00","dateModified":"2023-03-31T13:02:44+00:00","mainEntityOfPage":{"@id":"https:\/\/www.kompetensforetagen.se\/2020\/09\/varnar-for-oskaliga-hinder\/"},"wordCount":129,"publisher":{"@id":"https:\/\/www.kompetensforetagen.se\/#organization"},"image":{"@id":"https:\/\/www.kompetensforetagen.se\/2020\/09\/varnar-for-oskaliga-hinder\/#primaryimage"},"thumbnailUrl":"https:\/\/www.kompetensforetagen.se\/app\/uploads\/sites\/5\/2020\/03\/eva.jpg","articleSection":["V\u00e5rdbemanning"],"inLanguage":"sv-SE"},{"@type":"WebPage","@id":"https:\/\/www.kompetensforetagen.se\/2020\/09\/varnar-for-oskaliga-hinder\/","url":"https:\/\/www.kompetensforetagen.se\/2020\/09\/varnar-for-oskaliga-hinder\/","name":"Varnar f\u00f6r osk\u00e4liga hinder f\u00f6r v\u00e5rdbemanning - Kompetensf\u00f6retagen","isPartOf":{"@id":"https:\/\/www.kompetensforetagen.se\/#website"},"primaryImageOfPage":{"@id":"https:\/\/www.kompetensforetagen.se\/2020\/09\/varnar-for-oskaliga-hinder\/#primaryimage"},"image":{"@id":"https:\/\/www.kompetensforetagen.se\/2020\/09\/varnar-for-oskaliga-hinder\/#primaryimage"},"thumbnailUrl":"https:\/\/www.kompetensforetagen.se\/app\/uploads\/sites\/5\/2020\/03\/eva.jpg","datePublished":"2020-09-30T13:52:17+00:00","dateModified":"2023-03-31T13:02:44+00:00","description":"Trubbiga avtalsvillkor f\u00f6rsv\u00e5rar f\u00f6r v\u00e5rdtj\u00e4nstleverant\u00f6rers bidrag till att l\u00f6sa v\u00e5rdskulden. Kompetensf\u00f6retagen varnar f\u00f6r osk\u00e4liga hinder.","breadcrumb":{"@id":"https:\/\/www.kompetensforetagen.se\/2020\/09\/varnar-for-oskaliga-hinder\/#breadcrumb"},"inLanguage":"sv-SE","potentialAction":[{"@type":"ReadAction","target":["https:\/\/www.kompetensforetagen.se\/2020\/09\/varnar-for-oskaliga-hinder\/"]}]},{"@type":"ImageObject","inLanguage":"sv-SE","@id":"https:\/\/www.kompetensforetagen.se\/2020\/09\/varnar-for-oskaliga-hinder\/#primaryimage","url":"https:\/\/www.kompetensforetagen.se\/app\/uploads\/sites\/5\/2020\/03\/eva.jpg","contentUrl":"https:\/\/www.kompetensforetagen.se\/app\/uploads\/sites\/5\/2020\/03\/eva.jpg","width":831,"height":654,"caption":"Kompetensf\u00f6retagens ordf\u00f6rande Eva Domanders"},{"@type":"BreadcrumbList","@id":"https:\/\/www.kompetensforetagen.se\/2020\/09\/varnar-for-oskaliga-hinder\/#breadcrumb","itemListElement":[{"@type":"ListItem","position":1,"name":"Home","item":"https:\/\/www.kompetensforetagen.se\/"},{"@type":"ListItem","position":2,"name":"Varnar f\u00f6r osk\u00e4liga hinder"}]},{"@type":"WebSite","@id":"https:\/\/www.kompetensforetagen.se\/#website","url":"https:\/\/www.kompetensforetagen.se\/","name":"Kompetensf\u00f6retagen","description":"R\u00e4tt person p\u00e5 r\u00e4tt plats kan f\u00f6r\u00e4ndra v\u00e4rlden","publisher":{"@id":"https:\/\/www.kompetensforetagen.se\/#organization"},"potentialAction":[{"@type":"SearchAction","target":{"@type":"EntryPoint","urlTemplate":"https:\/\/www.kompetensforetagen.se\/?s={search_term_string}"},"query-input":{"@type":"PropertyValueSpecification","valueRequired":true,"valueName":"search_term_string"}}],"inLanguage":"sv-SE"},{"@type":"Organization","@id":"https:\/\/www.kompetensforetagen.se\/#organization","name":"Kompetensf\u00f6retagen","url":"https:\/\/www.kompetensforetagen.se\/","logo":{"@type":"ImageObject","inLanguage":"sv-SE","@id":"https:\/\/www.kompetensforetagen.se\/#\/schema\/logo\/image\/","url":"https:\/\/www.kompetensforetagen.se\/app\/uploads\/sites\/5\/2022\/10\/logga_svart.png","contentUrl":"https:\/\/www.kompetensforetagen.se\/app\/uploads\/sites\/5\/2022\/10\/logga_svart.png","width":752,"height":64,"caption":"Kompetensf\u00f6retagen"},"image":{"@id":"https:\/\/www.kompetensforetagen.se\/#\/schema\/logo\/image\/"},"sameAs":["https:\/\/www.linkedin.com\/company\/10540032\/"]},{"@type":"Person","@id":"https:\/\/www.kompetensforetagen.se\/#\/schema\/person\/38c6b37b81c530c93246c3d1993d5662","name":"Shashika Sellgren","image":{"@type":"ImageObject","inLanguage":"sv-SE","@id":"https:\/\/www.kompetensforetagen.se\/#\/schema\/person\/image\/","url":"https:\/\/secure.gravatar.com\/avatar\/b225c479880df9eb82d1501dd105dd8040f27c8563f3d4bf5dd62ce0a1630abd?s=96&d=mm&r=g","contentUrl":"https:\/\/secure.gravatar.com\/avatar\/b225c479880df9eb82d1501dd105dd8040f27c8563f3d4bf5dd62ce0a1630abd?s=96&d=mm&r=g","caption":"Shashika Sellgren"},"url":"https:\/\/www.kompetensforetagen.se\/person\/shashikasellgren\/"}]}},"_links":{"self":[{"href":"https:\/\/www.kompetensforetagen.se\/api\/wp\/v2\/posts\/5330","targetHints":{"allow":["GET"]}}],"collection":[{"href":"https:\/\/www.kompetensforetagen.se\/api\/wp\/v2\/posts"}],"about":[{"href":"https:\/\/www.kompetensforetagen.se\/api\/wp\/v2\/types\/post"}],"author":[{"embeddable":true,"href":"https:\/\/www.kompetensforetagen.se\/api\/wp\/v2\/users\/6058"}],"replies":[{"embeddable":true,"href":"https:\/\/www.kompetensforetagen.se\/api\/wp\/v2\/comments?post=5330"}],"version-history":[{"count":1,"href":"https:\/\/www.kompetensforetagen.se\/api\/wp\/v2\/posts\/5330\/revisions"}],"predecessor-version":[{"id":12234,"href":"https:\/\/www.kompetensforetagen.se\/api\/wp\/v2\/posts\/5330\/revisions\/12234"}],"wp:featuredmedia":[{"embeddable":true,"href":"https:\/\/www.kompetensforetagen.se\/api\/wp\/v2\/media\/4820"}],"wp:attachment":[{"href":"https:\/\/www.kompetensforetagen.se\/api\/wp\/v2\/media?parent=5330"}],"wp:term":[{"taxonomy":"category","embeddable":true,"href":"https:\/\/www.kompetensforetagen.se\/api\/wp\/v2\/categories?post=5330"},{"taxonomy":"post_tag","embeddable":true,"href":"https:\/\/www.kompetensforetagen.se\/api\/wp\/v2\/tags?post=5330"},{"taxonomy":"type","embeddable":true,"href":"https:\/\/www.kompetensforetagen.se\/api\/wp\/v2\/article_type?post=5330"},{"taxonomy":"agreement","embeddable":true,"href":"https:\/\/www.kompetensforetagen.se\/api\/wp\/v2\/agreement?post=5330"},{"taxonomy":"for-members","embeddable":true,"href":"https:\/\/www.kompetensforetagen.se\/api\/wp\/v2\/for-members?post=5330"}],"curies":[{"name":"wp","href":"https:\/\/api.w.org\/{rel}","templated":true}]}}