{"id":5320,"date":"2020-09-29T17:03:55","date_gmt":"2020-09-29T15:03:55","guid":{"rendered":"https:\/\/www.kompetensforetagen.se\/?p=5320"},"modified":"2023-03-30T17:00:57","modified_gmt":"2023-03-30T15:00:57","slug":"debatt-i-dagens-medicin-utan-karens-och-viten-blir-varden-battre","status":"publish","type":"post","link":"https:\/\/www.kompetensforetagen.se\/2020\/09\/debatt-i-dagens-medicin-utan-karens-och-viten-blir-varden-battre\/","title":{"rendered":"Debatt: \u201dUtan karens och viten blir v\u00e5rden b\u00e4ttre\u201d"},"content":{"rendered":"\n<p>Incitamenten att ing\u00e5 avtal minskar n\u00e4r man riskerar h\u00f6ga viten om man inte kan bist\u00e5 fullt ut med personal i yrken d\u00e4r ingen ska g\u00e5 till jobbet med sjukdomssymtom. I slut\u00e4ndan \u00e4r det patientens r\u00e4tt till en god och s\u00e4ker v\u00e5rd som \u00e4r det viktigaste. Kompetensf\u00f6retagens medlemsf\u00f6retag \u00e4r en viktig del av f\u00f6rs\u00f6rjningen till v\u00e5rden. Vi \u00e4r en strategisk HR-partner som skapar h\u00e5llbara kompetensf\u00f6rs\u00f6rjningsl\u00f6sningar d\u00e4r de saknas, och vi kan bist\u00e5 b\u00e4ttre om samarbetet med regionerna blir t\u00e4tare och utan hinder som karens och viten.<\/p>\n\n\n\n<p>Med ett t\u00e4tare samarbete mellan regioner och v\u00e5rdbemanningsbolag kan v\u00e5rden i landet ta spj\u00e4rn mot en andra coronav\u00e5g eller l\u00f6sa v\u00e5rdskulden. Men hinder som h\u00f6ga viten och karen f\u00f6r personal stj\u00e4lper kompetensf\u00f6rs\u00f6rjningen.<\/p>\n\n\n\n<blockquote class=\"wp-block-quote is-layout-flow wp-block-quote-is-layout-flow\">\n<p>I slut\u00e4ndan \u00e4r det patientens r\u00e4tt till en god och s\u00e4ker v\u00e5rd som \u00e4r det viktigaste<\/p>\n<\/blockquote>\n\n\n\n<p><a href=\"https:\/\/www.svt.se\/nyheter\/inrikes\/nya-siffror-over-regionernas-hyrnota\" target=\"_blank\" rel=\"noopener noreferrer\">SVT<\/a> rapporterar att kostnaderna f\u00f6r inhyrning av v\u00e5rdpersonal har minskat i landet. Sannolikt till del p\u00e5 grund av neddragning inom prim\u00e4rv\u00e5rden under insatserna mot coronaviruset. Nu hotar en andra coronav\u00e5g och en v\u00e4xande v\u00e5rdskuld; i b\u00f6rjan av augusti ber\u00e4knades att runt 185 000 personer stod i k\u00f6 f\u00f6r operation, se<a href=\"https:\/\/www.dn.se\/nyheter\/sverige\/farre-opereras-under-coronapandemin-vardskulden-vaxer\/\" target=\"_blank\" rel=\"noopener noreferrer\"> Dagens Nyheter 4 augusti 2020<\/a>.<\/p>\n\n\n\n<p>P\u00e5 Kompetensf\u00f6retagen, d\u00e4r m\u00e5nga f\u00f6retag som sysslar med v\u00e5rdbemanning \u00e4r medlemmar, hoppas vi p\u00e5 ett t\u00e4tare samarbete med regionerna f\u00f6r att p\u00e5 b\u00e4sta s\u00e4tt kunna st\u00f6tta v\u00e5rden \u2013 utan b\u00f6rdan av osk\u00e4liga hinder. Incitamenten f\u00f6r v\u00e5ra medlemsf\u00f6retag att ing\u00e5 avtal minskar n\u00e4r man riskerar h\u00f6ga viten om man inte kan bist\u00e5 fullt ut med personal i yrken d\u00e4r s\u00e4kerheten g\u00e5r f\u00f6rst och ingen ska g\u00e5 till jobbet med sjukdomssymtom.<\/p>\n\n\n\n<p>Till det finns regioner som st\u00e4ller krav om karenstid, d\u00e4r personer som byter arbetsgivare till ett bemanningsf\u00f6retag riskerar att st\u00e4ngas ute fr\u00e5n sin regionala arbetsmarknad under ett halv\u00e5r.<\/p>\n\n\n\n<p>V\u00e5rt samarbete med regionerna har st\u00e4rkts de senaste \u00e5ren, vilket bekr\u00e4ftats av Konkurrensverkets rapport <a href=\"http:\/\/www.konkurrensverket.se\/nyheter\/hyrpersonal-i-varden-kostar-regionerna-mer-an-fem-miljarder\/\" target=\"_blank\" rel=\"noopener noreferrer\">Regioners upphandlingar av v\u00e5rdpersonal<\/a>, juni 2020. Kvaliteten p\u00e5 ramavtal som garanterar kompetensf\u00f6rs\u00f6rjningen f\u00f6r l\u00e4ngre perioder har \u00f6kat. Fler regioner \u00e4n tidigare har inlett dialog med leverant\u00f6rerna f\u00f6r att f\u00f6rb\u00e4ttra upphandlingarna. Detta \u00e4r positivt och st\u00f6ttar en mer planerad kompetensf\u00f6rs\u00f6rjning.<\/p>\n\n\n\n<blockquote class=\"wp-block-quote is-layout-flow wp-block-quote-is-layout-flow\">\n<p>Vi \u00e4r en strategisk HR-partner som skapar h\u00e5llbara kompetensf\u00f6rs\u00f6rjningsl\u00f6sningar d\u00e4r de saknas<\/p>\n<\/blockquote>\n\n\n\n<p>Med kontinuerlig uppf\u00f6ljning av befintliga avtal, st\u00f6rre f\u00f6rutseende och inriktning p\u00e5 kvalitet kan upphandlingarna bli \u00e4nnu b\u00e4ttre. Regionernas fokus p\u00e5 pris i upphandlingar har dock \u00f6ppnat marknaden f\u00f6r leverant\u00f6rer som inte lever upp till <a href=\"https:\/\/www.kompetensforetagen.se\/auktorisation\/\" target=\"_blank\" rel=\"noopener noreferrer\">Kompetensf\u00f6retagens h\u00f6ga krav<\/a>. Kompetensf\u00f6retagen har gjort en uppskattning utifr\u00e5n uppgifter fr\u00e5n sju regioner 2017 som tyder p\u00e5 att mindre \u00e4n h\u00e4lften av regionernas inhyrning sker fr\u00e5n f\u00f6retag som \u00e4r auktoriserade enligt v\u00e5ra villkor.<\/p>\n\n\n\n<h3 class=\"wp-block-heading\">Utan hinder som karens och viten blir v\u00e5rden b\u00e4ttre<\/h3>\n\n\n\n<p>Utan tillg\u00e5ng till inhyrda medarbetare som snabbt kan rycka in vid arbetstoppar, semestrar och sjukfr\u00e5nvaro \u00f6kar arbetsbelastningen f\u00f6r de ordinarie medarbetarna. Mer stress och mindre tid f\u00f6r eftertanke \u00f6kar risken f\u00f6r bristande v\u00e5rdbeslut. Redan innan pandemin pekade prognoserna p\u00e5 att rekryteringsbehoven till v\u00e5rden var mycket stora. Specialistsjuksk\u00f6terskor tillh\u00f6r de utbildningsgrupper som enligt ber\u00e4kningar kommer att efterfr\u00e5gas mest \u00e5r 2035.<\/p>\n\n\n\n<p>Det \u00e4r i slut\u00e4ndan patientens r\u00e4tt till en god och s\u00e4ker v\u00e5rd som \u00e4r det viktigaste. Kompetensf\u00f6retagens medlemsf\u00f6retag \u00e4r en viktig del av f\u00f6rs\u00f6rjningen till v\u00e5rden. Vi \u00e4r en strategisk HR-partner som skapar h\u00e5llbara kompetensf\u00f6rs\u00f6rjningsl\u00f6sningar d\u00e4r de saknas, och vi kan bist\u00e5 b\u00e4ttre om samarbetet med regionerna blir t\u00e4tare och utan hinder som karens och viten.<\/p>\n\n\n\n<p>Eva Domanders, ordf\u00f6rande Kompetensf\u00f6retagen<\/p>\n\n\n\n<p>Patrik Eidfelt, f\u00f6rbundsdirekt\u00f6r Kompetensf\u00f6retagen<\/p>\n\n\n\n<p>L\u00e4s artikeln <a href=\"https:\/\/www.dagensmedicin.se\/artiklar\/2020\/09\/29\/utan-karens-och-viten-blir-varden-battre\/\">p\u00e5 dagens medicin.se<\/a><\/p>\n","protected":false},"excerpt":{"rendered":"<p>Incitamenten att ing\u00e5 avtal minskar n\u00e4r man riskerar h\u00f6ga viten om man inte kan bist\u00e5 fullt ut med personal i yrken d\u00e4r ingen ska g\u00e5 till jobbet med sjukdomssymtom. I slut\u00e4ndan \u00e4r det patientens r\u00e4tt &hellip;<\/p>\n","protected":false},"author":6058,"featured_media":5322,"comment_status":"closed","ping_status":"closed","sticky":false,"template":"","format":"standard","meta":{"_acf_changed":false,"footnotes":""},"categories":[5],"tags":[],"article_type":[32],"agreement":[],"for-members":[],"class_list":["post-5320","post","type-post","status-publish","format-standard","has-post-thumbnail","hentry","category-vard","type-debattartiklar"],"acf":[],"yoast_head":"<!-- This site is optimized with the Yoast SEO Premium plugin v26.8 (Yoast SEO v26.8) - https:\/\/yoast.com\/product\/yoast-seo-premium-wordpress\/ -->\n<title>Utan hinder som karens och viten blir v\u00e5rden b\u00e4ttre - Kompetensf\u00f6retagen<\/title>\n<meta name=\"description\" content=\"Utan hinder som karens och viten blir v\u00e5rden b\u00e4ttre. I slut\u00e4ndan \u00e4r det patientens r\u00e4tt till en god och s\u00e4ker v\u00e5rd som \u00e4r det viktigaste.\" \/>\n<meta name=\"robots\" content=\"index, follow, max-snippet:-1, max-image-preview:large, max-video-preview:-1\" \/>\n<link rel=\"canonical\" href=\"https:\/\/www.kompetensforetagen.se\/2020\/09\/debatt-i-dagens-medicin-utan-karens-och-viten-blir-varden-battre\/\" \/>\n<meta property=\"og:locale\" content=\"sv_SE\" \/>\n<meta property=\"og:type\" content=\"article\" \/>\n<meta property=\"og:title\" content=\"Debatt: \u201dUtan karens och viten blir v\u00e5rden b\u00e4ttre\u201d\" \/>\n<meta property=\"og:description\" content=\"Utan hinder som karens och viten blir v\u00e5rden b\u00e4ttre. I slut\u00e4ndan \u00e4r det patientens r\u00e4tt till en god och s\u00e4ker v\u00e5rd som \u00e4r det viktigaste.\" \/>\n<meta property=\"og:url\" content=\"https:\/\/www.kompetensforetagen.se\/2020\/09\/debatt-i-dagens-medicin-utan-karens-och-viten-blir-varden-battre\/\" \/>\n<meta property=\"og:site_name\" content=\"Kompetensf\u00f6retagen\" \/>\n<meta property=\"article:published_time\" content=\"2020-09-29T15:03:55+00:00\" \/>\n<meta property=\"article:modified_time\" content=\"2023-03-30T15:00:57+00:00\" \/>\n<meta property=\"og:image\" content=\"https:\/\/www.kompetensforetagen.se\/app\/uploads\/sites\/5\/2020\/09\/evaochpatrik-2.png\" \/>\n\t<meta property=\"og:image:width\" content=\"1073\" \/>\n\t<meta property=\"og:image:height\" content=\"757\" \/>\n\t<meta property=\"og:image:type\" content=\"image\/png\" \/>\n<meta name=\"author\" content=\"Shashika Sellgren\" \/>\n<meta name=\"twitter:card\" content=\"summary_large_image\" \/>\n<meta name=\"twitter:label1\" content=\"Skriven av\" \/>\n\t<meta name=\"twitter:data1\" content=\"Shashika Sellgren\" \/>\n\t<meta name=\"twitter:label2\" content=\"Ber\u00e4knad l\u00e4stid\" \/>\n\t<meta name=\"twitter:data2\" content=\"3 minuter\" \/>\n<!-- \/ Yoast SEO Premium plugin. -->","yoast_head_json":{"title":"Utan hinder som karens och viten blir v\u00e5rden b\u00e4ttre - Kompetensf\u00f6retagen","description":"Utan hinder som karens och viten blir v\u00e5rden b\u00e4ttre. I slut\u00e4ndan \u00e4r det patientens r\u00e4tt till en god och s\u00e4ker v\u00e5rd som \u00e4r det viktigaste.","robots":{"index":"index","follow":"follow","max-snippet":"max-snippet:-1","max-image-preview":"max-image-preview:large","max-video-preview":"max-video-preview:-1"},"canonical":"https:\/\/www.kompetensforetagen.se\/2020\/09\/debatt-i-dagens-medicin-utan-karens-och-viten-blir-varden-battre\/","og_locale":"sv_SE","og_type":"article","og_title":"Debatt: \u201dUtan karens och viten blir v\u00e5rden b\u00e4ttre\u201d","og_description":"Utan hinder som karens och viten blir v\u00e5rden b\u00e4ttre. I slut\u00e4ndan \u00e4r det patientens r\u00e4tt till en god och s\u00e4ker v\u00e5rd som \u00e4r det viktigaste.","og_url":"https:\/\/www.kompetensforetagen.se\/2020\/09\/debatt-i-dagens-medicin-utan-karens-och-viten-blir-varden-battre\/","og_site_name":"Kompetensf\u00f6retagen","article_published_time":"2020-09-29T15:03:55+00:00","article_modified_time":"2023-03-30T15:00:57+00:00","og_image":[{"width":1073,"height":757,"url":"https:\/\/www.kompetensforetagen.se\/app\/uploads\/sites\/5\/2020\/09\/evaochpatrik-2.png","type":"image\/png"}],"author":"Shashika Sellgren","twitter_card":"summary_large_image","twitter_misc":{"Skriven av":"Shashika Sellgren","Ber\u00e4knad l\u00e4stid":"3 minuter"},"schema":{"@context":"https:\/\/schema.org","@graph":[{"@type":"Article","@id":"https:\/\/www.kompetensforetagen.se\/2020\/09\/debatt-i-dagens-medicin-utan-karens-och-viten-blir-varden-battre\/#article","isPartOf":{"@id":"https:\/\/www.kompetensforetagen.se\/2020\/09\/debatt-i-dagens-medicin-utan-karens-och-viten-blir-varden-battre\/"},"author":{"name":"Shashika Sellgren","@id":"https:\/\/www.kompetensforetagen.se\/#\/schema\/person\/38c6b37b81c530c93246c3d1993d5662"},"headline":"Debatt: \u201dUtan karens och viten blir v\u00e5rden b\u00e4ttre\u201d","datePublished":"2020-09-29T15:03:55+00:00","dateModified":"2023-03-30T15:00:57+00:00","mainEntityOfPage":{"@id":"https:\/\/www.kompetensforetagen.se\/2020\/09\/debatt-i-dagens-medicin-utan-karens-och-viten-blir-varden-battre\/"},"wordCount":700,"publisher":{"@id":"https:\/\/www.kompetensforetagen.se\/#organization"},"image":{"@id":"https:\/\/www.kompetensforetagen.se\/2020\/09\/debatt-i-dagens-medicin-utan-karens-och-viten-blir-varden-battre\/#primaryimage"},"thumbnailUrl":"https:\/\/www.kompetensforetagen.se\/app\/uploads\/sites\/5\/2020\/09\/evaochpatrik-2.png","articleSection":["V\u00e5rdbemanning"],"inLanguage":"sv-SE"},{"@type":"WebPage","@id":"https:\/\/www.kompetensforetagen.se\/2020\/09\/debatt-i-dagens-medicin-utan-karens-och-viten-blir-varden-battre\/","url":"https:\/\/www.kompetensforetagen.se\/2020\/09\/debatt-i-dagens-medicin-utan-karens-och-viten-blir-varden-battre\/","name":"Utan hinder som karens och viten blir v\u00e5rden b\u00e4ttre - Kompetensf\u00f6retagen","isPartOf":{"@id":"https:\/\/www.kompetensforetagen.se\/#website"},"primaryImageOfPage":{"@id":"https:\/\/www.kompetensforetagen.se\/2020\/09\/debatt-i-dagens-medicin-utan-karens-och-viten-blir-varden-battre\/#primaryimage"},"image":{"@id":"https:\/\/www.kompetensforetagen.se\/2020\/09\/debatt-i-dagens-medicin-utan-karens-och-viten-blir-varden-battre\/#primaryimage"},"thumbnailUrl":"https:\/\/www.kompetensforetagen.se\/app\/uploads\/sites\/5\/2020\/09\/evaochpatrik-2.png","datePublished":"2020-09-29T15:03:55+00:00","dateModified":"2023-03-30T15:00:57+00:00","description":"Utan hinder som karens och viten blir v\u00e5rden b\u00e4ttre. I slut\u00e4ndan \u00e4r det patientens r\u00e4tt till en god och s\u00e4ker v\u00e5rd som \u00e4r det viktigaste.","breadcrumb":{"@id":"https:\/\/www.kompetensforetagen.se\/2020\/09\/debatt-i-dagens-medicin-utan-karens-och-viten-blir-varden-battre\/#breadcrumb"},"inLanguage":"sv-SE","potentialAction":[{"@type":"ReadAction","target":["https:\/\/www.kompetensforetagen.se\/2020\/09\/debatt-i-dagens-medicin-utan-karens-och-viten-blir-varden-battre\/"]}]},{"@type":"ImageObject","inLanguage":"sv-SE","@id":"https:\/\/www.kompetensforetagen.se\/2020\/09\/debatt-i-dagens-medicin-utan-karens-och-viten-blir-varden-battre\/#primaryimage","url":"https:\/\/www.kompetensforetagen.se\/app\/uploads\/sites\/5\/2020\/09\/evaochpatrik-2.png","contentUrl":"https:\/\/www.kompetensforetagen.se\/app\/uploads\/sites\/5\/2020\/09\/evaochpatrik-2.png","width":1073,"height":757,"caption":"Debatt\u00f6rerna Eva Domanders och Patrik Eidfelt"},{"@type":"BreadcrumbList","@id":"https:\/\/www.kompetensforetagen.se\/2020\/09\/debatt-i-dagens-medicin-utan-karens-och-viten-blir-varden-battre\/#breadcrumb","itemListElement":[{"@type":"ListItem","position":1,"name":"Home","item":"https:\/\/www.kompetensforetagen.se\/"},{"@type":"ListItem","position":2,"name":"Debatt: \u201dUtan karens och viten blir v\u00e5rden b\u00e4ttre\u201d"}]},{"@type":"WebSite","@id":"https:\/\/www.kompetensforetagen.se\/#website","url":"https:\/\/www.kompetensforetagen.se\/","name":"Kompetensf\u00f6retagen","description":"R\u00e4tt person p\u00e5 r\u00e4tt plats kan f\u00f6r\u00e4ndra v\u00e4rlden","publisher":{"@id":"https:\/\/www.kompetensforetagen.se\/#organization"},"potentialAction":[{"@type":"SearchAction","target":{"@type":"EntryPoint","urlTemplate":"https:\/\/www.kompetensforetagen.se\/?s={search_term_string}"},"query-input":{"@type":"PropertyValueSpecification","valueRequired":true,"valueName":"search_term_string"}}],"inLanguage":"sv-SE"},{"@type":"Organization","@id":"https:\/\/www.kompetensforetagen.se\/#organization","name":"Kompetensf\u00f6retagen","url":"https:\/\/www.kompetensforetagen.se\/","logo":{"@type":"ImageObject","inLanguage":"sv-SE","@id":"https:\/\/www.kompetensforetagen.se\/#\/schema\/logo\/image\/","url":"https:\/\/www.kompetensforetagen.se\/app\/uploads\/sites\/5\/2022\/10\/logga_svart.png","contentUrl":"https:\/\/www.kompetensforetagen.se\/app\/uploads\/sites\/5\/2022\/10\/logga_svart.png","width":752,"height":64,"caption":"Kompetensf\u00f6retagen"},"image":{"@id":"https:\/\/www.kompetensforetagen.se\/#\/schema\/logo\/image\/"},"sameAs":["https:\/\/www.linkedin.com\/company\/10540032\/"]},{"@type":"Person","@id":"https:\/\/www.kompetensforetagen.se\/#\/schema\/person\/38c6b37b81c530c93246c3d1993d5662","name":"Shashika Sellgren","image":{"@type":"ImageObject","inLanguage":"sv-SE","@id":"https:\/\/www.kompetensforetagen.se\/#\/schema\/person\/image\/","url":"https:\/\/secure.gravatar.com\/avatar\/b225c479880df9eb82d1501dd105dd8040f27c8563f3d4bf5dd62ce0a1630abd?s=96&d=mm&r=g","contentUrl":"https:\/\/secure.gravatar.com\/avatar\/b225c479880df9eb82d1501dd105dd8040f27c8563f3d4bf5dd62ce0a1630abd?s=96&d=mm&r=g","caption":"Shashika Sellgren"},"url":"https:\/\/www.kompetensforetagen.se\/person\/shashikasellgren\/"}]}},"_links":{"self":[{"href":"https:\/\/www.kompetensforetagen.se\/api\/wp\/v2\/posts\/5320","targetHints":{"allow":["GET"]}}],"collection":[{"href":"https:\/\/www.kompetensforetagen.se\/api\/wp\/v2\/posts"}],"about":[{"href":"https:\/\/www.kompetensforetagen.se\/api\/wp\/v2\/types\/post"}],"author":[{"embeddable":true,"href":"https:\/\/www.kompetensforetagen.se\/api\/wp\/v2\/users\/6058"}],"replies":[{"embeddable":true,"href":"https:\/\/www.kompetensforetagen.se\/api\/wp\/v2\/comments?post=5320"}],"version-history":[{"count":1,"href":"https:\/\/www.kompetensforetagen.se\/api\/wp\/v2\/posts\/5320\/revisions"}],"predecessor-version":[{"id":12210,"href":"https:\/\/www.kompetensforetagen.se\/api\/wp\/v2\/posts\/5320\/revisions\/12210"}],"wp:featuredmedia":[{"embeddable":true,"href":"https:\/\/www.kompetensforetagen.se\/api\/wp\/v2\/media\/5322"}],"wp:attachment":[{"href":"https:\/\/www.kompetensforetagen.se\/api\/wp\/v2\/media?parent=5320"}],"wp:term":[{"taxonomy":"category","embeddable":true,"href":"https:\/\/www.kompetensforetagen.se\/api\/wp\/v2\/categories?post=5320"},{"taxonomy":"post_tag","embeddable":true,"href":"https:\/\/www.kompetensforetagen.se\/api\/wp\/v2\/tags?post=5320"},{"taxonomy":"type","embeddable":true,"href":"https:\/\/www.kompetensforetagen.se\/api\/wp\/v2\/article_type?post=5320"},{"taxonomy":"agreement","embeddable":true,"href":"https:\/\/www.kompetensforetagen.se\/api\/wp\/v2\/agreement?post=5320"},{"taxonomy":"for-members","embeddable":true,"href":"https:\/\/www.kompetensforetagen.se\/api\/wp\/v2\/for-members?post=5320"}],"curies":[{"name":"wp","href":"https:\/\/api.w.org\/{rel}","templated":true}]}}