{"id":5317,"date":"2020-09-29T16:43:11","date_gmt":"2020-09-29T14:43:11","guid":{"rendered":"https:\/\/www.kompetensforetagen.se\/?p=5317"},"modified":"2025-10-16T12:06:38","modified_gmt":"2025-10-16T10:06:38","slug":"debatt-i-jonkopings-posten-sa-skapas-5-300-jobb-i-jonkopings-lan","status":"publish","type":"post","link":"https:\/\/www.kompetensforetagen.se\/2020\/09\/debatt-i-jonkopings-posten-sa-skapas-5-300-jobb-i-jonkopings-lan\/","title":{"rendered":"Debatt: S\u00e5 skapas 5 300 jobb i J\u00f6nk\u00f6pings l\u00e4n"},"content":{"rendered":"\n<p>Kompetensf\u00f6retag spelar en nyckelroll i att introducera unga p\u00e5 arbetsmarknaden. V\u00e5ra medlemsf\u00f6retag har drabbats h\u00e5rt av krisen, men kommer trots detta ha tusentals konsultjobb att erbjuda unga i J\u00f6nk\u00f6ping det n\u00e4rmaste \u00e5ret.<\/p>\n\n\n\n<p>Baserat p\u00e5 Kompetensf\u00f6retagens branschstatistik uppskattas att v\u00e5ra medlemsf\u00f6retag inom inhyrning, bemanning, omst\u00e4llning och rekrytering sysselsatte cirka 10 800 personer i J\u00f6nk\u00f6ping under f\u00f6rra \u00e5ret. Fyrtio procent i branschen \u00e4r under 30 \u00e5r, och en fj\u00e4rdedel av dessa har f\u00f6rlorat jobbet under krisen; det har varit en tuff v\u00e5r och sommar p\u00e5 arbetsmarknaden. I J\u00f6nk\u00f6ping har antalet ungdomsarbetsl\u00f6sa \u00f6kat kraftigt. I juli i \u00e5r var antalet arbetsl\u00f6sa mellan 18\u201324 \u00e5r 2 399 personer, en \u00f6kning med 62 procent fr\u00e5n \u00e5ret innan. Det \u00e4r h\u00f6gre \u00e4n rikssnittets \u00f6kning p\u00e5 59 procent f\u00f6r samma period och \u00e5ldersgrupp.<\/p>\n\n\n\n<blockquote class=\"wp-block-quote is-layout-flow wp-block-quote-is-layout-flow\">\n<p>Anst\u00e4llda i v\u00e5ra f\u00f6retag blir som huvudregel tillsvidareanst\u00e4llda efter sex m\u00e5nader, med kollektivavtal och f\u00f6rs\u00e4kringar<\/p>\n<\/blockquote>\n\n\n\n<p>Men lite varstans m\u00e4rks tillv\u00e4xt igen. Och \u00e4ven om l\u00e5gkonjunkturen blir l\u00e5ng, s\u00e5 kommer m\u00e5nga jobb beh\u00f6va tills\u00e4ttas under tiden, och vissa branscher forts\u00e4tter v\u00e4xa. Erfarenheter fr\u00e5n tidigare l\u00e5gkonjunkturer visar att m\u00e5nga f\u00f6retag hyr in konsulter innan de v\u00e5gar anst\u00e4lla igen. Det g\u00f6r att extra m\u00e5nga f\u00e5r jobb som inhyrda konsulter n\u00e4r konjunkturen tvekar.<\/p>\n\n\n\n<h3 class=\"wp-block-heading\" id=\"h-sa-skapas-5-300-jobb-i-jonkopings-lan\">S\u00e5 skapas 5 300 jobb i J\u00f6nk\u00f6pings l\u00e4n<\/h3>\n\n\n\n<p>Sett till den historiska oms\u00e4ttningen av medarbetare i kompetensbranschen ber\u00e4knas v\u00e5ra medlemsf\u00f6retag i J\u00f6nk\u00f6ping anst\u00e4lla cirka 5&nbsp;300 personer bara under det kommande \u00e5ret, \u00e4ven om ekonomin inte v\u00e4xer alls. Det motsvarar n\u00e4stan hela antalet ungdomsarbetsl\u00f6sa i J\u00f6nk\u00f6ping, och siffran \u00e4r sannolikt en underskattning. Med regeringens och samarbetspartiernas f\u00f6rslag om l\u00e4gre arbetsgivaravgifter f\u00f6r unga kan f\u00f6retagen anst\u00e4lla \u00e4nnu fler, och via nystarts- och etableringsjobb skulle anst\u00e4llningarna kunna \u00f6ka ytterligare.<\/p>\n\n\n\n<p>Tillv\u00e4xten av konsultjobb skapar ibland oro. Men att bli inhyrd \u00e4r f\u00f6r m\u00e5nga det f\u00f6rsta steget in p\u00e5, eller tillbaka till arbetsmarknaden. Var fj\u00e4rde konsult 2019 kom direkt fr\u00e5n arbetsl\u00f6shet. Konsulterna trivs,<a href=\"https:\/\/www.kompetensforetagen.se\/app\/uploads\/sites\/5\/imported\/Rapport-Konsultundersokning--Bemanningsforetagen--2017-11-24.pdf\" target=\"_blank\" rel=\"noreferrer noopener\"> sju av tio inhyrda skulle rekommendera jobbet<\/a> till n\u00e5gon de k\u00e4nner, och lika m\u00e5nga trivs p\u00e5 jobbet.<\/p>\n\n\n\n<p>Anst\u00e4llda i v\u00e5ra f\u00f6retag blir som huvudregel tillsvidareanst\u00e4llda efter sex m\u00e5nader, med kollektivavtal och f\u00f6rs\u00e4kringar.<\/p>\n\n\n\n<p>F\u00f6r dem som s\u00f6ker jobb efter coronakrisen \u00e4r konsultjobben en god nyhet \u2013 och en bra v\u00e4g in p\u00e5 arbetsmarknaden.<\/p>\n\n\n\n<p>Patrik Eidfelt,&nbsp;f\u00f6rbundsdirekt\u00f6r&nbsp;Kompetensf\u00f6retagen<\/p>\n\n\n\n<p>L\u00e4s debattartikeln p\u00e5<a href=\"https:\/\/www.jp.se\/artikel\/debatt-sa-skapas-5-300-jobb-i-jonkopings-lan\" target=\"_blank\" rel=\"noopener noreferrer\"> jp.se<\/a><\/p>\n","protected":false},"excerpt":{"rendered":"<p>Kompetensf\u00f6retag spelar en nyckelroll i att introducera unga p\u00e5 arbetsmarknaden. V\u00e5ra medlemsf\u00f6retag har drabbats h\u00e5rt av krisen, men kommer trots detta ha tusentals konsultjobb att erbjuda unga i J\u00f6nk\u00f6ping det n\u00e4rmaste \u00e5ret. Baserat p\u00e5 Kompetensf\u00f6retagens &hellip;<\/p>\n","protected":false},"author":6058,"featured_media":4868,"comment_status":"closed","ping_status":"closed","sticky":false,"template":"","format":"standard","meta":{"_acf_changed":false,"footnotes":""},"categories":[10],"tags":[],"article_type":[32],"agreement":[],"for-members":[],"class_list":["post-5317","post","type-post","status-publish","format-standard","has-post-thumbnail","hentry","category-arbetsmarknad","type-debattartiklar"],"acf":[],"yoast_head":"<!-- This site is optimized with the Yoast SEO Premium plugin v26.8 (Yoast SEO v26.8) - https:\/\/yoast.com\/product\/yoast-seo-premium-wordpress\/ -->\n<title>Debatt Kompetensf\u00f6retagen: S\u00e5 skapas 5 300 jobb i J\u00f6nk\u00f6pings l\u00e4n<\/title>\n<meta name=\"description\" content=\"V\u00e5ra medlemsf\u00f6retag har drabbats h\u00e5rt av krisen, men kommer \u00e4nd\u00e5 att kunna erbjuda jobb till unga i J\u00f6nk\u00f6ping det n\u00e4rmaste \u00e5ret.\" \/>\n<meta name=\"robots\" content=\"index, follow, max-snippet:-1, max-image-preview:large, max-video-preview:-1\" \/>\n<link rel=\"canonical\" href=\"https:\/\/www.kompetensforetagen.se\/2020\/09\/debatt-i-jonkopings-posten-sa-skapas-5-300-jobb-i-jonkopings-lan\/\" \/>\n<meta property=\"og:locale\" content=\"sv_SE\" \/>\n<meta property=\"og:type\" content=\"article\" \/>\n<meta property=\"og:title\" content=\"Debatt: S\u00e5 skapas 5 300 jobb i J\u00f6nk\u00f6pings l\u00e4n\" \/>\n<meta property=\"og:description\" content=\"V\u00e5ra medlemsf\u00f6retag har drabbats h\u00e5rt av krisen, men kommer \u00e4nd\u00e5 att kunna erbjuda jobb till unga i J\u00f6nk\u00f6ping det n\u00e4rmaste \u00e5ret.\" \/>\n<meta property=\"og:url\" content=\"https:\/\/www.kompetensforetagen.se\/2020\/09\/debatt-i-jonkopings-posten-sa-skapas-5-300-jobb-i-jonkopings-lan\/\" \/>\n<meta property=\"og:site_name\" content=\"Kompetensf\u00f6retagen\" \/>\n<meta property=\"article:published_time\" content=\"2020-09-29T14:43:11+00:00\" \/>\n<meta property=\"article:modified_time\" content=\"2025-10-16T10:06:38+00:00\" \/>\n<meta property=\"og:image\" content=\"https:\/\/www.kompetensforetagen.se\/app\/uploads\/sites\/5\/2020\/03\/patrik.jpg\" \/>\n\t<meta property=\"og:image:width\" content=\"865\" \/>\n\t<meta property=\"og:image:height\" content=\"709\" \/>\n\t<meta property=\"og:image:type\" content=\"image\/jpeg\" \/>\n<meta name=\"author\" content=\"Shashika Sellgren\" \/>\n<meta name=\"twitter:card\" content=\"summary_large_image\" \/>\n<meta name=\"twitter:label1\" content=\"Skriven av\" \/>\n\t<meta name=\"twitter:data1\" content=\"Shashika Sellgren\" \/>\n\t<meta name=\"twitter:label2\" content=\"Ber\u00e4knad l\u00e4stid\" \/>\n\t<meta name=\"twitter:data2\" content=\"2 minuter\" \/>\n<!-- \/ Yoast SEO Premium plugin. -->","yoast_head_json":{"title":"Debatt Kompetensf\u00f6retagen: S\u00e5 skapas 5 300 jobb i J\u00f6nk\u00f6pings l\u00e4n","description":"V\u00e5ra medlemsf\u00f6retag har drabbats h\u00e5rt av krisen, men kommer \u00e4nd\u00e5 att kunna erbjuda jobb till unga i J\u00f6nk\u00f6ping det n\u00e4rmaste \u00e5ret.","robots":{"index":"index","follow":"follow","max-snippet":"max-snippet:-1","max-image-preview":"max-image-preview:large","max-video-preview":"max-video-preview:-1"},"canonical":"https:\/\/www.kompetensforetagen.se\/2020\/09\/debatt-i-jonkopings-posten-sa-skapas-5-300-jobb-i-jonkopings-lan\/","og_locale":"sv_SE","og_type":"article","og_title":"Debatt: S\u00e5 skapas 5 300 jobb i J\u00f6nk\u00f6pings l\u00e4n","og_description":"V\u00e5ra medlemsf\u00f6retag har drabbats h\u00e5rt av krisen, men kommer \u00e4nd\u00e5 att kunna erbjuda jobb till unga i J\u00f6nk\u00f6ping det n\u00e4rmaste \u00e5ret.","og_url":"https:\/\/www.kompetensforetagen.se\/2020\/09\/debatt-i-jonkopings-posten-sa-skapas-5-300-jobb-i-jonkopings-lan\/","og_site_name":"Kompetensf\u00f6retagen","article_published_time":"2020-09-29T14:43:11+00:00","article_modified_time":"2025-10-16T10:06:38+00:00","og_image":[{"width":865,"height":709,"url":"https:\/\/www.kompetensforetagen.se\/app\/uploads\/sites\/5\/2020\/03\/patrik.jpg","type":"image\/jpeg"}],"author":"Shashika Sellgren","twitter_card":"summary_large_image","twitter_misc":{"Skriven av":"Shashika Sellgren","Ber\u00e4knad l\u00e4stid":"2 minuter"},"schema":{"@context":"https:\/\/schema.org","@graph":[{"@type":"Article","@id":"https:\/\/www.kompetensforetagen.se\/2020\/09\/debatt-i-jonkopings-posten-sa-skapas-5-300-jobb-i-jonkopings-lan\/#article","isPartOf":{"@id":"https:\/\/www.kompetensforetagen.se\/2020\/09\/debatt-i-jonkopings-posten-sa-skapas-5-300-jobb-i-jonkopings-lan\/"},"author":{"name":"Shashika Sellgren","@id":"https:\/\/www.kompetensforetagen.se\/#\/schema\/person\/38c6b37b81c530c93246c3d1993d5662"},"headline":"Debatt: S\u00e5 skapas 5 300 jobb i J\u00f6nk\u00f6pings l\u00e4n","datePublished":"2020-09-29T14:43:11+00:00","dateModified":"2025-10-16T10:06:38+00:00","mainEntityOfPage":{"@id":"https:\/\/www.kompetensforetagen.se\/2020\/09\/debatt-i-jonkopings-posten-sa-skapas-5-300-jobb-i-jonkopings-lan\/"},"wordCount":459,"publisher":{"@id":"https:\/\/www.kompetensforetagen.se\/#organization"},"image":{"@id":"https:\/\/www.kompetensforetagen.se\/2020\/09\/debatt-i-jonkopings-posten-sa-skapas-5-300-jobb-i-jonkopings-lan\/#primaryimage"},"thumbnailUrl":"https:\/\/www.kompetensforetagen.se\/app\/uploads\/sites\/5\/2020\/03\/patrik.jpg","articleSection":["Arbetsmarknad"],"inLanguage":"sv-SE"},{"@type":"WebPage","@id":"https:\/\/www.kompetensforetagen.se\/2020\/09\/debatt-i-jonkopings-posten-sa-skapas-5-300-jobb-i-jonkopings-lan\/","url":"https:\/\/www.kompetensforetagen.se\/2020\/09\/debatt-i-jonkopings-posten-sa-skapas-5-300-jobb-i-jonkopings-lan\/","name":"Debatt Kompetensf\u00f6retagen: S\u00e5 skapas 5 300 jobb i J\u00f6nk\u00f6pings l\u00e4n","isPartOf":{"@id":"https:\/\/www.kompetensforetagen.se\/#website"},"primaryImageOfPage":{"@id":"https:\/\/www.kompetensforetagen.se\/2020\/09\/debatt-i-jonkopings-posten-sa-skapas-5-300-jobb-i-jonkopings-lan\/#primaryimage"},"image":{"@id":"https:\/\/www.kompetensforetagen.se\/2020\/09\/debatt-i-jonkopings-posten-sa-skapas-5-300-jobb-i-jonkopings-lan\/#primaryimage"},"thumbnailUrl":"https:\/\/www.kompetensforetagen.se\/app\/uploads\/sites\/5\/2020\/03\/patrik.jpg","datePublished":"2020-09-29T14:43:11+00:00","dateModified":"2025-10-16T10:06:38+00:00","description":"V\u00e5ra medlemsf\u00f6retag har drabbats h\u00e5rt av krisen, men kommer \u00e4nd\u00e5 att kunna erbjuda jobb till unga i J\u00f6nk\u00f6ping det n\u00e4rmaste \u00e5ret.","breadcrumb":{"@id":"https:\/\/www.kompetensforetagen.se\/2020\/09\/debatt-i-jonkopings-posten-sa-skapas-5-300-jobb-i-jonkopings-lan\/#breadcrumb"},"inLanguage":"sv-SE","potentialAction":[{"@type":"ReadAction","target":["https:\/\/www.kompetensforetagen.se\/2020\/09\/debatt-i-jonkopings-posten-sa-skapas-5-300-jobb-i-jonkopings-lan\/"]}]},{"@type":"ImageObject","inLanguage":"sv-SE","@id":"https:\/\/www.kompetensforetagen.se\/2020\/09\/debatt-i-jonkopings-posten-sa-skapas-5-300-jobb-i-jonkopings-lan\/#primaryimage","url":"https:\/\/www.kompetensforetagen.se\/app\/uploads\/sites\/5\/2020\/03\/patrik.jpg","contentUrl":"https:\/\/www.kompetensforetagen.se\/app\/uploads\/sites\/5\/2020\/03\/patrik.jpg","width":865,"height":709,"caption":"Kompetensf\u00f6retagens f\u00f6rbundsdirekt\u00f6r Patrik Eidfelt"},{"@type":"BreadcrumbList","@id":"https:\/\/www.kompetensforetagen.se\/2020\/09\/debatt-i-jonkopings-posten-sa-skapas-5-300-jobb-i-jonkopings-lan\/#breadcrumb","itemListElement":[{"@type":"ListItem","position":1,"name":"Home","item":"https:\/\/www.kompetensforetagen.se\/"},{"@type":"ListItem","position":2,"name":"Debatt: S\u00e5 skapas 5 300 jobb i J\u00f6nk\u00f6pings l\u00e4n"}]},{"@type":"WebSite","@id":"https:\/\/www.kompetensforetagen.se\/#website","url":"https:\/\/www.kompetensforetagen.se\/","name":"Kompetensf\u00f6retagen","description":"R\u00e4tt person p\u00e5 r\u00e4tt plats kan f\u00f6r\u00e4ndra v\u00e4rlden","publisher":{"@id":"https:\/\/www.kompetensforetagen.se\/#organization"},"potentialAction":[{"@type":"SearchAction","target":{"@type":"EntryPoint","urlTemplate":"https:\/\/www.kompetensforetagen.se\/?s={search_term_string}"},"query-input":{"@type":"PropertyValueSpecification","valueRequired":true,"valueName":"search_term_string"}}],"inLanguage":"sv-SE"},{"@type":"Organization","@id":"https:\/\/www.kompetensforetagen.se\/#organization","name":"Kompetensf\u00f6retagen","url":"https:\/\/www.kompetensforetagen.se\/","logo":{"@type":"ImageObject","inLanguage":"sv-SE","@id":"https:\/\/www.kompetensforetagen.se\/#\/schema\/logo\/image\/","url":"https:\/\/www.kompetensforetagen.se\/app\/uploads\/sites\/5\/2022\/10\/logga_svart.png","contentUrl":"https:\/\/www.kompetensforetagen.se\/app\/uploads\/sites\/5\/2022\/10\/logga_svart.png","width":752,"height":64,"caption":"Kompetensf\u00f6retagen"},"image":{"@id":"https:\/\/www.kompetensforetagen.se\/#\/schema\/logo\/image\/"},"sameAs":["https:\/\/www.linkedin.com\/company\/10540032\/"]},{"@type":"Person","@id":"https:\/\/www.kompetensforetagen.se\/#\/schema\/person\/38c6b37b81c530c93246c3d1993d5662","name":"Shashika Sellgren","image":{"@type":"ImageObject","inLanguage":"sv-SE","@id":"https:\/\/www.kompetensforetagen.se\/#\/schema\/person\/image\/","url":"https:\/\/secure.gravatar.com\/avatar\/b225c479880df9eb82d1501dd105dd8040f27c8563f3d4bf5dd62ce0a1630abd?s=96&d=mm&r=g","contentUrl":"https:\/\/secure.gravatar.com\/avatar\/b225c479880df9eb82d1501dd105dd8040f27c8563f3d4bf5dd62ce0a1630abd?s=96&d=mm&r=g","caption":"Shashika Sellgren"},"url":"https:\/\/www.kompetensforetagen.se\/person\/shashikasellgren\/"}]}},"_links":{"self":[{"href":"https:\/\/www.kompetensforetagen.se\/api\/wp\/v2\/posts\/5317","targetHints":{"allow":["GET"]}}],"collection":[{"href":"https:\/\/www.kompetensforetagen.se\/api\/wp\/v2\/posts"}],"about":[{"href":"https:\/\/www.kompetensforetagen.se\/api\/wp\/v2\/types\/post"}],"author":[{"embeddable":true,"href":"https:\/\/www.kompetensforetagen.se\/api\/wp\/v2\/users\/6058"}],"replies":[{"embeddable":true,"href":"https:\/\/www.kompetensforetagen.se\/api\/wp\/v2\/comments?post=5317"}],"version-history":[{"count":2,"href":"https:\/\/www.kompetensforetagen.se\/api\/wp\/v2\/posts\/5317\/revisions"}],"predecessor-version":[{"id":20994,"href":"https:\/\/www.kompetensforetagen.se\/api\/wp\/v2\/posts\/5317\/revisions\/20994"}],"wp:featuredmedia":[{"embeddable":true,"href":"https:\/\/www.kompetensforetagen.se\/api\/wp\/v2\/media\/4868"}],"wp:attachment":[{"href":"https:\/\/www.kompetensforetagen.se\/api\/wp\/v2\/media?parent=5317"}],"wp:term":[{"taxonomy":"category","embeddable":true,"href":"https:\/\/www.kompetensforetagen.se\/api\/wp\/v2\/categories?post=5317"},{"taxonomy":"post_tag","embeddable":true,"href":"https:\/\/www.kompetensforetagen.se\/api\/wp\/v2\/tags?post=5317"},{"taxonomy":"type","embeddable":true,"href":"https:\/\/www.kompetensforetagen.se\/api\/wp\/v2\/article_type?post=5317"},{"taxonomy":"agreement","embeddable":true,"href":"https:\/\/www.kompetensforetagen.se\/api\/wp\/v2\/agreement?post=5317"},{"taxonomy":"for-members","embeddable":true,"href":"https:\/\/www.kompetensforetagen.se\/api\/wp\/v2\/for-members?post=5317"}],"curies":[{"name":"wp","href":"https:\/\/api.w.org\/{rel}","templated":true}]}}