{"id":5267,"date":"2020-09-14T12:35:51","date_gmt":"2020-09-14T10:35:51","guid":{"rendered":"https:\/\/www.kompetensforetagen.se\/?p=5267"},"modified":"2023-07-07T15:27:24","modified_gmt":"2023-07-07T13:27:24","slug":"varierande-behov-av-hyrpersonal-under-pandemin","status":"publish","type":"post","link":"https:\/\/www.kompetensforetagen.se\/2020\/09\/varierande-behov-av-hyrpersonal-under-pandemin\/","title":{"rendered":"Ordf\u00f6rande kommenterar varierande behov av hyr&shy;personal under pandemin"},"content":{"rendered":"\n<p>SVT har idag s\u00e4nt ett flera regionala inslag kring v\u00e5rdbemanning under pandemin. D\u00e4r framg\u00e5r att inhyrning av l\u00e4kare har minskat medan det motsatta g\u00e4ller f\u00f6r sjuksk\u00f6terskor.<\/p>\n\n\n\n<p>Kompetensf\u00f6retagens styrelseordf\u00f6rande Eva Domanders kommenterar l\u00e4get <a href=\"https:\/\/www.svt.se\/nyheter\/inrikes\/nya-siffror-over-regionernas-hyrnota\">h\u00e4r<\/a>.<\/p>\n\n\n\n<p>De regionala inslagen bekr\u00e4ftar hur det brukar se ut med varierande behov av inhyrning \u2013 det <a href=\"https:\/\/www.svt.se\/nyheter\/lokalt\/dalarna\/hyrlakaren-ojamlikvard-utan-bemanningspersonal\">geografiska<\/a> l\u00e4get och vid <a href=\"https:\/\/www.svt.se\/nyheter\/lokalt\/sormland\/sa-mycket-minskade-notan-for-hyrpersonal-i-sormland\">toppar<\/a>. I Norrbotten har man till exempel jobbat internt f\u00f6r att <a href=\"https:\/\/www.svt.se\/nyheter\/lokalt\/norrbotten\/har-har-behovet-av-hyrsjukskoterskor-minska-med-75-procent\">f\u00f6rb\u00e4ttra arbetssituationen<\/a> f\u00f6r den egna personalen.<\/p>\n\n\n\n<p>P\u00e5 sina h\u00e5ll r\u00e4knar man med en \u00f6kad inhyrning av v\u00e5rdpersonal i syfte att l\u00f6sa v\u00e5rdskulden.<\/p>\n\n\n\n<p>&#8211; Vi \u00e4r ett komplement till den ordinarie v\u00e5rden eller en del av l\u00f6sningen. Som en strategisk HR-partner skapar vi h\u00e5llbara <a href=\"https:\/\/www.kompetensforetagen.se\/vardbemanning\/\" target=\"_blank\" rel=\"noreferrer noopener\">kompetensf\u00f6rs\u00f6rjningsl\u00f6sningar<\/a> d\u00e4r v\u00e5rdpersonal inte finns, vilket \u00e4r fallet p\u00e5 m\u00e5nga st\u00e4llen i landet. Med en kommande brist p\u00e5 l\u00e4kare och sjuksk\u00f6terskor s\u00e5 hj\u00e4lper vi till d\u00e4r det beh\u00f6vs. I slut\u00e4ndan \u00e4r det patienternas r\u00e4tt till en god och s\u00e4ker v\u00e5rd som \u00e4r det viktigaste och d\u00e4r \u00e4r vi en del av l\u00f6sningen, s\u00e4ger Eva Domanders.<\/p>\n\n\n\n<p>&nbsp;<\/p>\n","protected":false},"excerpt":{"rendered":"<p>SVT har idag s\u00e4nt ett flera regionala inslag kring v\u00e5rdbemanning under pandemin. D\u00e4r framg\u00e5r att inhyrning av l\u00e4kare har minskat medan det motsatta g\u00e4ller f\u00f6r sjuksk\u00f6terskor. Kompetensf\u00f6retagens styrelseordf\u00f6rande Eva Domanders kommenterar l\u00e4get h\u00e4r. De regionala &hellip;<\/p>\n","protected":false},"author":6058,"featured_media":5268,"comment_status":"closed","ping_status":"closed","sticky":false,"template":"","format":"standard","meta":{"_acf_changed":false,"footnotes":""},"categories":[5],"tags":[],"article_type":[219],"agreement":[],"for-members":[],"class_list":["post-5267","post","type-post","status-publish","format-standard","has-post-thumbnail","hentry","category-vard","type-nyhet"],"acf":[],"yoast_head":"<!-- This site is optimized with the Yoast SEO Premium plugin v26.8 (Yoast SEO v26.8) - https:\/\/yoast.com\/product\/yoast-seo-premium-wordpress\/ -->\n<title>Varierande behov av hyrpersonal under pandemin - kommentar<\/title>\n<meta name=\"description\" content=\"Det varierande behov av v\u00e5rdpersonal som synts under pandemin bekr\u00e4ftar bilden av normall\u00e4get, med till exempel geografiska variationer.\" \/>\n<meta name=\"robots\" content=\"index, follow, max-snippet:-1, max-image-preview:large, max-video-preview:-1\" \/>\n<link rel=\"canonical\" href=\"https:\/\/www.kompetensforetagen.se\/2020\/09\/varierande-behov-av-hyrpersonal-under-pandemin\/\" \/>\n<meta property=\"og:locale\" content=\"sv_SE\" \/>\n<meta property=\"og:type\" content=\"article\" \/>\n<meta property=\"og:title\" content=\"Ordf\u00f6rande kommenterar varierande behov av hyrpersonal under pandemin\" \/>\n<meta property=\"og:description\" content=\"Det varierande behov av v\u00e5rdpersonal som synts under pandemin bekr\u00e4ftar bilden av normall\u00e4get, med till exempel geografiska variationer.\" \/>\n<meta property=\"og:url\" content=\"https:\/\/www.kompetensforetagen.se\/2020\/09\/varierande-behov-av-hyrpersonal-under-pandemin\/\" \/>\n<meta property=\"og:site_name\" content=\"Kompetensf\u00f6retagen\" \/>\n<meta property=\"article:published_time\" content=\"2020-09-14T10:35:51+00:00\" \/>\n<meta property=\"article:modified_time\" content=\"2023-07-07T13:27:24+00:00\" \/>\n<meta property=\"og:image\" content=\"https:\/\/www.kompetensforetagen.se\/app\/uploads\/sites\/5\/2020\/09\/skarmbild-2020-09-14-115851.png\" \/>\n\t<meta property=\"og:image:width\" content=\"1716\" \/>\n\t<meta property=\"og:image:height\" content=\"795\" \/>\n\t<meta property=\"og:image:type\" content=\"image\/png\" \/>\n<meta name=\"author\" content=\"Shashika Sellgren\" \/>\n<meta name=\"twitter:card\" content=\"summary_large_image\" \/>\n<meta name=\"twitter:label1\" content=\"Skriven av\" \/>\n\t<meta name=\"twitter:data1\" content=\"Shashika Sellgren\" \/>\n\t<meta name=\"twitter:label2\" content=\"Ber\u00e4knad l\u00e4stid\" \/>\n\t<meta name=\"twitter:data2\" content=\"1 minut\" \/>\n<!-- \/ Yoast SEO Premium plugin. -->","yoast_head_json":{"title":"Varierande behov av hyrpersonal under pandemin - kommentar","description":"Det varierande behov av v\u00e5rdpersonal som synts under pandemin bekr\u00e4ftar bilden av normall\u00e4get, med till exempel geografiska variationer.","robots":{"index":"index","follow":"follow","max-snippet":"max-snippet:-1","max-image-preview":"max-image-preview:large","max-video-preview":"max-video-preview:-1"},"canonical":"https:\/\/www.kompetensforetagen.se\/2020\/09\/varierande-behov-av-hyrpersonal-under-pandemin\/","og_locale":"sv_SE","og_type":"article","og_title":"Ordf\u00f6rande kommenterar varierande behov av hyrpersonal under pandemin","og_description":"Det varierande behov av v\u00e5rdpersonal som synts under pandemin bekr\u00e4ftar bilden av normall\u00e4get, med till exempel geografiska variationer.","og_url":"https:\/\/www.kompetensforetagen.se\/2020\/09\/varierande-behov-av-hyrpersonal-under-pandemin\/","og_site_name":"Kompetensf\u00f6retagen","article_published_time":"2020-09-14T10:35:51+00:00","article_modified_time":"2023-07-07T13:27:24+00:00","og_image":[{"width":1716,"height":795,"url":"https:\/\/www.kompetensforetagen.se\/app\/uploads\/sites\/5\/2020\/09\/skarmbild-2020-09-14-115851.png","type":"image\/png"}],"author":"Shashika Sellgren","twitter_card":"summary_large_image","twitter_misc":{"Skriven av":"Shashika Sellgren","Ber\u00e4knad l\u00e4stid":"1 minut"},"schema":{"@context":"https:\/\/schema.org","@graph":[{"@type":"Article","@id":"https:\/\/www.kompetensforetagen.se\/2020\/09\/varierande-behov-av-hyrpersonal-under-pandemin\/#article","isPartOf":{"@id":"https:\/\/www.kompetensforetagen.se\/2020\/09\/varierande-behov-av-hyrpersonal-under-pandemin\/"},"author":{"name":"Shashika Sellgren","@id":"https:\/\/www.kompetensforetagen.se\/#\/schema\/person\/38c6b37b81c530c93246c3d1993d5662"},"headline":"Ordf\u00f6rande kommenterar varierande behov av hyr&shy;personal under pandemin","datePublished":"2020-09-14T10:35:51+00:00","dateModified":"2023-07-07T13:27:24+00:00","mainEntityOfPage":{"@id":"https:\/\/www.kompetensforetagen.se\/2020\/09\/varierande-behov-av-hyrpersonal-under-pandemin\/"},"wordCount":216,"publisher":{"@id":"https:\/\/www.kompetensforetagen.se\/#organization"},"image":{"@id":"https:\/\/www.kompetensforetagen.se\/2020\/09\/varierande-behov-av-hyrpersonal-under-pandemin\/#primaryimage"},"thumbnailUrl":"https:\/\/www.kompetensforetagen.se\/app\/uploads\/sites\/5\/2020\/09\/skarmbild-2020-09-14-115851.png","articleSection":["V\u00e5rdbemanning"],"inLanguage":"sv-SE"},{"@type":"WebPage","@id":"https:\/\/www.kompetensforetagen.se\/2020\/09\/varierande-behov-av-hyrpersonal-under-pandemin\/","url":"https:\/\/www.kompetensforetagen.se\/2020\/09\/varierande-behov-av-hyrpersonal-under-pandemin\/","name":"Varierande behov av hyrpersonal under pandemin - kommentar","isPartOf":{"@id":"https:\/\/www.kompetensforetagen.se\/#website"},"primaryImageOfPage":{"@id":"https:\/\/www.kompetensforetagen.se\/2020\/09\/varierande-behov-av-hyrpersonal-under-pandemin\/#primaryimage"},"image":{"@id":"https:\/\/www.kompetensforetagen.se\/2020\/09\/varierande-behov-av-hyrpersonal-under-pandemin\/#primaryimage"},"thumbnailUrl":"https:\/\/www.kompetensforetagen.se\/app\/uploads\/sites\/5\/2020\/09\/skarmbild-2020-09-14-115851.png","datePublished":"2020-09-14T10:35:51+00:00","dateModified":"2023-07-07T13:27:24+00:00","description":"Det varierande behov av v\u00e5rdpersonal som synts under pandemin bekr\u00e4ftar bilden av normall\u00e4get, med till exempel geografiska variationer.","breadcrumb":{"@id":"https:\/\/www.kompetensforetagen.se\/2020\/09\/varierande-behov-av-hyrpersonal-under-pandemin\/#breadcrumb"},"inLanguage":"sv-SE","potentialAction":[{"@type":"ReadAction","target":["https:\/\/www.kompetensforetagen.se\/2020\/09\/varierande-behov-av-hyrpersonal-under-pandemin\/"]}]},{"@type":"ImageObject","inLanguage":"sv-SE","@id":"https:\/\/www.kompetensforetagen.se\/2020\/09\/varierande-behov-av-hyrpersonal-under-pandemin\/#primaryimage","url":"https:\/\/www.kompetensforetagen.se\/app\/uploads\/sites\/5\/2020\/09\/skarmbild-2020-09-14-115851.png","contentUrl":"https:\/\/www.kompetensforetagen.se\/app\/uploads\/sites\/5\/2020\/09\/skarmbild-2020-09-14-115851.png","width":1716,"height":795,"caption":"Kompetensf\u00f6retagens ordf\u00f6rande Eva Domanders."},{"@type":"BreadcrumbList","@id":"https:\/\/www.kompetensforetagen.se\/2020\/09\/varierande-behov-av-hyrpersonal-under-pandemin\/#breadcrumb","itemListElement":[{"@type":"ListItem","position":1,"name":"Home","item":"https:\/\/www.kompetensforetagen.se\/"},{"@type":"ListItem","position":2,"name":"Ordf\u00f6rande kommenterar varierande behov av hyr&shy;personal under pandemin"}]},{"@type":"WebSite","@id":"https:\/\/www.kompetensforetagen.se\/#website","url":"https:\/\/www.kompetensforetagen.se\/","name":"Kompetensf\u00f6retagen","description":"R\u00e4tt person p\u00e5 r\u00e4tt plats kan f\u00f6r\u00e4ndra v\u00e4rlden","publisher":{"@id":"https:\/\/www.kompetensforetagen.se\/#organization"},"potentialAction":[{"@type":"SearchAction","target":{"@type":"EntryPoint","urlTemplate":"https:\/\/www.kompetensforetagen.se\/?s={search_term_string}"},"query-input":{"@type":"PropertyValueSpecification","valueRequired":true,"valueName":"search_term_string"}}],"inLanguage":"sv-SE"},{"@type":"Organization","@id":"https:\/\/www.kompetensforetagen.se\/#organization","name":"Kompetensf\u00f6retagen","url":"https:\/\/www.kompetensforetagen.se\/","logo":{"@type":"ImageObject","inLanguage":"sv-SE","@id":"https:\/\/www.kompetensforetagen.se\/#\/schema\/logo\/image\/","url":"https:\/\/www.kompetensforetagen.se\/app\/uploads\/sites\/5\/2022\/10\/logga_svart.png","contentUrl":"https:\/\/www.kompetensforetagen.se\/app\/uploads\/sites\/5\/2022\/10\/logga_svart.png","width":752,"height":64,"caption":"Kompetensf\u00f6retagen"},"image":{"@id":"https:\/\/www.kompetensforetagen.se\/#\/schema\/logo\/image\/"},"sameAs":["https:\/\/www.linkedin.com\/company\/10540032\/"]},{"@type":"Person","@id":"https:\/\/www.kompetensforetagen.se\/#\/schema\/person\/38c6b37b81c530c93246c3d1993d5662","name":"Shashika Sellgren","image":{"@type":"ImageObject","inLanguage":"sv-SE","@id":"https:\/\/www.kompetensforetagen.se\/#\/schema\/person\/image\/","url":"https:\/\/secure.gravatar.com\/avatar\/b225c479880df9eb82d1501dd105dd8040f27c8563f3d4bf5dd62ce0a1630abd?s=96&d=mm&r=g","contentUrl":"https:\/\/secure.gravatar.com\/avatar\/b225c479880df9eb82d1501dd105dd8040f27c8563f3d4bf5dd62ce0a1630abd?s=96&d=mm&r=g","caption":"Shashika Sellgren"},"url":"https:\/\/www.kompetensforetagen.se\/person\/shashikasellgren\/"}]}},"_links":{"self":[{"href":"https:\/\/www.kompetensforetagen.se\/api\/wp\/v2\/posts\/5267","targetHints":{"allow":["GET"]}}],"collection":[{"href":"https:\/\/www.kompetensforetagen.se\/api\/wp\/v2\/posts"}],"about":[{"href":"https:\/\/www.kompetensforetagen.se\/api\/wp\/v2\/types\/post"}],"author":[{"embeddable":true,"href":"https:\/\/www.kompetensforetagen.se\/api\/wp\/v2\/users\/6058"}],"replies":[{"embeddable":true,"href":"https:\/\/www.kompetensforetagen.se\/api\/wp\/v2\/comments?post=5267"}],"version-history":[{"count":2,"href":"https:\/\/www.kompetensforetagen.se\/api\/wp\/v2\/posts\/5267\/revisions"}],"predecessor-version":[{"id":14351,"href":"https:\/\/www.kompetensforetagen.se\/api\/wp\/v2\/posts\/5267\/revisions\/14351"}],"wp:featuredmedia":[{"embeddable":true,"href":"https:\/\/www.kompetensforetagen.se\/api\/wp\/v2\/media\/5268"}],"wp:attachment":[{"href":"https:\/\/www.kompetensforetagen.se\/api\/wp\/v2\/media?parent=5267"}],"wp:term":[{"taxonomy":"category","embeddable":true,"href":"https:\/\/www.kompetensforetagen.se\/api\/wp\/v2\/categories?post=5267"},{"taxonomy":"post_tag","embeddable":true,"href":"https:\/\/www.kompetensforetagen.se\/api\/wp\/v2\/tags?post=5267"},{"taxonomy":"type","embeddable":true,"href":"https:\/\/www.kompetensforetagen.se\/api\/wp\/v2\/article_type?post=5267"},{"taxonomy":"agreement","embeddable":true,"href":"https:\/\/www.kompetensforetagen.se\/api\/wp\/v2\/agreement?post=5267"},{"taxonomy":"for-members","embeddable":true,"href":"https:\/\/www.kompetensforetagen.se\/api\/wp\/v2\/for-members?post=5267"}],"curies":[{"name":"wp","href":"https:\/\/api.w.org\/{rel}","templated":true}]}}