{"id":5204,"date":"2020-07-07T10:58:20","date_gmt":"2020-07-07T08:58:20","guid":{"rendered":"https:\/\/www.kompetensforetagen.se\/?p=5204"},"modified":"2025-12-15T11:50:52","modified_gmt":"2025-12-15T10:50:52","slug":"ann-kari-edenius-1962-2020","status":"publish","type":"post","link":"https:\/\/www.kompetensforetagen.se\/2020\/07\/ann-kari-edenius-1962-2020\/","title":{"rendered":"Ann-Kari Edenius 1962 \u2013 2020"},"content":{"rendered":"\n<p>V\u00e5r tidigare f\u00f6rbundsdirekt\u00f6r Ann-Kari Edenius har l\u00e4mnat oss, efter en l\u00e5ng tids sjukdom. Vi minns henne med v\u00e4rme \u2013 f\u00f6r det gedigna arbetet hon lade ner p\u00e5 verksamheten och sin personal; p\u00e5 sitt fortsatta brinnande engagemang och intresse f\u00f6r f\u00f6rbundet \u00e4ven under sin sjukdomstid. Vi minns ocks\u00e5 hennes sprudlande personlighet som gav gl\u00e4dje till s\u00e5 m\u00e5nga av oss.<\/p>\n\n\n\n<p>Tack Ann-Kari. Du kommer att vara saknad.<\/p>\n\n\n\n<p>Patrik Eidfelt, f\u00f6rbundsdirekt\u00f6r,&nbsp;samt Kompetensf\u00f6retagens styrelse och kansli<\/p>\n","protected":false},"excerpt":{"rendered":"<p>V\u00e5r tidigare f\u00f6rbundsdirekt\u00f6r Ann-Kari Edenius har l\u00e4mnat oss, efter en l\u00e5ng tids sjukdom. Vi minns henne med v\u00e4rme \u2013 f\u00f6r det gedigna arbetet hon lade ner p\u00e5 verksamheten och sin personal; p\u00e5 sitt fortsatta brinnande &hellip;<\/p>\n","protected":false},"author":6058,"featured_media":5205,"comment_status":"closed","ping_status":"closed","sticky":false,"template":"","format":"standard","meta":{"_acf_changed":false,"footnotes":""},"categories":[1],"tags":[],"article_type":[219],"agreement":[],"for-members":[],"class_list":["post-5204","post","type-post","status-publish","format-standard","has-post-thumbnail","hentry","category-okategoriserade","type-nyhet"],"acf":[],"yoast_head":"<!-- This site is optimized with the Yoast SEO Premium plugin v26.8 (Yoast SEO v26.8) - https:\/\/yoast.com\/product\/yoast-seo-premium-wordpress\/ -->\n<title>Ann-Kari Edenius 1962 \u2013 2020 - Kompetensf\u00f6retagen<\/title>\n<meta name=\"description\" content=\"Till minne av Ann-Kari Edenius (1962\u20132020). Vi minns en uppskattad kollega, hennes v\u00e4rme och betydelsefulla insatser f\u00f6r kompetensbranschen.\" \/>\n<meta name=\"robots\" content=\"index, follow, max-snippet:-1, max-image-preview:large, max-video-preview:-1\" \/>\n<link rel=\"canonical\" href=\"https:\/\/www.kompetensforetagen.se\/2020\/07\/ann-kari-edenius-1962-2020\/\" \/>\n<meta property=\"og:locale\" content=\"sv_SE\" \/>\n<meta property=\"og:type\" content=\"article\" \/>\n<meta property=\"og:title\" content=\"Ann-Kari Edenius 1962 \u2013 2020\" \/>\n<meta property=\"og:description\" content=\"Till minne av Ann-Kari Edenius (1962\u20132020). Vi minns en uppskattad kollega, hennes v\u00e4rme och betydelsefulla insatser f\u00f6r kompetensbranschen.\" \/>\n<meta property=\"og:url\" content=\"https:\/\/www.kompetensforetagen.se\/2020\/07\/ann-kari-edenius-1962-2020\/\" \/>\n<meta property=\"og:site_name\" content=\"Kompetensf\u00f6retagen\" \/>\n<meta property=\"article:published_time\" content=\"2020-07-07T08:58:20+00:00\" \/>\n<meta property=\"article:modified_time\" content=\"2025-12-15T10:50:52+00:00\" \/>\n<meta property=\"og:image\" content=\"https:\/\/www.kompetensforetagen.se\/app\/uploads\/sites\/5\/2020\/07\/annkari.png\" \/>\n\t<meta property=\"og:image:width\" content=\"690\" \/>\n\t<meta property=\"og:image:height\" content=\"459\" \/>\n\t<meta property=\"og:image:type\" content=\"image\/png\" \/>\n<meta name=\"author\" content=\"Shashika Sellgren\" \/>\n<meta name=\"twitter:card\" content=\"summary_large_image\" \/>\n<meta name=\"twitter:label1\" content=\"Skriven av\" \/>\n\t<meta name=\"twitter:data1\" content=\"Shashika Sellgren\" \/>\n\t<meta name=\"twitter:label2\" content=\"Ber\u00e4knad l\u00e4stid\" \/>\n\t<meta name=\"twitter:data2\" content=\"1 minut\" \/>\n<!-- \/ Yoast SEO Premium plugin. -->","yoast_head_json":{"title":"Ann-Kari Edenius 1962 \u2013 2020 - Kompetensf\u00f6retagen","description":"Till minne av Ann-Kari Edenius (1962\u20132020). Vi minns en uppskattad kollega, hennes v\u00e4rme och betydelsefulla insatser f\u00f6r kompetensbranschen.","robots":{"index":"index","follow":"follow","max-snippet":"max-snippet:-1","max-image-preview":"max-image-preview:large","max-video-preview":"max-video-preview:-1"},"canonical":"https:\/\/www.kompetensforetagen.se\/2020\/07\/ann-kari-edenius-1962-2020\/","og_locale":"sv_SE","og_type":"article","og_title":"Ann-Kari Edenius 1962 \u2013 2020","og_description":"Till minne av Ann-Kari Edenius (1962\u20132020). Vi minns en uppskattad kollega, hennes v\u00e4rme och betydelsefulla insatser f\u00f6r kompetensbranschen.","og_url":"https:\/\/www.kompetensforetagen.se\/2020\/07\/ann-kari-edenius-1962-2020\/","og_site_name":"Kompetensf\u00f6retagen","article_published_time":"2020-07-07T08:58:20+00:00","article_modified_time":"2025-12-15T10:50:52+00:00","og_image":[{"width":690,"height":459,"url":"https:\/\/www.kompetensforetagen.se\/app\/uploads\/sites\/5\/2020\/07\/annkari.png","type":"image\/png"}],"author":"Shashika Sellgren","twitter_card":"summary_large_image","twitter_misc":{"Skriven av":"Shashika Sellgren","Ber\u00e4knad l\u00e4stid":"1 minut"},"schema":{"@context":"https:\/\/schema.org","@graph":[{"@type":"Article","@id":"https:\/\/www.kompetensforetagen.se\/2020\/07\/ann-kari-edenius-1962-2020\/#article","isPartOf":{"@id":"https:\/\/www.kompetensforetagen.se\/2020\/07\/ann-kari-edenius-1962-2020\/"},"author":{"name":"Shashika Sellgren","@id":"https:\/\/www.kompetensforetagen.se\/#\/schema\/person\/38c6b37b81c530c93246c3d1993d5662"},"headline":"Ann-Kari Edenius 1962 \u2013 2020","datePublished":"2020-07-07T08:58:20+00:00","dateModified":"2025-12-15T10:50:52+00:00","mainEntityOfPage":{"@id":"https:\/\/www.kompetensforetagen.se\/2020\/07\/ann-kari-edenius-1962-2020\/"},"wordCount":89,"publisher":{"@id":"https:\/\/www.kompetensforetagen.se\/#organization"},"image":{"@id":"https:\/\/www.kompetensforetagen.se\/2020\/07\/ann-kari-edenius-1962-2020\/#primaryimage"},"thumbnailUrl":"https:\/\/www.kompetensforetagen.se\/app\/uploads\/sites\/5\/2020\/07\/annkari.png","inLanguage":"sv-SE"},{"@type":"WebPage","@id":"https:\/\/www.kompetensforetagen.se\/2020\/07\/ann-kari-edenius-1962-2020\/","url":"https:\/\/www.kompetensforetagen.se\/2020\/07\/ann-kari-edenius-1962-2020\/","name":"Ann-Kari Edenius 1962 \u2013 2020 - Kompetensf\u00f6retagen","isPartOf":{"@id":"https:\/\/www.kompetensforetagen.se\/#website"},"primaryImageOfPage":{"@id":"https:\/\/www.kompetensforetagen.se\/2020\/07\/ann-kari-edenius-1962-2020\/#primaryimage"},"image":{"@id":"https:\/\/www.kompetensforetagen.se\/2020\/07\/ann-kari-edenius-1962-2020\/#primaryimage"},"thumbnailUrl":"https:\/\/www.kompetensforetagen.se\/app\/uploads\/sites\/5\/2020\/07\/annkari.png","datePublished":"2020-07-07T08:58:20+00:00","dateModified":"2025-12-15T10:50:52+00:00","description":"Till minne av Ann-Kari Edenius (1962\u20132020). Vi minns en uppskattad kollega, hennes v\u00e4rme och betydelsefulla insatser f\u00f6r kompetensbranschen.","breadcrumb":{"@id":"https:\/\/www.kompetensforetagen.se\/2020\/07\/ann-kari-edenius-1962-2020\/#breadcrumb"},"inLanguage":"sv-SE","potentialAction":[{"@type":"ReadAction","target":["https:\/\/www.kompetensforetagen.se\/2020\/07\/ann-kari-edenius-1962-2020\/"]}]},{"@type":"ImageObject","inLanguage":"sv-SE","@id":"https:\/\/www.kompetensforetagen.se\/2020\/07\/ann-kari-edenius-1962-2020\/#primaryimage","url":"https:\/\/www.kompetensforetagen.se\/app\/uploads\/sites\/5\/2020\/07\/annkari.png","contentUrl":"https:\/\/www.kompetensforetagen.se\/app\/uploads\/sites\/5\/2020\/07\/annkari.png","width":690,"height":459},{"@type":"BreadcrumbList","@id":"https:\/\/www.kompetensforetagen.se\/2020\/07\/ann-kari-edenius-1962-2020\/#breadcrumb","itemListElement":[{"@type":"ListItem","position":1,"name":"Home","item":"https:\/\/www.kompetensforetagen.se\/"},{"@type":"ListItem","position":2,"name":"Ann-Kari Edenius 1962 \u2013 2020"}]},{"@type":"WebSite","@id":"https:\/\/www.kompetensforetagen.se\/#website","url":"https:\/\/www.kompetensforetagen.se\/","name":"Kompetensf\u00f6retagen","description":"R\u00e4tt person p\u00e5 r\u00e4tt plats kan f\u00f6r\u00e4ndra v\u00e4rlden","publisher":{"@id":"https:\/\/www.kompetensforetagen.se\/#organization"},"potentialAction":[{"@type":"SearchAction","target":{"@type":"EntryPoint","urlTemplate":"https:\/\/www.kompetensforetagen.se\/?s={search_term_string}"},"query-input":{"@type":"PropertyValueSpecification","valueRequired":true,"valueName":"search_term_string"}}],"inLanguage":"sv-SE"},{"@type":"Organization","@id":"https:\/\/www.kompetensforetagen.se\/#organization","name":"Kompetensf\u00f6retagen","url":"https:\/\/www.kompetensforetagen.se\/","logo":{"@type":"ImageObject","inLanguage":"sv-SE","@id":"https:\/\/www.kompetensforetagen.se\/#\/schema\/logo\/image\/","url":"https:\/\/www.kompetensforetagen.se\/app\/uploads\/sites\/5\/2022\/10\/logga_svart.png","contentUrl":"https:\/\/www.kompetensforetagen.se\/app\/uploads\/sites\/5\/2022\/10\/logga_svart.png","width":752,"height":64,"caption":"Kompetensf\u00f6retagen"},"image":{"@id":"https:\/\/www.kompetensforetagen.se\/#\/schema\/logo\/image\/"},"sameAs":["https:\/\/www.linkedin.com\/company\/10540032\/"]},{"@type":"Person","@id":"https:\/\/www.kompetensforetagen.se\/#\/schema\/person\/38c6b37b81c530c93246c3d1993d5662","name":"Shashika Sellgren","image":{"@type":"ImageObject","inLanguage":"sv-SE","@id":"https:\/\/www.kompetensforetagen.se\/#\/schema\/person\/image\/","url":"https:\/\/secure.gravatar.com\/avatar\/b225c479880df9eb82d1501dd105dd8040f27c8563f3d4bf5dd62ce0a1630abd?s=96&d=mm&r=g","contentUrl":"https:\/\/secure.gravatar.com\/avatar\/b225c479880df9eb82d1501dd105dd8040f27c8563f3d4bf5dd62ce0a1630abd?s=96&d=mm&r=g","caption":"Shashika Sellgren"},"url":"https:\/\/www.kompetensforetagen.se\/person\/shashikasellgren\/"}]}},"_links":{"self":[{"href":"https:\/\/www.kompetensforetagen.se\/api\/wp\/v2\/posts\/5204","targetHints":{"allow":["GET"]}}],"collection":[{"href":"https:\/\/www.kompetensforetagen.se\/api\/wp\/v2\/posts"}],"about":[{"href":"https:\/\/www.kompetensforetagen.se\/api\/wp\/v2\/types\/post"}],"author":[{"embeddable":true,"href":"https:\/\/www.kompetensforetagen.se\/api\/wp\/v2\/users\/6058"}],"replies":[{"embeddable":true,"href":"https:\/\/www.kompetensforetagen.se\/api\/wp\/v2\/comments?post=5204"}],"version-history":[{"count":1,"href":"https:\/\/www.kompetensforetagen.se\/api\/wp\/v2\/posts\/5204\/revisions"}],"predecessor-version":[{"id":12204,"href":"https:\/\/www.kompetensforetagen.se\/api\/wp\/v2\/posts\/5204\/revisions\/12204"}],"wp:featuredmedia":[{"embeddable":true,"href":"https:\/\/www.kompetensforetagen.se\/api\/wp\/v2\/media\/5205"}],"wp:attachment":[{"href":"https:\/\/www.kompetensforetagen.se\/api\/wp\/v2\/media?parent=5204"}],"wp:term":[{"taxonomy":"category","embeddable":true,"href":"https:\/\/www.kompetensforetagen.se\/api\/wp\/v2\/categories?post=5204"},{"taxonomy":"post_tag","embeddable":true,"href":"https:\/\/www.kompetensforetagen.se\/api\/wp\/v2\/tags?post=5204"},{"taxonomy":"type","embeddable":true,"href":"https:\/\/www.kompetensforetagen.se\/api\/wp\/v2\/article_type?post=5204"},{"taxonomy":"agreement","embeddable":true,"href":"https:\/\/www.kompetensforetagen.se\/api\/wp\/v2\/agreement?post=5204"},{"taxonomy":"for-members","embeddable":true,"href":"https:\/\/www.kompetensforetagen.se\/api\/wp\/v2\/for-members?post=5204"}],"curies":[{"name":"wp","href":"https:\/\/api.w.org\/{rel}","templated":true}]}}