{"id":5167,"date":"2020-06-26T15:11:05","date_gmt":"2020-06-26T13:11:05","guid":{"rendered":"https:\/\/www.kompetensforetagen.se\/?p=5167"},"modified":"2023-07-10T09:37:08","modified_gmt":"2023-07-10T07:37:08","slug":"kommuner-ska-samarbeta-med-leverantorer-inte-konkurrera","status":"publish","type":"post","link":"https:\/\/www.kompetensforetagen.se\/2020\/06\/kommuner-ska-samarbeta-med-leverantorer-inte-konkurrera\/","title":{"rendered":"Kommuner ska inte konkurrera med frist\u00e5ende leverant\u00f6rer"},"content":{"rendered":"\n<p>Idag presenterades f\u00f6rslagen i <a href=\"https:\/\/www.regeringen.se\/rattsliga-dokument\/statens-offentliga-utredningar\/2020\/06\/sou-202041\/\">utredningen<\/a> om kommunernas medverkan i den statliga arbetsmarknadspolitiken (SOU 2020:41), som \u00e4r en del av arbetet med \u00a0<a href=\"https:\/\/www.kompetensforetagen.se\/arbetsformedlingen\/om-arbetsformedlingens-reform\/\">Arbetsf\u00f6rmedlingens reform<\/a>. Kompetensf\u00f6retagens st\u00e5ndpunkt \u00e4r att kommuner inte ska konkurrera med de frist\u00e5ende akt\u00f6rerna.<\/p>\n\n\n\n<p>I utredarens uppdrag har ing\u00e5tt att g\u00f6ra en analys av om dagens regler till\u00e5ter kommuner att vara leverant\u00f6rer av arbetsmarknadspolitiska insatser \u00e5t Arbetsf\u00f6rmedlingen. Utredaren f\u00f6resl\u00e5r att kommunerna ska kunna delta i LOV-system (lagen om valfrihet) och LOU-upphandlingen (lagen om upphandling) i direkt konkurrens med frist\u00e5ende leverant\u00f6rer.<\/p>\n\n\n\n<blockquote class=\"wp-block-quote is-layout-flow wp-block-quote-is-layout-flow\">\n<p>\u00d6<span style=\"background-color: transparent; font-size: 1rem;\">ver 99 procent av landets arbetsl\u00f6sa har allts\u00e5 tillg\u00e5ng till en frist\u00e5ende matchningsakt\u00f6r lokalt<\/span><\/p>\n<\/blockquote>\n\n\n\n<p>Bakgrunden till utredningen \u00e4r oron f\u00f6r &#8221;vita fl\u00e4ckar&#8221;. Med vita fl\u00e4ckar menas omr\u00e5den som inte t\u00e4cks in av n\u00e4rvaron av&nbsp; frist\u00e5ende leverant\u00f6rer av arbetsf\u00f6rmedlingstj\u00e4nster.&nbsp; Den oron \u00e4r obefogad. Drygt 99 procent av befolkningen i arbetsf\u00f6r \u00e5lder<span style=\"background-color: transparent; font-size: 1rem;\">&nbsp; bor i ett leveransomr\u00e5de d\u00e4r det finns etablerade frist\u00e5ende leverant\u00f6rer. Samma f\u00f6rh\u00e5llande g\u00e4ller andelen arbetsl\u00f6sa, \u00f6ver 99 procent av landets arbetsl\u00f6sa har allts\u00e5 tillg\u00e5ng till en frist\u00e5ende matchningsakt\u00f6r lokalt. \u00d6vriga leveransomr\u00e5den forts\u00e4tter att t\u00e4ckas in, och antalet vita fl\u00e4ckar minskar stadigt.&nbsp;<\/span><\/p>\n\n\n\n<p><span style=\"background-color: transparent; font-size: 1rem;\">Kommuner ska inte konkurrera med frist\u00e5ende leverant\u00f6rer, utan snarare samarbeta f\u00f6r b\u00e4sta resultat.<\/span><\/p>\n\n\n\n<p><span style=\"background-color: transparent; font-size: 1rem;\">F\u00f6r mer information l\u00e4s Almegas pressmeddelande <a href=\"https:\/\/www.almega.se\/2020\/06\/obefogad-oro-for-vita-flackar\/\" target=\"_blank\" rel=\"noreferrer noopener\">h\u00e4r<\/a> och lyssna \u00e4ven in <a href=\"https:\/\/sverigesradio.se\/sida\/artikel.aspx?programid=83&amp;artikel=7503796\" target=\"_blank\" rel=\"noreferrer noopener\">Lunchekot (26\/6)<\/a> d\u00e4r Almegas n\u00e4ringspolitiska chef Andreas \u00c5str\u00f6m intervjuas.\u00a0\u00a0<\/span><\/p>\n\n\n\n<p>Uppdatering: Kompetensf\u00f6retagen har f\u00f6rfattat en remiss kring kommunutredningen, som du kan l\u00e4sa <a href=\"https:\/\/www.kompetensforetagen.se\/remisser\/remissyttrande-kommuner-som-utforare-av-tjanster-at-arbetsformedlingen-sou-202041\/\">h\u00e4r<\/a><\/p>\n","protected":false},"excerpt":{"rendered":"<p>Idag presenterades f\u00f6rslagen i utredningen om kommunernas medverkan i den statliga arbetsmarknadspolitiken (SOU 2020:41), som \u00e4r en del av arbetet med \u00a0Arbetsf\u00f6rmedlingens reform. Kompetensf\u00f6retagens st\u00e5ndpunkt \u00e4r att kommuner inte ska konkurrera med de frist\u00e5ende akt\u00f6rerna. &hellip;<\/p>\n","protected":false},"author":6058,"featured_media":4485,"comment_status":"closed","ping_status":"closed","sticky":false,"template":"","format":"standard","meta":{"_acf_changed":false,"footnotes":""},"categories":[192],"tags":[],"article_type":[219],"agreement":[],"for-members":[],"class_list":["post-5167","post","type-post","status-publish","format-standard","has-post-thumbnail","hentry","category-arbetsformedlingen","type-nyhet"],"acf":[],"yoast_head":"<!-- This site is optimized with the Yoast SEO Premium plugin v26.8 (Yoast SEO v26.8) - https:\/\/yoast.com\/product\/yoast-seo-premium-wordpress\/ -->\n<title>Kommuner ska inte konkurrera med frist\u00e5ende leverant\u00f6rer<\/title>\n<meta name=\"description\" content=\"Den sk kommunutredningen r\u00f6r reformeringen av Arbetsf\u00f6rmedlingen. V\u00e5rt budskap \u00e4r; kommuner ska inte konkurrera med frist\u00e5ende leverant\u00f6rer.\" \/>\n<meta name=\"robots\" content=\"index, follow, max-snippet:-1, max-image-preview:large, max-video-preview:-1\" \/>\n<link rel=\"canonical\" href=\"https:\/\/www.kompetensforetagen.se\/2020\/06\/kommuner-ska-samarbeta-med-leverantorer-inte-konkurrera\/\" \/>\n<meta property=\"og:locale\" content=\"sv_SE\" \/>\n<meta property=\"og:type\" content=\"article\" \/>\n<meta property=\"og:title\" content=\"Kommuner ska inte konkurrera med frist\u00e5ende leverant\u00f6rer\" \/>\n<meta property=\"og:description\" content=\"Den sk kommunutredningen r\u00f6r reformeringen av Arbetsf\u00f6rmedlingen. V\u00e5rt budskap \u00e4r; kommuner ska inte konkurrera med frist\u00e5ende leverant\u00f6rer.\" \/>\n<meta property=\"og:url\" content=\"https:\/\/www.kompetensforetagen.se\/2020\/06\/kommuner-ska-samarbeta-med-leverantorer-inte-konkurrera\/\" \/>\n<meta property=\"og:site_name\" content=\"Kompetensf\u00f6retagen\" \/>\n<meta property=\"article:published_time\" content=\"2020-06-26T13:11:05+00:00\" \/>\n<meta property=\"article:modified_time\" content=\"2023-07-10T07:37:08+00:00\" \/>\n<meta property=\"og:image\" content=\"https:\/\/www.kompetensforetagen.se\/app\/uploads\/sites\/5\/2020\/01\/drew-beamer-se7vvkzyxti-unsplash-1180x787.jpg\" \/>\n\t<meta property=\"og:image:width\" content=\"1180\" \/>\n\t<meta property=\"og:image:height\" content=\"787\" \/>\n\t<meta property=\"og:image:type\" content=\"image\/jpeg\" \/>\n<meta name=\"author\" content=\"Shashika Sellgren\" \/>\n<meta name=\"twitter:card\" content=\"summary_large_image\" \/>\n<meta name=\"twitter:label1\" content=\"Skriven av\" \/>\n\t<meta name=\"twitter:data1\" content=\"Shashika Sellgren\" \/>\n\t<meta name=\"twitter:label2\" content=\"Ber\u00e4knad l\u00e4stid\" \/>\n\t<meta name=\"twitter:data2\" content=\"2 minuter\" \/>\n<!-- \/ Yoast SEO Premium plugin. -->","yoast_head_json":{"title":"Kommuner ska inte konkurrera med frist\u00e5ende leverant\u00f6rer","description":"Den sk kommunutredningen r\u00f6r reformeringen av Arbetsf\u00f6rmedlingen. V\u00e5rt budskap \u00e4r; kommuner ska inte konkurrera med frist\u00e5ende leverant\u00f6rer.","robots":{"index":"index","follow":"follow","max-snippet":"max-snippet:-1","max-image-preview":"max-image-preview:large","max-video-preview":"max-video-preview:-1"},"canonical":"https:\/\/www.kompetensforetagen.se\/2020\/06\/kommuner-ska-samarbeta-med-leverantorer-inte-konkurrera\/","og_locale":"sv_SE","og_type":"article","og_title":"Kommuner ska inte konkurrera med frist\u00e5ende leverant\u00f6rer","og_description":"Den sk kommunutredningen r\u00f6r reformeringen av Arbetsf\u00f6rmedlingen. V\u00e5rt budskap \u00e4r; kommuner ska inte konkurrera med frist\u00e5ende leverant\u00f6rer.","og_url":"https:\/\/www.kompetensforetagen.se\/2020\/06\/kommuner-ska-samarbeta-med-leverantorer-inte-konkurrera\/","og_site_name":"Kompetensf\u00f6retagen","article_published_time":"2020-06-26T13:11:05+00:00","article_modified_time":"2023-07-10T07:37:08+00:00","og_image":[{"width":1180,"height":787,"url":"https:\/\/www.kompetensforetagen.se\/app\/uploads\/sites\/5\/2020\/01\/drew-beamer-se7vvkzyxti-unsplash-1180x787.jpg","type":"image\/jpeg"}],"author":"Shashika Sellgren","twitter_card":"summary_large_image","twitter_misc":{"Skriven av":"Shashika Sellgren","Ber\u00e4knad l\u00e4stid":"2 minuter"},"schema":{"@context":"https:\/\/schema.org","@graph":[{"@type":"Article","@id":"https:\/\/www.kompetensforetagen.se\/2020\/06\/kommuner-ska-samarbeta-med-leverantorer-inte-konkurrera\/#article","isPartOf":{"@id":"https:\/\/www.kompetensforetagen.se\/2020\/06\/kommuner-ska-samarbeta-med-leverantorer-inte-konkurrera\/"},"author":{"name":"Shashika Sellgren","@id":"https:\/\/www.kompetensforetagen.se\/#\/schema\/person\/38c6b37b81c530c93246c3d1993d5662"},"headline":"Kommuner ska inte konkurrera med frist\u00e5ende leverant\u00f6rer","datePublished":"2020-06-26T13:11:05+00:00","dateModified":"2023-07-10T07:37:08+00:00","mainEntityOfPage":{"@id":"https:\/\/www.kompetensforetagen.se\/2020\/06\/kommuner-ska-samarbeta-med-leverantorer-inte-konkurrera\/"},"wordCount":286,"publisher":{"@id":"https:\/\/www.kompetensforetagen.se\/#organization"},"image":{"@id":"https:\/\/www.kompetensforetagen.se\/2020\/06\/kommuner-ska-samarbeta-med-leverantorer-inte-konkurrera\/#primaryimage"},"thumbnailUrl":"https:\/\/www.kompetensforetagen.se\/app\/uploads\/sites\/5\/2020\/01\/drew-beamer-se7vvkzyxti-unsplash.jpg","articleSection":["Arbetsf\u00f6rmedlingen"],"inLanguage":"sv-SE"},{"@type":"WebPage","@id":"https:\/\/www.kompetensforetagen.se\/2020\/06\/kommuner-ska-samarbeta-med-leverantorer-inte-konkurrera\/","url":"https:\/\/www.kompetensforetagen.se\/2020\/06\/kommuner-ska-samarbeta-med-leverantorer-inte-konkurrera\/","name":"Kommuner ska inte konkurrera med frist\u00e5ende leverant\u00f6rer","isPartOf":{"@id":"https:\/\/www.kompetensforetagen.se\/#website"},"primaryImageOfPage":{"@id":"https:\/\/www.kompetensforetagen.se\/2020\/06\/kommuner-ska-samarbeta-med-leverantorer-inte-konkurrera\/#primaryimage"},"image":{"@id":"https:\/\/www.kompetensforetagen.se\/2020\/06\/kommuner-ska-samarbeta-med-leverantorer-inte-konkurrera\/#primaryimage"},"thumbnailUrl":"https:\/\/www.kompetensforetagen.se\/app\/uploads\/sites\/5\/2020\/01\/drew-beamer-se7vvkzyxti-unsplash.jpg","datePublished":"2020-06-26T13:11:05+00:00","dateModified":"2023-07-10T07:37:08+00:00","description":"Den sk kommunutredningen r\u00f6r reformeringen av Arbetsf\u00f6rmedlingen. V\u00e5rt budskap \u00e4r; kommuner ska inte konkurrera med frist\u00e5ende leverant\u00f6rer.","breadcrumb":{"@id":"https:\/\/www.kompetensforetagen.se\/2020\/06\/kommuner-ska-samarbeta-med-leverantorer-inte-konkurrera\/#breadcrumb"},"inLanguage":"sv-SE","potentialAction":[{"@type":"ReadAction","target":["https:\/\/www.kompetensforetagen.se\/2020\/06\/kommuner-ska-samarbeta-med-leverantorer-inte-konkurrera\/"]}]},{"@type":"ImageObject","inLanguage":"sv-SE","@id":"https:\/\/www.kompetensforetagen.se\/2020\/06\/kommuner-ska-samarbeta-med-leverantorer-inte-konkurrera\/#primaryimage","url":"https:\/\/www.kompetensforetagen.se\/app\/uploads\/sites\/5\/2020\/01\/drew-beamer-se7vvkzyxti-unsplash.jpg","contentUrl":"https:\/\/www.kompetensforetagen.se\/app\/uploads\/sites\/5\/2020\/01\/drew-beamer-se7vvkzyxti-unsplash.jpg","width":5450,"height":3633,"caption":"Kontorsstolar runt konferensbord"},{"@type":"BreadcrumbList","@id":"https:\/\/www.kompetensforetagen.se\/2020\/06\/kommuner-ska-samarbeta-med-leverantorer-inte-konkurrera\/#breadcrumb","itemListElement":[{"@type":"ListItem","position":1,"name":"Home","item":"https:\/\/www.kompetensforetagen.se\/"},{"@type":"ListItem","position":2,"name":"Kommuner ska inte konkurrera med frist\u00e5ende leverant\u00f6rer"}]},{"@type":"WebSite","@id":"https:\/\/www.kompetensforetagen.se\/#website","url":"https:\/\/www.kompetensforetagen.se\/","name":"Kompetensf\u00f6retagen","description":"R\u00e4tt person p\u00e5 r\u00e4tt plats kan f\u00f6r\u00e4ndra v\u00e4rlden","publisher":{"@id":"https:\/\/www.kompetensforetagen.se\/#organization"},"potentialAction":[{"@type":"SearchAction","target":{"@type":"EntryPoint","urlTemplate":"https:\/\/www.kompetensforetagen.se\/?s={search_term_string}"},"query-input":{"@type":"PropertyValueSpecification","valueRequired":true,"valueName":"search_term_string"}}],"inLanguage":"sv-SE"},{"@type":"Organization","@id":"https:\/\/www.kompetensforetagen.se\/#organization","name":"Kompetensf\u00f6retagen","url":"https:\/\/www.kompetensforetagen.se\/","logo":{"@type":"ImageObject","inLanguage":"sv-SE","@id":"https:\/\/www.kompetensforetagen.se\/#\/schema\/logo\/image\/","url":"https:\/\/www.kompetensforetagen.se\/app\/uploads\/sites\/5\/2022\/10\/logga_svart.png","contentUrl":"https:\/\/www.kompetensforetagen.se\/app\/uploads\/sites\/5\/2022\/10\/logga_svart.png","width":752,"height":64,"caption":"Kompetensf\u00f6retagen"},"image":{"@id":"https:\/\/www.kompetensforetagen.se\/#\/schema\/logo\/image\/"},"sameAs":["https:\/\/www.linkedin.com\/company\/10540032\/"]},{"@type":"Person","@id":"https:\/\/www.kompetensforetagen.se\/#\/schema\/person\/38c6b37b81c530c93246c3d1993d5662","name":"Shashika Sellgren","image":{"@type":"ImageObject","inLanguage":"sv-SE","@id":"https:\/\/www.kompetensforetagen.se\/#\/schema\/person\/image\/","url":"https:\/\/secure.gravatar.com\/avatar\/b225c479880df9eb82d1501dd105dd8040f27c8563f3d4bf5dd62ce0a1630abd?s=96&d=mm&r=g","contentUrl":"https:\/\/secure.gravatar.com\/avatar\/b225c479880df9eb82d1501dd105dd8040f27c8563f3d4bf5dd62ce0a1630abd?s=96&d=mm&r=g","caption":"Shashika Sellgren"},"url":"https:\/\/www.kompetensforetagen.se\/person\/shashikasellgren\/"}]}},"_links":{"self":[{"href":"https:\/\/www.kompetensforetagen.se\/api\/wp\/v2\/posts\/5167","targetHints":{"allow":["GET"]}}],"collection":[{"href":"https:\/\/www.kompetensforetagen.se\/api\/wp\/v2\/posts"}],"about":[{"href":"https:\/\/www.kompetensforetagen.se\/api\/wp\/v2\/types\/post"}],"author":[{"embeddable":true,"href":"https:\/\/www.kompetensforetagen.se\/api\/wp\/v2\/users\/6058"}],"replies":[{"embeddable":true,"href":"https:\/\/www.kompetensforetagen.se\/api\/wp\/v2\/comments?post=5167"}],"version-history":[{"count":2,"href":"https:\/\/www.kompetensforetagen.se\/api\/wp\/v2\/posts\/5167\/revisions"}],"predecessor-version":[{"id":14385,"href":"https:\/\/www.kompetensforetagen.se\/api\/wp\/v2\/posts\/5167\/revisions\/14385"}],"wp:featuredmedia":[{"embeddable":true,"href":"https:\/\/www.kompetensforetagen.se\/api\/wp\/v2\/media\/4485"}],"wp:attachment":[{"href":"https:\/\/www.kompetensforetagen.se\/api\/wp\/v2\/media?parent=5167"}],"wp:term":[{"taxonomy":"category","embeddable":true,"href":"https:\/\/www.kompetensforetagen.se\/api\/wp\/v2\/categories?post=5167"},{"taxonomy":"post_tag","embeddable":true,"href":"https:\/\/www.kompetensforetagen.se\/api\/wp\/v2\/tags?post=5167"},{"taxonomy":"type","embeddable":true,"href":"https:\/\/www.kompetensforetagen.se\/api\/wp\/v2\/article_type?post=5167"},{"taxonomy":"agreement","embeddable":true,"href":"https:\/\/www.kompetensforetagen.se\/api\/wp\/v2\/agreement?post=5167"},{"taxonomy":"for-members","embeddable":true,"href":"https:\/\/www.kompetensforetagen.se\/api\/wp\/v2\/for-members?post=5167"}],"curies":[{"name":"wp","href":"https:\/\/api.w.org\/{rel}","templated":true}]}}