{"id":5129,"date":"2020-05-28T12:12:31","date_gmt":"2020-05-28T10:12:31","guid":{"rendered":"https:\/\/www.kompetensforetagen.se\/?p=5129"},"modified":"2023-12-01T09:47:59","modified_gmt":"2023-12-01T08:47:59","slug":"bra-kundbetyg-for-bemanningsbranschen-i-ski-matning","status":"publish","type":"post","link":"https:\/\/www.kompetensforetagen.se\/2020\/05\/bra-kundbetyg-for-bemanningsbranschen-i-ski-matning\/","title":{"rendered":"Bra kundbetyg f\u00f6r bemannings&shy;branschen i SKI-m\u00e4tning"},"content":{"rendered":"\n<p>SKI, Svenskt Kvalitetsindex <a href=\"https:\/\/www.mynewsdesk.com\/se\/kvalitetsindex\/pressreleases\/bemanningsbranschen-faar-godkaenda-betyg-men-osaekerheten-aer-stor-3001632\" target=\"_blank\" rel=\"noopener noreferrer\">m\u00e4ter bemanningsbranschen<\/a> f\u00f6r fjortonde \u00e5ret i rad, och kan konstatera att bemanningsbranschen har bra kundbetyg. Unders\u00f6kningen visar p\u00e5 en j\u00e4mn och stabil niv\u00e5 s\u00e5som den gjort i \u00f6ver ett decennium, till<br>skillnad fr\u00e5n m\u00e5nga andra branscher. De senaste \u00e5ren har kundn\u00f6jdheten legat p\u00e5 69, vilket \u00e4r ett bra betyg, d\u00e5 n\u00f6jdheten m\u00e4ts p\u00e5 en skala mellan 0 och 100. Generellt sett har branscher och f\u00f6retag som ges betyg under 60 stora sv\u00e5righeter att motivera sina kunder att stanna kvar.<\/p>\n\n\n\n<blockquote class=\"wp-block-quote is-layout-flow wp-block-quote-is-layout-flow\">\n<p>Att bibeh\u00e5lla en h\u00f6g aktivitetsniv\u00e5 mot sina kunder \u00e4r n\u00e5got som \u00e4r viktigt inte minst i kristider och det \u00e4r bemanningsf\u00f6retagen generellt bra p\u00e5<\/p>\n<\/blockquote>\n\n\n\n<p><span class=\"TextRun BCX7 SCXW50570911\" lang=\"SV-SE\" xml:lang=\"SV-SE\" data-contrast=\"auto\"><span class=\"NormalTextRun BCX7 SCXW50570911\">M\u00e4tningen visar ocks\u00e5 att os\u00e4kerheten kring framtiden \u00e4r stor. Det handlar b\u00e5de om kundernas syn p\u00e5 framtiden men ocks\u00e5 den tid av os\u00e4kerhet som r\u00e5dande Covid-19 pandemi skapar. Branschens kunder upplever det sv\u00e5rare att f\u00f6rutse behov och planera f\u00f6r sin resurs- och kompetensf\u00f6rs\u00f6rjning fram\u00e5t. S\u00e5 m\u00e5nga som sex av tio kunder anger att det \u00e4r sv\u00e5rare att planera fram\u00e5t \u00e4n tidigare<\/span><\/span><\/p>\n\n\n\n<h3 class=\"wp-block-heading\">&nbsp;Bemanningsbranschen har bra kundbetyg<\/h3>\n\n\n\n<p>Att bibeh\u00e5lla en h\u00f6g aktivitetsniv\u00e5 mot sina kunder \u00e4r n\u00e5got som \u00e4r viktigt inte minst i kristider och det \u00e4r bemanningsf\u00f6retagen generellt bra p\u00e5. Kundernas feedback \u00e4r mycket stabil,&nbsp; n\u00e4stan helt i linje med tidigare \u00e5r. Branschen har alltid haft goda omd\u00f6men n\u00e4r det g\u00e4ller service i samband med kontakt och r\u00e5d samt hantering av klagom\u00e5l. I \u00e5rets studie \u00e4r det 5 av 10 som uppger att det bemanningsbolag man nyttjar \u00e4r bra p\u00e5 att s\u00e4kerst\u00e4lla att tj\u00e4nsterna fungerar, b\u00e5de nu och f\u00f6r framtida behov.<\/p>\n\n\n\n<h3 class=\"wp-block-heading\">Viktigt med etik<\/h3>\n\n\n\n<p>-Precis som i revisionsbranschen \u00e4r j\u00e4mst\u00e4lldhet och m\u00e5ngfald viktiga fr\u00e5gor f\u00f6r bemanningsbranschens kunder, s\u00e4ger Johan Parmler, vd Svenskt Kvalitetsindex. D\u00e4rf\u00f6r \u00e4r det positivt att branschen nu f\u00e5r h\u00f6ga betyg n\u00e4r det g\u00e4ller <a href=\"https:\/\/www.kompetensforetagen.se\/medlemskap\/etiska-regler\/\" target=\"_blank\" rel=\"noopener noreferrer\">etiska f\u00f6rh\u00e5llningss\u00e4tt,<\/a>&nbsp;Det signalerar att branschen har bra f\u00f6ruts\u00e4ttningar att m\u00f6ta kundernas f\u00f6rv\u00e4ntningar och krav kring viktiga h\u00e5llbarhetsfr\u00e5gor.<\/p>\n\n\n\n<p class=\"has-secondary-background-color has-background\"><strong>Om studien 2020<\/strong><\/p>\n\n\n\n<p>Datainsamlingen p\u00e5gick under april 2020 och totalt samlade SKI in 981 intervjuer.<\/p>\n","protected":false},"excerpt":{"rendered":"<p>SKI, Svenskt Kvalitetsindex m\u00e4ter bemanningsbranschen f\u00f6r fjortonde \u00e5ret i rad, och kan konstatera att bemanningsbranschen har bra kundbetyg. Unders\u00f6kningen visar p\u00e5 en j\u00e4mn och stabil niv\u00e5 s\u00e5som den gjort i \u00f6ver ett decennium, tillskillnad fr\u00e5n &hellip;<\/p>\n","protected":false},"author":6058,"featured_media":10887,"comment_status":"closed","ping_status":"closed","sticky":false,"template":"","format":"standard","meta":{"_acf_changed":false,"footnotes":""},"categories":[15],"tags":[],"article_type":[219],"agreement":[],"for-members":[],"class_list":["post-5129","post","type-post","status-publish","format-standard","has-post-thumbnail","hentry","category-statistik","type-nyhet"],"acf":[],"yoast_head":"<!-- This site is optimized with the Yoast SEO Premium plugin v26.8 (Yoast SEO v26.8) - https:\/\/yoast.com\/product\/yoast-seo-premium-wordpress\/ -->\n<title>Bemanningsbranschen har bra kundbetyg - Kompetensf\u00f6retagen<\/title>\n<meta name=\"description\" content=\"Bemanningsbranschen har bra kundbetyg visar en m\u00e4tning fr\u00e5n SKI. Branschen f\u00e5r ocks\u00e5 h\u00f6ga betyg n\u00e4r det g\u00e4ller etiska f\u00f6rh\u00e5llningss\u00e4tt.\" \/>\n<meta name=\"robots\" content=\"index, follow, max-snippet:-1, max-image-preview:large, max-video-preview:-1\" \/>\n<link rel=\"canonical\" href=\"https:\/\/www.kompetensforetagen.se\/2020\/05\/bra-kundbetyg-for-bemanningsbranschen-i-ski-matning\/\" \/>\n<meta property=\"og:locale\" content=\"sv_SE\" \/>\n<meta property=\"og:type\" content=\"article\" \/>\n<meta property=\"og:title\" content=\"Bra kundbetyg f\u00f6r bemanningsbranschen i SKI-m\u00e4tning\" \/>\n<meta property=\"og:description\" content=\"Bemanningsbranschen har bra kundbetyg visar en m\u00e4tning fr\u00e5n SKI. Branschen f\u00e5r ocks\u00e5 h\u00f6ga betyg n\u00e4r det g\u00e4ller etiska f\u00f6rh\u00e5llningss\u00e4tt.\" \/>\n<meta property=\"og:url\" content=\"https:\/\/www.kompetensforetagen.se\/2020\/05\/bra-kundbetyg-for-bemanningsbranschen-i-ski-matning\/\" \/>\n<meta property=\"og:site_name\" content=\"Kompetensf\u00f6retagen\" \/>\n<meta property=\"article:published_time\" content=\"2020-05-28T10:12:31+00:00\" \/>\n<meta property=\"article:modified_time\" content=\"2023-12-01T08:47:59+00:00\" \/>\n<meta property=\"og:image\" content=\"https:\/\/www.kompetensforetagen.se\/app\/uploads\/sites\/5\/2023\/02\/pexels-olia-danilevich-8145343-scaled.jpg\" \/>\n\t<meta property=\"og:image:width\" content=\"1707\" \/>\n\t<meta property=\"og:image:height\" content=\"2560\" \/>\n\t<meta property=\"og:image:type\" content=\"image\/jpeg\" \/>\n<meta name=\"author\" content=\"Shashika Sellgren\" \/>\n<meta name=\"twitter:card\" content=\"summary_large_image\" \/>\n<meta name=\"twitter:label1\" content=\"Skriven av\" \/>\n\t<meta name=\"twitter:data1\" content=\"Shashika Sellgren\" \/>\n\t<meta name=\"twitter:label2\" content=\"Ber\u00e4knad l\u00e4stid\" \/>\n\t<meta name=\"twitter:data2\" content=\"2 minuter\" \/>\n<!-- \/ Yoast SEO Premium plugin. -->","yoast_head_json":{"title":"Bemanningsbranschen har bra kundbetyg - Kompetensf\u00f6retagen","description":"Bemanningsbranschen har bra kundbetyg visar en m\u00e4tning fr\u00e5n SKI. Branschen f\u00e5r ocks\u00e5 h\u00f6ga betyg n\u00e4r det g\u00e4ller etiska f\u00f6rh\u00e5llningss\u00e4tt.","robots":{"index":"index","follow":"follow","max-snippet":"max-snippet:-1","max-image-preview":"max-image-preview:large","max-video-preview":"max-video-preview:-1"},"canonical":"https:\/\/www.kompetensforetagen.se\/2020\/05\/bra-kundbetyg-for-bemanningsbranschen-i-ski-matning\/","og_locale":"sv_SE","og_type":"article","og_title":"Bra kundbetyg f\u00f6r bemanningsbranschen i SKI-m\u00e4tning","og_description":"Bemanningsbranschen har bra kundbetyg visar en m\u00e4tning fr\u00e5n SKI. Branschen f\u00e5r ocks\u00e5 h\u00f6ga betyg n\u00e4r det g\u00e4ller etiska f\u00f6rh\u00e5llningss\u00e4tt.","og_url":"https:\/\/www.kompetensforetagen.se\/2020\/05\/bra-kundbetyg-for-bemanningsbranschen-i-ski-matning\/","og_site_name":"Kompetensf\u00f6retagen","article_published_time":"2020-05-28T10:12:31+00:00","article_modified_time":"2023-12-01T08:47:59+00:00","og_image":[{"width":1707,"height":2560,"url":"https:\/\/www.kompetensforetagen.se\/app\/uploads\/sites\/5\/2023\/02\/pexels-olia-danilevich-8145343-scaled.jpg","type":"image\/jpeg"}],"author":"Shashika Sellgren","twitter_card":"summary_large_image","twitter_misc":{"Skriven av":"Shashika Sellgren","Ber\u00e4knad l\u00e4stid":"2 minuter"},"schema":{"@context":"https:\/\/schema.org","@graph":[{"@type":"Article","@id":"https:\/\/www.kompetensforetagen.se\/2020\/05\/bra-kundbetyg-for-bemanningsbranschen-i-ski-matning\/#article","isPartOf":{"@id":"https:\/\/www.kompetensforetagen.se\/2020\/05\/bra-kundbetyg-for-bemanningsbranschen-i-ski-matning\/"},"author":{"name":"Shashika Sellgren","@id":"https:\/\/www.kompetensforetagen.se\/#\/schema\/person\/38c6b37b81c530c93246c3d1993d5662"},"headline":"Bra kundbetyg f\u00f6r bemannings&shy;branschen i SKI-m\u00e4tning","datePublished":"2020-05-28T10:12:31+00:00","dateModified":"2023-12-01T08:47:59+00:00","mainEntityOfPage":{"@id":"https:\/\/www.kompetensforetagen.se\/2020\/05\/bra-kundbetyg-for-bemanningsbranschen-i-ski-matning\/"},"wordCount":393,"publisher":{"@id":"https:\/\/www.kompetensforetagen.se\/#organization"},"image":{"@id":"https:\/\/www.kompetensforetagen.se\/2020\/05\/bra-kundbetyg-for-bemanningsbranschen-i-ski-matning\/#primaryimage"},"thumbnailUrl":"https:\/\/www.kompetensforetagen.se\/app\/uploads\/sites\/5\/2023\/02\/pexels-olia-danilevich-8145343-scaled.jpg","articleSection":["Statistik"],"inLanguage":"sv-SE"},{"@type":"WebPage","@id":"https:\/\/www.kompetensforetagen.se\/2020\/05\/bra-kundbetyg-for-bemanningsbranschen-i-ski-matning\/","url":"https:\/\/www.kompetensforetagen.se\/2020\/05\/bra-kundbetyg-for-bemanningsbranschen-i-ski-matning\/","name":"Bemanningsbranschen har bra kundbetyg - Kompetensf\u00f6retagen","isPartOf":{"@id":"https:\/\/www.kompetensforetagen.se\/#website"},"primaryImageOfPage":{"@id":"https:\/\/www.kompetensforetagen.se\/2020\/05\/bra-kundbetyg-for-bemanningsbranschen-i-ski-matning\/#primaryimage"},"image":{"@id":"https:\/\/www.kompetensforetagen.se\/2020\/05\/bra-kundbetyg-for-bemanningsbranschen-i-ski-matning\/#primaryimage"},"thumbnailUrl":"https:\/\/www.kompetensforetagen.se\/app\/uploads\/sites\/5\/2023\/02\/pexels-olia-danilevich-8145343-scaled.jpg","datePublished":"2020-05-28T10:12:31+00:00","dateModified":"2023-12-01T08:47:59+00:00","description":"Bemanningsbranschen har bra kundbetyg visar en m\u00e4tning fr\u00e5n SKI. Branschen f\u00e5r ocks\u00e5 h\u00f6ga betyg n\u00e4r det g\u00e4ller etiska f\u00f6rh\u00e5llningss\u00e4tt.","breadcrumb":{"@id":"https:\/\/www.kompetensforetagen.se\/2020\/05\/bra-kundbetyg-for-bemanningsbranschen-i-ski-matning\/#breadcrumb"},"inLanguage":"sv-SE","potentialAction":[{"@type":"ReadAction","target":["https:\/\/www.kompetensforetagen.se\/2020\/05\/bra-kundbetyg-for-bemanningsbranschen-i-ski-matning\/"]}]},{"@type":"ImageObject","inLanguage":"sv-SE","@id":"https:\/\/www.kompetensforetagen.se\/2020\/05\/bra-kundbetyg-for-bemanningsbranschen-i-ski-matning\/#primaryimage","url":"https:\/\/www.kompetensforetagen.se\/app\/uploads\/sites\/5\/2023\/02\/pexels-olia-danilevich-8145343-scaled.jpg","contentUrl":"https:\/\/www.kompetensforetagen.se\/app\/uploads\/sites\/5\/2023\/02\/pexels-olia-danilevich-8145343-scaled.jpg","width":1707,"height":2560,"caption":"Tre personer g\u00f6r high five"},{"@type":"BreadcrumbList","@id":"https:\/\/www.kompetensforetagen.se\/2020\/05\/bra-kundbetyg-for-bemanningsbranschen-i-ski-matning\/#breadcrumb","itemListElement":[{"@type":"ListItem","position":1,"name":"Home","item":"https:\/\/www.kompetensforetagen.se\/"},{"@type":"ListItem","position":2,"name":"Bra kundbetyg f\u00f6r bemannings&shy;branschen i SKI-m\u00e4tning"}]},{"@type":"WebSite","@id":"https:\/\/www.kompetensforetagen.se\/#website","url":"https:\/\/www.kompetensforetagen.se\/","name":"Kompetensf\u00f6retagen","description":"R\u00e4tt person p\u00e5 r\u00e4tt plats kan f\u00f6r\u00e4ndra v\u00e4rlden","publisher":{"@id":"https:\/\/www.kompetensforetagen.se\/#organization"},"potentialAction":[{"@type":"SearchAction","target":{"@type":"EntryPoint","urlTemplate":"https:\/\/www.kompetensforetagen.se\/?s={search_term_string}"},"query-input":{"@type":"PropertyValueSpecification","valueRequired":true,"valueName":"search_term_string"}}],"inLanguage":"sv-SE"},{"@type":"Organization","@id":"https:\/\/www.kompetensforetagen.se\/#organization","name":"Kompetensf\u00f6retagen","url":"https:\/\/www.kompetensforetagen.se\/","logo":{"@type":"ImageObject","inLanguage":"sv-SE","@id":"https:\/\/www.kompetensforetagen.se\/#\/schema\/logo\/image\/","url":"https:\/\/www.kompetensforetagen.se\/app\/uploads\/sites\/5\/2022\/10\/logga_svart.png","contentUrl":"https:\/\/www.kompetensforetagen.se\/app\/uploads\/sites\/5\/2022\/10\/logga_svart.png","width":752,"height":64,"caption":"Kompetensf\u00f6retagen"},"image":{"@id":"https:\/\/www.kompetensforetagen.se\/#\/schema\/logo\/image\/"},"sameAs":["https:\/\/www.linkedin.com\/company\/10540032\/"]},{"@type":"Person","@id":"https:\/\/www.kompetensforetagen.se\/#\/schema\/person\/38c6b37b81c530c93246c3d1993d5662","name":"Shashika Sellgren","image":{"@type":"ImageObject","inLanguage":"sv-SE","@id":"https:\/\/www.kompetensforetagen.se\/#\/schema\/person\/image\/","url":"https:\/\/secure.gravatar.com\/avatar\/b225c479880df9eb82d1501dd105dd8040f27c8563f3d4bf5dd62ce0a1630abd?s=96&d=mm&r=g","contentUrl":"https:\/\/secure.gravatar.com\/avatar\/b225c479880df9eb82d1501dd105dd8040f27c8563f3d4bf5dd62ce0a1630abd?s=96&d=mm&r=g","caption":"Shashika Sellgren"},"url":"https:\/\/www.kompetensforetagen.se\/person\/shashikasellgren\/"}]}},"_links":{"self":[{"href":"https:\/\/www.kompetensforetagen.se\/api\/wp\/v2\/posts\/5129","targetHints":{"allow":["GET"]}}],"collection":[{"href":"https:\/\/www.kompetensforetagen.se\/api\/wp\/v2\/posts"}],"about":[{"href":"https:\/\/www.kompetensforetagen.se\/api\/wp\/v2\/types\/post"}],"author":[{"embeddable":true,"href":"https:\/\/www.kompetensforetagen.se\/api\/wp\/v2\/users\/6058"}],"replies":[{"embeddable":true,"href":"https:\/\/www.kompetensforetagen.se\/api\/wp\/v2\/comments?post=5129"}],"version-history":[{"count":1,"href":"https:\/\/www.kompetensforetagen.se\/api\/wp\/v2\/posts\/5129\/revisions"}],"predecessor-version":[{"id":12193,"href":"https:\/\/www.kompetensforetagen.se\/api\/wp\/v2\/posts\/5129\/revisions\/12193"}],"wp:featuredmedia":[{"embeddable":true,"href":"https:\/\/www.kompetensforetagen.se\/api\/wp\/v2\/media\/10887"}],"wp:attachment":[{"href":"https:\/\/www.kompetensforetagen.se\/api\/wp\/v2\/media?parent=5129"}],"wp:term":[{"taxonomy":"category","embeddable":true,"href":"https:\/\/www.kompetensforetagen.se\/api\/wp\/v2\/categories?post=5129"},{"taxonomy":"post_tag","embeddable":true,"href":"https:\/\/www.kompetensforetagen.se\/api\/wp\/v2\/tags?post=5129"},{"taxonomy":"type","embeddable":true,"href":"https:\/\/www.kompetensforetagen.se\/api\/wp\/v2\/article_type?post=5129"},{"taxonomy":"agreement","embeddable":true,"href":"https:\/\/www.kompetensforetagen.se\/api\/wp\/v2\/agreement?post=5129"},{"taxonomy":"for-members","embeddable":true,"href":"https:\/\/www.kompetensforetagen.se\/api\/wp\/v2\/for-members?post=5129"}],"curies":[{"name":"wp","href":"https:\/\/api.w.org\/{rel}","templated":true}]}}