{"id":5073,"date":"2020-05-15T15:43:42","date_gmt":"2020-05-15T13:43:42","guid":{"rendered":"https:\/\/www.kompetensforetagen.se\/?p=5073"},"modified":"2023-11-23T15:15:19","modified_gmt":"2023-11-23T14:15:19","slug":"verksamhetsberattelse-2019","status":"publish","type":"post","link":"https:\/\/www.kompetensforetagen.se\/2020\/05\/verksamhetsberattelse-2019\/","title":{"rendered":"Verksamhetsber\u00e4ttelse 2019"},"content":{"rendered":"\n<p>H\u00e4r kan kan ni l\u00e4sa Kompetensf\u00f6retagens <a href=\"https:\/\/www.almega.se\/app\/uploads\/sites\/5\/2020\/05\/vb2019slutversion.pdf\">verksamhetsber\u00e4ttelse 2019<\/a> med ett urval av allt som genomf\u00f6rdes<span style=\"background-color: transparent; font-size: 1rem;\">. Nedan finns n\u00e5gra smakprov.<\/span><\/p>\n\n\n\n<p class=\"has-secondary-background-color has-background\"><strong>Event och h\u00e4ndelser<\/strong><\/p>\n\n\n\n<p>Almedalsveckan med v\u00e4lbes\u00f6kta seminarier och politikertr\u00e4ffar<\/p>\n\n\n\n<p>J\u00e4rvaveckan \u2013 lyckad kampanj i form av synlighet kring rekrytering<\/p>\n\n\n\n<p>Frukostm\u00f6te i riksdagen om integration<\/p>\n\n\n\n<p>Expertroll i V\u00e5rdutredningen<\/p>\n\n\n\n<p>Aktiviteter inom World Employment Confederation<\/p>\n\n\n\n<p class=\"has-secondary-background-color has-background\"><strong>Medlemskap och auktorisation<\/strong><\/p>\n\n\n\n<p>Kompetensf\u00f6retagen beslutade om:<br>F\u00f6r\u00e4ndrade medlemskapskrav och medlemskapsformer<br>Att inf\u00f6ra <a href=\"https:\/\/www.kompetensforetagen.se\/villkor-for-medlemskap-3\/\" target=\"_blank\" rel=\"noopener\">branschmedlemskap&nbsp;<\/a><br>Nytt krav p\u00e5 svensk juridisk person vid auktorisation<br>\u2022Frivillig auktorisation<\/p>\n\n\n\n<p class=\"has-secondary-background-color has-background\"><strong>Branschdagen<\/strong><\/p>\n\n\n\n<p>Kompetensf\u00f6retagens branschdag genomf\u00f6rdes f\u00f6r f\u00f6rsta g\u00e5ngen, med seminarium, mingel och n\u00e4tverkande. Ordf\u00f6rande i World Employment Confederation (WEC) talade.<\/p>\n\n\n\n<p class=\"has-secondary-background-color has-background\"><strong>Nytt pris instiftades<\/strong><\/p>\n\n\n\n<p>Konsultpriset delades ut f\u00f6r f\u00f6rsta g\u00e5ngen under branschdagen den 1 oktober. Syftet med priset \u00e4r att hylla och lyfta duktiga konsulter som hj\u00e4lper kundf\u00f6retag p\u00e5 ett extraordin\u00e4rt s\u00e4tt.<\/p>\n","protected":false},"excerpt":{"rendered":"<p>H\u00e4r kan kan ni l\u00e4sa Kompetensf\u00f6retagens verksamhetsber\u00e4ttelse 2019 med ett urval av allt som genomf\u00f6rdes. Nedan finns n\u00e5gra smakprov. Event och h\u00e4ndelser Almedalsveckan med v\u00e4lbes\u00f6kta seminarier och politikertr\u00e4ffar J\u00e4rvaveckan \u2013 lyckad kampanj i form av &hellip;<\/p>\n","protected":false},"author":6058,"featured_media":9798,"comment_status":"closed","ping_status":"closed","sticky":false,"template":"","format":"standard","meta":{"_acf_changed":false,"footnotes":""},"categories":[213],"tags":[],"article_type":[219],"agreement":[],"for-members":[],"class_list":["post-5073","post","type-post","status-publish","format-standard","has-post-thumbnail","hentry","category-verksamhetsberattelse","type-nyhet"],"acf":[],"yoast_head":"<!-- This site is optimized with the Yoast SEO Premium plugin v26.8 (Yoast SEO v26.8) - https:\/\/yoast.com\/product\/yoast-seo-premium-wordpress\/ -->\n<title>Kompetensf\u00f6retagens verksamhetsber\u00e4ttelse 2019<\/title>\n<meta name=\"description\" content=\"H\u00e4r kan kan ni l\u00e4sa Kompetensf\u00f6retagens verksamhetsber\u00e4ttelse f\u00f6r 2019 med ett urval av de aktiviteter som genomf\u00f6rdes.\" \/>\n<meta name=\"robots\" content=\"index, follow, max-snippet:-1, max-image-preview:large, max-video-preview:-1\" \/>\n<link rel=\"canonical\" href=\"https:\/\/www.kompetensforetagen.se\/2020\/05\/verksamhetsberattelse-2019\/\" \/>\n<meta property=\"og:locale\" content=\"sv_SE\" \/>\n<meta property=\"og:type\" content=\"article\" \/>\n<meta property=\"og:title\" content=\"Verksamhetsber\u00e4ttelse 2019\" \/>\n<meta property=\"og:description\" content=\"H\u00e4r kan kan ni l\u00e4sa Kompetensf\u00f6retagens verksamhetsber\u00e4ttelse f\u00f6r 2019 med ett urval av de aktiviteter som genomf\u00f6rdes.\" \/>\n<meta property=\"og:url\" content=\"https:\/\/www.kompetensforetagen.se\/2020\/05\/verksamhetsberattelse-2019\/\" \/>\n<meta property=\"og:site_name\" content=\"Kompetensf\u00f6retagen\" \/>\n<meta property=\"article:published_time\" content=\"2020-05-15T13:43:42+00:00\" \/>\n<meta property=\"article:modified_time\" content=\"2023-11-23T14:15:19+00:00\" \/>\n<meta property=\"og:image\" content=\"https:\/\/www.kompetensforetagen.se\/app\/uploads\/sites\/5\/2022\/06\/2019vb-e1681291281663.png\" \/>\n\t<meta property=\"og:image:width\" content=\"745\" \/>\n\t<meta property=\"og:image:height\" content=\"745\" \/>\n\t<meta property=\"og:image:type\" content=\"image\/png\" \/>\n<meta name=\"author\" content=\"Shashika Sellgren\" \/>\n<meta name=\"twitter:card\" content=\"summary_large_image\" \/>\n<meta name=\"twitter:label1\" content=\"Skriven av\" \/>\n\t<meta name=\"twitter:data1\" content=\"Shashika Sellgren\" \/>\n\t<meta name=\"twitter:label2\" content=\"Ber\u00e4knad l\u00e4stid\" \/>\n\t<meta name=\"twitter:data2\" content=\"1 minut\" \/>\n<!-- \/ Yoast SEO Premium plugin. -->","yoast_head_json":{"title":"Kompetensf\u00f6retagens verksamhetsber\u00e4ttelse 2019","description":"H\u00e4r kan kan ni l\u00e4sa Kompetensf\u00f6retagens verksamhetsber\u00e4ttelse f\u00f6r 2019 med ett urval av de aktiviteter som genomf\u00f6rdes.","robots":{"index":"index","follow":"follow","max-snippet":"max-snippet:-1","max-image-preview":"max-image-preview:large","max-video-preview":"max-video-preview:-1"},"canonical":"https:\/\/www.kompetensforetagen.se\/2020\/05\/verksamhetsberattelse-2019\/","og_locale":"sv_SE","og_type":"article","og_title":"Verksamhetsber\u00e4ttelse 2019","og_description":"H\u00e4r kan kan ni l\u00e4sa Kompetensf\u00f6retagens verksamhetsber\u00e4ttelse f\u00f6r 2019 med ett urval av de aktiviteter som genomf\u00f6rdes.","og_url":"https:\/\/www.kompetensforetagen.se\/2020\/05\/verksamhetsberattelse-2019\/","og_site_name":"Kompetensf\u00f6retagen","article_published_time":"2020-05-15T13:43:42+00:00","article_modified_time":"2023-11-23T14:15:19+00:00","og_image":[{"width":745,"height":745,"url":"https:\/\/www.kompetensforetagen.se\/app\/uploads\/sites\/5\/2022\/06\/2019vb-e1681291281663.png","type":"image\/png"}],"author":"Shashika Sellgren","twitter_card":"summary_large_image","twitter_misc":{"Skriven av":"Shashika Sellgren","Ber\u00e4knad l\u00e4stid":"1 minut"},"schema":{"@context":"https:\/\/schema.org","@graph":[{"@type":"Article","@id":"https:\/\/www.kompetensforetagen.se\/2020\/05\/verksamhetsberattelse-2019\/#article","isPartOf":{"@id":"https:\/\/www.kompetensforetagen.se\/2020\/05\/verksamhetsberattelse-2019\/"},"author":{"name":"Shashika Sellgren","@id":"https:\/\/www.kompetensforetagen.se\/#\/schema\/person\/38c6b37b81c530c93246c3d1993d5662"},"headline":"Verksamhetsber\u00e4ttelse 2019","datePublished":"2020-05-15T13:43:42+00:00","dateModified":"2023-11-23T14:15:19+00:00","mainEntityOfPage":{"@id":"https:\/\/www.kompetensforetagen.se\/2020\/05\/verksamhetsberattelse-2019\/"},"wordCount":154,"publisher":{"@id":"https:\/\/www.kompetensforetagen.se\/#organization"},"image":{"@id":"https:\/\/www.kompetensforetagen.se\/2020\/05\/verksamhetsberattelse-2019\/#primaryimage"},"thumbnailUrl":"https:\/\/www.kompetensforetagen.se\/app\/uploads\/sites\/5\/2022\/06\/2019vb-e1681291281663.png","articleSection":["Verksamhetsber\u00e4ttelse"],"inLanguage":"sv-SE"},{"@type":"WebPage","@id":"https:\/\/www.kompetensforetagen.se\/2020\/05\/verksamhetsberattelse-2019\/","url":"https:\/\/www.kompetensforetagen.se\/2020\/05\/verksamhetsberattelse-2019\/","name":"Kompetensf\u00f6retagens verksamhetsber\u00e4ttelse 2019","isPartOf":{"@id":"https:\/\/www.kompetensforetagen.se\/#website"},"primaryImageOfPage":{"@id":"https:\/\/www.kompetensforetagen.se\/2020\/05\/verksamhetsberattelse-2019\/#primaryimage"},"image":{"@id":"https:\/\/www.kompetensforetagen.se\/2020\/05\/verksamhetsberattelse-2019\/#primaryimage"},"thumbnailUrl":"https:\/\/www.kompetensforetagen.se\/app\/uploads\/sites\/5\/2022\/06\/2019vb-e1681291281663.png","datePublished":"2020-05-15T13:43:42+00:00","dateModified":"2023-11-23T14:15:19+00:00","description":"H\u00e4r kan kan ni l\u00e4sa Kompetensf\u00f6retagens verksamhetsber\u00e4ttelse f\u00f6r 2019 med ett urval av de aktiviteter som genomf\u00f6rdes.","breadcrumb":{"@id":"https:\/\/www.kompetensforetagen.se\/2020\/05\/verksamhetsberattelse-2019\/#breadcrumb"},"inLanguage":"sv-SE","potentialAction":[{"@type":"ReadAction","target":["https:\/\/www.kompetensforetagen.se\/2020\/05\/verksamhetsberattelse-2019\/"]}]},{"@type":"ImageObject","inLanguage":"sv-SE","@id":"https:\/\/www.kompetensforetagen.se\/2020\/05\/verksamhetsberattelse-2019\/#primaryimage","url":"https:\/\/www.kompetensforetagen.se\/app\/uploads\/sites\/5\/2022\/06\/2019vb-e1681291281663.png","contentUrl":"https:\/\/www.kompetensforetagen.se\/app\/uploads\/sites\/5\/2022\/06\/2019vb-e1681291281663.png","width":745,"height":745,"caption":"Verksamhetsber\u00e4ttelse 2019 f\u00f6r Kompetensf\u00f6retagen."},{"@type":"BreadcrumbList","@id":"https:\/\/www.kompetensforetagen.se\/2020\/05\/verksamhetsberattelse-2019\/#breadcrumb","itemListElement":[{"@type":"ListItem","position":1,"name":"Home","item":"https:\/\/www.kompetensforetagen.se\/"},{"@type":"ListItem","position":2,"name":"Verksamhetsber\u00e4ttelse 2019"}]},{"@type":"WebSite","@id":"https:\/\/www.kompetensforetagen.se\/#website","url":"https:\/\/www.kompetensforetagen.se\/","name":"Kompetensf\u00f6retagen","description":"R\u00e4tt person p\u00e5 r\u00e4tt plats kan f\u00f6r\u00e4ndra v\u00e4rlden","publisher":{"@id":"https:\/\/www.kompetensforetagen.se\/#organization"},"potentialAction":[{"@type":"SearchAction","target":{"@type":"EntryPoint","urlTemplate":"https:\/\/www.kompetensforetagen.se\/?s={search_term_string}"},"query-input":{"@type":"PropertyValueSpecification","valueRequired":true,"valueName":"search_term_string"}}],"inLanguage":"sv-SE"},{"@type":"Organization","@id":"https:\/\/www.kompetensforetagen.se\/#organization","name":"Kompetensf\u00f6retagen","url":"https:\/\/www.kompetensforetagen.se\/","logo":{"@type":"ImageObject","inLanguage":"sv-SE","@id":"https:\/\/www.kompetensforetagen.se\/#\/schema\/logo\/image\/","url":"https:\/\/www.kompetensforetagen.se\/app\/uploads\/sites\/5\/2022\/10\/logga_svart.png","contentUrl":"https:\/\/www.kompetensforetagen.se\/app\/uploads\/sites\/5\/2022\/10\/logga_svart.png","width":752,"height":64,"caption":"Kompetensf\u00f6retagen"},"image":{"@id":"https:\/\/www.kompetensforetagen.se\/#\/schema\/logo\/image\/"},"sameAs":["https:\/\/www.linkedin.com\/company\/10540032\/"]},{"@type":"Person","@id":"https:\/\/www.kompetensforetagen.se\/#\/schema\/person\/38c6b37b81c530c93246c3d1993d5662","name":"Shashika Sellgren","image":{"@type":"ImageObject","inLanguage":"sv-SE","@id":"https:\/\/www.kompetensforetagen.se\/#\/schema\/person\/image\/","url":"https:\/\/secure.gravatar.com\/avatar\/b225c479880df9eb82d1501dd105dd8040f27c8563f3d4bf5dd62ce0a1630abd?s=96&d=mm&r=g","contentUrl":"https:\/\/secure.gravatar.com\/avatar\/b225c479880df9eb82d1501dd105dd8040f27c8563f3d4bf5dd62ce0a1630abd?s=96&d=mm&r=g","caption":"Shashika Sellgren"},"url":"https:\/\/www.kompetensforetagen.se\/person\/shashikasellgren\/"}]}},"_links":{"self":[{"href":"https:\/\/www.kompetensforetagen.se\/api\/wp\/v2\/posts\/5073","targetHints":{"allow":["GET"]}}],"collection":[{"href":"https:\/\/www.kompetensforetagen.se\/api\/wp\/v2\/posts"}],"about":[{"href":"https:\/\/www.kompetensforetagen.se\/api\/wp\/v2\/types\/post"}],"author":[{"embeddable":true,"href":"https:\/\/www.kompetensforetagen.se\/api\/wp\/v2\/users\/6058"}],"replies":[{"embeddable":true,"href":"https:\/\/www.kompetensforetagen.se\/api\/wp\/v2\/comments?post=5073"}],"version-history":[{"count":3,"href":"https:\/\/www.kompetensforetagen.se\/api\/wp\/v2\/posts\/5073\/revisions"}],"predecessor-version":[{"id":15847,"href":"https:\/\/www.kompetensforetagen.se\/api\/wp\/v2\/posts\/5073\/revisions\/15847"}],"wp:featuredmedia":[{"embeddable":true,"href":"https:\/\/www.kompetensforetagen.se\/api\/wp\/v2\/media\/9798"}],"wp:attachment":[{"href":"https:\/\/www.kompetensforetagen.se\/api\/wp\/v2\/media?parent=5073"}],"wp:term":[{"taxonomy":"category","embeddable":true,"href":"https:\/\/www.kompetensforetagen.se\/api\/wp\/v2\/categories?post=5073"},{"taxonomy":"post_tag","embeddable":true,"href":"https:\/\/www.kompetensforetagen.se\/api\/wp\/v2\/tags?post=5073"},{"taxonomy":"type","embeddable":true,"href":"https:\/\/www.kompetensforetagen.se\/api\/wp\/v2\/article_type?post=5073"},{"taxonomy":"agreement","embeddable":true,"href":"https:\/\/www.kompetensforetagen.se\/api\/wp\/v2\/agreement?post=5073"},{"taxonomy":"for-members","embeddable":true,"href":"https:\/\/www.kompetensforetagen.se\/api\/wp\/v2\/for-members?post=5073"}],"curies":[{"name":"wp","href":"https:\/\/api.w.org\/{rel}","templated":true}]}}