{"id":4997,"date":"2020-04-29T10:08:17","date_gmt":"2020-04-29T08:08:17","guid":{"rendered":"https:\/\/www.kompetensforetagen.se\/?p=4997"},"modified":"2023-07-11T17:03:46","modified_gmt":"2023-07-11T15:03:46","slug":"enrival-jobbar-for-att-fa-in-fler-i-varden","status":"publish","type":"post","link":"https:\/\/www.kompetensforetagen.se\/2020\/04\/enrival-jobbar-for-att-fa-in-fler-i-varden\/","title":{"rendered":"EnRival jobbar f\u00f6r att f\u00e5 fler att jobba inom v\u00e5rden"},"content":{"rendered":"\n<p>Efterfr\u00e5gan p\u00e5 personal inom v\u00e5rd och omsorg har \u00f6kat kraftigt till f\u00f6ljd av covid-19. EnRival har sedan en tid tillbaka arbetat f\u00f6r fullt med att matcha arbetss\u00f6kande till olika v\u00e5rdtj\u00e4nster inom hemtj\u00e4nst och \u00e4ldreomsorg. De bidrar helt enkelt genom att f\u00e5 fler att jobba inom v\u00e5rden.<\/p>\n\n\n\n<p><a href=\"https:\/\/www.enrival.se\/\" target=\"_blank\" rel=\"noopener noreferrer\">EnRival<\/a> arbetar med rekrytering, bemanning, omst\u00e4llning och arbetsmarknadsprojekt. F\u00f6retaget \u00e4r bland annat en kompletterande akt\u00f6r till <a href=\"https:\/\/arbetsformedlingen.se\/\" target=\"_blank\" rel=\"noopener noreferrer\">Arbetsf\u00f6rmedlingen<\/a>, vilket inneb\u00e4r att de hj\u00e4lper myndigheten att f\u00e5 ut arbetss\u00f6kande som beh\u00f6ver f\u00f6rst\u00e4rkt och anpassat st\u00f6d ut i arbetslivet eller till studier.<\/p>\n\n\n\n<p>\u2013 Vi ligger i frontlinjen vad det g\u00e4ller att f\u00e5 arbetss\u00f6kande att komma ut p\u00e5 arbetsmarknaden, men det var ingen som var f\u00f6rberedd p\u00e5 den situation som nu har uppst\u00e5tt p\u00e5 grund av covid-19, s\u00e4ger Kenneth Sj\u00f6kvist, aff\u00e4rsutvecklingschef p\u00e5 EnRival.<\/p>\n\n\n\n<p>N\u00e4r situationen uppenbarade sig unders\u00f6kte EnRival vilka behov som fanns hos sina kunder och fick bland annat god kontakt med Malm\u00f6 Stad. Kommunen hade lagt upp en mycket omfattande annons p\u00e5 sin hemsida att man s\u00f6kte folk till v\u00e5rd och omsorg.<\/p>\n\n\n\n<p>\u2013 Vi tog kontakt med Malm\u00f6 Stad och f\u00f6rklarade att vi m\u00e5ste kunna g\u00f6ra ett slags snabbsp\u00e5r f\u00f6r v\u00e5ra deltagare med v\u00e5rderfarenhet att komma ut i arbete. Genom en bra dialog med Malm\u00f6 Stad s\u00e5 f\u00e5r vi nu ut v\u00e5ra deltagare till jobb inom hemtj\u00e4nst och \u00e4ldreomsorg, ber\u00e4ttar Kenneth Sj\u00f6kvist.<\/p>\n\n\n<a class='Share__link Share__link--url copy-text' href='#' rel='nofollow' data-text='hjalper-till-genom-att-fa-fler-att-jobba-inom-varden' title='Dela url' data-confirmation='L\u00e4nken kopierades till urklipp'><svg class='icon icon--link'  width='18' height='18' viewBox='0 0 18 18' fill='none' xmlns='http:\/\/www.w3.org\/2000\/svg'>\n            <path d='M10.4142 0.514721L6.87868 4.05025L8.29289 5.46447L11.1213 2.63604L15.364 6.87868L12.5355 9.70711L13.9497 11.1213L17.4853 7.58579C17.8763 7.19476 17.8763 6.5626 17.4853 6.17158L11.8284 0.514721C11.4374 0.123691 10.8052 0.123691 10.4142 0.514721Z' fill='black'\/>\n            <path d='M9.7071 12.5355L6.87868 15.364L2.63604 11.1213L5.46446 8.2929L4.05025 6.87868L0.514716 10.4142C0.123686 10.8052 0.123686 11.4374 0.514716 11.8284L6.17157 17.4853C6.5626 17.8763 7.19475 17.8763 7.58578 17.4853L11.1213 13.9497L9.7071 12.5355Z' fill='black'\/>\n            <path d='M6.17157 11.8284C6.5626 12.2195 7.19475 12.2195 7.58578 11.8284L11.8284 7.58579C12.2195 7.19476 12.2195 6.56261 11.8284 6.17158C11.4374 5.78055 10.8052 5.78055 10.4142 6.17158L6.17157 10.4142C5.78054 10.8052 5.78054 11.4374 6.17157 11.8284Z' fill='black'\/>\n            <\/svg> <\/a>\n<h2 class=\"wp-block-heading\">Hj\u00e4lper till genom att f\u00e5 fler att jobba inom v\u00e5rden<\/h2>\n\n\n\n<p>Samtidigt som behovet av folk inom hemtj\u00e4nsten och p\u00e5 \u00e4ldreboenden \u00e4r akut, s\u00e5 \u00e4r det en tuff situation f\u00f6r de anst\u00e4llda som m\u00e5ste vara beredda att m\u00f6ta covid-19 p\u00e5 sina nya jobb. Efter att en deltagare har f\u00e5tt jobbet g\u00e5r man direkt en tv\u00e5-timmars introduktionsutbildning. Vanligtvis brukar det finnas en m\u00f6jlighet att g\u00e5 bredvid n\u00e5gon den f\u00f6rsta tiden p\u00e5 jobbet, men det anstr\u00e4ngda l\u00e4get g\u00f6r att det inte l\u00e4ngre g\u00e5r. Men det finns bra s\u00e4tt att fr\u00e4scha upp sina v\u00e5rdkunskaper, bland annat p\u00e5 Socialstyrelsens hemsida, d\u00e4r man erbjuder gratis webbutbildningar f\u00f6r personer som ska b\u00f6rja arbeta inom v\u00e5rden.<\/p>\n\n\n\n<blockquote class=\"wp-block-quote is-layout-flow wp-block-quote-is-layout-flow\">\n<p>Vi jobbar h\u00e5rt f\u00f6r att f\u00e5 ut v\u00e5ra deltagare p\u00e5 arbetsmarknaden<\/p>\n<\/blockquote>\n\n\n\n<p>\u2013 Vi f\u00f6rs\u00f6ker verkligen ta v\u00e5rt ansvar och hitta bra m\u00e4nniskor som kan arbeta i v\u00e5rden och \u00e4r noga med v\u00e5rt urval. Malm\u00f6 Stad \u00e4r ett exempel d\u00e4r vi har lyckats f\u00e5 till ett bra samarbete, men vi arbetar under liknande former i m\u00e5nga andra delar av landet ocks\u00e5. Vi har ett st\u00e4ndigt infl\u00f6de av deltagare, samtidigt vill vi leverera kvalitet och hitta de som \u00e4r mest l\u00e4mpade f\u00f6r v\u00e5rdarbete, s\u00e4ger Kenneth Sj\u00f6kvist.<\/p>\n\n\n\n<p>Kommuner och regioner befinner sig ocks\u00e5 i olika faser vad n\u00e4r det kommer till att hantera covid-19. I Sk\u00e5ne och Malm\u00f6 s\u00e5 f\u00f6rbereder man sig f\u00f6r att antalet fall kan komma att \u00f6ka.<\/p>\n\n\n\n<p>\u2013 Vi jobbar h\u00e5rt f\u00f6r att f\u00e5 ut v\u00e5ra deltagare p\u00e5 arbetsmarknaden och till v\u00e5rden. I slut\u00e4ndan handlar det f\u00f6r oss om att ta v\u00e5rt samh\u00e4llsansvar, s\u00e4ger Kenneth Sj\u00f6kvist.<\/p>\n\n\n\n<p>L\u00e4s mer om hur <a href=\"https:\/\/www.kompetensforetagen.se\/kompetensforetag-stottar-i-coronakrisen\/\" target=\"_blank\" rel=\"noopener noreferrer\">Kompetensf\u00f6retagens medlemmar bidrar under coronapandemin<\/a>.<\/p>\n","protected":false},"excerpt":{"rendered":"<p>Efterfr\u00e5gan p\u00e5 personal inom v\u00e5rd och omsorg har \u00f6kat kraftigt till f\u00f6ljd av covid-19. EnRival har sedan en tid tillbaka arbetat f\u00f6r fullt med att matcha arbetss\u00f6kande till olika v\u00e5rdtj\u00e4nster inom hemtj\u00e4nst och \u00e4ldreomsorg. De &hellip;<\/p>\n","protected":false},"author":216,"featured_media":4998,"comment_status":"closed","ping_status":"closed","sticky":false,"template":"","format":"standard","meta":{"_acf_changed":false,"footnotes":""},"categories":[10,185,184,5],"tags":[],"article_type":[8],"agreement":[],"for-members":[],"class_list":["post-4997","post","type-post","status-publish","format-standard","has-post-thumbnail","hentry","category-arbetsmarknad","category-corona","category-coronavirus","category-vard","type-aktuellt"],"acf":[],"yoast_head":"<!-- This site is optimized with the Yoast SEO Premium plugin v26.8 (Yoast SEO v26.8) - https:\/\/yoast.com\/product\/yoast-seo-premium-wordpress\/ -->\n<title>EnRival bidrar genom att f\u00e5 fler att jobba inom v\u00e5rden<\/title>\n<meta name=\"description\" content=\"Ingen var f\u00f6rberedd p\u00e5 hur h\u00e5rt coronakrisen skulle drabba. EnRival bidrar till samh\u00e4llet genom att f\u00e5 fler att jobba inom v\u00e5rden.\" \/>\n<meta name=\"robots\" content=\"index, follow, max-snippet:-1, max-image-preview:large, max-video-preview:-1\" \/>\n<link rel=\"canonical\" href=\"https:\/\/www.kompetensforetagen.se\/2020\/04\/enrival-jobbar-for-att-fa-in-fler-i-varden\/\" \/>\n<meta property=\"og:locale\" content=\"sv_SE\" \/>\n<meta property=\"og:type\" content=\"article\" \/>\n<meta property=\"og:title\" content=\"EnRival jobbar f\u00f6r att f\u00e5 fler att jobba inom v\u00e5rden\" \/>\n<meta property=\"og:description\" content=\"Ingen var f\u00f6rberedd p\u00e5 hur h\u00e5rt coronakrisen skulle drabba. EnRival bidrar till samh\u00e4llet genom att f\u00e5 fler att jobba inom v\u00e5rden.\" \/>\n<meta property=\"og:url\" content=\"https:\/\/www.kompetensforetagen.se\/2020\/04\/enrival-jobbar-for-att-fa-in-fler-i-varden\/\" \/>\n<meta property=\"og:site_name\" content=\"Kompetensf\u00f6retagen\" \/>\n<meta property=\"article:published_time\" content=\"2020-04-29T08:08:17+00:00\" \/>\n<meta property=\"article:modified_time\" content=\"2023-07-11T15:03:46+00:00\" \/>\n<meta property=\"og:image\" content=\"https:\/\/www.kompetensforetagen.se\/app\/uploads\/sites\/5\/2020\/04\/skarmklipp.jpg\" \/>\n\t<meta property=\"og:image:width\" content=\"1074\" \/>\n\t<meta property=\"og:image:height\" content=\"648\" \/>\n\t<meta property=\"og:image:type\" content=\"image\/jpeg\" \/>\n<meta name=\"author\" content=\"Carina Kit\" \/>\n<meta name=\"twitter:card\" content=\"summary_large_image\" \/>\n<meta name=\"twitter:label1\" content=\"Skriven av\" \/>\n\t<meta name=\"twitter:data1\" content=\"Carina Kit\" \/>\n\t<meta name=\"twitter:label2\" content=\"Ber\u00e4knad l\u00e4stid\" \/>\n\t<meta name=\"twitter:data2\" content=\"3 minuter\" \/>\n<!-- \/ Yoast SEO Premium plugin. -->","yoast_head_json":{"title":"EnRival bidrar genom att f\u00e5 fler att jobba inom v\u00e5rden","description":"Ingen var f\u00f6rberedd p\u00e5 hur h\u00e5rt coronakrisen skulle drabba. EnRival bidrar till samh\u00e4llet genom att f\u00e5 fler att jobba inom v\u00e5rden.","robots":{"index":"index","follow":"follow","max-snippet":"max-snippet:-1","max-image-preview":"max-image-preview:large","max-video-preview":"max-video-preview:-1"},"canonical":"https:\/\/www.kompetensforetagen.se\/2020\/04\/enrival-jobbar-for-att-fa-in-fler-i-varden\/","og_locale":"sv_SE","og_type":"article","og_title":"EnRival jobbar f\u00f6r att f\u00e5 fler att jobba inom v\u00e5rden","og_description":"Ingen var f\u00f6rberedd p\u00e5 hur h\u00e5rt coronakrisen skulle drabba. EnRival bidrar till samh\u00e4llet genom att f\u00e5 fler att jobba inom v\u00e5rden.","og_url":"https:\/\/www.kompetensforetagen.se\/2020\/04\/enrival-jobbar-for-att-fa-in-fler-i-varden\/","og_site_name":"Kompetensf\u00f6retagen","article_published_time":"2020-04-29T08:08:17+00:00","article_modified_time":"2023-07-11T15:03:46+00:00","og_image":[{"width":1074,"height":648,"url":"https:\/\/www.kompetensforetagen.se\/app\/uploads\/sites\/5\/2020\/04\/skarmklipp.jpg","type":"image\/jpeg"}],"author":"Carina Kit","twitter_card":"summary_large_image","twitter_misc":{"Skriven av":"Carina Kit","Ber\u00e4knad l\u00e4stid":"3 minuter"},"schema":{"@context":"https:\/\/schema.org","@graph":[{"@type":"Article","@id":"https:\/\/www.kompetensforetagen.se\/2020\/04\/enrival-jobbar-for-att-fa-in-fler-i-varden\/#article","isPartOf":{"@id":"https:\/\/www.kompetensforetagen.se\/2020\/04\/enrival-jobbar-for-att-fa-in-fler-i-varden\/"},"author":{"name":"Carina Kit","@id":"https:\/\/www.kompetensforetagen.se\/#\/schema\/person\/289c2139959d8ed9536a46aa74479571"},"headline":"EnRival jobbar f\u00f6r att f\u00e5 fler att jobba inom v\u00e5rden","datePublished":"2020-04-29T08:08:17+00:00","dateModified":"2023-07-11T15:03:46+00:00","mainEntityOfPage":{"@id":"https:\/\/www.kompetensforetagen.se\/2020\/04\/enrival-jobbar-for-att-fa-in-fler-i-varden\/"},"wordCount":589,"publisher":{"@id":"https:\/\/www.kompetensforetagen.se\/#organization"},"image":{"@id":"https:\/\/www.kompetensforetagen.se\/2020\/04\/enrival-jobbar-for-att-fa-in-fler-i-varden\/#primaryimage"},"thumbnailUrl":"https:\/\/www.kompetensforetagen.se\/app\/uploads\/sites\/5\/2020\/04\/skarmklipp.jpg","articleSection":["Arbetsmarknad","Corona","Coronavirus","V\u00e5rdbemanning"],"inLanguage":"sv-SE"},{"@type":"WebPage","@id":"https:\/\/www.kompetensforetagen.se\/2020\/04\/enrival-jobbar-for-att-fa-in-fler-i-varden\/","url":"https:\/\/www.kompetensforetagen.se\/2020\/04\/enrival-jobbar-for-att-fa-in-fler-i-varden\/","name":"EnRival bidrar genom att f\u00e5 fler att jobba inom v\u00e5rden","isPartOf":{"@id":"https:\/\/www.kompetensforetagen.se\/#website"},"primaryImageOfPage":{"@id":"https:\/\/www.kompetensforetagen.se\/2020\/04\/enrival-jobbar-for-att-fa-in-fler-i-varden\/#primaryimage"},"image":{"@id":"https:\/\/www.kompetensforetagen.se\/2020\/04\/enrival-jobbar-for-att-fa-in-fler-i-varden\/#primaryimage"},"thumbnailUrl":"https:\/\/www.kompetensforetagen.se\/app\/uploads\/sites\/5\/2020\/04\/skarmklipp.jpg","datePublished":"2020-04-29T08:08:17+00:00","dateModified":"2023-07-11T15:03:46+00:00","description":"Ingen var f\u00f6rberedd p\u00e5 hur h\u00e5rt coronakrisen skulle drabba. EnRival bidrar till samh\u00e4llet genom att f\u00e5 fler att jobba inom v\u00e5rden.","breadcrumb":{"@id":"https:\/\/www.kompetensforetagen.se\/2020\/04\/enrival-jobbar-for-att-fa-in-fler-i-varden\/#breadcrumb"},"inLanguage":"sv-SE","potentialAction":[{"@type":"ReadAction","target":["https:\/\/www.kompetensforetagen.se\/2020\/04\/enrival-jobbar-for-att-fa-in-fler-i-varden\/"]}]},{"@type":"ImageObject","inLanguage":"sv-SE","@id":"https:\/\/www.kompetensforetagen.se\/2020\/04\/enrival-jobbar-for-att-fa-in-fler-i-varden\/#primaryimage","url":"https:\/\/www.kompetensforetagen.se\/app\/uploads\/sites\/5\/2020\/04\/skarmklipp.jpg","contentUrl":"https:\/\/www.kompetensforetagen.se\/app\/uploads\/sites\/5\/2020\/04\/skarmklipp.jpg","width":1074,"height":648},{"@type":"BreadcrumbList","@id":"https:\/\/www.kompetensforetagen.se\/2020\/04\/enrival-jobbar-for-att-fa-in-fler-i-varden\/#breadcrumb","itemListElement":[{"@type":"ListItem","position":1,"name":"Home","item":"https:\/\/www.kompetensforetagen.se\/"},{"@type":"ListItem","position":2,"name":"EnRival jobbar f\u00f6r att f\u00e5 fler att jobba inom v\u00e5rden"}]},{"@type":"WebSite","@id":"https:\/\/www.kompetensforetagen.se\/#website","url":"https:\/\/www.kompetensforetagen.se\/","name":"Kompetensf\u00f6retagen","description":"R\u00e4tt person p\u00e5 r\u00e4tt plats kan f\u00f6r\u00e4ndra v\u00e4rlden","publisher":{"@id":"https:\/\/www.kompetensforetagen.se\/#organization"},"potentialAction":[{"@type":"SearchAction","target":{"@type":"EntryPoint","urlTemplate":"https:\/\/www.kompetensforetagen.se\/?s={search_term_string}"},"query-input":{"@type":"PropertyValueSpecification","valueRequired":true,"valueName":"search_term_string"}}],"inLanguage":"sv-SE"},{"@type":"Organization","@id":"https:\/\/www.kompetensforetagen.se\/#organization","name":"Kompetensf\u00f6retagen","url":"https:\/\/www.kompetensforetagen.se\/","logo":{"@type":"ImageObject","inLanguage":"sv-SE","@id":"https:\/\/www.kompetensforetagen.se\/#\/schema\/logo\/image\/","url":"https:\/\/www.kompetensforetagen.se\/app\/uploads\/sites\/5\/2022\/10\/logga_svart.png","contentUrl":"https:\/\/www.kompetensforetagen.se\/app\/uploads\/sites\/5\/2022\/10\/logga_svart.png","width":752,"height":64,"caption":"Kompetensf\u00f6retagen"},"image":{"@id":"https:\/\/www.kompetensforetagen.se\/#\/schema\/logo\/image\/"},"sameAs":["https:\/\/www.linkedin.com\/company\/10540032\/"]},{"@type":"Person","@id":"https:\/\/www.kompetensforetagen.se\/#\/schema\/person\/289c2139959d8ed9536a46aa74479571","name":"Carina Kit","image":{"@type":"ImageObject","inLanguage":"sv-SE","@id":"https:\/\/www.kompetensforetagen.se\/#\/schema\/person\/image\/","url":"https:\/\/secure.gravatar.com\/avatar\/9accc2e15089a6454d09e74efc78d237028a142d5a6f3102bc573dfbdc202317?s=96&d=mm&r=g","contentUrl":"https:\/\/secure.gravatar.com\/avatar\/9accc2e15089a6454d09e74efc78d237028a142d5a6f3102bc573dfbdc202317?s=96&d=mm&r=g","caption":"Carina Kit"},"description":"Carina Kit \u00e4r kommunikationschef p\u00e5 Kompetensf\u00f6retagen.","url":"https:\/\/www.kompetensforetagen.se\/person\/carinakit\/"}]}},"_links":{"self":[{"href":"https:\/\/www.kompetensforetagen.se\/api\/wp\/v2\/posts\/4997","targetHints":{"allow":["GET"]}}],"collection":[{"href":"https:\/\/www.kompetensforetagen.se\/api\/wp\/v2\/posts"}],"about":[{"href":"https:\/\/www.kompetensforetagen.se\/api\/wp\/v2\/types\/post"}],"author":[{"embeddable":true,"href":"https:\/\/www.kompetensforetagen.se\/api\/wp\/v2\/users\/216"}],"replies":[{"embeddable":true,"href":"https:\/\/www.kompetensforetagen.se\/api\/wp\/v2\/comments?post=4997"}],"version-history":[{"count":1,"href":"https:\/\/www.kompetensforetagen.se\/api\/wp\/v2\/posts\/4997\/revisions"}],"predecessor-version":[{"id":14458,"href":"https:\/\/www.kompetensforetagen.se\/api\/wp\/v2\/posts\/4997\/revisions\/14458"}],"wp:featuredmedia":[{"embeddable":true,"href":"https:\/\/www.kompetensforetagen.se\/api\/wp\/v2\/media\/4998"}],"wp:attachment":[{"href":"https:\/\/www.kompetensforetagen.se\/api\/wp\/v2\/media?parent=4997"}],"wp:term":[{"taxonomy":"category","embeddable":true,"href":"https:\/\/www.kompetensforetagen.se\/api\/wp\/v2\/categories?post=4997"},{"taxonomy":"post_tag","embeddable":true,"href":"https:\/\/www.kompetensforetagen.se\/api\/wp\/v2\/tags?post=4997"},{"taxonomy":"type","embeddable":true,"href":"https:\/\/www.kompetensforetagen.se\/api\/wp\/v2\/article_type?post=4997"},{"taxonomy":"agreement","embeddable":true,"href":"https:\/\/www.kompetensforetagen.se\/api\/wp\/v2\/agreement?post=4997"},{"taxonomy":"for-members","embeddable":true,"href":"https:\/\/www.kompetensforetagen.se\/api\/wp\/v2\/for-members?post=4997"}],"curies":[{"name":"wp","href":"https:\/\/api.w.org\/{rel}","templated":true}]}}