{"id":4901,"date":"2020-04-06T11:04:06","date_gmt":"2020-04-06T09:04:06","guid":{"rendered":"https:\/\/www.kompetensforetagen.se\/?p=4901"},"modified":"2023-03-30T16:14:04","modified_gmt":"2023-03-30T14:14:04","slug":"debattartikel-hjalp-tjansteforetagen-klara-krisen-och-radda-valfarden","status":"publish","type":"post","link":"https:\/\/www.kompetensforetagen.se\/2020\/04\/debattartikel-hjalp-tjansteforetagen-klara-krisen-och-radda-valfarden\/","title":{"rendered":"Debattartikel: Hj\u00e4lp tj\u00e4nste&shy;f\u00f6retagen klara krisen och r\u00e4dda v\u00e4lf\u00e4rden"},"content":{"rendered":"\n<p>Industrin \u00e4r viktig i V\u00e4stra G\u00f6taland, men den privata tj\u00e4nstesektorn syssels\u00e4tter n\u00e4stan dubbelt s\u00e5 m\u00e5nga. I detta l\u00e4ge \u00e4r det viktigt att den offentliga sektorn bidrar med stabilitet, skriver flera f\u00f6retr\u00e4dare f\u00f6r tj\u00e4nstesektorn.<\/p>\n\n\n\n<p>Coronakrisen riskerar att leda till en djup ekonomisk kris med massupps\u00e4gningar av anst\u00e4llda. Detta kommer ocks\u00e5 att drabba kommunernas ofta redan anstr\u00e4ngda ekonomi och betydande neddragningar inom v\u00e4lf\u00e4rden kan d\u00e4rf\u00f6r f\u00f6lja.<\/p>\n\n\n\n<p>I mars blev \u00f6ver 36 800 personer varslade om upps\u00e4gning. Det \u00e4r en h\u00f6gre takt \u00e4n under finanskrisen och v\u00e4rre kommer det att bli. Alla ekonomiska indikatorer pekar ned\u00e5t och det kommer fler och fler larmrapporter fr\u00e5n f\u00f6retag i kris.<\/p>\n\n\n\n<p>V\u00e4stra G\u00f6taland kommer f\u00f6rmodligen att drabbas h\u00e5rdare \u00e4n andra regioner eftersom man \u00e4r en hubb f\u00f6r logistik, transporter och fordonsindustri. H\u00e4r finns \u00e4ven m\u00e5nga f\u00f6retag som s\u00e4ljer kunskapsintensiva tj\u00e4nster till industrin, v\u00e5rd- och omsorgsf\u00f6retag som levererar v\u00e4lf\u00e4rdstj\u00e4nster till kommuner och region, samt serviceintensiva tj\u00e4nstef\u00f6retag som levererar en uppsj\u00f6 olika tj\u00e4nster till n\u00e4ringsliv, samh\u00e4lle och hush\u00e5ll.<\/p>\n\n\n\n<blockquote class=\"wp-block-quote is-layout-flow wp-block-quote-is-layout-flow\">\n<p>Alla ekonomiska indikatorer pekar ned\u00e5t och det kommer fler och fler larmrapporter fr\u00e5n f\u00f6retag i kris<\/p>\n<\/blockquote>\n\n\n\n<p>Industrin \u00e4r viktig i V\u00e4stra G\u00f6taland, men den privata tj\u00e4nstesektorn syssels\u00e4tter n\u00e4stan dubbelt s\u00e5 m\u00e5nga. Nu har hush\u00e5ll och m\u00e5nga f\u00f6retag i stort sett slutat att konsumera vissa tj\u00e4nster, vilket sl\u00e5r h\u00e5rt mot tj\u00e4nstef\u00f6retagen och n\u00e4ringslivet i stort. I detta l\u00e4ge \u00e4r det viktigt att den offentliga sektorn bidrar med stabilitet.<\/p>\n\n\n\n<p>Regioner och kommuner g\u00f6r en enorm insats f\u00f6r att v\u00e5rda de som drabbats av corona och bek\u00e4mpa smittspridningen. De beh\u00f6ver ocks\u00e5 bidra till att hj\u00e4lpa de f\u00f6retag som drabbats av krisen. Annars kan konsekvenserna f\u00f6r v\u00e4lf\u00e4rden bli enorma.<\/p>\n\n\n\n<p>I V\u00e4stra G\u00f6taland \u00e4r den beskattningsbara inkomsten f\u00f6r f\u00f6rv\u00e4rvsarbete 377 miljarder kronor \u00e5r 2020. Om varsel och upps\u00e4gningar minskar denna summa med en tiondel f\u00e5r V\u00e4stra G\u00f6talandsregionen och kommunerna 12,4 miljarder kronor l\u00e4gre skatteint\u00e4kter 2021. Det kommer att drabba v\u00e4lf\u00e4rden h\u00e5rt. F\u00f6r att hindra det m\u00e5ste kommunerna och regionen f\u00f6rs\u00f6ka hj\u00e4lpa det lokala n\u00e4ringslivet genom krisen.<\/p>\n\n\n\n<p>H\u00e4r kommer fyra skarpa f\u00f6rslag:<\/p>\n\n\n\n<p><i class=\"icon icon--circle\"><\/i><strong>I kristider ska det vara \u00e4nnu enklare att vara f\u00f6retagare.<\/strong><\/p>\n\n\n\n<p>Kommuners attityd till f\u00f6retag \u00e4r av stor vikt f\u00f6r att skapa ett bra klimat f\u00f6r entrepren\u00f6rskap. Det blir givetvis \u00e4nnu viktigare i tider av kris. Det handlar om att skynda p\u00e5 handl\u00e4ggningsprocesser, l\u00e4tta p\u00e5 tillsyn och f\u00f6rb\u00e4ttra service samt bem\u00f6tande.<\/p>\n\n\n\n<p><strong>Hitta l\u00f6sningar som f\u00f6rb\u00e4ttrar f\u00f6retagens kapitalf\u00f6rs\u00f6rjning<\/strong><\/p>\n\n\n\n<p>Kommunerna kan slopa vissa avgifter till f\u00f6retag d\u00e4r det \u00e4r m\u00f6jligt. De kan \u00e4ven laborera med att f\u00f6rl\u00e4nga betaltider f\u00f6r avgifter till f\u00f6retag och korta betaltiderna till f\u00f6retag som levererar tj\u00e4nster till kommunen, exempelvis fr\u00e5n 30 till 20 dagar. Detta \u00e4r viktigt f\u00f6r framf\u00f6r allt sm\u00e5 f\u00f6retag med likviditetsproblem.<\/p>\n\n\n\n<blockquote class=\"wp-block-quote is-layout-flow wp-block-quote-is-layout-flow\">\n<p>F\u00f6r att hindra det m\u00e5ste kommunerna och regionen f\u00f6rs\u00f6ka hj\u00e4lpa det lokala n\u00e4ringslivet genom krisen<\/p>\n<\/blockquote>\n\n\n\n<p><i class=\"icon icon--circle\"><\/i>&nbsp;<strong>Var en god kund till f\u00f6retagen<\/strong><\/p>\n\n\n\n<p>Kommunerna \u00e4r stora och viktiga kunder f\u00f6r m\u00e5nga f\u00f6retag. Man har ocks\u00e5 goda f\u00f6ruts\u00e4ttningar att vara en stabil kund \u00e4ven i perioder av ekonomisk nedg\u00e5ng. Genom att uppr\u00e4tth\u00e5lla och ut\u00f6ka ink\u00f6pen fr\u00e5n n\u00e4ringslivet kan man bidra till att stabilisera situationen. Det \u00e4r \u00e4ven viktigt att hedra ing\u00e5ngna ink\u00f6psavtal och att avst\u00e5 fr\u00e5n att avsluta kontrakt i f\u00f6rtid.<\/p>\n\n\n\n<p><i class=\"icon icon--circle\"><\/i>&nbsp;<strong>Investera i infrastruktur, utbildning och utveckling<\/strong><\/p>\n\n\n\n<p>Genom snabb utbildning kan varslad arbetskraft st\u00e4llas om till lediga jobb i exempelvis v\u00e5rd och omsorg. H\u00e4r kan V\u00e4stra G\u00f6talandsregionens utvecklingsprogram skalas upp, s\u00e4rskilt finansieringserbjudanden som konsultcheckar och FoU-kort. De b\u00f6r \u00e4ven investera i digitala distansl\u00f6sningar som beh\u00f6vs f\u00f6r att f\u00f6rb\u00e4ttra servicen till f\u00f6retagen och medborgarna.<\/p>\n\n\n\n<p>Att tj\u00e4nstef\u00f6retagen klarar krisen och p\u00e5 sikt kan \u00e5teranst\u00e4lla de som nu f\u00f6rlorar jobben \u00e4r n\u00f6dv\u00e4ndigt f\u00f6r att r\u00e4dda v\u00e4lf\u00e4rden fram\u00f6ver.<\/p>\n\n\n\n<p>Thomas Ers\u00e9us, vd Almega<\/p>\n\n\n\n<p>Magnus H\u00f6ij, f\u00f6rbundsdirekt\u00f6r Innovationsf\u00f6retagen<\/p>\n\n\n\n<p>Stefan Koskinen, f\u00f6rbundsdirekt\u00f6r Tj\u00e4nstef\u00f6retagen<\/p>\n\n\n\n<p>Bj\u00f6rn Westerberg, t<em>f<\/em> f\u00f6rbundsdirekt\u00f6r T\u00e5gf\u00f6retagen<\/p>\n\n\n\n<p>Patrik Eidfelt, f\u00f6rbundsdirekt\u00f6r Kompetensf\u00f6retagen<\/p>\n\n\n\n<p>Artikeln publicerades den 6 april 2020 i <a href=\"https:\/\/www.expressen.se\/gt\/debatt-gt\/hjalp-tjansteforetagen-klara-krisen-och-radda-valfarden\/\">G\u00f6teborgs-Tidningen (GT)<\/a><\/p>\n","protected":false},"excerpt":{"rendered":"<p>Industrin \u00e4r viktig i V\u00e4stra G\u00f6taland, men den privata tj\u00e4nstesektorn syssels\u00e4tter n\u00e4stan dubbelt s\u00e5 m\u00e5nga. I detta l\u00e4ge \u00e4r det viktigt att den offentliga sektorn bidrar med stabilitet, skriver flera f\u00f6retr\u00e4dare f\u00f6r tj\u00e4nstesektorn. Coronakrisen riskerar &hellip;<\/p>\n","protected":false},"author":6058,"featured_media":5616,"comment_status":"closed","ping_status":"closed","sticky":false,"template":"","format":"standard","meta":{"_acf_changed":false,"footnotes":""},"categories":[185],"tags":[],"article_type":[32],"agreement":[],"for-members":[],"class_list":["post-4901","post","type-post","status-publish","format-standard","has-post-thumbnail","hentry","category-corona","type-debattartiklar"],"acf":[],"yoast_head":"<!-- This site is optimized with the Yoast SEO Premium plugin v26.8 (Yoast SEO v26.8) - https:\/\/yoast.com\/product\/yoast-seo-premium-wordpress\/ -->\n<title>Hj\u00e4lp tj\u00e4nstef\u00f6retagen klara krisen och r\u00e4dda v\u00e4lf\u00e4rden<\/title>\n<meta name=\"description\" content=\"Hj\u00e4lp tj\u00e4nstef\u00f6retagen klara krisen och r\u00e4dda v\u00e4lf\u00e4rden debatterar Kompetensf\u00f6retagen med flera i GT, och ger fyra skarpa f\u00f6rslag.\" \/>\n<meta name=\"robots\" content=\"index, follow, max-snippet:-1, max-image-preview:large, max-video-preview:-1\" \/>\n<link rel=\"canonical\" href=\"https:\/\/www.kompetensforetagen.se\/2020\/04\/debattartikel-hjalp-tjansteforetagen-klara-krisen-och-radda-valfarden\/\" \/>\n<meta property=\"og:locale\" content=\"sv_SE\" \/>\n<meta property=\"og:type\" content=\"article\" \/>\n<meta property=\"og:title\" content=\"Debattartikel: Hj\u00e4lp tj\u00e4nstef\u00f6retagen klara krisen och r\u00e4dda v\u00e4lf\u00e4rden\" \/>\n<meta property=\"og:description\" content=\"Hj\u00e4lp tj\u00e4nstef\u00f6retagen klara krisen och r\u00e4dda v\u00e4lf\u00e4rden debatterar Kompetensf\u00f6retagen med flera i GT, och ger fyra skarpa f\u00f6rslag.\" \/>\n<meta property=\"og:url\" content=\"https:\/\/www.kompetensforetagen.se\/2020\/04\/debattartikel-hjalp-tjansteforetagen-klara-krisen-och-radda-valfarden\/\" \/>\n<meta property=\"og:site_name\" content=\"Kompetensf\u00f6retagen\" \/>\n<meta property=\"article:published_time\" content=\"2020-04-06T09:04:06+00:00\" \/>\n<meta property=\"article:modified_time\" content=\"2023-03-30T14:14:04+00:00\" \/>\n<meta property=\"og:image\" content=\"https:\/\/www.kompetensforetagen.se\/app\/uploads\/sites\/5\/2020\/12\/dsc0118-scaled.jpg\" \/>\n\t<meta property=\"og:image:width\" content=\"2560\" \/>\n\t<meta property=\"og:image:height\" content=\"1707\" \/>\n\t<meta property=\"og:image:type\" content=\"image\/jpeg\" \/>\n<meta name=\"author\" content=\"Shashika Sellgren\" \/>\n<meta name=\"twitter:card\" content=\"summary_large_image\" \/>\n<meta name=\"twitter:label1\" content=\"Skriven av\" \/>\n\t<meta name=\"twitter:data1\" content=\"Shashika Sellgren\" \/>\n\t<meta name=\"twitter:label2\" content=\"Ber\u00e4knad l\u00e4stid\" \/>\n\t<meta name=\"twitter:data2\" content=\"4 minuter\" \/>\n<!-- \/ Yoast SEO Premium plugin. -->","yoast_head_json":{"title":"Hj\u00e4lp tj\u00e4nstef\u00f6retagen klara krisen och r\u00e4dda v\u00e4lf\u00e4rden","description":"Hj\u00e4lp tj\u00e4nstef\u00f6retagen klara krisen och r\u00e4dda v\u00e4lf\u00e4rden debatterar Kompetensf\u00f6retagen med flera i GT, och ger fyra skarpa f\u00f6rslag.","robots":{"index":"index","follow":"follow","max-snippet":"max-snippet:-1","max-image-preview":"max-image-preview:large","max-video-preview":"max-video-preview:-1"},"canonical":"https:\/\/www.kompetensforetagen.se\/2020\/04\/debattartikel-hjalp-tjansteforetagen-klara-krisen-och-radda-valfarden\/","og_locale":"sv_SE","og_type":"article","og_title":"Debattartikel: Hj\u00e4lp tj\u00e4nstef\u00f6retagen klara krisen och r\u00e4dda v\u00e4lf\u00e4rden","og_description":"Hj\u00e4lp tj\u00e4nstef\u00f6retagen klara krisen och r\u00e4dda v\u00e4lf\u00e4rden debatterar Kompetensf\u00f6retagen med flera i GT, och ger fyra skarpa f\u00f6rslag.","og_url":"https:\/\/www.kompetensforetagen.se\/2020\/04\/debattartikel-hjalp-tjansteforetagen-klara-krisen-och-radda-valfarden\/","og_site_name":"Kompetensf\u00f6retagen","article_published_time":"2020-04-06T09:04:06+00:00","article_modified_time":"2023-03-30T14:14:04+00:00","og_image":[{"width":2560,"height":1707,"url":"https:\/\/www.kompetensforetagen.se\/app\/uploads\/sites\/5\/2020\/12\/dsc0118-scaled.jpg","type":"image\/jpeg"}],"author":"Shashika Sellgren","twitter_card":"summary_large_image","twitter_misc":{"Skriven av":"Shashika Sellgren","Ber\u00e4knad l\u00e4stid":"4 minuter"},"schema":{"@context":"https:\/\/schema.org","@graph":[{"@type":"Article","@id":"https:\/\/www.kompetensforetagen.se\/2020\/04\/debattartikel-hjalp-tjansteforetagen-klara-krisen-och-radda-valfarden\/#article","isPartOf":{"@id":"https:\/\/www.kompetensforetagen.se\/2020\/04\/debattartikel-hjalp-tjansteforetagen-klara-krisen-och-radda-valfarden\/"},"author":{"name":"Shashika Sellgren","@id":"https:\/\/www.kompetensforetagen.se\/#\/schema\/person\/38c6b37b81c530c93246c3d1993d5662"},"headline":"Debattartikel: Hj\u00e4lp tj\u00e4nste&shy;f\u00f6retagen klara krisen och r\u00e4dda v\u00e4lf\u00e4rden","datePublished":"2020-04-06T09:04:06+00:00","dateModified":"2023-03-30T14:14:04+00:00","mainEntityOfPage":{"@id":"https:\/\/www.kompetensforetagen.se\/2020\/04\/debattartikel-hjalp-tjansteforetagen-klara-krisen-och-radda-valfarden\/"},"wordCount":808,"publisher":{"@id":"https:\/\/www.kompetensforetagen.se\/#organization"},"image":{"@id":"https:\/\/www.kompetensforetagen.se\/2020\/04\/debattartikel-hjalp-tjansteforetagen-klara-krisen-och-radda-valfarden\/#primaryimage"},"thumbnailUrl":"https:\/\/www.kompetensforetagen.se\/app\/uploads\/sites\/5\/2020\/12\/dsc0118-scaled.jpg","articleSection":["Corona"],"inLanguage":"sv-SE"},{"@type":"WebPage","@id":"https:\/\/www.kompetensforetagen.se\/2020\/04\/debattartikel-hjalp-tjansteforetagen-klara-krisen-och-radda-valfarden\/","url":"https:\/\/www.kompetensforetagen.se\/2020\/04\/debattartikel-hjalp-tjansteforetagen-klara-krisen-och-radda-valfarden\/","name":"Hj\u00e4lp tj\u00e4nstef\u00f6retagen klara krisen och r\u00e4dda v\u00e4lf\u00e4rden","isPartOf":{"@id":"https:\/\/www.kompetensforetagen.se\/#website"},"primaryImageOfPage":{"@id":"https:\/\/www.kompetensforetagen.se\/2020\/04\/debattartikel-hjalp-tjansteforetagen-klara-krisen-och-radda-valfarden\/#primaryimage"},"image":{"@id":"https:\/\/www.kompetensforetagen.se\/2020\/04\/debattartikel-hjalp-tjansteforetagen-klara-krisen-och-radda-valfarden\/#primaryimage"},"thumbnailUrl":"https:\/\/www.kompetensforetagen.se\/app\/uploads\/sites\/5\/2020\/12\/dsc0118-scaled.jpg","datePublished":"2020-04-06T09:04:06+00:00","dateModified":"2023-03-30T14:14:04+00:00","description":"Hj\u00e4lp tj\u00e4nstef\u00f6retagen klara krisen och r\u00e4dda v\u00e4lf\u00e4rden debatterar Kompetensf\u00f6retagen med flera i GT, och ger fyra skarpa f\u00f6rslag.","breadcrumb":{"@id":"https:\/\/www.kompetensforetagen.se\/2020\/04\/debattartikel-hjalp-tjansteforetagen-klara-krisen-och-radda-valfarden\/#breadcrumb"},"inLanguage":"sv-SE","potentialAction":[{"@type":"ReadAction","target":["https:\/\/www.kompetensforetagen.se\/2020\/04\/debattartikel-hjalp-tjansteforetagen-klara-krisen-och-radda-valfarden\/"]}]},{"@type":"ImageObject","inLanguage":"sv-SE","@id":"https:\/\/www.kompetensforetagen.se\/2020\/04\/debattartikel-hjalp-tjansteforetagen-klara-krisen-och-radda-valfarden\/#primaryimage","url":"https:\/\/www.kompetensforetagen.se\/app\/uploads\/sites\/5\/2020\/12\/dsc0118-scaled.jpg","contentUrl":"https:\/\/www.kompetensforetagen.se\/app\/uploads\/sites\/5\/2020\/12\/dsc0118-scaled.jpg","width":2560,"height":1707,"caption":"Debatt\u00f6r Patrik Eidfelt, f\u00f6rbundsdirekt\u00f6r Kompetensf\u00f6retagen"},{"@type":"BreadcrumbList","@id":"https:\/\/www.kompetensforetagen.se\/2020\/04\/debattartikel-hjalp-tjansteforetagen-klara-krisen-och-radda-valfarden\/#breadcrumb","itemListElement":[{"@type":"ListItem","position":1,"name":"Home","item":"https:\/\/www.kompetensforetagen.se\/"},{"@type":"ListItem","position":2,"name":"Debattartikel: Hj\u00e4lp tj\u00e4nste&shy;f\u00f6retagen klara krisen och r\u00e4dda v\u00e4lf\u00e4rden"}]},{"@type":"WebSite","@id":"https:\/\/www.kompetensforetagen.se\/#website","url":"https:\/\/www.kompetensforetagen.se\/","name":"Kompetensf\u00f6retagen","description":"R\u00e4tt person p\u00e5 r\u00e4tt plats kan f\u00f6r\u00e4ndra v\u00e4rlden","publisher":{"@id":"https:\/\/www.kompetensforetagen.se\/#organization"},"potentialAction":[{"@type":"SearchAction","target":{"@type":"EntryPoint","urlTemplate":"https:\/\/www.kompetensforetagen.se\/?s={search_term_string}"},"query-input":{"@type":"PropertyValueSpecification","valueRequired":true,"valueName":"search_term_string"}}],"inLanguage":"sv-SE"},{"@type":"Organization","@id":"https:\/\/www.kompetensforetagen.se\/#organization","name":"Kompetensf\u00f6retagen","url":"https:\/\/www.kompetensforetagen.se\/","logo":{"@type":"ImageObject","inLanguage":"sv-SE","@id":"https:\/\/www.kompetensforetagen.se\/#\/schema\/logo\/image\/","url":"https:\/\/www.kompetensforetagen.se\/app\/uploads\/sites\/5\/2022\/10\/logga_svart.png","contentUrl":"https:\/\/www.kompetensforetagen.se\/app\/uploads\/sites\/5\/2022\/10\/logga_svart.png","width":752,"height":64,"caption":"Kompetensf\u00f6retagen"},"image":{"@id":"https:\/\/www.kompetensforetagen.se\/#\/schema\/logo\/image\/"},"sameAs":["https:\/\/www.linkedin.com\/company\/10540032\/"]},{"@type":"Person","@id":"https:\/\/www.kompetensforetagen.se\/#\/schema\/person\/38c6b37b81c530c93246c3d1993d5662","name":"Shashika Sellgren","image":{"@type":"ImageObject","inLanguage":"sv-SE","@id":"https:\/\/www.kompetensforetagen.se\/#\/schema\/person\/image\/","url":"https:\/\/secure.gravatar.com\/avatar\/b225c479880df9eb82d1501dd105dd8040f27c8563f3d4bf5dd62ce0a1630abd?s=96&d=mm&r=g","contentUrl":"https:\/\/secure.gravatar.com\/avatar\/b225c479880df9eb82d1501dd105dd8040f27c8563f3d4bf5dd62ce0a1630abd?s=96&d=mm&r=g","caption":"Shashika Sellgren"},"url":"https:\/\/www.kompetensforetagen.se\/person\/shashikasellgren\/"}]}},"_links":{"self":[{"href":"https:\/\/www.kompetensforetagen.se\/api\/wp\/v2\/posts\/4901","targetHints":{"allow":["GET"]}}],"collection":[{"href":"https:\/\/www.kompetensforetagen.se\/api\/wp\/v2\/posts"}],"about":[{"href":"https:\/\/www.kompetensforetagen.se\/api\/wp\/v2\/types\/post"}],"author":[{"embeddable":true,"href":"https:\/\/www.kompetensforetagen.se\/api\/wp\/v2\/users\/6058"}],"replies":[{"embeddable":true,"href":"https:\/\/www.kompetensforetagen.se\/api\/wp\/v2\/comments?post=4901"}],"version-history":[{"count":2,"href":"https:\/\/www.kompetensforetagen.se\/api\/wp\/v2\/posts\/4901\/revisions"}],"predecessor-version":[{"id":12177,"href":"https:\/\/www.kompetensforetagen.se\/api\/wp\/v2\/posts\/4901\/revisions\/12177"}],"wp:featuredmedia":[{"embeddable":true,"href":"https:\/\/www.kompetensforetagen.se\/api\/wp\/v2\/media\/5616"}],"wp:attachment":[{"href":"https:\/\/www.kompetensforetagen.se\/api\/wp\/v2\/media?parent=4901"}],"wp:term":[{"taxonomy":"category","embeddable":true,"href":"https:\/\/www.kompetensforetagen.se\/api\/wp\/v2\/categories?post=4901"},{"taxonomy":"post_tag","embeddable":true,"href":"https:\/\/www.kompetensforetagen.se\/api\/wp\/v2\/tags?post=4901"},{"taxonomy":"type","embeddable":true,"href":"https:\/\/www.kompetensforetagen.se\/api\/wp\/v2\/article_type?post=4901"},{"taxonomy":"agreement","embeddable":true,"href":"https:\/\/www.kompetensforetagen.se\/api\/wp\/v2\/agreement?post=4901"},{"taxonomy":"for-members","embeddable":true,"href":"https:\/\/www.kompetensforetagen.se\/api\/wp\/v2\/for-members?post=4901"}],"curies":[{"name":"wp","href":"https:\/\/api.w.org\/{rel}","templated":true}]}}