{"id":4874,"date":"2020-03-31T12:03:19","date_gmt":"2020-03-31T10:03:19","guid":{"rendered":"https:\/\/www.kompetensforetagen.se\/?p=4874"},"modified":"2023-03-30T15:42:33","modified_gmt":"2023-03-30T13:42:33","slug":"tillampningen-av-lagen-om-korttidsarbete-nar-det-galler-bemanningsforetag-och-konsultforetag","status":"publish","type":"post","link":"https:\/\/www.kompetensforetagen.se\/2020\/03\/tillampningen-av-lagen-om-korttidsarbete-nar-det-galler-bemanningsforetag-och-konsultforetag\/","title":{"rendered":"Till\u00e4mpningen av lagen om korttidsarbete n\u00e4r det g\u00e4ller bemannings&shy;f\u00f6retag och konsult&shy;f\u00f6retag"},"content":{"rendered":"\n<p><strong>Bet\u00e4nkande fr\u00e5n Finansutskottet 30\/3<\/strong><\/p>\n\n\n\n<p>Det \u00e4r gl\u00e4djande att se att Finansutskottet, som i ig\u00e5r l\u00e4mnade sitt bet\u00e4nkande till regeringen, \u00e4r positiva till att bemanningsf\u00f6retag ska omfattas av st\u00f6det f\u00f6r korttidsarbete. H\u00e4r kan du l\u00e4sa om till\u00e4mpningen av lagen om korttidsarbete n\u00e4r det g\u00e4ller bemanningsf\u00f6retag och konsultf\u00f6retag.<\/p>\n\n\n\n<p>I bet\u00e4nkandet framg\u00e5r:<br><em>I propositionen uttalar regeringen (s. 53), betr\u00e4ffande den f\u00f6reslagna lagstiftningens krav p\u00e5 att arbetsgivarens ekonomiska sv\u00e5righeter ska vara of\u00f6rutsedda och oundvikliga, att st\u00f6d inte b\u00f6r kunna erh\u00e5llas av arbetsgivare vars verksamhet syftar till att m\u00f6ta andra arbetsgivares tillf\u00e4lliga och kortsiktiga behov av arbetskraft. Stora och pl\u00f6tsliga fall i efterfr\u00e5gan p\u00e5 arbetskraft b\u00f6r enligt uttalandet inte anses vara of\u00f6rutsedda f\u00f6r s\u00e5dana arbetsgivare.<\/em><\/p>\n\n\n\n<p><em>Det \u00e4r enligt utskottet naturligt att kravet p\u00e5 of\u00f6rutsebarhet och oundviklighet bed\u00f6ms i f\u00f6rh\u00e5llande till bl.a. f\u00f6rh\u00e5llandena i den bransch inom vilken en arbetsgivare verkar. Det aktuella uttalandet m\u00e5ste i sammanhanget f\u00f6rst\u00e5s s\u00e5 att det f\u00f6r den n\u00e4mnda kategorin av arbetsgivare ligger i sj\u00e4lva verksamhetens natur att andra f\u00f6retags behov av inhyrd personal och d\u00e4rmed efterfr\u00e5gan p\u00e5 arbetsgivarnas tj\u00e4nster kan variera kraftigt \u00f6ver tid och ibland med kort varsel. Normala variationer i efterfr\u00e5gan av det slaget kan d\u00e4rf\u00f6r inte anses vara of\u00f6rutsedda och oundvikliga f\u00f6r arbetsgivaren.<\/em><\/p>\n\n\n\n<p><em>Utskottet vill dock understryka att \u00e4ven f\u00f6retag vars verksamhet syftar till att m\u00f6ta andra arbetsgivares tillf\u00e4lliga och kortsiktiga behov av arbetskraft, t.ex. <strong>bemanningsf\u00f6retag och konsultf\u00f6retag, kan st\u00e4llas inf\u00f6r omfattande fall i efterfr\u00e5gan, exempelvis vid en ekonomisk kris, som inte har kunnat f\u00f6rutses eller undvikas. Efterfr\u00e5gefall som \u00e4r s\u00e5 omfattande att de klart g\u00e5r ut\u00f6ver vad som normalt kan f\u00f6rv\u00e4ntas f\u00f6r en arbetsgivare i en bransch av detta slag kan s\u00e5ledes betraktas som of\u00f6rutsedda och oundvikliga i lagstiftningens mening.<\/strong><\/em><\/p>\n\n\n\n<p>\u00c4ven n\u00e4r det g\u00e4ller huruvida konsultkontakt m\u00e5ste avslutas innan ett kundf\u00f6retag kan f\u00e5 st\u00f6det f\u00f6r korttidsarbete \u00e4r avdelningschefen f\u00f6r f\u00f6retag p\u00e5 Tillv\u00e4xtverket, Tim Brooks, tydlig i sina kommentarer i olika medier. Det finns inte n\u00e5got generellt f\u00f6rbud mot att beh\u00e5lla konsulter och bemanningspersonal n\u00e4r man permitterar.<\/p>\n\n\n\n<p><em>&#8211; Det kan finnas verksamhetskritisk personal som f\u00f6retag beh\u00f6ver beh\u00e5lla, det<strong> finns inget krav att alla konsulter och bemanningsanst\u00e4llda beh\u00f6ver g\u00e5.<\/strong><\/em><\/p>\n\n\n\n<p><a href=\"https:\/\/data.riksdagen.se\/fil\/A22AC29A-E1C4-48FE-81B5-90019CC37A5F\" target=\"_blank\" rel=\"noopener noreferrer\">L\u00e4s hela bet\u00e4nkandet h\u00e4r<\/a><\/p>\n\n\n\n<p>Just nu p\u00e5g\u00e5r ett intensivt arbetet med att tr\u00e4ffa centrala kollektivavtal f\u00f6r att g\u00f6ra det m\u00f6jligt att anv\u00e4nda korttidsarbete f\u00f6r v\u00e5ra medlemmar.<\/p>\n","protected":false},"excerpt":{"rendered":"<p>Bet\u00e4nkande fr\u00e5n Finansutskottet 30\/3 Det \u00e4r gl\u00e4djande att se att Finansutskottet, som i ig\u00e5r l\u00e4mnade sitt bet\u00e4nkande till regeringen, \u00e4r positiva till att bemanningsf\u00f6retag ska omfattas av st\u00f6det f\u00f6r korttidsarbete. H\u00e4r kan du l\u00e4sa om &hellip;<\/p>\n","protected":false},"author":216,"featured_media":4876,"comment_status":"closed","ping_status":"closed","sticky":false,"template":"","format":"standard","meta":{"_acf_changed":false,"footnotes":""},"categories":[185],"tags":[],"article_type":[219],"agreement":[],"for-members":[],"class_list":["post-4874","post","type-post","status-publish","format-standard","has-post-thumbnail","hentry","category-corona","type-nyhet"],"acf":[],"yoast_head":"<!-- This site is optimized with the Yoast SEO Premium plugin v26.8 (Yoast SEO v26.8) - https:\/\/yoast.com\/product\/yoast-seo-premium-wordpress\/ -->\n<title>Till\u00e4mpningen av lagen om korttidsarbete f\u00f6r bemanningsf\u00f6retag<\/title>\n<meta name=\"description\" content=\"Efter h\u00e5rt arbete f\u00f6r att branschen ska omfattas kan du nu l\u00e4sa om till\u00e4mpningen av lagen om korttidsarbete f\u00f6r bemanningsf\u00f6retag h\u00e4r.\" \/>\n<meta name=\"robots\" content=\"index, follow, max-snippet:-1, max-image-preview:large, max-video-preview:-1\" \/>\n<link rel=\"canonical\" href=\"https:\/\/www.kompetensforetagen.se\/2020\/03\/tillampningen-av-lagen-om-korttidsarbete-nar-det-galler-bemanningsforetag-och-konsultforetag\/\" \/>\n<meta property=\"og:locale\" content=\"sv_SE\" \/>\n<meta property=\"og:type\" content=\"article\" \/>\n<meta property=\"og:title\" content=\"Till\u00e4mpningen av lagen om korttidsarbete n\u00e4r det g\u00e4ller bemanningsf\u00f6retag och konsultf\u00f6retag\" \/>\n<meta property=\"og:description\" content=\"Efter h\u00e5rt arbete f\u00f6r att branschen ska omfattas kan du nu l\u00e4sa om till\u00e4mpningen av lagen om korttidsarbete f\u00f6r bemanningsf\u00f6retag h\u00e4r.\" \/>\n<meta property=\"og:url\" content=\"https:\/\/www.kompetensforetagen.se\/2020\/03\/tillampningen-av-lagen-om-korttidsarbete-nar-det-galler-bemanningsforetag-och-konsultforetag\/\" \/>\n<meta property=\"og:site_name\" content=\"Kompetensf\u00f6retagen\" \/>\n<meta property=\"article:published_time\" content=\"2020-03-31T10:03:19+00:00\" \/>\n<meta property=\"article:modified_time\" content=\"2023-03-30T13:42:33+00:00\" \/>\n<meta property=\"og:image\" content=\"https:\/\/www.kompetensforetagen.se\/app\/uploads\/sites\/5\/2020\/03\/fiu.jpg\" \/>\n\t<meta property=\"og:image:width\" content=\"904\" \/>\n\t<meta property=\"og:image:height\" content=\"453\" \/>\n\t<meta property=\"og:image:type\" content=\"image\/jpeg\" \/>\n<meta name=\"author\" content=\"Carina Kit\" \/>\n<meta name=\"twitter:card\" content=\"summary_large_image\" \/>\n<meta name=\"twitter:label1\" content=\"Skriven av\" \/>\n\t<meta name=\"twitter:data1\" content=\"Carina Kit\" \/>\n\t<meta name=\"twitter:label2\" content=\"Ber\u00e4knad l\u00e4stid\" \/>\n\t<meta name=\"twitter:data2\" content=\"2 minuter\" \/>\n<!-- \/ Yoast SEO Premium plugin. -->","yoast_head_json":{"title":"Till\u00e4mpningen av lagen om korttidsarbete f\u00f6r bemanningsf\u00f6retag","description":"Efter h\u00e5rt arbete f\u00f6r att branschen ska omfattas kan du nu l\u00e4sa om till\u00e4mpningen av lagen om korttidsarbete f\u00f6r bemanningsf\u00f6retag h\u00e4r.","robots":{"index":"index","follow":"follow","max-snippet":"max-snippet:-1","max-image-preview":"max-image-preview:large","max-video-preview":"max-video-preview:-1"},"canonical":"https:\/\/www.kompetensforetagen.se\/2020\/03\/tillampningen-av-lagen-om-korttidsarbete-nar-det-galler-bemanningsforetag-och-konsultforetag\/","og_locale":"sv_SE","og_type":"article","og_title":"Till\u00e4mpningen av lagen om korttidsarbete n\u00e4r det g\u00e4ller bemanningsf\u00f6retag och konsultf\u00f6retag","og_description":"Efter h\u00e5rt arbete f\u00f6r att branschen ska omfattas kan du nu l\u00e4sa om till\u00e4mpningen av lagen om korttidsarbete f\u00f6r bemanningsf\u00f6retag h\u00e4r.","og_url":"https:\/\/www.kompetensforetagen.se\/2020\/03\/tillampningen-av-lagen-om-korttidsarbete-nar-det-galler-bemanningsforetag-och-konsultforetag\/","og_site_name":"Kompetensf\u00f6retagen","article_published_time":"2020-03-31T10:03:19+00:00","article_modified_time":"2023-03-30T13:42:33+00:00","og_image":[{"width":904,"height":453,"url":"https:\/\/www.kompetensforetagen.se\/app\/uploads\/sites\/5\/2020\/03\/fiu.jpg","type":"image\/jpeg"}],"author":"Carina Kit","twitter_card":"summary_large_image","twitter_misc":{"Skriven av":"Carina Kit","Ber\u00e4knad l\u00e4stid":"2 minuter"},"schema":{"@context":"https:\/\/schema.org","@graph":[{"@type":"Article","@id":"https:\/\/www.kompetensforetagen.se\/2020\/03\/tillampningen-av-lagen-om-korttidsarbete-nar-det-galler-bemanningsforetag-och-konsultforetag\/#article","isPartOf":{"@id":"https:\/\/www.kompetensforetagen.se\/2020\/03\/tillampningen-av-lagen-om-korttidsarbete-nar-det-galler-bemanningsforetag-och-konsultforetag\/"},"author":{"name":"Carina Kit","@id":"https:\/\/www.kompetensforetagen.se\/#\/schema\/person\/289c2139959d8ed9536a46aa74479571"},"headline":"Till\u00e4mpningen av lagen om korttidsarbete n\u00e4r det g\u00e4ller bemannings&shy;f\u00f6retag och konsult&shy;f\u00f6retag","datePublished":"2020-03-31T10:03:19+00:00","dateModified":"2023-03-30T13:42:33+00:00","mainEntityOfPage":{"@id":"https:\/\/www.kompetensforetagen.se\/2020\/03\/tillampningen-av-lagen-om-korttidsarbete-nar-det-galler-bemanningsforetag-och-konsultforetag\/"},"wordCount":484,"publisher":{"@id":"https:\/\/www.kompetensforetagen.se\/#organization"},"image":{"@id":"https:\/\/www.kompetensforetagen.se\/2020\/03\/tillampningen-av-lagen-om-korttidsarbete-nar-det-galler-bemanningsforetag-och-konsultforetag\/#primaryimage"},"thumbnailUrl":"https:\/\/www.kompetensforetagen.se\/app\/uploads\/sites\/5\/2020\/03\/fiu.jpg","articleSection":["Corona"],"inLanguage":"sv-SE"},{"@type":"WebPage","@id":"https:\/\/www.kompetensforetagen.se\/2020\/03\/tillampningen-av-lagen-om-korttidsarbete-nar-det-galler-bemanningsforetag-och-konsultforetag\/","url":"https:\/\/www.kompetensforetagen.se\/2020\/03\/tillampningen-av-lagen-om-korttidsarbete-nar-det-galler-bemanningsforetag-och-konsultforetag\/","name":"Till\u00e4mpningen av lagen om korttidsarbete f\u00f6r bemanningsf\u00f6retag","isPartOf":{"@id":"https:\/\/www.kompetensforetagen.se\/#website"},"primaryImageOfPage":{"@id":"https:\/\/www.kompetensforetagen.se\/2020\/03\/tillampningen-av-lagen-om-korttidsarbete-nar-det-galler-bemanningsforetag-och-konsultforetag\/#primaryimage"},"image":{"@id":"https:\/\/www.kompetensforetagen.se\/2020\/03\/tillampningen-av-lagen-om-korttidsarbete-nar-det-galler-bemanningsforetag-och-konsultforetag\/#primaryimage"},"thumbnailUrl":"https:\/\/www.kompetensforetagen.se\/app\/uploads\/sites\/5\/2020\/03\/fiu.jpg","datePublished":"2020-03-31T10:03:19+00:00","dateModified":"2023-03-30T13:42:33+00:00","description":"Efter h\u00e5rt arbete f\u00f6r att branschen ska omfattas kan du nu l\u00e4sa om till\u00e4mpningen av lagen om korttidsarbete f\u00f6r bemanningsf\u00f6retag h\u00e4r.","breadcrumb":{"@id":"https:\/\/www.kompetensforetagen.se\/2020\/03\/tillampningen-av-lagen-om-korttidsarbete-nar-det-galler-bemanningsforetag-och-konsultforetag\/#breadcrumb"},"inLanguage":"sv-SE","potentialAction":[{"@type":"ReadAction","target":["https:\/\/www.kompetensforetagen.se\/2020\/03\/tillampningen-av-lagen-om-korttidsarbete-nar-det-galler-bemanningsforetag-och-konsultforetag\/"]}]},{"@type":"ImageObject","inLanguage":"sv-SE","@id":"https:\/\/www.kompetensforetagen.se\/2020\/03\/tillampningen-av-lagen-om-korttidsarbete-nar-det-galler-bemanningsforetag-och-konsultforetag\/#primaryimage","url":"https:\/\/www.kompetensforetagen.se\/app\/uploads\/sites\/5\/2020\/03\/fiu.jpg","contentUrl":"https:\/\/www.kompetensforetagen.se\/app\/uploads\/sites\/5\/2020\/03\/fiu.jpg","width":904,"height":453,"caption":"Finansutskottets bet\u00e4nkande 2019\/20:FiU51"},{"@type":"BreadcrumbList","@id":"https:\/\/www.kompetensforetagen.se\/2020\/03\/tillampningen-av-lagen-om-korttidsarbete-nar-det-galler-bemanningsforetag-och-konsultforetag\/#breadcrumb","itemListElement":[{"@type":"ListItem","position":1,"name":"Home","item":"https:\/\/www.kompetensforetagen.se\/"},{"@type":"ListItem","position":2,"name":"Till\u00e4mpningen av lagen om korttidsarbete n\u00e4r det g\u00e4ller bemannings&shy;f\u00f6retag och konsult&shy;f\u00f6retag"}]},{"@type":"WebSite","@id":"https:\/\/www.kompetensforetagen.se\/#website","url":"https:\/\/www.kompetensforetagen.se\/","name":"Kompetensf\u00f6retagen","description":"R\u00e4tt person p\u00e5 r\u00e4tt plats kan f\u00f6r\u00e4ndra v\u00e4rlden","publisher":{"@id":"https:\/\/www.kompetensforetagen.se\/#organization"},"potentialAction":[{"@type":"SearchAction","target":{"@type":"EntryPoint","urlTemplate":"https:\/\/www.kompetensforetagen.se\/?s={search_term_string}"},"query-input":{"@type":"PropertyValueSpecification","valueRequired":true,"valueName":"search_term_string"}}],"inLanguage":"sv-SE"},{"@type":"Organization","@id":"https:\/\/www.kompetensforetagen.se\/#organization","name":"Kompetensf\u00f6retagen","url":"https:\/\/www.kompetensforetagen.se\/","logo":{"@type":"ImageObject","inLanguage":"sv-SE","@id":"https:\/\/www.kompetensforetagen.se\/#\/schema\/logo\/image\/","url":"https:\/\/www.kompetensforetagen.se\/app\/uploads\/sites\/5\/2022\/10\/logga_svart.png","contentUrl":"https:\/\/www.kompetensforetagen.se\/app\/uploads\/sites\/5\/2022\/10\/logga_svart.png","width":752,"height":64,"caption":"Kompetensf\u00f6retagen"},"image":{"@id":"https:\/\/www.kompetensforetagen.se\/#\/schema\/logo\/image\/"},"sameAs":["https:\/\/www.linkedin.com\/company\/10540032\/"]},{"@type":"Person","@id":"https:\/\/www.kompetensforetagen.se\/#\/schema\/person\/289c2139959d8ed9536a46aa74479571","name":"Carina Kit","image":{"@type":"ImageObject","inLanguage":"sv-SE","@id":"https:\/\/www.kompetensforetagen.se\/#\/schema\/person\/image\/","url":"https:\/\/secure.gravatar.com\/avatar\/9accc2e15089a6454d09e74efc78d237028a142d5a6f3102bc573dfbdc202317?s=96&d=mm&r=g","contentUrl":"https:\/\/secure.gravatar.com\/avatar\/9accc2e15089a6454d09e74efc78d237028a142d5a6f3102bc573dfbdc202317?s=96&d=mm&r=g","caption":"Carina Kit"},"description":"Carina Kit \u00e4r kommunikationschef p\u00e5 Kompetensf\u00f6retagen.","url":"https:\/\/www.kompetensforetagen.se\/person\/carinakit\/"}]}},"_links":{"self":[{"href":"https:\/\/www.kompetensforetagen.se\/api\/wp\/v2\/posts\/4874","targetHints":{"allow":["GET"]}}],"collection":[{"href":"https:\/\/www.kompetensforetagen.se\/api\/wp\/v2\/posts"}],"about":[{"href":"https:\/\/www.kompetensforetagen.se\/api\/wp\/v2\/types\/post"}],"author":[{"embeddable":true,"href":"https:\/\/www.kompetensforetagen.se\/api\/wp\/v2\/users\/216"}],"replies":[{"embeddable":true,"href":"https:\/\/www.kompetensforetagen.se\/api\/wp\/v2\/comments?post=4874"}],"version-history":[{"count":1,"href":"https:\/\/www.kompetensforetagen.se\/api\/wp\/v2\/posts\/4874\/revisions"}],"predecessor-version":[{"id":12170,"href":"https:\/\/www.kompetensforetagen.se\/api\/wp\/v2\/posts\/4874\/revisions\/12170"}],"wp:featuredmedia":[{"embeddable":true,"href":"https:\/\/www.kompetensforetagen.se\/api\/wp\/v2\/media\/4876"}],"wp:attachment":[{"href":"https:\/\/www.kompetensforetagen.se\/api\/wp\/v2\/media?parent=4874"}],"wp:term":[{"taxonomy":"category","embeddable":true,"href":"https:\/\/www.kompetensforetagen.se\/api\/wp\/v2\/categories?post=4874"},{"taxonomy":"post_tag","embeddable":true,"href":"https:\/\/www.kompetensforetagen.se\/api\/wp\/v2\/tags?post=4874"},{"taxonomy":"type","embeddable":true,"href":"https:\/\/www.kompetensforetagen.se\/api\/wp\/v2\/article_type?post=4874"},{"taxonomy":"agreement","embeddable":true,"href":"https:\/\/www.kompetensforetagen.se\/api\/wp\/v2\/agreement?post=4874"},{"taxonomy":"for-members","embeddable":true,"href":"https:\/\/www.kompetensforetagen.se\/api\/wp\/v2\/for-members?post=4874"}],"curies":[{"name":"wp","href":"https:\/\/api.w.org\/{rel}","templated":true}]}}