{"id":4848,"date":"2020-03-24T09:28:24","date_gmt":"2020-03-24T08:28:24","guid":{"rendered":"https:\/\/www.kompetensforetagen.se\/?p=4848"},"modified":"2023-03-31T09:50:10","modified_gmt":"2023-03-31T07:50:10","slug":"korttidsarbete-ska-galla-aven-for-kompetensforetag","status":"publish","type":"post","link":"https:\/\/www.kompetensforetagen.se\/2020\/03\/korttidsarbete-ska-galla-aven-for-kompetensforetag\/","title":{"rendered":"Korttidsarbete ska g\u00e4lla \u00e4ven f\u00f6r kompetens&shy;f\u00f6retag"},"content":{"rendered":"\n<p>St\u00f6det f\u00f6r korttidsarbete ska g\u00e4lla \u00e4ven f\u00f6r kompetensf\u00f6retag. S\u00e5 tolkar vi informationen p\u00e5 Tillv\u00e4xtverkets hemsida.<\/p>\n\n\n\n<p>Under den senaste veckan och helgen har vi arbetat p\u00e5 bred front f\u00f6r att s\u00e4kerst\u00e4lla att branschen ska omfattas av det nya st\u00f6det f\u00f6r korttidsarbete. Kompetensf\u00f6retagens kansli, styrelsen samt medarbetare inom Almega har alla deltagit i arbetet med att beskriva branschens betydelse p\u00e5 arbetsmarknaden och varf\u00f6r det \u00e4r viktigt att \u00e4ven vi omfattas av st\u00f6det f\u00f6r korttidsarbete.<\/p>\n\n\n\n<p>Vi \u00e4r glada \u00f6ver att vi f\u00f6rst lyckades stoppa kravet p\u00e5 att upps\u00e4gning av konsulter och inhyrd personal skulle vara en f\u00f6ruts\u00e4ttning f\u00f6r kundf\u00f6retag skulle f\u00e5 ans\u00f6ka om st\u00f6d f\u00f6r korttidspermitteringar. Ist\u00e4llet ska bed\u00f6mningen g\u00f6ras i varje enskilt fall utifr\u00e5n respektive arbetsgivares f\u00f6ruts\u00e4ttningar.<\/p>\n\n\n\n<blockquote class=\"wp-block-quote is-layout-flow wp-block-quote-is-layout-flow\">\n<p>Korttidsarbete ska g\u00e4lla \u00e4ven f\u00f6r kompetensf\u00f6retag<\/p>\n<\/blockquote>\n\n\n\n<p>Nu har Tillv\u00e4xtverket, som \u00e4r ansvarig myndighet, inkluderat branschen i sina fr\u00e5gor och svar g\u00e4llande vilka som omfattas av st\u00f6det!&nbsp; Vi inv\u00e4ntar dock Finansutskottets behandling av propositionen i veckan, d\u00e4r vi f\u00f6rhoppningsvis f\u00e5r in en \u00e4ndring av sj\u00e4lva propositionen. Vi \u00e5terkommer med mer information kring detta. Det formella beslutet fattas i riksdagen den 2 april.<\/p>\n\n\n\n<p>F\u00f6r att kunna utnyttja m\u00f6jligheten till korttidsarbete och kunna ans\u00f6ka om st\u00f6d fr\u00e5n Tillv\u00e4xtverket beh\u00f6ver f\u00f6rst ett centralt kollektivavtal finnas p\u00e5 plats. Under dagen kommer ett Arbetsgivarnytt skickas ut med mer information om det centrala avtal om korttidsarbete f\u00f6r station\u00e4ra tj\u00e4nstem\u00e4n som Kompetensf\u00f6retagen tr\u00e4ffat och hur ni ska g\u00e5 tillv\u00e4ga f\u00f6r att f\u00e5 ta del av st\u00f6det.<\/p>\n\n\n\n<p>F\u00f6rhandlingar om centralt<a href=\"https:\/\/www.kompetensforetagen.se\/2020\/03\/tillampningen-av-lagen-om-korttidsarbete-nar-det-galler-bemanningsforetag-och-konsultforetag\/\" target=\"_blank\" rel=\"noopener noreferrer\"> kollektivavtal f\u00f6r korttidsarbete<\/a> som omfattar ambulerande tj\u00e4nstem\u00e4n (Unionen och Akademikeravtalet) samt arbetare (LO-avtalet) p\u00e5g\u00e5r dock f\u00f6r n\u00e4rvarande.<\/p>\n","protected":false},"excerpt":{"rendered":"<p>St\u00f6det f\u00f6r korttidsarbete ska g\u00e4lla \u00e4ven f\u00f6r kompetensf\u00f6retag. S\u00e5 tolkar vi informationen p\u00e5 Tillv\u00e4xtverkets hemsida. Under den senaste veckan och helgen har vi arbetat p\u00e5 bred front f\u00f6r att s\u00e4kerst\u00e4lla att branschen ska omfattas av &hellip;<\/p>\n","protected":false},"author":6058,"featured_media":0,"comment_status":"closed","ping_status":"closed","sticky":false,"template":"","format":"standard","meta":{"_acf_changed":false,"footnotes":""},"categories":[185],"tags":[],"article_type":[182],"agreement":[],"for-members":[],"class_list":["post-4848","post","type-post","status-publish","format-standard","hentry","category-corona","type-medlemsnyhet"],"acf":[],"yoast_head":"<!-- This site is optimized with the Yoast SEO Premium plugin v26.8 (Yoast SEO v26.8) - https:\/\/yoast.com\/product\/yoast-seo-premium-wordpress\/ -->\n<title>Korttidsarbete ska g\u00e4lla \u00e4ven f\u00f6r kompetensf\u00f6retag<\/title>\n<meta name=\"description\" content=\"Efter h\u00e5rt arbete fr\u00e5n Kompetensf\u00f6retagen och Almega \u00e4r det nu klart att st\u00f6det f\u00f6r korttidsarbete ska g\u00e4lla \u00e4ven f\u00f6r kompetensf\u00f6retag.\" \/>\n<meta name=\"robots\" content=\"index, follow, max-snippet:-1, max-image-preview:large, max-video-preview:-1\" \/>\n<link rel=\"canonical\" href=\"https:\/\/www.kompetensforetagen.se\/2020\/03\/korttidsarbete-ska-galla-aven-for-kompetensforetag\/\" \/>\n<meta property=\"og:locale\" content=\"sv_SE\" \/>\n<meta property=\"og:type\" content=\"article\" \/>\n<meta property=\"og:title\" content=\"Korttidsarbete ska g\u00e4lla \u00e4ven f\u00f6r kompetensf\u00f6retag\" \/>\n<meta property=\"og:description\" content=\"Efter h\u00e5rt arbete fr\u00e5n Kompetensf\u00f6retagen och Almega \u00e4r det nu klart att st\u00f6det f\u00f6r korttidsarbete ska g\u00e4lla \u00e4ven f\u00f6r kompetensf\u00f6retag.\" \/>\n<meta property=\"og:url\" content=\"https:\/\/www.kompetensforetagen.se\/2020\/03\/korttidsarbete-ska-galla-aven-for-kompetensforetag\/\" \/>\n<meta property=\"og:site_name\" content=\"Kompetensf\u00f6retagen\" \/>\n<meta property=\"article:published_time\" content=\"2020-03-24T08:28:24+00:00\" \/>\n<meta property=\"article:modified_time\" content=\"2023-03-31T07:50:10+00:00\" \/>\n<meta name=\"author\" content=\"Shashika Sellgren\" \/>\n<meta name=\"twitter:card\" content=\"summary_large_image\" \/>\n<meta name=\"twitter:label1\" content=\"Skriven av\" \/>\n\t<meta name=\"twitter:data1\" content=\"Shashika Sellgren\" \/>\n\t<meta name=\"twitter:label2\" content=\"Ber\u00e4knad l\u00e4stid\" \/>\n\t<meta name=\"twitter:data2\" content=\"2 minuter\" \/>\n<!-- \/ Yoast SEO Premium plugin. -->","yoast_head_json":{"title":"Korttidsarbete ska g\u00e4lla \u00e4ven f\u00f6r kompetensf\u00f6retag","description":"Efter h\u00e5rt arbete fr\u00e5n Kompetensf\u00f6retagen och Almega \u00e4r det nu klart att st\u00f6det f\u00f6r korttidsarbete ska g\u00e4lla \u00e4ven f\u00f6r kompetensf\u00f6retag.","robots":{"index":"index","follow":"follow","max-snippet":"max-snippet:-1","max-image-preview":"max-image-preview:large","max-video-preview":"max-video-preview:-1"},"canonical":"https:\/\/www.kompetensforetagen.se\/2020\/03\/korttidsarbete-ska-galla-aven-for-kompetensforetag\/","og_locale":"sv_SE","og_type":"article","og_title":"Korttidsarbete ska g\u00e4lla \u00e4ven f\u00f6r kompetensf\u00f6retag","og_description":"Efter h\u00e5rt arbete fr\u00e5n Kompetensf\u00f6retagen och Almega \u00e4r det nu klart att st\u00f6det f\u00f6r korttidsarbete ska g\u00e4lla \u00e4ven f\u00f6r kompetensf\u00f6retag.","og_url":"https:\/\/www.kompetensforetagen.se\/2020\/03\/korttidsarbete-ska-galla-aven-for-kompetensforetag\/","og_site_name":"Kompetensf\u00f6retagen","article_published_time":"2020-03-24T08:28:24+00:00","article_modified_time":"2023-03-31T07:50:10+00:00","author":"Shashika Sellgren","twitter_card":"summary_large_image","twitter_misc":{"Skriven av":"Shashika Sellgren","Ber\u00e4knad l\u00e4stid":"2 minuter"},"schema":{"@context":"https:\/\/schema.org","@graph":[{"@type":"Article","@id":"https:\/\/www.kompetensforetagen.se\/2020\/03\/korttidsarbete-ska-galla-aven-for-kompetensforetag\/#article","isPartOf":{"@id":"https:\/\/www.kompetensforetagen.se\/2020\/03\/korttidsarbete-ska-galla-aven-for-kompetensforetag\/"},"author":{"name":"Shashika Sellgren","@id":"https:\/\/www.kompetensforetagen.se\/#\/schema\/person\/38c6b37b81c530c93246c3d1993d5662"},"headline":"Korttidsarbete ska g\u00e4lla \u00e4ven f\u00f6r kompetens&shy;f\u00f6retag","datePublished":"2020-03-24T08:28:24+00:00","dateModified":"2023-03-31T07:50:10+00:00","mainEntityOfPage":{"@id":"https:\/\/www.kompetensforetagen.se\/2020\/03\/korttidsarbete-ska-galla-aven-for-kompetensforetag\/"},"wordCount":329,"publisher":{"@id":"https:\/\/www.kompetensforetagen.se\/#organization"},"articleSection":["Corona"],"inLanguage":"sv-SE"},{"@type":"WebPage","@id":"https:\/\/www.kompetensforetagen.se\/2020\/03\/korttidsarbete-ska-galla-aven-for-kompetensforetag\/","url":"https:\/\/www.kompetensforetagen.se\/2020\/03\/korttidsarbete-ska-galla-aven-for-kompetensforetag\/","name":"Korttidsarbete ska g\u00e4lla \u00e4ven f\u00f6r kompetensf\u00f6retag","isPartOf":{"@id":"https:\/\/www.kompetensforetagen.se\/#website"},"datePublished":"2020-03-24T08:28:24+00:00","dateModified":"2023-03-31T07:50:10+00:00","description":"Efter h\u00e5rt arbete fr\u00e5n Kompetensf\u00f6retagen och Almega \u00e4r det nu klart att st\u00f6det f\u00f6r korttidsarbete ska g\u00e4lla \u00e4ven f\u00f6r kompetensf\u00f6retag.","breadcrumb":{"@id":"https:\/\/www.kompetensforetagen.se\/2020\/03\/korttidsarbete-ska-galla-aven-for-kompetensforetag\/#breadcrumb"},"inLanguage":"sv-SE","potentialAction":[{"@type":"ReadAction","target":["https:\/\/www.kompetensforetagen.se\/2020\/03\/korttidsarbete-ska-galla-aven-for-kompetensforetag\/"]}]},{"@type":"BreadcrumbList","@id":"https:\/\/www.kompetensforetagen.se\/2020\/03\/korttidsarbete-ska-galla-aven-for-kompetensforetag\/#breadcrumb","itemListElement":[{"@type":"ListItem","position":1,"name":"Home","item":"https:\/\/www.kompetensforetagen.se\/"},{"@type":"ListItem","position":2,"name":"Korttidsarbete ska g\u00e4lla \u00e4ven f\u00f6r kompetens&shy;f\u00f6retag"}]},{"@type":"WebSite","@id":"https:\/\/www.kompetensforetagen.se\/#website","url":"https:\/\/www.kompetensforetagen.se\/","name":"Kompetensf\u00f6retagen","description":"R\u00e4tt person p\u00e5 r\u00e4tt plats kan f\u00f6r\u00e4ndra v\u00e4rlden","publisher":{"@id":"https:\/\/www.kompetensforetagen.se\/#organization"},"potentialAction":[{"@type":"SearchAction","target":{"@type":"EntryPoint","urlTemplate":"https:\/\/www.kompetensforetagen.se\/?s={search_term_string}"},"query-input":{"@type":"PropertyValueSpecification","valueRequired":true,"valueName":"search_term_string"}}],"inLanguage":"sv-SE"},{"@type":"Organization","@id":"https:\/\/www.kompetensforetagen.se\/#organization","name":"Kompetensf\u00f6retagen","url":"https:\/\/www.kompetensforetagen.se\/","logo":{"@type":"ImageObject","inLanguage":"sv-SE","@id":"https:\/\/www.kompetensforetagen.se\/#\/schema\/logo\/image\/","url":"https:\/\/www.kompetensforetagen.se\/app\/uploads\/sites\/5\/2022\/10\/logga_svart.png","contentUrl":"https:\/\/www.kompetensforetagen.se\/app\/uploads\/sites\/5\/2022\/10\/logga_svart.png","width":752,"height":64,"caption":"Kompetensf\u00f6retagen"},"image":{"@id":"https:\/\/www.kompetensforetagen.se\/#\/schema\/logo\/image\/"},"sameAs":["https:\/\/www.linkedin.com\/company\/10540032\/"]},{"@type":"Person","@id":"https:\/\/www.kompetensforetagen.se\/#\/schema\/person\/38c6b37b81c530c93246c3d1993d5662","name":"Shashika Sellgren","image":{"@type":"ImageObject","inLanguage":"sv-SE","@id":"https:\/\/www.kompetensforetagen.se\/#\/schema\/person\/image\/","url":"https:\/\/secure.gravatar.com\/avatar\/b225c479880df9eb82d1501dd105dd8040f27c8563f3d4bf5dd62ce0a1630abd?s=96&d=mm&r=g","contentUrl":"https:\/\/secure.gravatar.com\/avatar\/b225c479880df9eb82d1501dd105dd8040f27c8563f3d4bf5dd62ce0a1630abd?s=96&d=mm&r=g","caption":"Shashika Sellgren"},"url":"https:\/\/www.kompetensforetagen.se\/person\/shashikasellgren\/"}]}},"_links":{"self":[{"href":"https:\/\/www.kompetensforetagen.se\/api\/wp\/v2\/posts\/4848","targetHints":{"allow":["GET"]}}],"collection":[{"href":"https:\/\/www.kompetensforetagen.se\/api\/wp\/v2\/posts"}],"about":[{"href":"https:\/\/www.kompetensforetagen.se\/api\/wp\/v2\/types\/post"}],"author":[{"embeddable":true,"href":"https:\/\/www.kompetensforetagen.se\/api\/wp\/v2\/users\/6058"}],"replies":[{"embeddable":true,"href":"https:\/\/www.kompetensforetagen.se\/api\/wp\/v2\/comments?post=4848"}],"version-history":[{"count":2,"href":"https:\/\/www.kompetensforetagen.se\/api\/wp\/v2\/posts\/4848\/revisions"}],"predecessor-version":[{"id":12211,"href":"https:\/\/www.kompetensforetagen.se\/api\/wp\/v2\/posts\/4848\/revisions\/12211"}],"wp:attachment":[{"href":"https:\/\/www.kompetensforetagen.se\/api\/wp\/v2\/media?parent=4848"}],"wp:term":[{"taxonomy":"category","embeddable":true,"href":"https:\/\/www.kompetensforetagen.se\/api\/wp\/v2\/categories?post=4848"},{"taxonomy":"post_tag","embeddable":true,"href":"https:\/\/www.kompetensforetagen.se\/api\/wp\/v2\/tags?post=4848"},{"taxonomy":"type","embeddable":true,"href":"https:\/\/www.kompetensforetagen.se\/api\/wp\/v2\/article_type?post=4848"},{"taxonomy":"agreement","embeddable":true,"href":"https:\/\/www.kompetensforetagen.se\/api\/wp\/v2\/agreement?post=4848"},{"taxonomy":"for-members","embeddable":true,"href":"https:\/\/www.kompetensforetagen.se\/api\/wp\/v2\/for-members?post=4848"}],"curies":[{"name":"wp","href":"https:\/\/api.w.org\/{rel}","templated":true}]}}