{"id":4831,"date":"2020-03-23T10:21:29","date_gmt":"2020-03-23T09:21:29","guid":{"rendered":"https:\/\/www.kompetensforetagen.se\/?p=4831"},"modified":"2024-03-11T11:28:11","modified_gmt":"2024-03-11T10:28:11","slug":"dagens-nyheter-23-5-bemanningsforetagen-radda-att-uteslutas-fran-stod-vid-korttidsarbete","status":"publish","type":"post","link":"https:\/\/www.kompetensforetagen.se\/2020\/03\/dagens-nyheter-23-5-bemanningsforetagen-radda-att-uteslutas-fran-stod-vid-korttidsarbete\/","title":{"rendered":"Kompetens&shy;f\u00f6retagen riktar kritik mot regeringen r\u00f6rande korttidsarbete"},"content":{"rendered":"\n<p>Regeringen har lagt fram ett f\u00f6rslag om st\u00f6d vid korttidsarbete och det \u00e4r \u00e4nnu oklart om bemanningsf\u00f6retag inkluderas. I en l\u00e5ng intervju i DN ber\u00e4ttar Kompetensf\u00f6retagens f\u00f6rbundsdirekt\u00f6r Patrik Eidfelt om chocken kring att en hel bransch kan komma att uteslutas, och risken f\u00f6r stora varsel i branschen. Han riktar d\u00e4rf\u00f6r kritik mot regeringen. I centrum av kritiken st\u00e5r en s\u00e4rskild mening. I f\u00f6rslaget st\u00e5r det att f\u00f6retag, vars verksamhet syftar till att m\u00f6ta andra arbetsgivares kortsiktiga behov av arbetskraft, inte har r\u00e4tt till st\u00f6d. Exakt vad det inneb\u00e4r \u00e4r os\u00e4kert.<\/p>\n\n\n\n<p>\u2013 Minst 30.000 personer kommer varslas inom kort tid, s\u00e4ger Patrik Eidfelt, f\u00f6rbundsdirekt\u00f6r f\u00f6r Kompetensf\u00f6retagen.<\/p>\n\n\n\n<p>I artikeln vittnar ocks\u00e5 vd Anton Lind fr\u00e5n <a href=\"https:\/\/www.kompetensforetagen.se\/auktorisationsvillkor-2\/\">auktoriserade\u00a0<\/a> medlemsf\u00f6retaget <a href=\"https:\/\/jobzone.se\/\" target=\"_blank\" rel=\"noopener noreferrer\">JobZone<\/a> om vikten av att branschen inkluderas i st\u00f6det till korttidsarbete.<\/p>\n\n\n\n<p><a href=\"https:\/\/www.dn.se\/ekonomi\/bemanningsforetagen-radda-att-uteslutas-fran-stod-vid-korttidsarbete\/\" target=\"_blank\" rel=\"noopener noreferrer\">L\u00e4s hela artikeln p\u00e5 dn.se<\/a><\/p>\n","protected":false},"excerpt":{"rendered":"<p>Regeringen har lagt fram ett f\u00f6rslag om st\u00f6d vid korttidsarbete och det \u00e4r \u00e4nnu oklart om bemanningsf\u00f6retag inkluderas. I en l\u00e5ng intervju i DN ber\u00e4ttar Kompetensf\u00f6retagens f\u00f6rbundsdirekt\u00f6r Patrik Eidfelt om chocken kring att en hel &hellip;<\/p>\n","protected":false},"author":216,"featured_media":4837,"comment_status":"closed","ping_status":"closed","sticky":false,"template":"","format":"standard","meta":{"_acf_changed":false,"footnotes":""},"categories":[185],"tags":[],"article_type":[219],"agreement":[],"for-members":[],"class_list":["post-4831","post","type-post","status-publish","format-standard","has-post-thumbnail","hentry","category-corona","type-nyhet"],"acf":[],"yoast_head":"<!-- This site is optimized with the Yoast SEO Premium plugin v26.8 (Yoast SEO v26.8) - https:\/\/yoast.com\/product\/yoast-seo-premium-wordpress\/ -->\n<title>Kompetensf\u00f6retagen riktar kritik mot regeringen r\u00f6rande korttidsarbete<\/title>\n<meta name=\"description\" content=\"Kompetensf\u00f6retagen riktar i en intervju kritik mot regeringen r\u00f6rande korttidsarbete. Att eventuellt utesluta en hell bransch \u00e4r chockerande.\" \/>\n<meta name=\"robots\" content=\"index, follow, max-snippet:-1, max-image-preview:large, max-video-preview:-1\" \/>\n<link rel=\"canonical\" href=\"https:\/\/www.kompetensforetagen.se\/2020\/03\/dagens-nyheter-23-5-bemanningsforetagen-radda-att-uteslutas-fran-stod-vid-korttidsarbete\/\" \/>\n<meta property=\"og:locale\" content=\"sv_SE\" \/>\n<meta property=\"og:type\" content=\"article\" \/>\n<meta property=\"og:title\" content=\"Kompetensf\u00f6retagen riktar kritik mot regeringen r\u00f6rande korttidsarbete\" \/>\n<meta property=\"og:description\" content=\"Kompetensf\u00f6retagen riktar i en intervju kritik mot regeringen r\u00f6rande korttidsarbete. Att eventuellt utesluta en hell bransch \u00e4r chockerande.\" \/>\n<meta property=\"og:url\" content=\"https:\/\/www.kompetensforetagen.se\/2020\/03\/dagens-nyheter-23-5-bemanningsforetagen-radda-att-uteslutas-fran-stod-vid-korttidsarbete\/\" \/>\n<meta property=\"og:site_name\" content=\"Kompetensf\u00f6retagen\" \/>\n<meta property=\"article:published_time\" content=\"2020-03-23T09:21:29+00:00\" \/>\n<meta property=\"article:modified_time\" content=\"2024-03-11T10:28:11+00:00\" \/>\n<meta property=\"og:image\" content=\"https:\/\/www.kompetensforetagen.se\/app\/uploads\/sites\/5\/2020\/03\/dsc9529-1180x787.jpg\" \/>\n\t<meta property=\"og:image:width\" content=\"1180\" \/>\n\t<meta property=\"og:image:height\" content=\"787\" \/>\n\t<meta property=\"og:image:type\" content=\"image\/jpeg\" \/>\n<meta name=\"author\" content=\"Carina Kit\" \/>\n<meta name=\"twitter:card\" content=\"summary_large_image\" \/>\n<meta name=\"twitter:label1\" content=\"Skriven av\" \/>\n\t<meta name=\"twitter:data1\" content=\"Carina Kit\" \/>\n\t<meta name=\"twitter:label2\" content=\"Ber\u00e4knad l\u00e4stid\" \/>\n\t<meta name=\"twitter:data2\" content=\"1 minut\" \/>\n<!-- \/ Yoast SEO Premium plugin. -->","yoast_head_json":{"title":"Kompetensf\u00f6retagen riktar kritik mot regeringen r\u00f6rande korttidsarbete","description":"Kompetensf\u00f6retagen riktar i en intervju kritik mot regeringen r\u00f6rande korttidsarbete. Att eventuellt utesluta en hell bransch \u00e4r chockerande.","robots":{"index":"index","follow":"follow","max-snippet":"max-snippet:-1","max-image-preview":"max-image-preview:large","max-video-preview":"max-video-preview:-1"},"canonical":"https:\/\/www.kompetensforetagen.se\/2020\/03\/dagens-nyheter-23-5-bemanningsforetagen-radda-att-uteslutas-fran-stod-vid-korttidsarbete\/","og_locale":"sv_SE","og_type":"article","og_title":"Kompetensf\u00f6retagen riktar kritik mot regeringen r\u00f6rande korttidsarbete","og_description":"Kompetensf\u00f6retagen riktar i en intervju kritik mot regeringen r\u00f6rande korttidsarbete. Att eventuellt utesluta en hell bransch \u00e4r chockerande.","og_url":"https:\/\/www.kompetensforetagen.se\/2020\/03\/dagens-nyheter-23-5-bemanningsforetagen-radda-att-uteslutas-fran-stod-vid-korttidsarbete\/","og_site_name":"Kompetensf\u00f6retagen","article_published_time":"2020-03-23T09:21:29+00:00","article_modified_time":"2024-03-11T10:28:11+00:00","og_image":[{"width":1180,"height":787,"url":"https:\/\/www.kompetensforetagen.se\/app\/uploads\/sites\/5\/2020\/03\/dsc9529-1180x787.jpg","type":"image\/jpeg"}],"author":"Carina Kit","twitter_card":"summary_large_image","twitter_misc":{"Skriven av":"Carina Kit","Ber\u00e4knad l\u00e4stid":"1 minut"},"schema":{"@context":"https:\/\/schema.org","@graph":[{"@type":"Article","@id":"https:\/\/www.kompetensforetagen.se\/2020\/03\/dagens-nyheter-23-5-bemanningsforetagen-radda-att-uteslutas-fran-stod-vid-korttidsarbete\/#article","isPartOf":{"@id":"https:\/\/www.kompetensforetagen.se\/2020\/03\/dagens-nyheter-23-5-bemanningsforetagen-radda-att-uteslutas-fran-stod-vid-korttidsarbete\/"},"author":{"name":"Carina Kit","@id":"https:\/\/www.kompetensforetagen.se\/#\/schema\/person\/289c2139959d8ed9536a46aa74479571"},"headline":"Kompetens&shy;f\u00f6retagen riktar kritik mot regeringen r\u00f6rande korttidsarbete","datePublished":"2020-03-23T09:21:29+00:00","dateModified":"2024-03-11T10:28:11+00:00","mainEntityOfPage":{"@id":"https:\/\/www.kompetensforetagen.se\/2020\/03\/dagens-nyheter-23-5-bemanningsforetagen-radda-att-uteslutas-fran-stod-vid-korttidsarbete\/"},"wordCount":169,"publisher":{"@id":"https:\/\/www.kompetensforetagen.se\/#organization"},"image":{"@id":"https:\/\/www.kompetensforetagen.se\/2020\/03\/dagens-nyheter-23-5-bemanningsforetagen-radda-att-uteslutas-fran-stod-vid-korttidsarbete\/#primaryimage"},"thumbnailUrl":"https:\/\/www.kompetensforetagen.se\/app\/uploads\/sites\/5\/2020\/03\/dsc9529.jpg","articleSection":["Corona"],"inLanguage":"sv-SE"},{"@type":"WebPage","@id":"https:\/\/www.kompetensforetagen.se\/2020\/03\/dagens-nyheter-23-5-bemanningsforetagen-radda-att-uteslutas-fran-stod-vid-korttidsarbete\/","url":"https:\/\/www.kompetensforetagen.se\/2020\/03\/dagens-nyheter-23-5-bemanningsforetagen-radda-att-uteslutas-fran-stod-vid-korttidsarbete\/","name":"Kompetensf\u00f6retagen riktar kritik mot regeringen r\u00f6rande korttidsarbete","isPartOf":{"@id":"https:\/\/www.kompetensforetagen.se\/#website"},"primaryImageOfPage":{"@id":"https:\/\/www.kompetensforetagen.se\/2020\/03\/dagens-nyheter-23-5-bemanningsforetagen-radda-att-uteslutas-fran-stod-vid-korttidsarbete\/#primaryimage"},"image":{"@id":"https:\/\/www.kompetensforetagen.se\/2020\/03\/dagens-nyheter-23-5-bemanningsforetagen-radda-att-uteslutas-fran-stod-vid-korttidsarbete\/#primaryimage"},"thumbnailUrl":"https:\/\/www.kompetensforetagen.se\/app\/uploads\/sites\/5\/2020\/03\/dsc9529.jpg","datePublished":"2020-03-23T09:21:29+00:00","dateModified":"2024-03-11T10:28:11+00:00","description":"Kompetensf\u00f6retagen riktar i en intervju kritik mot regeringen r\u00f6rande korttidsarbete. Att eventuellt utesluta en hell bransch \u00e4r chockerande.","breadcrumb":{"@id":"https:\/\/www.kompetensforetagen.se\/2020\/03\/dagens-nyheter-23-5-bemanningsforetagen-radda-att-uteslutas-fran-stod-vid-korttidsarbete\/#breadcrumb"},"inLanguage":"sv-SE","potentialAction":[{"@type":"ReadAction","target":["https:\/\/www.kompetensforetagen.se\/2020\/03\/dagens-nyheter-23-5-bemanningsforetagen-radda-att-uteslutas-fran-stod-vid-korttidsarbete\/"]}]},{"@type":"ImageObject","inLanguage":"sv-SE","@id":"https:\/\/www.kompetensforetagen.se\/2020\/03\/dagens-nyheter-23-5-bemanningsforetagen-radda-att-uteslutas-fran-stod-vid-korttidsarbete\/#primaryimage","url":"https:\/\/www.kompetensforetagen.se\/app\/uploads\/sites\/5\/2020\/03\/dsc9529.jpg","contentUrl":"https:\/\/www.kompetensforetagen.se\/app\/uploads\/sites\/5\/2020\/03\/dsc9529.jpg","width":5087,"height":3392,"caption":"Kompetensf\u00f6retagens f\u00f6rbundsdirekt\u00f6r Patrik Eidfelt"},{"@type":"BreadcrumbList","@id":"https:\/\/www.kompetensforetagen.se\/2020\/03\/dagens-nyheter-23-5-bemanningsforetagen-radda-att-uteslutas-fran-stod-vid-korttidsarbete\/#breadcrumb","itemListElement":[{"@type":"ListItem","position":1,"name":"Home","item":"https:\/\/www.kompetensforetagen.se\/"},{"@type":"ListItem","position":2,"name":"Kompetens&shy;f\u00f6retagen riktar kritik mot regeringen r\u00f6rande korttidsarbete"}]},{"@type":"WebSite","@id":"https:\/\/www.kompetensforetagen.se\/#website","url":"https:\/\/www.kompetensforetagen.se\/","name":"Kompetensf\u00f6retagen","description":"R\u00e4tt person p\u00e5 r\u00e4tt plats kan f\u00f6r\u00e4ndra v\u00e4rlden","publisher":{"@id":"https:\/\/www.kompetensforetagen.se\/#organization"},"potentialAction":[{"@type":"SearchAction","target":{"@type":"EntryPoint","urlTemplate":"https:\/\/www.kompetensforetagen.se\/?s={search_term_string}"},"query-input":{"@type":"PropertyValueSpecification","valueRequired":true,"valueName":"search_term_string"}}],"inLanguage":"sv-SE"},{"@type":"Organization","@id":"https:\/\/www.kompetensforetagen.se\/#organization","name":"Kompetensf\u00f6retagen","url":"https:\/\/www.kompetensforetagen.se\/","logo":{"@type":"ImageObject","inLanguage":"sv-SE","@id":"https:\/\/www.kompetensforetagen.se\/#\/schema\/logo\/image\/","url":"https:\/\/www.kompetensforetagen.se\/app\/uploads\/sites\/5\/2022\/10\/logga_svart.png","contentUrl":"https:\/\/www.kompetensforetagen.se\/app\/uploads\/sites\/5\/2022\/10\/logga_svart.png","width":752,"height":64,"caption":"Kompetensf\u00f6retagen"},"image":{"@id":"https:\/\/www.kompetensforetagen.se\/#\/schema\/logo\/image\/"},"sameAs":["https:\/\/www.linkedin.com\/company\/10540032\/"]},{"@type":"Person","@id":"https:\/\/www.kompetensforetagen.se\/#\/schema\/person\/289c2139959d8ed9536a46aa74479571","name":"Carina Kit","image":{"@type":"ImageObject","inLanguage":"sv-SE","@id":"https:\/\/www.kompetensforetagen.se\/#\/schema\/person\/image\/","url":"https:\/\/secure.gravatar.com\/avatar\/9accc2e15089a6454d09e74efc78d237028a142d5a6f3102bc573dfbdc202317?s=96&d=mm&r=g","contentUrl":"https:\/\/secure.gravatar.com\/avatar\/9accc2e15089a6454d09e74efc78d237028a142d5a6f3102bc573dfbdc202317?s=96&d=mm&r=g","caption":"Carina Kit"},"description":"Carina Kit \u00e4r kommunikationschef p\u00e5 Kompetensf\u00f6retagen.","url":"https:\/\/www.kompetensforetagen.se\/person\/carinakit\/"}]}},"_links":{"self":[{"href":"https:\/\/www.kompetensforetagen.se\/api\/wp\/v2\/posts\/4831","targetHints":{"allow":["GET"]}}],"collection":[{"href":"https:\/\/www.kompetensforetagen.se\/api\/wp\/v2\/posts"}],"about":[{"href":"https:\/\/www.kompetensforetagen.se\/api\/wp\/v2\/types\/post"}],"author":[{"embeddable":true,"href":"https:\/\/www.kompetensforetagen.se\/api\/wp\/v2\/users\/216"}],"replies":[{"embeddable":true,"href":"https:\/\/www.kompetensforetagen.se\/api\/wp\/v2\/comments?post=4831"}],"version-history":[{"count":3,"href":"https:\/\/www.kompetensforetagen.se\/api\/wp\/v2\/posts\/4831\/revisions"}],"predecessor-version":[{"id":16874,"href":"https:\/\/www.kompetensforetagen.se\/api\/wp\/v2\/posts\/4831\/revisions\/16874"}],"wp:featuredmedia":[{"embeddable":true,"href":"https:\/\/www.kompetensforetagen.se\/api\/wp\/v2\/media\/4837"}],"wp:attachment":[{"href":"https:\/\/www.kompetensforetagen.se\/api\/wp\/v2\/media?parent=4831"}],"wp:term":[{"taxonomy":"category","embeddable":true,"href":"https:\/\/www.kompetensforetagen.se\/api\/wp\/v2\/categories?post=4831"},{"taxonomy":"post_tag","embeddable":true,"href":"https:\/\/www.kompetensforetagen.se\/api\/wp\/v2\/tags?post=4831"},{"taxonomy":"type","embeddable":true,"href":"https:\/\/www.kompetensforetagen.se\/api\/wp\/v2\/article_type?post=4831"},{"taxonomy":"agreement","embeddable":true,"href":"https:\/\/www.kompetensforetagen.se\/api\/wp\/v2\/agreement?post=4831"},{"taxonomy":"for-members","embeddable":true,"href":"https:\/\/www.kompetensforetagen.se\/api\/wp\/v2\/for-members?post=4831"}],"curies":[{"name":"wp","href":"https:\/\/api.w.org\/{rel}","templated":true}]}}