{"id":4826,"date":"2020-03-19T18:20:39","date_gmt":"2020-03-19T17:20:39","guid":{"rendered":"https:\/\/www.kompetensforetagen.se\/?p=4826"},"modified":"2023-07-07T15:09:48","modified_gmt":"2023-07-07T13:09:48","slug":"kommentar-till-proposition-om-korttidsarbete","status":"publish","type":"post","link":"https:\/\/www.kompetensforetagen.se\/2020\/03\/kommentar-till-proposition-om-korttidsarbete\/","title":{"rendered":"Kompetens&shy;f\u00f6retagens kommentar till proposition om korttidsarbete"},"content":{"rendered":"\n<p>I det f\u00f6rslag som regeringen har lagt fram i dag omfattas inte bemanningsf\u00f6retag av st\u00f6d vid korttidsarbete, vilket \u00e4r oacceptabelt. V\u00e5ra medlemsf\u00f6retag bemannar i princip alla branscher och \u00e4r en viktig del av den l\u00e5ngsiktiga kompetensf\u00f6rs\u00f6rjningen. Att utest\u00e4nga bemanningsbranschen fr\u00e5n st\u00f6det \u00e4r ren diskriminering av en hel bransch, som \u00e4r en stark <a href=\"https:\/\/www.kompetensforetagen.se\/2022\/02\/bemanningsbranschen-stark-integrationsmotor-pa-arbetsmarknaden\/\" target=\"_blank\" rel=\"noreferrer noopener\">integrationsmotor<\/a> som \u00e5rligen syssels\u00e4tter 260 000 personer, varav n\u00e4stan 70 000 \u00e4r utrikesf\u00f6dda.<\/p>\n\n\n\n<p>D\u00e4remot \u00e4r det positivt att regeringen har varit lyh\u00f6rda f\u00f6r Kompetensf\u00f6retagens och Almegas krav att upps\u00e4gning av konsulter och inhyrd personal inte ska vara en f\u00f6ruts\u00e4ttning f\u00f6r kundf\u00f6retag att kunna ans\u00f6ka om st\u00f6d f\u00f6r korttidspermitteringar. Ist\u00e4llet ska bed\u00f6mningen g\u00f6ras i varje enskilt fall utifr\u00e5n respektive arbetsgivares f\u00f6ruts\u00e4ttningar.<\/p>\n\n\n\n<p>Kompetensf\u00f6retagen kommer att forts\u00e4tta arbetet p\u00e5 bred front f\u00f6r att f\u00e5 till en \u00e4ndring s\u00e5 att v\u00e5ra medlemsf\u00f6retag ocks\u00e5 omfattas av st\u00f6d vid korttidsarbete.<\/p>\n","protected":false},"excerpt":{"rendered":"<p>I det f\u00f6rslag som regeringen har lagt fram i dag omfattas inte bemanningsf\u00f6retag av st\u00f6d vid korttidsarbete, vilket \u00e4r oacceptabelt. V\u00e5ra medlemsf\u00f6retag bemannar i princip alla branscher och \u00e4r en viktig del av den l\u00e5ngsiktiga &hellip;<\/p>\n","protected":false},"author":6058,"featured_media":1057,"comment_status":"closed","ping_status":"closed","sticky":false,"template":"","format":"standard","meta":{"_acf_changed":false,"footnotes":""},"categories":[185],"tags":[],"article_type":[219],"agreement":[],"for-members":[],"class_list":["post-4826","post","type-post","status-publish","format-standard","has-post-thumbnail","hentry","category-corona","type-nyhet"],"acf":[],"yoast_head":"<!-- This site is optimized with the Yoast SEO Premium plugin v26.8 (Yoast SEO v26.8) - https:\/\/yoast.com\/product\/yoast-seo-premium-wordpress\/ -->\n<title>Kompetensf\u00f6retagens kommentar till proposition om korttidsarbete<\/title>\n<meta name=\"description\" content=\"Kompetensf\u00f6retagen s\u00e4ger i sin kommentar till en proposition om korttidsarbete att det \u00e4r oacceptabelt att bemanningsf\u00f6retag inte omfattas.\" \/>\n<meta name=\"robots\" content=\"index, follow, max-snippet:-1, max-image-preview:large, max-video-preview:-1\" \/>\n<link rel=\"canonical\" href=\"https:\/\/www.kompetensforetagen.se\/2020\/03\/kommentar-till-proposition-om-korttidsarbete\/\" \/>\n<meta property=\"og:locale\" content=\"sv_SE\" \/>\n<meta property=\"og:type\" content=\"article\" \/>\n<meta property=\"og:title\" content=\"Kompetensf\u00f6retagens kommentar till proposition om korttidsarbete\" \/>\n<meta property=\"og:description\" content=\"Kompetensf\u00f6retagen s\u00e4ger i sin kommentar till en proposition om korttidsarbete att det \u00e4r oacceptabelt att bemanningsf\u00f6retag inte omfattas.\" \/>\n<meta property=\"og:url\" content=\"https:\/\/www.kompetensforetagen.se\/2020\/03\/kommentar-till-proposition-om-korttidsarbete\/\" \/>\n<meta property=\"og:site_name\" content=\"Kompetensf\u00f6retagen\" \/>\n<meta property=\"article:published_time\" content=\"2020-03-19T17:20:39+00:00\" \/>\n<meta property=\"article:modified_time\" content=\"2023-07-07T13:09:48+00:00\" \/>\n<meta property=\"og:image\" content=\"https:\/\/www.kompetensforetagen.se\/app\/uploads\/sites\/5\/2018\/04\/noah-naf-573835-unsplash-1180x787.jpg\" \/>\n\t<meta property=\"og:image:width\" content=\"1180\" \/>\n\t<meta property=\"og:image:height\" content=\"787\" \/>\n\t<meta property=\"og:image:type\" content=\"image\/jpeg\" \/>\n<meta name=\"author\" content=\"Shashika Sellgren\" \/>\n<meta name=\"twitter:card\" content=\"summary_large_image\" \/>\n<meta name=\"twitter:label1\" content=\"Skriven av\" \/>\n\t<meta name=\"twitter:data1\" content=\"Shashika Sellgren\" \/>\n\t<meta name=\"twitter:label2\" content=\"Ber\u00e4knad l\u00e4stid\" \/>\n\t<meta name=\"twitter:data2\" content=\"1 minut\" \/>\n<!-- \/ Yoast SEO Premium plugin. -->","yoast_head_json":{"title":"Kompetensf\u00f6retagens kommentar till proposition om korttidsarbete","description":"Kompetensf\u00f6retagen s\u00e4ger i sin kommentar till en proposition om korttidsarbete att det \u00e4r oacceptabelt att bemanningsf\u00f6retag inte omfattas.","robots":{"index":"index","follow":"follow","max-snippet":"max-snippet:-1","max-image-preview":"max-image-preview:large","max-video-preview":"max-video-preview:-1"},"canonical":"https:\/\/www.kompetensforetagen.se\/2020\/03\/kommentar-till-proposition-om-korttidsarbete\/","og_locale":"sv_SE","og_type":"article","og_title":"Kompetensf\u00f6retagens kommentar till proposition om korttidsarbete","og_description":"Kompetensf\u00f6retagen s\u00e4ger i sin kommentar till en proposition om korttidsarbete att det \u00e4r oacceptabelt att bemanningsf\u00f6retag inte omfattas.","og_url":"https:\/\/www.kompetensforetagen.se\/2020\/03\/kommentar-till-proposition-om-korttidsarbete\/","og_site_name":"Kompetensf\u00f6retagen","article_published_time":"2020-03-19T17:20:39+00:00","article_modified_time":"2023-07-07T13:09:48+00:00","og_image":[{"width":1180,"height":787,"url":"https:\/\/www.kompetensforetagen.se\/app\/uploads\/sites\/5\/2018\/04\/noah-naf-573835-unsplash-1180x787.jpg","type":"image\/jpeg"}],"author":"Shashika Sellgren","twitter_card":"summary_large_image","twitter_misc":{"Skriven av":"Shashika Sellgren","Ber\u00e4knad l\u00e4stid":"1 minut"},"schema":{"@context":"https:\/\/schema.org","@graph":[{"@type":"Article","@id":"https:\/\/www.kompetensforetagen.se\/2020\/03\/kommentar-till-proposition-om-korttidsarbete\/#article","isPartOf":{"@id":"https:\/\/www.kompetensforetagen.se\/2020\/03\/kommentar-till-proposition-om-korttidsarbete\/"},"author":{"name":"Shashika Sellgren","@id":"https:\/\/www.kompetensforetagen.se\/#\/schema\/person\/38c6b37b81c530c93246c3d1993d5662"},"headline":"Kompetens&shy;f\u00f6retagens kommentar till proposition om korttidsarbete","datePublished":"2020-03-19T17:20:39+00:00","dateModified":"2023-07-07T13:09:48+00:00","mainEntityOfPage":{"@id":"https:\/\/www.kompetensforetagen.se\/2020\/03\/kommentar-till-proposition-om-korttidsarbete\/"},"wordCount":177,"publisher":{"@id":"https:\/\/www.kompetensforetagen.se\/#organization"},"image":{"@id":"https:\/\/www.kompetensforetagen.se\/2020\/03\/kommentar-till-proposition-om-korttidsarbete\/#primaryimage"},"thumbnailUrl":"https:\/\/www.kompetensforetagen.se\/app\/uploads\/sites\/5\/2018\/04\/noah-naf-573835-unsplash.jpg","articleSection":["Corona"],"inLanguage":"sv-SE"},{"@type":"WebPage","@id":"https:\/\/www.kompetensforetagen.se\/2020\/03\/kommentar-till-proposition-om-korttidsarbete\/","url":"https:\/\/www.kompetensforetagen.se\/2020\/03\/kommentar-till-proposition-om-korttidsarbete\/","name":"Kompetensf\u00f6retagens kommentar till proposition om korttidsarbete","isPartOf":{"@id":"https:\/\/www.kompetensforetagen.se\/#website"},"primaryImageOfPage":{"@id":"https:\/\/www.kompetensforetagen.se\/2020\/03\/kommentar-till-proposition-om-korttidsarbete\/#primaryimage"},"image":{"@id":"https:\/\/www.kompetensforetagen.se\/2020\/03\/kommentar-till-proposition-om-korttidsarbete\/#primaryimage"},"thumbnailUrl":"https:\/\/www.kompetensforetagen.se\/app\/uploads\/sites\/5\/2018\/04\/noah-naf-573835-unsplash.jpg","datePublished":"2020-03-19T17:20:39+00:00","dateModified":"2023-07-07T13:09:48+00:00","description":"Kompetensf\u00f6retagen s\u00e4ger i sin kommentar till en proposition om korttidsarbete att det \u00e4r oacceptabelt att bemanningsf\u00f6retag inte omfattas.","breadcrumb":{"@id":"https:\/\/www.kompetensforetagen.se\/2020\/03\/kommentar-till-proposition-om-korttidsarbete\/#breadcrumb"},"inLanguage":"sv-SE","potentialAction":[{"@type":"ReadAction","target":["https:\/\/www.kompetensforetagen.se\/2020\/03\/kommentar-till-proposition-om-korttidsarbete\/"]}]},{"@type":"ImageObject","inLanguage":"sv-SE","@id":"https:\/\/www.kompetensforetagen.se\/2020\/03\/kommentar-till-proposition-om-korttidsarbete\/#primaryimage","url":"https:\/\/www.kompetensforetagen.se\/app\/uploads\/sites\/5\/2018\/04\/noah-naf-573835-unsplash.jpg","contentUrl":"https:\/\/www.kompetensforetagen.se\/app\/uploads\/sites\/5\/2018\/04\/noah-naf-573835-unsplash.jpg","width":6000,"height":4000,"caption":"Rosa paraply bland gr\u00e5 paraplyer"},{"@type":"BreadcrumbList","@id":"https:\/\/www.kompetensforetagen.se\/2020\/03\/kommentar-till-proposition-om-korttidsarbete\/#breadcrumb","itemListElement":[{"@type":"ListItem","position":1,"name":"Home","item":"https:\/\/www.kompetensforetagen.se\/"},{"@type":"ListItem","position":2,"name":"Kompetens&shy;f\u00f6retagens kommentar till proposition om korttidsarbete"}]},{"@type":"WebSite","@id":"https:\/\/www.kompetensforetagen.se\/#website","url":"https:\/\/www.kompetensforetagen.se\/","name":"Kompetensf\u00f6retagen","description":"R\u00e4tt person p\u00e5 r\u00e4tt plats kan f\u00f6r\u00e4ndra v\u00e4rlden","publisher":{"@id":"https:\/\/www.kompetensforetagen.se\/#organization"},"potentialAction":[{"@type":"SearchAction","target":{"@type":"EntryPoint","urlTemplate":"https:\/\/www.kompetensforetagen.se\/?s={search_term_string}"},"query-input":{"@type":"PropertyValueSpecification","valueRequired":true,"valueName":"search_term_string"}}],"inLanguage":"sv-SE"},{"@type":"Organization","@id":"https:\/\/www.kompetensforetagen.se\/#organization","name":"Kompetensf\u00f6retagen","url":"https:\/\/www.kompetensforetagen.se\/","logo":{"@type":"ImageObject","inLanguage":"sv-SE","@id":"https:\/\/www.kompetensforetagen.se\/#\/schema\/logo\/image\/","url":"https:\/\/www.kompetensforetagen.se\/app\/uploads\/sites\/5\/2022\/10\/logga_svart.png","contentUrl":"https:\/\/www.kompetensforetagen.se\/app\/uploads\/sites\/5\/2022\/10\/logga_svart.png","width":752,"height":64,"caption":"Kompetensf\u00f6retagen"},"image":{"@id":"https:\/\/www.kompetensforetagen.se\/#\/schema\/logo\/image\/"},"sameAs":["https:\/\/www.linkedin.com\/company\/10540032\/"]},{"@type":"Person","@id":"https:\/\/www.kompetensforetagen.se\/#\/schema\/person\/38c6b37b81c530c93246c3d1993d5662","name":"Shashika Sellgren","image":{"@type":"ImageObject","inLanguage":"sv-SE","@id":"https:\/\/www.kompetensforetagen.se\/#\/schema\/person\/image\/","url":"https:\/\/secure.gravatar.com\/avatar\/b225c479880df9eb82d1501dd105dd8040f27c8563f3d4bf5dd62ce0a1630abd?s=96&d=mm&r=g","contentUrl":"https:\/\/secure.gravatar.com\/avatar\/b225c479880df9eb82d1501dd105dd8040f27c8563f3d4bf5dd62ce0a1630abd?s=96&d=mm&r=g","caption":"Shashika Sellgren"},"url":"https:\/\/www.kompetensforetagen.se\/person\/shashikasellgren\/"}]}},"_links":{"self":[{"href":"https:\/\/www.kompetensforetagen.se\/api\/wp\/v2\/posts\/4826","targetHints":{"allow":["GET"]}}],"collection":[{"href":"https:\/\/www.kompetensforetagen.se\/api\/wp\/v2\/posts"}],"about":[{"href":"https:\/\/www.kompetensforetagen.se\/api\/wp\/v2\/types\/post"}],"author":[{"embeddable":true,"href":"https:\/\/www.kompetensforetagen.se\/api\/wp\/v2\/users\/6058"}],"replies":[{"embeddable":true,"href":"https:\/\/www.kompetensforetagen.se\/api\/wp\/v2\/comments?post=4826"}],"version-history":[{"count":2,"href":"https:\/\/www.kompetensforetagen.se\/api\/wp\/v2\/posts\/4826\/revisions"}],"predecessor-version":[{"id":14339,"href":"https:\/\/www.kompetensforetagen.se\/api\/wp\/v2\/posts\/4826\/revisions\/14339"}],"wp:featuredmedia":[{"embeddable":true,"href":"https:\/\/www.kompetensforetagen.se\/api\/wp\/v2\/media\/1057"}],"wp:attachment":[{"href":"https:\/\/www.kompetensforetagen.se\/api\/wp\/v2\/media?parent=4826"}],"wp:term":[{"taxonomy":"category","embeddable":true,"href":"https:\/\/www.kompetensforetagen.se\/api\/wp\/v2\/categories?post=4826"},{"taxonomy":"post_tag","embeddable":true,"href":"https:\/\/www.kompetensforetagen.se\/api\/wp\/v2\/tags?post=4826"},{"taxonomy":"type","embeddable":true,"href":"https:\/\/www.kompetensforetagen.se\/api\/wp\/v2\/article_type?post=4826"},{"taxonomy":"agreement","embeddable":true,"href":"https:\/\/www.kompetensforetagen.se\/api\/wp\/v2\/agreement?post=4826"},{"taxonomy":"for-members","embeddable":true,"href":"https:\/\/www.kompetensforetagen.se\/api\/wp\/v2\/for-members?post=4826"}],"curies":[{"name":"wp","href":"https:\/\/api.w.org\/{rel}","templated":true}]}}