{"id":4760,"date":"2020-03-06T14:38:57","date_gmt":"2020-03-06T13:38:57","guid":{"rendered":"https:\/\/www.kompetensforetagen.se\/?p=4760"},"modified":"2023-03-29T13:05:11","modified_gmt":"2023-03-29T11:05:11","slug":"tre-fragor-till-ordforanden-om-digitalisering","status":"publish","type":"post","link":"https:\/\/www.kompetensforetagen.se\/2020\/03\/tre-fragor-till-ordforanden-om-digitalisering\/","title":{"rendered":"Tre fr\u00e5gor till ordf\u00f6randen om digitalisering inom h\u00e4lso- och sjukv\u00e5rdsomr\u00e5det"},"content":{"rendered":"\n<p>Den 4 mars 2020 \u00f6ppnades d\u00f6rrarna till en av Sveriges st\u00f6rsta rekryteringsm\u00e4ssor inom sjukv\u00e5rd, h\u00e4lsa och omsorg &#8211; Medrekm\u00e4ssan. Nytt f\u00f6r i \u00e5r var en stor paneldebatt p\u00e5 temat digitaliseringen inom sjukv\u00e5rden &#8211; en IT-utveckling som sp\u00e5s ha flera positiva effekter f\u00f6r den som \u00e4r verksamma inom h\u00e4lso- och sjukv\u00e5rdsomr\u00e5det. Kompetensf\u00f6retagens styrelseordf\u00f6rande Eva Domanders, vd Klara Kompetens, var en av debattdeltagarna och vi passade p\u00e5 att st\u00e4lla tre fr\u00e5gor till henne om debatten.<\/p>\n\n\n\n<p><strong>1. Hej Eva! Du deltog i <a href=\"http:\/\/medrekmassan.se\/\" target=\"_blank\" rel=\"noopener noreferrer\">Medrekm\u00e4ssans<\/a> f\u00f6rsta stora paneldebatt i veckan kring digitaliseringen inom sjukv\u00e5rden. P\u00e5 vilket s\u00e4tt p\u00e5verkar digitaliseringen medlemsf\u00f6retag som \u00e4r verksamma inom h\u00e4lso- och sjukv\u00e5rdsomr\u00e5det?<\/strong><\/p>\n\n\n\n<p>-Den p\u00e5verkar f\u00f6rst och fr\u00e4mst \u00f6kad tillg\u00e4nglighet f\u00f6r patienten och minskad belastning f\u00f6r h\u00e4lso- och sjukv\u00e5rd men ocks\u00e5 ut\u00f6kad flexibilitet f\u00f6r alla som jobbar inom sjukv\u00e5rden, det vill s\u00e4ga v\u00e5ra konsulter kan ocks\u00e5 f\u00e5 m\u00f6jlighet att till exempel utf\u00f6ra arbete fr\u00e5n hemmet. Det blir fler arbetstillf\u00e4llen f\u00f6r m\u00e4nniskor i glesbygd d\u00e5 du kan arbeta mer flexibelt och under livets alla skeenden, \u00e4ven under f\u00f6r\u00e4ldraledighet. I en fr\u00e5ga fr\u00e5n publiken s\u00e5 fick jag m\u00f6jlighet att prata om vikten av att <span style=\"background-color: transparent; font-size: 1rem;\">att v\u00e4lja arbetsgivare som har schyssta villkor n\u00e4r man jobbar f\u00f6r bemanningsf\u00f6retag, det vill s\u00e4ga vi <a href=\"https:\/\/www.kompetensforetagen.se\/auktorisation\/\" target=\"_blank\" rel=\"noopener noreferrer\">auktoriserade<\/a> f\u00f6retag som har kollektivavtal, samt att man ska vara noggrann n\u00e4r man v\u00e4ljer arbetsgivare.<\/span><\/p>\n\n\n\n<p><strong>2.\u00a0 Vilka \u00e4r de stora utmaningarna som ni diskuterade i panelen?<\/strong><\/p>\n\n\n\n<p>&#8211; Vi har \u00f6verens i panelen att det i framtiden kommer vara informationen om patienten som kommer vara det centrala och vi tror ocks\u00e5 p\u00e5 dialog och samverkan med alla som jobbar med kompetensf\u00f6rs\u00f6rjning och digital v\u00e5rd. Att tala med, och inte om\u00a0varandra, var ocks\u00e5 en given utg\u00e5ngspunkt.<\/p>\n\n\n\n<p>&#8211;&nbsp; Vi diskuterade v\u00e5rdens stora utmaning med kompetensf\u00f6rs\u00f6rjning, d\u00e4r vi som f\u00f6retag kan bidra med en h\u00e5llbar och effektiv v\u00e5rdkedja s\u00e5 att fler patienter, oavsett ort, kan f\u00e5 tr\u00e4ffa en l\u00e4kare i glesbygd eller f\u00e5 adekvat v\u00e5rd d\u00e5 intensivv\u00e5rdsk\u00f6terskor finns p\u00e5 plats. Om det inte finns m\u00f6jlighet f\u00f6r v\u00e5rdpersonal att kunna v\u00e4lja arbetsgivare s\u00e5 kommer fler att l\u00e4mna yrket eller inte vilja utbilda sig. Regioner tar in hyrpersonal f\u00f6r en kostnad p\u00e5 cirka 3,8 procent per \u00e5r i f\u00f6rh\u00e5llande till egen personal, vilket \u00e4r en l\u00e5g kostnad. F\u00f6r den summan tillf\u00f6rs mycket v\u00e5rd f\u00f6r pengarna och miljontals patienter f\u00e5r en v\u00e5rdkontakt. Vi kan kompetensf\u00f6rs\u00f6rjning och vi tror att regioner i framtiden kommer att anv\u00e4nda v\u00e5r kunskap och kraft i HR f\u00f6rs\u00f6rjning p\u00e5 ett mer l\u00e5ngsiktigt s\u00e4tt.<\/p>\n\n\n\n<p><strong>3. Vilka positiva effekter kan digitaliseringen ge v\u00e5ra medlemsf\u00f6retag?<\/strong><\/p>\n\n\n\n<p>Det kommer i framtiden att vara fler som endast s\u00f6ker jobb digitalt. Framf\u00f6rallt s\u00e5 kan det bidra till att fler kan f\u00e5 v\u00e5rd p\u00e5 st\u00e4llen d\u00e4r det \u00e4r sv\u00e5rt att bemanna. \u00c4ven h\u00e4lso- och sjukv\u00e5rdspersonal som bor i glesbygd kan f\u00e5 m\u00f6jlighet till mer flexibilitet.<\/p>\n","protected":false},"excerpt":{"rendered":"<p>Den 4 mars 2020 \u00f6ppnades d\u00f6rrarna till en av Sveriges st\u00f6rsta rekryteringsm\u00e4ssor inom sjukv\u00e5rd, h\u00e4lsa och omsorg &#8211; Medrekm\u00e4ssan. Nytt f\u00f6r i \u00e5r var en stor paneldebatt p\u00e5 temat digitaliseringen inom sjukv\u00e5rden &#8211; en IT-utveckling &hellip;<\/p>\n","protected":false},"author":6058,"featured_media":12102,"comment_status":"closed","ping_status":"closed","sticky":false,"template":"","format":"standard","meta":{"_acf_changed":false,"footnotes":""},"categories":[5],"tags":[],"article_type":[219],"agreement":[],"for-members":[],"class_list":["post-4760","post","type-post","status-publish","format-standard","has-post-thumbnail","hentry","category-vard","type-nyhet"],"acf":[],"yoast_head":"<!-- This site is optimized with the Yoast SEO Premium plugin v26.8 (Yoast SEO v26.8) - https:\/\/yoast.com\/product\/yoast-seo-premium-wordpress\/ -->\n<title>Ordf\u00f6randen om digitalisering inom h\u00e4lso- och sjukv\u00e5rdsomr\u00e5det<\/title>\n<meta name=\"description\" content=\"Vad inneb\u00e4r utvecklingen inom tech-omr\u00e5det f\u00f6r medlemsf\u00f6retagen? H\u00e4r svarar ordf\u00f6randen om digitalisering inom h\u00e4lso- och sjukv\u00e5rdsomr\u00e5det.\" \/>\n<meta name=\"robots\" content=\"index, follow, max-snippet:-1, max-image-preview:large, max-video-preview:-1\" \/>\n<link rel=\"canonical\" href=\"https:\/\/www.kompetensforetagen.se\/2020\/03\/tre-fragor-till-ordforanden-om-digitalisering\/\" \/>\n<meta property=\"og:locale\" content=\"sv_SE\" \/>\n<meta property=\"og:type\" content=\"article\" \/>\n<meta property=\"og:title\" content=\"Tre fr\u00e5gor till ordf\u00f6randen om digitalisering inom h\u00e4lso- och sjukv\u00e5rdsomr\u00e5det\" \/>\n<meta property=\"og:description\" content=\"Vad inneb\u00e4r utvecklingen inom tech-omr\u00e5det f\u00f6r medlemsf\u00f6retagen? H\u00e4r svarar ordf\u00f6randen om digitalisering inom h\u00e4lso- och sjukv\u00e5rdsomr\u00e5det.\" \/>\n<meta property=\"og:url\" content=\"https:\/\/www.kompetensforetagen.se\/2020\/03\/tre-fragor-till-ordforanden-om-digitalisering\/\" \/>\n<meta property=\"og:site_name\" content=\"Kompetensf\u00f6retagen\" \/>\n<meta property=\"article:published_time\" content=\"2020-03-06T13:38:57+00:00\" \/>\n<meta property=\"article:modified_time\" content=\"2023-03-29T11:05:11+00:00\" \/>\n<meta property=\"og:image\" content=\"https:\/\/www.kompetensforetagen.se\/app\/uploads\/sites\/5\/2020\/03\/DSC7610-1180x787.jpg\" \/>\n\t<meta property=\"og:image:width\" content=\"1180\" \/>\n\t<meta property=\"og:image:height\" content=\"787\" \/>\n\t<meta property=\"og:image:type\" content=\"image\/jpeg\" \/>\n<meta name=\"author\" content=\"Shashika Sellgren\" \/>\n<meta name=\"twitter:card\" content=\"summary_large_image\" \/>\n<meta name=\"twitter:label1\" content=\"Skriven av\" \/>\n\t<meta name=\"twitter:data1\" content=\"Shashika Sellgren\" \/>\n\t<meta name=\"twitter:label2\" content=\"Ber\u00e4knad l\u00e4stid\" \/>\n\t<meta name=\"twitter:data2\" content=\"3 minuter\" \/>\n<!-- \/ Yoast SEO Premium plugin. -->","yoast_head_json":{"title":"Ordf\u00f6randen om digitalisering inom h\u00e4lso- och sjukv\u00e5rdsomr\u00e5det","description":"Vad inneb\u00e4r utvecklingen inom tech-omr\u00e5det f\u00f6r medlemsf\u00f6retagen? H\u00e4r svarar ordf\u00f6randen om digitalisering inom h\u00e4lso- och sjukv\u00e5rdsomr\u00e5det.","robots":{"index":"index","follow":"follow","max-snippet":"max-snippet:-1","max-image-preview":"max-image-preview:large","max-video-preview":"max-video-preview:-1"},"canonical":"https:\/\/www.kompetensforetagen.se\/2020\/03\/tre-fragor-till-ordforanden-om-digitalisering\/","og_locale":"sv_SE","og_type":"article","og_title":"Tre fr\u00e5gor till ordf\u00f6randen om digitalisering inom h\u00e4lso- och sjukv\u00e5rdsomr\u00e5det","og_description":"Vad inneb\u00e4r utvecklingen inom tech-omr\u00e5det f\u00f6r medlemsf\u00f6retagen? H\u00e4r svarar ordf\u00f6randen om digitalisering inom h\u00e4lso- och sjukv\u00e5rdsomr\u00e5det.","og_url":"https:\/\/www.kompetensforetagen.se\/2020\/03\/tre-fragor-till-ordforanden-om-digitalisering\/","og_site_name":"Kompetensf\u00f6retagen","article_published_time":"2020-03-06T13:38:57+00:00","article_modified_time":"2023-03-29T11:05:11+00:00","og_image":[{"width":1180,"height":787,"url":"https:\/\/www.kompetensforetagen.se\/app\/uploads\/sites\/5\/2020\/03\/DSC7610-1180x787.jpg","type":"image\/jpeg"}],"author":"Shashika Sellgren","twitter_card":"summary_large_image","twitter_misc":{"Skriven av":"Shashika Sellgren","Ber\u00e4knad l\u00e4stid":"3 minuter"},"schema":{"@context":"https:\/\/schema.org","@graph":[{"@type":"Article","@id":"https:\/\/www.kompetensforetagen.se\/2020\/03\/tre-fragor-till-ordforanden-om-digitalisering\/#article","isPartOf":{"@id":"https:\/\/www.kompetensforetagen.se\/2020\/03\/tre-fragor-till-ordforanden-om-digitalisering\/"},"author":{"name":"Shashika Sellgren","@id":"https:\/\/www.kompetensforetagen.se\/#\/schema\/person\/38c6b37b81c530c93246c3d1993d5662"},"headline":"Tre fr\u00e5gor till ordf\u00f6randen om digitalisering inom h\u00e4lso- och sjukv\u00e5rdsomr\u00e5det","datePublished":"2020-03-06T13:38:57+00:00","dateModified":"2023-03-29T11:05:11+00:00","mainEntityOfPage":{"@id":"https:\/\/www.kompetensforetagen.se\/2020\/03\/tre-fragor-till-ordforanden-om-digitalisering\/"},"wordCount":570,"publisher":{"@id":"https:\/\/www.kompetensforetagen.se\/#organization"},"image":{"@id":"https:\/\/www.kompetensforetagen.se\/2020\/03\/tre-fragor-till-ordforanden-om-digitalisering\/#primaryimage"},"thumbnailUrl":"https:\/\/www.kompetensforetagen.se\/app\/uploads\/sites\/5\/2020\/03\/DSC7610.jpg","articleSection":["V\u00e5rdbemanning"],"inLanguage":"sv-SE"},{"@type":"WebPage","@id":"https:\/\/www.kompetensforetagen.se\/2020\/03\/tre-fragor-till-ordforanden-om-digitalisering\/","url":"https:\/\/www.kompetensforetagen.se\/2020\/03\/tre-fragor-till-ordforanden-om-digitalisering\/","name":"Ordf\u00f6randen om digitalisering inom h\u00e4lso- och sjukv\u00e5rdsomr\u00e5det","isPartOf":{"@id":"https:\/\/www.kompetensforetagen.se\/#website"},"primaryImageOfPage":{"@id":"https:\/\/www.kompetensforetagen.se\/2020\/03\/tre-fragor-till-ordforanden-om-digitalisering\/#primaryimage"},"image":{"@id":"https:\/\/www.kompetensforetagen.se\/2020\/03\/tre-fragor-till-ordforanden-om-digitalisering\/#primaryimage"},"thumbnailUrl":"https:\/\/www.kompetensforetagen.se\/app\/uploads\/sites\/5\/2020\/03\/DSC7610.jpg","datePublished":"2020-03-06T13:38:57+00:00","dateModified":"2023-03-29T11:05:11+00:00","description":"Vad inneb\u00e4r utvecklingen inom tech-omr\u00e5det f\u00f6r medlemsf\u00f6retagen? H\u00e4r svarar ordf\u00f6randen om digitalisering inom h\u00e4lso- och sjukv\u00e5rdsomr\u00e5det.","breadcrumb":{"@id":"https:\/\/www.kompetensforetagen.se\/2020\/03\/tre-fragor-till-ordforanden-om-digitalisering\/#breadcrumb"},"inLanguage":"sv-SE","potentialAction":[{"@type":"ReadAction","target":["https:\/\/www.kompetensforetagen.se\/2020\/03\/tre-fragor-till-ordforanden-om-digitalisering\/"]}]},{"@type":"ImageObject","inLanguage":"sv-SE","@id":"https:\/\/www.kompetensforetagen.se\/2020\/03\/tre-fragor-till-ordforanden-om-digitalisering\/#primaryimage","url":"https:\/\/www.kompetensforetagen.se\/app\/uploads\/sites\/5\/2020\/03\/DSC7610.jpg","contentUrl":"https:\/\/www.kompetensforetagen.se\/app\/uploads\/sites\/5\/2020\/03\/DSC7610.jpg","width":7698,"height":5132,"caption":"Eva Domanders"},{"@type":"BreadcrumbList","@id":"https:\/\/www.kompetensforetagen.se\/2020\/03\/tre-fragor-till-ordforanden-om-digitalisering\/#breadcrumb","itemListElement":[{"@type":"ListItem","position":1,"name":"Home","item":"https:\/\/www.kompetensforetagen.se\/"},{"@type":"ListItem","position":2,"name":"Tre fr\u00e5gor till ordf\u00f6randen om digitalisering inom h\u00e4lso- och sjukv\u00e5rdsomr\u00e5det"}]},{"@type":"WebSite","@id":"https:\/\/www.kompetensforetagen.se\/#website","url":"https:\/\/www.kompetensforetagen.se\/","name":"Kompetensf\u00f6retagen","description":"R\u00e4tt person p\u00e5 r\u00e4tt plats kan f\u00f6r\u00e4ndra v\u00e4rlden","publisher":{"@id":"https:\/\/www.kompetensforetagen.se\/#organization"},"potentialAction":[{"@type":"SearchAction","target":{"@type":"EntryPoint","urlTemplate":"https:\/\/www.kompetensforetagen.se\/?s={search_term_string}"},"query-input":{"@type":"PropertyValueSpecification","valueRequired":true,"valueName":"search_term_string"}}],"inLanguage":"sv-SE"},{"@type":"Organization","@id":"https:\/\/www.kompetensforetagen.se\/#organization","name":"Kompetensf\u00f6retagen","url":"https:\/\/www.kompetensforetagen.se\/","logo":{"@type":"ImageObject","inLanguage":"sv-SE","@id":"https:\/\/www.kompetensforetagen.se\/#\/schema\/logo\/image\/","url":"https:\/\/www.kompetensforetagen.se\/app\/uploads\/sites\/5\/2022\/10\/logga_svart.png","contentUrl":"https:\/\/www.kompetensforetagen.se\/app\/uploads\/sites\/5\/2022\/10\/logga_svart.png","width":752,"height":64,"caption":"Kompetensf\u00f6retagen"},"image":{"@id":"https:\/\/www.kompetensforetagen.se\/#\/schema\/logo\/image\/"},"sameAs":["https:\/\/www.linkedin.com\/company\/10540032\/"]},{"@type":"Person","@id":"https:\/\/www.kompetensforetagen.se\/#\/schema\/person\/38c6b37b81c530c93246c3d1993d5662","name":"Shashika Sellgren","image":{"@type":"ImageObject","inLanguage":"sv-SE","@id":"https:\/\/www.kompetensforetagen.se\/#\/schema\/person\/image\/","url":"https:\/\/secure.gravatar.com\/avatar\/b225c479880df9eb82d1501dd105dd8040f27c8563f3d4bf5dd62ce0a1630abd?s=96&d=mm&r=g","contentUrl":"https:\/\/secure.gravatar.com\/avatar\/b225c479880df9eb82d1501dd105dd8040f27c8563f3d4bf5dd62ce0a1630abd?s=96&d=mm&r=g","caption":"Shashika Sellgren"},"url":"https:\/\/www.kompetensforetagen.se\/person\/shashikasellgren\/"}]}},"_links":{"self":[{"href":"https:\/\/www.kompetensforetagen.se\/api\/wp\/v2\/posts\/4760","targetHints":{"allow":["GET"]}}],"collection":[{"href":"https:\/\/www.kompetensforetagen.se\/api\/wp\/v2\/posts"}],"about":[{"href":"https:\/\/www.kompetensforetagen.se\/api\/wp\/v2\/types\/post"}],"author":[{"embeddable":true,"href":"https:\/\/www.kompetensforetagen.se\/api\/wp\/v2\/users\/6058"}],"replies":[{"embeddable":true,"href":"https:\/\/www.kompetensforetagen.se\/api\/wp\/v2\/comments?post=4760"}],"version-history":[{"count":1,"href":"https:\/\/www.kompetensforetagen.se\/api\/wp\/v2\/posts\/4760\/revisions"}],"predecessor-version":[{"id":12104,"href":"https:\/\/www.kompetensforetagen.se\/api\/wp\/v2\/posts\/4760\/revisions\/12104"}],"wp:featuredmedia":[{"embeddable":true,"href":"https:\/\/www.kompetensforetagen.se\/api\/wp\/v2\/media\/12102"}],"wp:attachment":[{"href":"https:\/\/www.kompetensforetagen.se\/api\/wp\/v2\/media?parent=4760"}],"wp:term":[{"taxonomy":"category","embeddable":true,"href":"https:\/\/www.kompetensforetagen.se\/api\/wp\/v2\/categories?post=4760"},{"taxonomy":"post_tag","embeddable":true,"href":"https:\/\/www.kompetensforetagen.se\/api\/wp\/v2\/tags?post=4760"},{"taxonomy":"type","embeddable":true,"href":"https:\/\/www.kompetensforetagen.se\/api\/wp\/v2\/article_type?post=4760"},{"taxonomy":"agreement","embeddable":true,"href":"https:\/\/www.kompetensforetagen.se\/api\/wp\/v2\/agreement?post=4760"},{"taxonomy":"for-members","embeddable":true,"href":"https:\/\/www.kompetensforetagen.se\/api\/wp\/v2\/for-members?post=4760"}],"curies":[{"name":"wp","href":"https:\/\/api.w.org\/{rel}","templated":true}]}}