{"id":4487,"date":"2019-12-12T11:11:38","date_gmt":"2019-12-12T10:11:38","guid":{"rendered":"https:\/\/www.kompetensforetagen.se\/?p=4487"},"modified":"2023-03-27T14:17:43","modified_gmt":"2023-03-27T12:17:43","slug":"till-minne-av-ulla-murman-1926-2019","status":"publish","type":"post","link":"https:\/\/www.kompetensforetagen.se\/2019\/12\/till-minne-av-ulla-murman-1926-2019\/","title":{"rendered":"Till minne av Ulla Murman 1926 &#8211; 2019"},"content":{"rendered":"\n<p>Ulla Murman var bemanningsbranschens moder och la grunden f\u00f6r hela den svenska bemanningsbranschen.<\/p>\n\n\n\n<p>Ulla startade Sveriges f\u00f6rsta bemanningsf\u00f6retag vid 27-\u00e5rs \u00e5lder&nbsp;i en tid d\u00e5 nyf\u00f6retagande var ovanligt och s\u00e4rskilt bland kvinnor. \u00c5ret var 1953 och i en lokal i Gamla stan anst\u00e4llde hon personal, fr\u00e4mst kvinnor, som hyrdes ut till f\u00f6retag som beh\u00f6vde snabb tillg\u00e5ng till sekreterare.<\/p>\n\n\n\n<figure class=\"wp-block-image\"><img loading=\"lazy\" decoding=\"async\" width=\"580\" height=\"754\" src=\"https:\/\/www.almega.se\/app\/uploads\/sites\/5\/2020\/01\/ulla-murman-580x754.png\" alt=\"\" class=\"wp-image-4488\" srcset=\"https:\/\/www.kompetensforetagen.se\/app\/uploads\/sites\/5\/2020\/01\/ulla-murman-580x754.png 580w, https:\/\/www.kompetensforetagen.se\/app\/uploads\/sites\/5\/2020\/01\/ulla-murman-380x494.png 380w, https:\/\/www.kompetensforetagen.se\/app\/uploads\/sites\/5\/2020\/01\/ulla-murman.png 721w\" sizes=\"auto, (max-width: 580px) 100vw, 580px\" \/><\/figure>\n\n\n\n<p>Se&nbsp;<a href=\"https:\/\/www.wecglobal.org\/news-post\/swedish-industry-figurehead-passed-away\/\" target=\"_blank\" rel=\"noopener noreferrer\">World Employment Confederations&nbsp;<\/a>hyllning av Ulla Murman.<\/p>\n\n\n\n<p>L\u00e4s mer om branschens historia och Ulla i v\u00e5r bok <a href=\"https:\/\/www.almega.se\/app\/uploads\/sites\/5\/2018\/05\/kompetensrebellerna_webb.pdf\" target=\"_blank\" rel=\"noopener noreferrer\">Kompetensrebellerna<\/a> skriven av Anders Johnson och om Ulla p\u00e5 <a href=\"https:\/\/sv.wikipedia.org\/wiki\/Ulla_Murman\" target=\"_blank\" rel=\"noopener noreferrer\">Wikipedia<\/a>.<\/p>\n","protected":false},"excerpt":{"rendered":"<p>Ulla Murman var bemanningsbranschens moder och la grunden f\u00f6r hela den svenska bemanningsbranschen. Ulla startade Sveriges f\u00f6rsta bemanningsf\u00f6retag vid 27-\u00e5rs \u00e5lder&nbsp;i en tid d\u00e5 nyf\u00f6retagande var ovanligt och s\u00e4rskilt bland kvinnor. \u00c5ret var 1953 och &hellip;<\/p>\n","protected":false},"author":216,"featured_media":0,"comment_status":"closed","ping_status":"closed","sticky":false,"template":"","format":"standard","meta":{"_acf_changed":false,"footnotes":""},"categories":[1],"tags":[],"article_type":[8],"agreement":[],"for-members":[],"class_list":["post-4487","post","type-post","status-publish","format-standard","hentry","category-okategoriserade","type-aktuellt"],"acf":[],"yoast_head":"<!-- This site is optimized with the Yoast SEO Premium plugin v26.8 (Yoast SEO v26.8) - https:\/\/yoast.com\/product\/yoast-seo-premium-wordpress\/ -->\n<title>Till minne av Ulla Murman 1926-2019<\/title>\n<meta name=\"description\" content=\"Till minne av Ulla Murman. Ulla startade Sveriges f\u00f6rsta bemanningsf\u00f6retag\u00a0i en tid d\u00e5 nyf\u00f6retagande var ovanligt, s\u00e4rskilt bland kvinnor.\" \/>\n<meta name=\"robots\" content=\"index, follow, max-snippet:-1, max-image-preview:large, max-video-preview:-1\" \/>\n<link rel=\"canonical\" href=\"https:\/\/www.kompetensforetagen.se\/2019\/12\/till-minne-av-ulla-murman-1926-2019\/\" \/>\n<meta property=\"og:locale\" content=\"sv_SE\" \/>\n<meta property=\"og:type\" content=\"article\" \/>\n<meta property=\"og:title\" content=\"Till minne av Ulla Murman 1926 - 2019\" \/>\n<meta property=\"og:description\" content=\"Till minne av Ulla Murman. Ulla startade Sveriges f\u00f6rsta bemanningsf\u00f6retag\u00a0i en tid d\u00e5 nyf\u00f6retagande var ovanligt, s\u00e4rskilt bland kvinnor.\" \/>\n<meta property=\"og:url\" content=\"https:\/\/www.kompetensforetagen.se\/2019\/12\/till-minne-av-ulla-murman-1926-2019\/\" \/>\n<meta property=\"og:site_name\" content=\"Kompetensf\u00f6retagen\" \/>\n<meta property=\"article:published_time\" content=\"2019-12-12T10:11:38+00:00\" \/>\n<meta property=\"article:modified_time\" content=\"2023-03-27T12:17:43+00:00\" \/>\n<meta property=\"og:image\" content=\"https:\/\/www.almega.se\/app\/uploads\/sites\/5\/2020\/01\/ulla-murman-580x754.png\" \/>\n<meta name=\"author\" content=\"Carina Kit\" \/>\n<meta name=\"twitter:card\" content=\"summary_large_image\" \/>\n<meta name=\"twitter:label1\" content=\"Skriven av\" \/>\n\t<meta name=\"twitter:data1\" content=\"Carina Kit\" \/>\n\t<meta name=\"twitter:label2\" content=\"Ber\u00e4knad l\u00e4stid\" \/>\n\t<meta name=\"twitter:data2\" content=\"1 minut\" \/>\n<!-- \/ Yoast SEO Premium plugin. -->","yoast_head_json":{"title":"Till minne av Ulla Murman 1926-2019","description":"Till minne av Ulla Murman. Ulla startade Sveriges f\u00f6rsta bemanningsf\u00f6retag\u00a0i en tid d\u00e5 nyf\u00f6retagande var ovanligt, s\u00e4rskilt bland kvinnor.","robots":{"index":"index","follow":"follow","max-snippet":"max-snippet:-1","max-image-preview":"max-image-preview:large","max-video-preview":"max-video-preview:-1"},"canonical":"https:\/\/www.kompetensforetagen.se\/2019\/12\/till-minne-av-ulla-murman-1926-2019\/","og_locale":"sv_SE","og_type":"article","og_title":"Till minne av Ulla Murman 1926 - 2019","og_description":"Till minne av Ulla Murman. Ulla startade Sveriges f\u00f6rsta bemanningsf\u00f6retag\u00a0i en tid d\u00e5 nyf\u00f6retagande var ovanligt, s\u00e4rskilt bland kvinnor.","og_url":"https:\/\/www.kompetensforetagen.se\/2019\/12\/till-minne-av-ulla-murman-1926-2019\/","og_site_name":"Kompetensf\u00f6retagen","article_published_time":"2019-12-12T10:11:38+00:00","article_modified_time":"2023-03-27T12:17:43+00:00","og_image":[{"url":"https:\/\/www.almega.se\/app\/uploads\/sites\/5\/2020\/01\/ulla-murman-580x754.png","type":"","width":"","height":""}],"author":"Carina Kit","twitter_card":"summary_large_image","twitter_misc":{"Skriven av":"Carina Kit","Ber\u00e4knad l\u00e4stid":"1 minut"},"schema":{"@context":"https:\/\/schema.org","@graph":[{"@type":"Article","@id":"https:\/\/www.kompetensforetagen.se\/2019\/12\/till-minne-av-ulla-murman-1926-2019\/#article","isPartOf":{"@id":"https:\/\/www.kompetensforetagen.se\/2019\/12\/till-minne-av-ulla-murman-1926-2019\/"},"author":{"name":"Carina Kit","@id":"https:\/\/www.kompetensforetagen.se\/#\/schema\/person\/289c2139959d8ed9536a46aa74479571"},"headline":"Till minne av Ulla Murman 1926 &#8211; 2019","datePublished":"2019-12-12T10:11:38+00:00","dateModified":"2023-03-27T12:17:43+00:00","mainEntityOfPage":{"@id":"https:\/\/www.kompetensforetagen.se\/2019\/12\/till-minne-av-ulla-murman-1926-2019\/"},"wordCount":107,"publisher":{"@id":"https:\/\/www.kompetensforetagen.se\/#organization"},"image":{"@id":"https:\/\/www.kompetensforetagen.se\/2019\/12\/till-minne-av-ulla-murman-1926-2019\/#primaryimage"},"thumbnailUrl":"https:\/\/www.almega.se\/app\/uploads\/sites\/5\/2020\/01\/ulla-murman-580x754.png","inLanguage":"sv-SE"},{"@type":"WebPage","@id":"https:\/\/www.kompetensforetagen.se\/2019\/12\/till-minne-av-ulla-murman-1926-2019\/","url":"https:\/\/www.kompetensforetagen.se\/2019\/12\/till-minne-av-ulla-murman-1926-2019\/","name":"Till minne av Ulla Murman 1926-2019","isPartOf":{"@id":"https:\/\/www.kompetensforetagen.se\/#website"},"primaryImageOfPage":{"@id":"https:\/\/www.kompetensforetagen.se\/2019\/12\/till-minne-av-ulla-murman-1926-2019\/#primaryimage"},"image":{"@id":"https:\/\/www.kompetensforetagen.se\/2019\/12\/till-minne-av-ulla-murman-1926-2019\/#primaryimage"},"thumbnailUrl":"https:\/\/www.almega.se\/app\/uploads\/sites\/5\/2020\/01\/ulla-murman-580x754.png","datePublished":"2019-12-12T10:11:38+00:00","dateModified":"2023-03-27T12:17:43+00:00","description":"Till minne av Ulla Murman. Ulla startade Sveriges f\u00f6rsta bemanningsf\u00f6retag\u00a0i en tid d\u00e5 nyf\u00f6retagande var ovanligt, s\u00e4rskilt bland kvinnor.","breadcrumb":{"@id":"https:\/\/www.kompetensforetagen.se\/2019\/12\/till-minne-av-ulla-murman-1926-2019\/#breadcrumb"},"inLanguage":"sv-SE","potentialAction":[{"@type":"ReadAction","target":["https:\/\/www.kompetensforetagen.se\/2019\/12\/till-minne-av-ulla-murman-1926-2019\/"]}]},{"@type":"ImageObject","inLanguage":"sv-SE","@id":"https:\/\/www.kompetensforetagen.se\/2019\/12\/till-minne-av-ulla-murman-1926-2019\/#primaryimage","url":"https:\/\/www.almega.se\/app\/uploads\/sites\/5\/2020\/01\/ulla-murman-580x754.png","contentUrl":"https:\/\/www.almega.se\/app\/uploads\/sites\/5\/2020\/01\/ulla-murman-580x754.png"},{"@type":"BreadcrumbList","@id":"https:\/\/www.kompetensforetagen.se\/2019\/12\/till-minne-av-ulla-murman-1926-2019\/#breadcrumb","itemListElement":[{"@type":"ListItem","position":1,"name":"Home","item":"https:\/\/www.kompetensforetagen.se\/"},{"@type":"ListItem","position":2,"name":"Till minne av Ulla Murman 1926 &#8211; 2019"}]},{"@type":"WebSite","@id":"https:\/\/www.kompetensforetagen.se\/#website","url":"https:\/\/www.kompetensforetagen.se\/","name":"Kompetensf\u00f6retagen","description":"R\u00e4tt person p\u00e5 r\u00e4tt plats kan f\u00f6r\u00e4ndra v\u00e4rlden","publisher":{"@id":"https:\/\/www.kompetensforetagen.se\/#organization"},"potentialAction":[{"@type":"SearchAction","target":{"@type":"EntryPoint","urlTemplate":"https:\/\/www.kompetensforetagen.se\/?s={search_term_string}"},"query-input":{"@type":"PropertyValueSpecification","valueRequired":true,"valueName":"search_term_string"}}],"inLanguage":"sv-SE"},{"@type":"Organization","@id":"https:\/\/www.kompetensforetagen.se\/#organization","name":"Kompetensf\u00f6retagen","url":"https:\/\/www.kompetensforetagen.se\/","logo":{"@type":"ImageObject","inLanguage":"sv-SE","@id":"https:\/\/www.kompetensforetagen.se\/#\/schema\/logo\/image\/","url":"https:\/\/www.kompetensforetagen.se\/app\/uploads\/sites\/5\/2022\/10\/logga_svart.png","contentUrl":"https:\/\/www.kompetensforetagen.se\/app\/uploads\/sites\/5\/2022\/10\/logga_svart.png","width":752,"height":64,"caption":"Kompetensf\u00f6retagen"},"image":{"@id":"https:\/\/www.kompetensforetagen.se\/#\/schema\/logo\/image\/"},"sameAs":["https:\/\/www.linkedin.com\/company\/10540032\/"]},{"@type":"Person","@id":"https:\/\/www.kompetensforetagen.se\/#\/schema\/person\/289c2139959d8ed9536a46aa74479571","name":"Carina Kit","image":{"@type":"ImageObject","inLanguage":"sv-SE","@id":"https:\/\/www.kompetensforetagen.se\/#\/schema\/person\/image\/","url":"https:\/\/secure.gravatar.com\/avatar\/9accc2e15089a6454d09e74efc78d237028a142d5a6f3102bc573dfbdc202317?s=96&d=mm&r=g","contentUrl":"https:\/\/secure.gravatar.com\/avatar\/9accc2e15089a6454d09e74efc78d237028a142d5a6f3102bc573dfbdc202317?s=96&d=mm&r=g","caption":"Carina Kit"},"description":"Carina Kit \u00e4r kommunikationschef p\u00e5 Kompetensf\u00f6retagen.","url":"https:\/\/www.kompetensforetagen.se\/person\/carinakit\/"}]}},"_links":{"self":[{"href":"https:\/\/www.kompetensforetagen.se\/api\/wp\/v2\/posts\/4487","targetHints":{"allow":["GET"]}}],"collection":[{"href":"https:\/\/www.kompetensforetagen.se\/api\/wp\/v2\/posts"}],"about":[{"href":"https:\/\/www.kompetensforetagen.se\/api\/wp\/v2\/types\/post"}],"author":[{"embeddable":true,"href":"https:\/\/www.kompetensforetagen.se\/api\/wp\/v2\/users\/216"}],"replies":[{"embeddable":true,"href":"https:\/\/www.kompetensforetagen.se\/api\/wp\/v2\/comments?post=4487"}],"version-history":[{"count":1,"href":"https:\/\/www.kompetensforetagen.se\/api\/wp\/v2\/posts\/4487\/revisions"}],"predecessor-version":[{"id":11908,"href":"https:\/\/www.kompetensforetagen.se\/api\/wp\/v2\/posts\/4487\/revisions\/11908"}],"wp:attachment":[{"href":"https:\/\/www.kompetensforetagen.se\/api\/wp\/v2\/media?parent=4487"}],"wp:term":[{"taxonomy":"category","embeddable":true,"href":"https:\/\/www.kompetensforetagen.se\/api\/wp\/v2\/categories?post=4487"},{"taxonomy":"post_tag","embeddable":true,"href":"https:\/\/www.kompetensforetagen.se\/api\/wp\/v2\/tags?post=4487"},{"taxonomy":"type","embeddable":true,"href":"https:\/\/www.kompetensforetagen.se\/api\/wp\/v2\/article_type?post=4487"},{"taxonomy":"agreement","embeddable":true,"href":"https:\/\/www.kompetensforetagen.se\/api\/wp\/v2\/agreement?post=4487"},{"taxonomy":"for-members","embeddable":true,"href":"https:\/\/www.kompetensforetagen.se\/api\/wp\/v2\/for-members?post=4487"}],"curies":[{"name":"wp","href":"https:\/\/api.w.org\/{rel}","templated":true}]}}