{"id":4353,"date":"2019-12-04T15:20:50","date_gmt":"2019-12-04T14:20:50","guid":{"rendered":"https:\/\/www.kompetensforetagen.se\/?p=4353"},"modified":"2023-03-27T14:19:52","modified_gmt":"2023-03-27T12:19:52","slug":"kommunerna-far-inte-agera-matchningsaktorer","status":"publish","type":"post","link":"https:\/\/www.kompetensforetagen.se\/2019\/12\/kommunerna-far-inte-agera-matchningsaktorer\/","title":{"rendered":"Kommunerna f\u00e5r inte agera matchningsakt\u00f6rer"},"content":{"rendered":"\n<p>Reformeringen av Arbetsf\u00f6rmedlingen \u00e4r en mycket viktig reform f\u00f6r att \u00f6ka effektiviteten i arbetsmarknadspolitiken. Syftet med reformen \u00e4r att f\u00e5 fler arbetss\u00f6kande i jobb snabbare, vilket \u00e4ven kommer underl\u00e4tta f\u00f6r n\u00e4ringslivets kompetensf\u00f6rs\u00f6rjning.\u00a0 F\u00f6r att \u00e5stadkomma detta kommer Arbetsf\u00f6rmedlingens uppdrag renodlas och myndigheten blir mer fokuserad p\u00e5 att fatta beslut om insatser och att kontrollera och utv\u00e4rdera. Frist\u00e5ende jobbf\u00f6rmedlare ska ta \u00f6ver det matchande och rustande arbetet i hela landet. Ett valfrihetssystem ska etableras enligt LOV, Lagen om valfrihetssystem. Kommunerna f\u00e5r inte agera matchningsakt\u00f6rer.<\/p>\n\n\n\n<blockquote class=\"wp-block-quote is-layout-flow wp-block-quote-is-layout-flow\">\n<p>Kommunerna och de frist\u00e5ende jobbf\u00f6rmedlarna b\u00f6r kroka arm snarare \u00e4n att konkurrera<\/p>\n<\/blockquote>\n\n\n\n<p>En central fr\u00e5ga f\u00f6r reformen \u00e4r om de frist\u00e5ende jobbf\u00f6rmedlarna kan f\u00f6rm\u00e5s att etablera sig i hela landet och erbjuda likv\u00e4rdig service till de arbetss\u00f6kande. Flera kommuner har g\u00e5tt ut i debatten och meddelat att de kan ta \u00f6ver Arbetsf\u00f6rmedlingens <a href=\"https:\/\/www.kompetensforetagen.se\/arbetsformedlingen\/krom-rusta-och-matcha\/\" target=\"_blank\" rel=\"noopener noreferrer\">matchande och rustande arbete<\/a>. Andra vill ha m\u00f6jligheten att etablera sig som leverant\u00f6rer i LOV-systemet i konkurrens med de frist\u00e5ende jobbf\u00f6rmedlarna.<\/p>\n\n\n\n<p>Men \u00e4r arbetsmarknadspolitiken en kommunal befogenhet? Kan kommunerna konkurrera p\u00e5 lika villkor? \u00c4r detta r\u00e4tt v\u00e4g att g\u00e5?<\/p>\n\n\n\n<h3 class=\"wp-block-heading\">Kommunerna f\u00e5r inte agera matchningsakt\u00f6rer<\/h3>\n\n\n\n<p>Almega har bett Olle Lundin, professor i f\u00f6rvaltningsr\u00e4tt vid Uppsala universitet, ge sin syn p\u00e5 dessa fr\u00e5gor. Almega vill med rapporten \u201dKommunerna f\u00e5r inte agera matchningsakt\u00f6rer\u201d presentera Olles analys, han st\u00e5r sj\u00e4lv f\u00f6r inneh\u00e5llet i rapporten. Det Olle kommer fram till \u00e4r att det finns en rad hinder och problem med tanken att l\u00e5ta kommunerna bli leverant\u00f6rer till Arbetsf\u00f6rmedlingen och konkurrera med de frist\u00e5ende jobbf\u00f6rmedlarna i LOV-systemet. Kommunerna har inte befogenheten idag att utf\u00f6ra arbetsmarknadspolitiska uppgifter, det \u00e4r en statlig angel\u00e4genhet. Om kommunerna etablerar sig som akt\u00f6rer i LOV-systemet kommer det skapa problem med den kommunala sj\u00e4lvkostnadsprincipen och det blir inte konkurrens p\u00e5 lika villkor.<\/p>\n\n\n\n<p>Almega f\u00f6resl\u00e5r att politikerna s\u00f6ker andra l\u00f6sningar f\u00f6r att tillm\u00f6tesg\u00e5 kommunernas behov och f\u00f6r att s\u00e4kerst\u00e4lla god etablering och service i hela landet. Vi \u00e4r \u00f6vertygade om att de frist\u00e5ende jobbf\u00f6rmedlarna kan verka f\u00f6r kommunernas b\u00e4sta och att de st\u00e5r redo att axla utmaningen.<\/p>\n\n\n\n<p>Kommunerna och de frist\u00e5ende jobbf\u00f6rmedlarna b\u00f6r kroka arm snarare \u00e4n att konkurrera. Genom att tillsammans arbeta mot ett gemensamt m\u00e5l skapas synergieffekter som \u00f6kar effektiviteten i arbetsmarknadspolitiken. N\u00e4r Arbetsf\u00f6rmedlingen reformeras b\u00f6r det vara med ambitionen att s\u00e4nka kommunernas kostnader f\u00f6r ekonomiskt bist\u00e5nd och att erbjuda god service i hela Sverige.<\/p>\n\n\n\n<p><a href=\"https:\/\/www.almega.se\/2019\/11\/kommunerna-far-inte-agera-matchningsaktorer\/\" target=\"_blank\" rel=\"noopener noreferrer\">Originaltexten publicerades p\u00e5 almega.se<\/a><\/p>\n\n\n\n<p><a href=\"https:\/\/www.almega.se\/app\/uploads\/2019\/11\/almega-kommunerna-far-inte-agera-matchningsaktorer.pdf\" target=\"_blank\" rel=\"noopener noreferrer\">L\u00e4s eller&nbsp; ladda ner rapporten h\u00e4r<\/a><\/p>\n","protected":false},"excerpt":{"rendered":"<p>Reformeringen av Arbetsf\u00f6rmedlingen \u00e4r en mycket viktig reform f\u00f6r att \u00f6ka effektiviteten i arbetsmarknadspolitiken. Syftet med reformen \u00e4r att f\u00e5 fler arbetss\u00f6kande i jobb snabbare, vilket \u00e4ven kommer underl\u00e4tta f\u00f6r n\u00e4ringslivets kompetensf\u00f6rs\u00f6rjning.\u00a0 F\u00f6r att \u00e5stadkomma &hellip;<\/p>\n","protected":false},"author":216,"featured_media":5425,"comment_status":"closed","ping_status":"closed","sticky":false,"template":"","format":"standard","meta":{"_acf_changed":false,"footnotes":""},"categories":[192],"tags":[],"article_type":[16],"agreement":[],"for-members":[],"class_list":["post-4353","post","type-post","status-publish","format-standard","has-post-thumbnail","hentry","category-arbetsformedlingen","type-rapporter"],"acf":[],"yoast_head":"<!-- This site is optimized with the Yoast SEO Premium plugin v26.8 (Yoast SEO v26.8) - https:\/\/yoast.com\/product\/yoast-seo-premium-wordpress\/ -->\n<title>Kommunerna f\u00e5r inte agera matchningsakt\u00f6rer - Kompetensf\u00f6retagen<\/title>\n<meta name=\"description\" content=\"Almega har bett professor Olle Lundin utreda om arbetmarknadspolitik \u00e4r en kommunal fr\u00e5ga. Svaret: Kommunerna f\u00e5r inte agera matchningsakt\u00f6rer\" \/>\n<meta name=\"robots\" content=\"index, follow, max-snippet:-1, max-image-preview:large, max-video-preview:-1\" \/>\n<link rel=\"canonical\" href=\"https:\/\/www.kompetensforetagen.se\/2019\/12\/kommunerna-far-inte-agera-matchningsaktorer\/\" \/>\n<meta property=\"og:locale\" content=\"sv_SE\" \/>\n<meta property=\"og:type\" content=\"article\" \/>\n<meta property=\"og:title\" content=\"Kommunerna f\u00e5r inte agera matchningsakt\u00f6rer\" \/>\n<meta property=\"og:description\" content=\"Almega har bett professor Olle Lundin utreda om arbetmarknadspolitik \u00e4r en kommunal fr\u00e5ga. Svaret: Kommunerna f\u00e5r inte agera matchningsakt\u00f6rer\" \/>\n<meta property=\"og:url\" content=\"https:\/\/www.kompetensforetagen.se\/2019\/12\/kommunerna-far-inte-agera-matchningsaktorer\/\" \/>\n<meta property=\"og:site_name\" content=\"Kompetensf\u00f6retagen\" \/>\n<meta property=\"article:published_time\" content=\"2019-12-04T14:20:50+00:00\" \/>\n<meta property=\"article:modified_time\" content=\"2023-03-27T12:19:52+00:00\" \/>\n<meta property=\"og:image\" content=\"https:\/\/www.kompetensforetagen.se\/app\/uploads\/sites\/5\/2020\/11\/stamp-3406367_1920.jpg\" \/>\n\t<meta property=\"og:image:width\" content=\"1920\" \/>\n\t<meta property=\"og:image:height\" content=\"1280\" \/>\n\t<meta property=\"og:image:type\" content=\"image\/jpeg\" \/>\n<meta name=\"author\" content=\"Carina Kit\" \/>\n<meta name=\"twitter:card\" content=\"summary_large_image\" \/>\n<meta name=\"twitter:label1\" content=\"Skriven av\" \/>\n\t<meta name=\"twitter:data1\" content=\"Carina Kit\" \/>\n\t<meta name=\"twitter:label2\" content=\"Ber\u00e4knad l\u00e4stid\" \/>\n\t<meta name=\"twitter:data2\" content=\"2 minuter\" \/>\n<!-- \/ Yoast SEO Premium plugin. -->","yoast_head_json":{"title":"Kommunerna f\u00e5r inte agera matchningsakt\u00f6rer - Kompetensf\u00f6retagen","description":"Almega har bett professor Olle Lundin utreda om arbetmarknadspolitik \u00e4r en kommunal fr\u00e5ga. Svaret: Kommunerna f\u00e5r inte agera matchningsakt\u00f6rer","robots":{"index":"index","follow":"follow","max-snippet":"max-snippet:-1","max-image-preview":"max-image-preview:large","max-video-preview":"max-video-preview:-1"},"canonical":"https:\/\/www.kompetensforetagen.se\/2019\/12\/kommunerna-far-inte-agera-matchningsaktorer\/","og_locale":"sv_SE","og_type":"article","og_title":"Kommunerna f\u00e5r inte agera matchningsakt\u00f6rer","og_description":"Almega har bett professor Olle Lundin utreda om arbetmarknadspolitik \u00e4r en kommunal fr\u00e5ga. Svaret: Kommunerna f\u00e5r inte agera matchningsakt\u00f6rer","og_url":"https:\/\/www.kompetensforetagen.se\/2019\/12\/kommunerna-far-inte-agera-matchningsaktorer\/","og_site_name":"Kompetensf\u00f6retagen","article_published_time":"2019-12-04T14:20:50+00:00","article_modified_time":"2023-03-27T12:19:52+00:00","og_image":[{"width":1920,"height":1280,"url":"https:\/\/www.kompetensforetagen.se\/app\/uploads\/sites\/5\/2020\/11\/stamp-3406367_1920.jpg","type":"image\/jpeg"}],"author":"Carina Kit","twitter_card":"summary_large_image","twitter_misc":{"Skriven av":"Carina Kit","Ber\u00e4knad l\u00e4stid":"2 minuter"},"schema":{"@context":"https:\/\/schema.org","@graph":[{"@type":"Article","@id":"https:\/\/www.kompetensforetagen.se\/2019\/12\/kommunerna-far-inte-agera-matchningsaktorer\/#article","isPartOf":{"@id":"https:\/\/www.kompetensforetagen.se\/2019\/12\/kommunerna-far-inte-agera-matchningsaktorer\/"},"author":{"name":"Carina Kit","@id":"https:\/\/www.kompetensforetagen.se\/#\/schema\/person\/289c2139959d8ed9536a46aa74479571"},"headline":"Kommunerna f\u00e5r inte agera matchningsakt\u00f6rer","datePublished":"2019-12-04T14:20:50+00:00","dateModified":"2023-03-27T12:19:52+00:00","mainEntityOfPage":{"@id":"https:\/\/www.kompetensforetagen.se\/2019\/12\/kommunerna-far-inte-agera-matchningsaktorer\/"},"wordCount":477,"publisher":{"@id":"https:\/\/www.kompetensforetagen.se\/#organization"},"image":{"@id":"https:\/\/www.kompetensforetagen.se\/2019\/12\/kommunerna-far-inte-agera-matchningsaktorer\/#primaryimage"},"thumbnailUrl":"https:\/\/www.kompetensforetagen.se\/app\/uploads\/sites\/5\/2020\/11\/stamp-3406367_1920.jpg","articleSection":["Arbetsf\u00f6rmedlingen"],"inLanguage":"sv-SE"},{"@type":"WebPage","@id":"https:\/\/www.kompetensforetagen.se\/2019\/12\/kommunerna-far-inte-agera-matchningsaktorer\/","url":"https:\/\/www.kompetensforetagen.se\/2019\/12\/kommunerna-far-inte-agera-matchningsaktorer\/","name":"Kommunerna f\u00e5r inte agera matchningsakt\u00f6rer - Kompetensf\u00f6retagen","isPartOf":{"@id":"https:\/\/www.kompetensforetagen.se\/#website"},"primaryImageOfPage":{"@id":"https:\/\/www.kompetensforetagen.se\/2019\/12\/kommunerna-far-inte-agera-matchningsaktorer\/#primaryimage"},"image":{"@id":"https:\/\/www.kompetensforetagen.se\/2019\/12\/kommunerna-far-inte-agera-matchningsaktorer\/#primaryimage"},"thumbnailUrl":"https:\/\/www.kompetensforetagen.se\/app\/uploads\/sites\/5\/2020\/11\/stamp-3406367_1920.jpg","datePublished":"2019-12-04T14:20:50+00:00","dateModified":"2023-03-27T12:19:52+00:00","description":"Almega har bett professor Olle Lundin utreda om arbetmarknadspolitik \u00e4r en kommunal fr\u00e5ga. Svaret: Kommunerna f\u00e5r inte agera matchningsakt\u00f6rer","breadcrumb":{"@id":"https:\/\/www.kompetensforetagen.se\/2019\/12\/kommunerna-far-inte-agera-matchningsaktorer\/#breadcrumb"},"inLanguage":"sv-SE","potentialAction":[{"@type":"ReadAction","target":["https:\/\/www.kompetensforetagen.se\/2019\/12\/kommunerna-far-inte-agera-matchningsaktorer\/"]}]},{"@type":"ImageObject","inLanguage":"sv-SE","@id":"https:\/\/www.kompetensforetagen.se\/2019\/12\/kommunerna-far-inte-agera-matchningsaktorer\/#primaryimage","url":"https:\/\/www.kompetensforetagen.se\/app\/uploads\/sites\/5\/2020\/11\/stamp-3406367_1920.jpg","contentUrl":"https:\/\/www.kompetensforetagen.se\/app\/uploads\/sites\/5\/2020\/11\/stamp-3406367_1920.jpg","width":1920,"height":1280,"caption":"St\u00e4mplar som symboliserar trygga jobb, skatter och f\u00f6rs\u00e4kringar."},{"@type":"BreadcrumbList","@id":"https:\/\/www.kompetensforetagen.se\/2019\/12\/kommunerna-far-inte-agera-matchningsaktorer\/#breadcrumb","itemListElement":[{"@type":"ListItem","position":1,"name":"Home","item":"https:\/\/www.kompetensforetagen.se\/"},{"@type":"ListItem","position":2,"name":"Kommunerna f\u00e5r inte agera matchningsakt\u00f6rer"}]},{"@type":"WebSite","@id":"https:\/\/www.kompetensforetagen.se\/#website","url":"https:\/\/www.kompetensforetagen.se\/","name":"Kompetensf\u00f6retagen","description":"R\u00e4tt person p\u00e5 r\u00e4tt plats kan f\u00f6r\u00e4ndra v\u00e4rlden","publisher":{"@id":"https:\/\/www.kompetensforetagen.se\/#organization"},"potentialAction":[{"@type":"SearchAction","target":{"@type":"EntryPoint","urlTemplate":"https:\/\/www.kompetensforetagen.se\/?s={search_term_string}"},"query-input":{"@type":"PropertyValueSpecification","valueRequired":true,"valueName":"search_term_string"}}],"inLanguage":"sv-SE"},{"@type":"Organization","@id":"https:\/\/www.kompetensforetagen.se\/#organization","name":"Kompetensf\u00f6retagen","url":"https:\/\/www.kompetensforetagen.se\/","logo":{"@type":"ImageObject","inLanguage":"sv-SE","@id":"https:\/\/www.kompetensforetagen.se\/#\/schema\/logo\/image\/","url":"https:\/\/www.kompetensforetagen.se\/app\/uploads\/sites\/5\/2022\/10\/logga_svart.png","contentUrl":"https:\/\/www.kompetensforetagen.se\/app\/uploads\/sites\/5\/2022\/10\/logga_svart.png","width":752,"height":64,"caption":"Kompetensf\u00f6retagen"},"image":{"@id":"https:\/\/www.kompetensforetagen.se\/#\/schema\/logo\/image\/"},"sameAs":["https:\/\/www.linkedin.com\/company\/10540032\/"]},{"@type":"Person","@id":"https:\/\/www.kompetensforetagen.se\/#\/schema\/person\/289c2139959d8ed9536a46aa74479571","name":"Carina Kit","image":{"@type":"ImageObject","inLanguage":"sv-SE","@id":"https:\/\/www.kompetensforetagen.se\/#\/schema\/person\/image\/","url":"https:\/\/secure.gravatar.com\/avatar\/9accc2e15089a6454d09e74efc78d237028a142d5a6f3102bc573dfbdc202317?s=96&d=mm&r=g","contentUrl":"https:\/\/secure.gravatar.com\/avatar\/9accc2e15089a6454d09e74efc78d237028a142d5a6f3102bc573dfbdc202317?s=96&d=mm&r=g","caption":"Carina Kit"},"description":"Carina Kit \u00e4r kommunikationschef p\u00e5 Kompetensf\u00f6retagen.","url":"https:\/\/www.kompetensforetagen.se\/person\/carinakit\/"}]}},"_links":{"self":[{"href":"https:\/\/www.kompetensforetagen.se\/api\/wp\/v2\/posts\/4353","targetHints":{"allow":["GET"]}}],"collection":[{"href":"https:\/\/www.kompetensforetagen.se\/api\/wp\/v2\/posts"}],"about":[{"href":"https:\/\/www.kompetensforetagen.se\/api\/wp\/v2\/types\/post"}],"author":[{"embeddable":true,"href":"https:\/\/www.kompetensforetagen.se\/api\/wp\/v2\/users\/216"}],"replies":[{"embeddable":true,"href":"https:\/\/www.kompetensforetagen.se\/api\/wp\/v2\/comments?post=4353"}],"version-history":[{"count":1,"href":"https:\/\/www.kompetensforetagen.se\/api\/wp\/v2\/posts\/4353\/revisions"}],"predecessor-version":[{"id":11911,"href":"https:\/\/www.kompetensforetagen.se\/api\/wp\/v2\/posts\/4353\/revisions\/11911"}],"wp:featuredmedia":[{"embeddable":true,"href":"https:\/\/www.kompetensforetagen.se\/api\/wp\/v2\/media\/5425"}],"wp:attachment":[{"href":"https:\/\/www.kompetensforetagen.se\/api\/wp\/v2\/media?parent=4353"}],"wp:term":[{"taxonomy":"category","embeddable":true,"href":"https:\/\/www.kompetensforetagen.se\/api\/wp\/v2\/categories?post=4353"},{"taxonomy":"post_tag","embeddable":true,"href":"https:\/\/www.kompetensforetagen.se\/api\/wp\/v2\/tags?post=4353"},{"taxonomy":"type","embeddable":true,"href":"https:\/\/www.kompetensforetagen.se\/api\/wp\/v2\/article_type?post=4353"},{"taxonomy":"agreement","embeddable":true,"href":"https:\/\/www.kompetensforetagen.se\/api\/wp\/v2\/agreement?post=4353"},{"taxonomy":"for-members","embeddable":true,"href":"https:\/\/www.kompetensforetagen.se\/api\/wp\/v2\/for-members?post=4353"}],"curies":[{"name":"wp","href":"https:\/\/api.w.org\/{rel}","templated":true}]}}