{"id":4312,"date":"2019-11-27T15:41:11","date_gmt":"2019-11-27T14:41:11","guid":{"rendered":"https:\/\/www.kompetensforetagen.se\/?p=4312"},"modified":"2023-07-11T16:54:29","modified_gmt":"2023-07-11T14:54:29","slug":"debattrepil-di-kommuner-far-inte-agera-jobbformedlare","status":"publish","type":"post","link":"https:\/\/www.kompetensforetagen.se\/2019\/11\/debattrepil-di-kommuner-far-inte-agera-jobbformedlare\/","title":{"rendered":"Debattreplik DI &#8211; Kommuner f\u00e5r inte agera jobbf\u00f6rmedlare"},"content":{"rendered":"\n<p>Debattreplik. Erik Pelling (S), Mohamad Hassan (L) och Fredrik Ahlstedt (M) <a href=\"https:\/\/www.di.se\/debatt\/regeringens-riskskatt-slar-mot-kommuner\/\" target=\"_blank\" rel=\"noreferrer noopener\">vill att Uppsala kommun ska bli f\u00f6rs\u00f6kskommun<\/a> f\u00f6r att f\u00e5 ta \u00f6ver samordningsansvaret fr\u00e5n Arbetsf\u00f6rmedlingen f\u00f6r planeringen av insatser till arbetss\u00f6kanden<\/p>\n\n\n\n<p>M\u00e5nga kommuner har liksom Uppsala tagit p\u00e5 sig allt st\u00f6rre ansvar f\u00f6r att matcha arbetss\u00f6kande till arbete, ut\u00f6ver de insatser man g\u00f6r inom ramen f\u00f6r SFI och vuxenutbildningen samt socialtj\u00e4nsten. Anledningen \u00e4r att kommunerna \u00e4r missn\u00f6jda med Arbetsf\u00f6rmedlingens f\u00f6rm\u00e5ga att matcha l\u00e5ngtidsarbetsl\u00f6sa till jobb.<\/p>\n\n\n\n<blockquote class=\"wp-block-quote is-layout-flow wp-block-quote-is-layout-flow\">\n<p>Att ge kommunerna r\u00e4tt att verka som leverant\u00f6rer av insatser i konkurrens med frist\u00e5ende jobbf\u00f6rmedlare skulle inneb\u00e4ra skev konkurrens<\/p>\n<\/blockquote>\n\n\n\n<p>Arbetsf\u00f6rmedlingens bristande resultat \u00e4r anledningen till den reform som ska genomf\u00f6ras 2021, d\u00e4r <a href=\"https:\/\/www.kompetensforetagen.se\/2021\/03\/darfor-ska-fristaende-leverantorer-rusta-och-matcha-arbetssokande\/\">frist\u00e5ende jobbf\u00f6rmedlare<\/a> ska ta \u00f6ver de matchande och rustande insatserna.<\/p>\n\n\n<a class='Share__link Share__link--url copy-text' href='#' rel='nofollow' data-text='kommuner-far-inte-agera-jobbformedlare' title='Dela url' data-confirmation='L\u00e4nken kopierades till urklipp'><svg class='icon icon--link'  width='18' height='18' viewBox='0 0 18 18' fill='none' xmlns='http:\/\/www.w3.org\/2000\/svg'>\n            <path d='M10.4142 0.514721L6.87868 4.05025L8.29289 5.46447L11.1213 2.63604L15.364 6.87868L12.5355 9.70711L13.9497 11.1213L17.4853 7.58579C17.8763 7.19476 17.8763 6.5626 17.4853 6.17158L11.8284 0.514721C11.4374 0.123691 10.8052 0.123691 10.4142 0.514721Z' fill='black'\/>\n            <path d='M9.7071 12.5355L6.87868 15.364L2.63604 11.1213L5.46446 8.2929L4.05025 6.87868L0.514716 10.4142C0.123686 10.8052 0.123686 11.4374 0.514716 11.8284L6.17157 17.4853C6.5626 17.8763 7.19475 17.8763 7.58578 17.4853L11.1213 13.9497L9.7071 12.5355Z' fill='black'\/>\n            <path d='M6.17157 11.8284C6.5626 12.2195 7.19475 12.2195 7.58578 11.8284L11.8284 7.58579C12.2195 7.19476 12.2195 6.56261 11.8284 6.17158C11.4374 5.78055 10.8052 5.78055 10.4142 6.17158L6.17157 10.4142C5.78054 10.8052 5.78054 11.4374 6.17157 11.8284Z' fill='black'\/>\n            <\/svg> <\/a>\n<h2 class=\"wp-block-heading\">Kommuner f\u00e5r inte agera jobbf\u00f6rmedlare<\/h2>\n\n\n\n<p>Almega delar debatt\u00f6rernas uppfattning att detta \u00e4r en n\u00f6dv\u00e4ndig reform f\u00f6r att f\u00f6rb\u00e4ttra effektiviteten och att Arbetsf\u00f6rmedlingen beh\u00f6ver f\u00e5 fart p\u00e5 anvisningen av arbetss\u00f6kande till aktiva insatser. Men vi v\u00e4nder oss emot \u00f6nskem\u00e5len om att kommunalisera stora delar av arbetsmarknadspolitiken.<\/p>\n\n\n\n<p>Att ge kommunerna r\u00e4tt att verka som leverant\u00f6rer av insatser i konkurrens med frist\u00e5ende jobbf\u00f6rmedlare skulle inneb\u00e4ra skev konkurrens<\/p>\n\n\n\n<p>Slutsatsen \u00e4r tydlig: Kommunerna har inte juridisk befogenhet att verka p\u00e5 detta omr\u00e5de. Arbetsmarknadspolitiken \u00e4r en statlig angel\u00e4genhet.<\/p>\n\n\n\n<h3 class=\"wp-block-heading\">&nbsp;Kommuner f\u00e5r inte agera jobbf\u00f6rmedlare<\/h3>\n\n\n\n<p>Att ge kommunerna r\u00e4tt att verka som leverant\u00f6rer av insatser i konkurrens med frist\u00e5ende jobbf\u00f6rmedlare skulle inneb\u00e4ra skev konkurrens och att kommunerna bryter mot en rad grundl\u00e4ggande principer. Till exempel sj\u00e4lvkostnadsprincipen som inneb\u00e4r att kommunen inte f\u00e5r ta ut avgifter eller marknadsm\u00e4ssiga ers\u00e4ttningar som bygger p\u00e5 viss vinst.<\/p>\n\n\n\n<blockquote class=\"wp-block-quote is-layout-flow wp-block-quote-is-layout-flow\">\n<p>Reformen av Arbetsf\u00f6rmedlingen \u00e4r n\u00f6dv\u00e4ndig eftersom det \u00e4r dags att vi f\u00f6rb\u00e4ttrar f\u00f6retagens kompetensf\u00f6rs\u00f6rjning<\/p>\n<\/blockquote>\n\n\n\n<p>Regeringen har nyligen aviserat att en utredning ska tills\u00e4ttas f\u00f6r att i grunden granska de juridiska f\u00f6ruts\u00e4ttningar f\u00f6r att ge kommunerna en roll som leverant\u00f6rer. Vi vill varna f\u00f6r att lagar \u00e4ndras i syfte att uppn\u00e5 denna ambition.<\/p>\n\n\n\n<p>Risken \u00e4r stor att kommunernas int\u00e5g inom arbetsmarknadspolitiken skapar ett brokigt system som f\u00f6rs\u00e4mrar styrningen av den viktiga arbetsmarknadspolitiken. Dessutom riskerar den viktiga uppf\u00f6ljningen att f\u00f6rsv\u00e5ras.<\/p>\n\n\n\n<p>Reformen av Arbetsf\u00f6rmedlingen \u00e4r n\u00f6dv\u00e4ndig eftersom det \u00e4r dags att vi f\u00f6rb\u00e4ttrar f\u00f6retagens kompetensf\u00f6rs\u00f6rjning, f\u00f6r att v\u00e4lf\u00e4rden ska kunna rekrytera kompetenta medarbetare och f\u00f6r att alla arbetsl\u00f6sa i v\u00e5rt land ska f\u00e5 ett riktigt jobb.<\/p>\n\n\n\n<p>Andreas \u00c5str\u00f6m, chef n\u00e4ringspolitik och kommunikation Almega<br>Patrik Eidfelt, f\u00f6rbundsdirekt\u00f6r Kompetensf\u00f6retagen<br>Fredric Sk\u00e4lstad, branschchef Almega Utbildningsf\u00f6retagen<\/p>\n\n\n\n<p>L\u00e4s debattartikeln p\u00e5<a href=\"https:\/\/www.di.se\/debatt\/kommuner-far-inte-agera-jobbformedlare\/\" target=\"_blank\" rel=\"noreferrer noopener\"> di.se&nbsp;<\/a><\/p>\n\n\n\n<p><\/p>\n","protected":false},"excerpt":{"rendered":"<p>Debattreplik. Erik Pelling (S), Mohamad Hassan (L) och Fredrik Ahlstedt (M) vill att Uppsala kommun ska bli f\u00f6rs\u00f6kskommun f\u00f6r att f\u00e5 ta \u00f6ver samordningsansvaret fr\u00e5n Arbetsf\u00f6rmedlingen f\u00f6r planeringen av insatser till arbetss\u00f6kanden M\u00e5nga kommuner har &hellip;<\/p>\n","protected":false},"author":216,"featured_media":5616,"comment_status":"closed","ping_status":"closed","sticky":false,"template":"","format":"standard","meta":{"_acf_changed":false,"footnotes":""},"categories":[192],"tags":[],"article_type":[32],"agreement":[],"for-members":[],"class_list":["post-4312","post","type-post","status-publish","format-standard","has-post-thumbnail","hentry","category-arbetsformedlingen","type-debattartiklar"],"acf":[],"yoast_head":"<!-- This site is optimized with the Yoast SEO Premium plugin v26.8 (Yoast SEO v26.8) - https:\/\/yoast.com\/product\/yoast-seo-premium-wordpress\/ -->\n<title>Debattreplik: Kommuner f\u00e5r inte agera jobbf\u00f6rmedlare<\/title>\n<meta name=\"description\" content=\"Kommuner f\u00e5r inte agera jobbf\u00f6rmedlare. Det skulle inneb\u00e4ra skev konkurrens och att kommunerna bryter mot en rad grundl\u00e4ggande principer.\" \/>\n<meta name=\"robots\" content=\"index, follow, max-snippet:-1, max-image-preview:large, max-video-preview:-1\" \/>\n<link rel=\"canonical\" href=\"https:\/\/www.kompetensforetagen.se\/2019\/11\/debattrepil-di-kommuner-far-inte-agera-jobbformedlare\/\" \/>\n<meta property=\"og:locale\" content=\"sv_SE\" \/>\n<meta property=\"og:type\" content=\"article\" \/>\n<meta property=\"og:title\" content=\"Debattreplik DI - Kommuner f\u00e5r inte agera jobbf\u00f6rmedlare\" \/>\n<meta property=\"og:description\" content=\"Kommuner f\u00e5r inte agera jobbf\u00f6rmedlare. Det skulle inneb\u00e4ra skev konkurrens och att kommunerna bryter mot en rad grundl\u00e4ggande principer.\" \/>\n<meta property=\"og:url\" content=\"https:\/\/www.kompetensforetagen.se\/2019\/11\/debattrepil-di-kommuner-far-inte-agera-jobbformedlare\/\" \/>\n<meta property=\"og:site_name\" content=\"Kompetensf\u00f6retagen\" \/>\n<meta property=\"article:published_time\" content=\"2019-11-27T14:41:11+00:00\" \/>\n<meta property=\"article:modified_time\" content=\"2023-07-11T14:54:29+00:00\" \/>\n<meta property=\"og:image\" content=\"https:\/\/www.kompetensforetagen.se\/app\/uploads\/sites\/5\/2020\/12\/dsc0118-scaled.jpg\" \/>\n\t<meta property=\"og:image:width\" content=\"2560\" \/>\n\t<meta property=\"og:image:height\" content=\"1707\" \/>\n\t<meta property=\"og:image:type\" content=\"image\/jpeg\" \/>\n<meta name=\"author\" content=\"Carina Kit\" \/>\n<meta name=\"twitter:card\" content=\"summary_large_image\" \/>\n<meta name=\"twitter:label1\" content=\"Skriven av\" \/>\n\t<meta name=\"twitter:data1\" content=\"Carina Kit\" \/>\n\t<meta name=\"twitter:label2\" content=\"Ber\u00e4knad l\u00e4stid\" \/>\n\t<meta name=\"twitter:data2\" content=\"2 minuter\" \/>\n<!-- \/ Yoast SEO Premium plugin. -->","yoast_head_json":{"title":"Debattreplik: Kommuner f\u00e5r inte agera jobbf\u00f6rmedlare","description":"Kommuner f\u00e5r inte agera jobbf\u00f6rmedlare. Det skulle inneb\u00e4ra skev konkurrens och att kommunerna bryter mot en rad grundl\u00e4ggande principer.","robots":{"index":"index","follow":"follow","max-snippet":"max-snippet:-1","max-image-preview":"max-image-preview:large","max-video-preview":"max-video-preview:-1"},"canonical":"https:\/\/www.kompetensforetagen.se\/2019\/11\/debattrepil-di-kommuner-far-inte-agera-jobbformedlare\/","og_locale":"sv_SE","og_type":"article","og_title":"Debattreplik DI - Kommuner f\u00e5r inte agera jobbf\u00f6rmedlare","og_description":"Kommuner f\u00e5r inte agera jobbf\u00f6rmedlare. Det skulle inneb\u00e4ra skev konkurrens och att kommunerna bryter mot en rad grundl\u00e4ggande principer.","og_url":"https:\/\/www.kompetensforetagen.se\/2019\/11\/debattrepil-di-kommuner-far-inte-agera-jobbformedlare\/","og_site_name":"Kompetensf\u00f6retagen","article_published_time":"2019-11-27T14:41:11+00:00","article_modified_time":"2023-07-11T14:54:29+00:00","og_image":[{"width":2560,"height":1707,"url":"https:\/\/www.kompetensforetagen.se\/app\/uploads\/sites\/5\/2020\/12\/dsc0118-scaled.jpg","type":"image\/jpeg"}],"author":"Carina Kit","twitter_card":"summary_large_image","twitter_misc":{"Skriven av":"Carina Kit","Ber\u00e4knad l\u00e4stid":"2 minuter"},"schema":{"@context":"https:\/\/schema.org","@graph":[{"@type":"Article","@id":"https:\/\/www.kompetensforetagen.se\/2019\/11\/debattrepil-di-kommuner-far-inte-agera-jobbformedlare\/#article","isPartOf":{"@id":"https:\/\/www.kompetensforetagen.se\/2019\/11\/debattrepil-di-kommuner-far-inte-agera-jobbformedlare\/"},"author":{"name":"Carina Kit","@id":"https:\/\/www.kompetensforetagen.se\/#\/schema\/person\/289c2139959d8ed9536a46aa74479571"},"headline":"Debattreplik DI &#8211; Kommuner f\u00e5r inte agera jobbf\u00f6rmedlare","datePublished":"2019-11-27T14:41:11+00:00","dateModified":"2023-07-11T14:54:29+00:00","mainEntityOfPage":{"@id":"https:\/\/www.kompetensforetagen.se\/2019\/11\/debattrepil-di-kommuner-far-inte-agera-jobbformedlare\/"},"wordCount":503,"publisher":{"@id":"https:\/\/www.kompetensforetagen.se\/#organization"},"image":{"@id":"https:\/\/www.kompetensforetagen.se\/2019\/11\/debattrepil-di-kommuner-far-inte-agera-jobbformedlare\/#primaryimage"},"thumbnailUrl":"https:\/\/www.kompetensforetagen.se\/app\/uploads\/sites\/5\/2020\/12\/dsc0118-scaled.jpg","articleSection":["Arbetsf\u00f6rmedlingen"],"inLanguage":"sv-SE"},{"@type":"WebPage","@id":"https:\/\/www.kompetensforetagen.se\/2019\/11\/debattrepil-di-kommuner-far-inte-agera-jobbformedlare\/","url":"https:\/\/www.kompetensforetagen.se\/2019\/11\/debattrepil-di-kommuner-far-inte-agera-jobbformedlare\/","name":"Debattreplik: Kommuner f\u00e5r inte agera jobbf\u00f6rmedlare","isPartOf":{"@id":"https:\/\/www.kompetensforetagen.se\/#website"},"primaryImageOfPage":{"@id":"https:\/\/www.kompetensforetagen.se\/2019\/11\/debattrepil-di-kommuner-far-inte-agera-jobbformedlare\/#primaryimage"},"image":{"@id":"https:\/\/www.kompetensforetagen.se\/2019\/11\/debattrepil-di-kommuner-far-inte-agera-jobbformedlare\/#primaryimage"},"thumbnailUrl":"https:\/\/www.kompetensforetagen.se\/app\/uploads\/sites\/5\/2020\/12\/dsc0118-scaled.jpg","datePublished":"2019-11-27T14:41:11+00:00","dateModified":"2023-07-11T14:54:29+00:00","description":"Kommuner f\u00e5r inte agera jobbf\u00f6rmedlare. Det skulle inneb\u00e4ra skev konkurrens och att kommunerna bryter mot en rad grundl\u00e4ggande principer.","breadcrumb":{"@id":"https:\/\/www.kompetensforetagen.se\/2019\/11\/debattrepil-di-kommuner-far-inte-agera-jobbformedlare\/#breadcrumb"},"inLanguage":"sv-SE","potentialAction":[{"@type":"ReadAction","target":["https:\/\/www.kompetensforetagen.se\/2019\/11\/debattrepil-di-kommuner-far-inte-agera-jobbformedlare\/"]}]},{"@type":"ImageObject","inLanguage":"sv-SE","@id":"https:\/\/www.kompetensforetagen.se\/2019\/11\/debattrepil-di-kommuner-far-inte-agera-jobbformedlare\/#primaryimage","url":"https:\/\/www.kompetensforetagen.se\/app\/uploads\/sites\/5\/2020\/12\/dsc0118-scaled.jpg","contentUrl":"https:\/\/www.kompetensforetagen.se\/app\/uploads\/sites\/5\/2020\/12\/dsc0118-scaled.jpg","width":2560,"height":1707,"caption":"Debatt\u00f6r Patrik Eidfelt, f\u00f6rbundsdirekt\u00f6r Kompetensf\u00f6retagen"},{"@type":"BreadcrumbList","@id":"https:\/\/www.kompetensforetagen.se\/2019\/11\/debattrepil-di-kommuner-far-inte-agera-jobbformedlare\/#breadcrumb","itemListElement":[{"@type":"ListItem","position":1,"name":"Home","item":"https:\/\/www.kompetensforetagen.se\/"},{"@type":"ListItem","position":2,"name":"Debattreplik DI &#8211; Kommuner f\u00e5r inte agera jobbf\u00f6rmedlare"}]},{"@type":"WebSite","@id":"https:\/\/www.kompetensforetagen.se\/#website","url":"https:\/\/www.kompetensforetagen.se\/","name":"Kompetensf\u00f6retagen","description":"R\u00e4tt person p\u00e5 r\u00e4tt plats kan f\u00f6r\u00e4ndra v\u00e4rlden","publisher":{"@id":"https:\/\/www.kompetensforetagen.se\/#organization"},"potentialAction":[{"@type":"SearchAction","target":{"@type":"EntryPoint","urlTemplate":"https:\/\/www.kompetensforetagen.se\/?s={search_term_string}"},"query-input":{"@type":"PropertyValueSpecification","valueRequired":true,"valueName":"search_term_string"}}],"inLanguage":"sv-SE"},{"@type":"Organization","@id":"https:\/\/www.kompetensforetagen.se\/#organization","name":"Kompetensf\u00f6retagen","url":"https:\/\/www.kompetensforetagen.se\/","logo":{"@type":"ImageObject","inLanguage":"sv-SE","@id":"https:\/\/www.kompetensforetagen.se\/#\/schema\/logo\/image\/","url":"https:\/\/www.kompetensforetagen.se\/app\/uploads\/sites\/5\/2022\/10\/logga_svart.png","contentUrl":"https:\/\/www.kompetensforetagen.se\/app\/uploads\/sites\/5\/2022\/10\/logga_svart.png","width":752,"height":64,"caption":"Kompetensf\u00f6retagen"},"image":{"@id":"https:\/\/www.kompetensforetagen.se\/#\/schema\/logo\/image\/"},"sameAs":["https:\/\/www.linkedin.com\/company\/10540032\/"]},{"@type":"Person","@id":"https:\/\/www.kompetensforetagen.se\/#\/schema\/person\/289c2139959d8ed9536a46aa74479571","name":"Carina Kit","image":{"@type":"ImageObject","inLanguage":"sv-SE","@id":"https:\/\/www.kompetensforetagen.se\/#\/schema\/person\/image\/","url":"https:\/\/secure.gravatar.com\/avatar\/9accc2e15089a6454d09e74efc78d237028a142d5a6f3102bc573dfbdc202317?s=96&d=mm&r=g","contentUrl":"https:\/\/secure.gravatar.com\/avatar\/9accc2e15089a6454d09e74efc78d237028a142d5a6f3102bc573dfbdc202317?s=96&d=mm&r=g","caption":"Carina Kit"},"description":"Carina Kit \u00e4r kommunikationschef p\u00e5 Kompetensf\u00f6retagen.","url":"https:\/\/www.kompetensforetagen.se\/person\/carinakit\/"}]}},"_links":{"self":[{"href":"https:\/\/www.kompetensforetagen.se\/api\/wp\/v2\/posts\/4312","targetHints":{"allow":["GET"]}}],"collection":[{"href":"https:\/\/www.kompetensforetagen.se\/api\/wp\/v2\/posts"}],"about":[{"href":"https:\/\/www.kompetensforetagen.se\/api\/wp\/v2\/types\/post"}],"author":[{"embeddable":true,"href":"https:\/\/www.kompetensforetagen.se\/api\/wp\/v2\/users\/216"}],"replies":[{"embeddable":true,"href":"https:\/\/www.kompetensforetagen.se\/api\/wp\/v2\/comments?post=4312"}],"version-history":[{"count":5,"href":"https:\/\/www.kompetensforetagen.se\/api\/wp\/v2\/posts\/4312\/revisions"}],"predecessor-version":[{"id":14457,"href":"https:\/\/www.kompetensforetagen.se\/api\/wp\/v2\/posts\/4312\/revisions\/14457"}],"wp:featuredmedia":[{"embeddable":true,"href":"https:\/\/www.kompetensforetagen.se\/api\/wp\/v2\/media\/5616"}],"wp:attachment":[{"href":"https:\/\/www.kompetensforetagen.se\/api\/wp\/v2\/media?parent=4312"}],"wp:term":[{"taxonomy":"category","embeddable":true,"href":"https:\/\/www.kompetensforetagen.se\/api\/wp\/v2\/categories?post=4312"},{"taxonomy":"post_tag","embeddable":true,"href":"https:\/\/www.kompetensforetagen.se\/api\/wp\/v2\/tags?post=4312"},{"taxonomy":"type","embeddable":true,"href":"https:\/\/www.kompetensforetagen.se\/api\/wp\/v2\/article_type?post=4312"},{"taxonomy":"agreement","embeddable":true,"href":"https:\/\/www.kompetensforetagen.se\/api\/wp\/v2\/agreement?post=4312"},{"taxonomy":"for-members","embeddable":true,"href":"https:\/\/www.kompetensforetagen.se\/api\/wp\/v2\/for-members?post=4312"}],"curies":[{"name":"wp","href":"https:\/\/api.w.org\/{rel}","templated":true}]}}