{"id":4272,"date":"2019-11-07T12:23:01","date_gmt":"2019-11-07T11:23:01","guid":{"rendered":"https:\/\/www.kompetensforetagen.se\/?p=4272"},"modified":"2023-07-07T14:49:05","modified_gmt":"2023-07-07T12:49:05","slug":"debattreplik-svd-vi-behover-en-mer-effektiv-arbetsmarknadspolitik","status":"publish","type":"post","link":"https:\/\/www.kompetensforetagen.se\/2019\/11\/debattreplik-svd-vi-behover-en-mer-effektiv-arbetsmarknadspolitik\/","title":{"rendered":"Debattreplik SVD &#8211; Vi beh\u00f6ver en mer effektiv arbetsmarknadspolitik"},"content":{"rendered":"\n<p>F\u00f6rtroendet f\u00f6r Arbetsf\u00f6rmedlingen&nbsp;har l\u00e4nge varit l\u00e5gt . L\u00e4gst av alla myndigheter enligt SOM-institutet. V\u00e4ldigt m\u00e5nga anser inte ens att Arbetsf\u00f6rmedlingen beh\u00f6vs. \u00c4r det m\u00f6jligt att \u00e5terst\u00e4lla f\u00f6rtroendet? V\u00e5rt svar \u00e4r ja \u2013 om resultaten och kostnadseffektiviteten f\u00f6rb\u00e4ttras. Fler m\u00e5ste helt enkelt f\u00e5 ett jobb. Men under senare \u00e5r har utvecklingen g\u00e5tt \u00e5t fel h\u00e5ll.<\/p>\n\n\n\n<p>Utan tvekan beh\u00f6vs en effektiv Arbetsf\u00f6rmedling i framtiden \u2013 men uppenbarligen kr\u00e4vs nyt\u00e4nk och nya arbetss\u00e4tt. Vi st\u00e4ller oss d\u00e4rf\u00f6r fr\u00e5gande till Heike Erkers och Ursula Berge fr\u00e5n SSR:s ensidigt negativa beskrivning av reformen av Arbetsf\u00f6rmedlingen&nbsp;<a href=\"https:\/\/www.svd.se\/ett-politiskt-haveri-maste-undvikas\" target=\"_blank\" rel=\"noreferrer noopener\">(SvD 191101)<\/a>. S\u00e4rskilt som reformen inte ens har p\u00e5b\u00f6rjats, det enda som h\u00e4nt \u00e4r att analysarbetet har inletts.<\/p>\n\n\n\n<p>Under v\u00e5ren 2020\u00a0ska Arbetsf\u00f6rmedlingen b\u00f6rja att prova ut en kommande l\u00f6sning med konkurrensuts\u00e4ttning och valfrihet. I en f\u00f6rs\u00f6ksverksamhet ska myndigheten testa olika ers\u00e4ttningsmodeller och kontrollsystem. Allt bygger p\u00e5 tj\u00e4nsten <a href=\"https:\/\/www.kompetensforetagen.se\/stom-stod-och-matchning\/\">St\u00f6d och matchning (Stom)<\/a> som har funnits i flera \u00e5r. Runt om i landet finns ett stort antal seri\u00f6sa utbildnings- och matchningsf\u00f6retag med l\u00e5ng erfarenhet av denna tj\u00e4nst.<\/p>\n\n\n\n<blockquote class=\"wp-block-quote is-layout-flow wp-block-quote-is-layout-flow\">\n<p>Utan tvekan beh\u00f6vs en effektiv Arbetsf\u00f6rmedling i framtiden \u2013 men uppenbarligen kr\u00e4vs nyt\u00e4nk och nya arbetss\u00e4tt<\/p>\n<\/blockquote>\n\n\n\n<p>Utifr\u00e5n f\u00f6rs\u00f6ksverksamheten och internationella erfarenheter ska d\u00e4refter modellen byggas ut fullt ut under 2021. Eftersom de frist\u00e5ende akt\u00f6rerna ers\u00e4tts f\u00f6r deras transparenta resultat kommer det bli v\u00e4ldigt tydligt vilka effekterna blir. Svaren ges direkt.<\/p>\n\n\n\n<p>Fr\u00e5n politiskt h\u00e5ll kr\u00e4vs t\u00e5lamod och uth\u00e5llighet. Ge reformen tid att landa. Laga det som beh\u00f6ver lagas under resans g\u00e5ng. Med stor sannolikhet m\u00e5ste ers\u00e4ttningsniv\u00e5er och andra system justeras med tiden f\u00f6r att fungera optimalt. Se dessutom till att ha h\u00f6ga, transparenta och r\u00e4ttss\u00e4kra krav p\u00e5 leverant\u00f6rerna som deltar i systemet. D\u00e5 slipper vi oseri\u00f6sa akt\u00f6rer.<\/p>\n\n\n\n<p>Men debatten om Arbetsf\u00f6rmedlingens framtid&nbsp;har nu kantrat. Man m\u00e5ste skilja mellan den kommande reformen 2021 och andra faktorer som spelar in redan nu. De stora ekonomiska nedsk\u00e4rningarna av myndighetens f\u00f6rvaltningsanslag och myndighetens interna f\u00f6rnyelseresa har skapat en myndighet som g\u00e5r p\u00e5 kn\u00e4na.<\/p>\n\n\n\n<p>I sammanhanget \u00e4r det viktigt att p\u00e5tala att vi delar SSR:s bed\u00f6mning att det redan i v\u00e5rpropositionen borde tillskjutas mer medel till Arbetsf\u00f6rmedlingens arbete med aktiva arbetsmarknadsinsatser s\u00e5som st\u00f6d, matchning och utbildning.<\/p>\n\n\n\n<h3 class=\"wp-block-heading\">Vi beh\u00f6ver en mer effektiv arbetsmarknadspolitik<\/h3>\n\n\n\n<p>Pengarna som avsatts i budget 2020 kommer inte att r\u00e4cka f\u00f6r att exempelvis frist\u00e5ende akt\u00f6rer ska kunna hj\u00e4lpa fler arbetss\u00f6kande till arbete och arbetsmarknadsutbildningar. Arbetsmarknadsutbildningen \u00e4r ett s\u00e4rskilt sorgligt kapitel. Trots att regeringen har avsatt 281 miljoner mer i budget s\u00e5 presenterade Arbetsf\u00f6rmedlingen nyligen en prognos d\u00e4r de i st\u00e4llet drar ner 38 miljoner kronor p\u00e5 sina planerade utgifter f\u00f6r arbetsmarknadsutbildningar. Detta i ett l\u00e4ge n\u00e4r vi \u00e4r p\u00e5 v\u00e4g in i en avmattad ekonomi med rekordstor efterfr\u00e5gan p\u00e5 arbetskraft, h\u00f6g arbetsl\u00f6shet och den l\u00e4gsta niv\u00e5n p\u00e5 arbetsmarknadsutbildning sedan andra v\u00e4rldskriget.<\/p>\n\n\n\n<blockquote class=\"wp-block-quote is-layout-flow wp-block-quote-is-layout-flow\">\n<p>Men ur samh\u00e4llets perspektiv \u00e4r det viktigt att kr\u00e4va att arbetsmarknadspolitiken \u00e4r s\u00e5 effektiv som m\u00f6jligt och att kostnaderna h\u00e5lls nere<\/p>\n<\/blockquote>\n\n\n\n<p>Man ska ha stor respekt f\u00f6r att f\u00f6r\u00e4ndringarna p\u00e5 Arbetsf\u00f6rmedlingen \u00e4r jobbiga att hantera, s\u00e4rskilt f\u00f6r de som jobbar p\u00e5 myndigheten och som tvingats sluta. Men ur samh\u00e4llets perspektiv \u00e4r det viktigt att kr\u00e4va att arbetsmarknadspolitiken \u00e4r s\u00e5 effektiv som m\u00f6jligt och att kostnaderna h\u00e5lls nere. Vi \u00e4r \u00f6vertygade om att p\u00e5 l\u00e5ng sikt kommer frist\u00e5ende jobb- och utbildningsf\u00f6rmedlare att forts\u00e4tta att f\u00f6rb\u00e4ttra arbetsmarknadspolitiken.<\/p>\n\n\n\n<p>Det finns ingen anledning att peka finger&nbsp;och placera skuld f\u00f6r den uppkomna situationen. Nu \u00e4r det dags att riksdag, regering, myndigheter och arbetsmarknadens parter tar ansvar och fokuserar p\u00e5 att f\u00e5 till st\u00e5nd en bra reformprocess. Debatten m\u00e5ste nu f\u00f6ras i konstruktiv anda om hur reformprocessen ska genomf\u00f6ras. Sverige m\u00e5ste ge de arbetss\u00f6kande en mer effektiv arbetsmarknadspolitik med aktiva insatser som leder till arbete.<\/p>\n\n\n\n<p>Andreas \u00c5str\u00f6m, chef n\u00e4ringspolitik och kommunikation Almega<br>Patrik Eidfelt, f\u00f6rbundsdirekt\u00f6r Kompetensf\u00f6retagen<br>Fredric Sk\u00e4lstad, branschchef Almega Utbildningsf\u00f6retagen<\/p>\n","protected":false},"excerpt":{"rendered":"<p>F\u00f6rtroendet f\u00f6r Arbetsf\u00f6rmedlingen&nbsp;har l\u00e4nge varit l\u00e5gt . L\u00e4gst av alla myndigheter enligt SOM-institutet. V\u00e4ldigt m\u00e5nga anser inte ens att Arbetsf\u00f6rmedlingen beh\u00f6vs. \u00c4r det m\u00f6jligt att \u00e5terst\u00e4lla f\u00f6rtroendet? V\u00e5rt svar \u00e4r ja \u2013 om resultaten och &hellip;<\/p>\n","protected":false},"author":216,"featured_media":11185,"comment_status":"closed","ping_status":"closed","sticky":false,"template":"","format":"standard","meta":{"_acf_changed":false,"footnotes":""},"categories":[192],"tags":[],"article_type":[32],"agreement":[],"for-members":[],"class_list":["post-4272","post","type-post","status-publish","format-standard","has-post-thumbnail","hentry","category-arbetsformedlingen","type-debattartiklar"],"acf":[],"yoast_head":"<!-- This site is optimized with the Yoast SEO Premium plugin v26.8 (Yoast SEO v26.8) - https:\/\/yoast.com\/product\/yoast-seo-premium-wordpress\/ -->\n<title>Vi beh\u00f6ver en mer effektiv arbetsmarknadspolitik<\/title>\n<meta name=\"description\" content=\"Ur samh\u00e4llets perspektiv \u00e4r det viktigt att arbetsmarknadspolitiken \u00e4r s\u00e5 effektiv som m\u00f6jligt. F\u00f6r det beh\u00f6ver den vara mer effektiv.\" \/>\n<meta name=\"robots\" content=\"index, follow, max-snippet:-1, max-image-preview:large, max-video-preview:-1\" \/>\n<link rel=\"canonical\" href=\"https:\/\/www.kompetensforetagen.se\/2019\/11\/debattreplik-svd-vi-behover-en-mer-effektiv-arbetsmarknadspolitik\/\" \/>\n<meta property=\"og:locale\" content=\"sv_SE\" \/>\n<meta property=\"og:type\" content=\"article\" \/>\n<meta property=\"og:title\" content=\"Debattreplik SVD - Vi beh\u00f6ver en mer effektiv arbetsmarknadspolitik\" \/>\n<meta property=\"og:description\" content=\"Ur samh\u00e4llets perspektiv \u00e4r det viktigt att arbetsmarknadspolitiken \u00e4r s\u00e5 effektiv som m\u00f6jligt. F\u00f6r det beh\u00f6ver den vara mer effektiv.\" \/>\n<meta property=\"og:url\" content=\"https:\/\/www.kompetensforetagen.se\/2019\/11\/debattreplik-svd-vi-behover-en-mer-effektiv-arbetsmarknadspolitik\/\" \/>\n<meta property=\"og:site_name\" content=\"Kompetensf\u00f6retagen\" \/>\n<meta property=\"article:published_time\" content=\"2019-11-07T11:23:01+00:00\" \/>\n<meta property=\"article:modified_time\" content=\"2023-07-07T12:49:05+00:00\" \/>\n<meta property=\"og:image\" content=\"https:\/\/www.kompetensforetagen.se\/app\/uploads\/sites\/5\/2023\/03\/pexels-porapak-apichodilok-346813-scaled.jpg\" \/>\n\t<meta property=\"og:image:width\" content=\"2560\" \/>\n\t<meta property=\"og:image:height\" content=\"1707\" \/>\n\t<meta property=\"og:image:type\" content=\"image\/jpeg\" \/>\n<meta name=\"author\" content=\"Carina Kit\" \/>\n<meta name=\"twitter:card\" content=\"summary_large_image\" \/>\n<meta name=\"twitter:label1\" content=\"Skriven av\" \/>\n\t<meta name=\"twitter:data1\" content=\"Carina Kit\" \/>\n\t<meta name=\"twitter:label2\" content=\"Ber\u00e4knad l\u00e4stid\" \/>\n\t<meta name=\"twitter:data2\" content=\"4 minuter\" \/>\n<!-- \/ Yoast SEO Premium plugin. -->","yoast_head_json":{"title":"Vi beh\u00f6ver en mer effektiv arbetsmarknadspolitik","description":"Ur samh\u00e4llets perspektiv \u00e4r det viktigt att arbetsmarknadspolitiken \u00e4r s\u00e5 effektiv som m\u00f6jligt. F\u00f6r det beh\u00f6ver den vara mer effektiv.","robots":{"index":"index","follow":"follow","max-snippet":"max-snippet:-1","max-image-preview":"max-image-preview:large","max-video-preview":"max-video-preview:-1"},"canonical":"https:\/\/www.kompetensforetagen.se\/2019\/11\/debattreplik-svd-vi-behover-en-mer-effektiv-arbetsmarknadspolitik\/","og_locale":"sv_SE","og_type":"article","og_title":"Debattreplik SVD - Vi beh\u00f6ver en mer effektiv arbetsmarknadspolitik","og_description":"Ur samh\u00e4llets perspektiv \u00e4r det viktigt att arbetsmarknadspolitiken \u00e4r s\u00e5 effektiv som m\u00f6jligt. F\u00f6r det beh\u00f6ver den vara mer effektiv.","og_url":"https:\/\/www.kompetensforetagen.se\/2019\/11\/debattreplik-svd-vi-behover-en-mer-effektiv-arbetsmarknadspolitik\/","og_site_name":"Kompetensf\u00f6retagen","article_published_time":"2019-11-07T11:23:01+00:00","article_modified_time":"2023-07-07T12:49:05+00:00","og_image":[{"width":2560,"height":1707,"url":"https:\/\/www.kompetensforetagen.se\/app\/uploads\/sites\/5\/2023\/03\/pexels-porapak-apichodilok-346813-scaled.jpg","type":"image\/jpeg"}],"author":"Carina Kit","twitter_card":"summary_large_image","twitter_misc":{"Skriven av":"Carina Kit","Ber\u00e4knad l\u00e4stid":"4 minuter"},"schema":{"@context":"https:\/\/schema.org","@graph":[{"@type":"Article","@id":"https:\/\/www.kompetensforetagen.se\/2019\/11\/debattreplik-svd-vi-behover-en-mer-effektiv-arbetsmarknadspolitik\/#article","isPartOf":{"@id":"https:\/\/www.kompetensforetagen.se\/2019\/11\/debattreplik-svd-vi-behover-en-mer-effektiv-arbetsmarknadspolitik\/"},"author":{"name":"Carina Kit","@id":"https:\/\/www.kompetensforetagen.se\/#\/schema\/person\/289c2139959d8ed9536a46aa74479571"},"headline":"Debattreplik SVD &#8211; Vi beh\u00f6ver en mer effektiv arbetsmarknadspolitik","datePublished":"2019-11-07T11:23:01+00:00","dateModified":"2023-07-07T12:49:05+00:00","mainEntityOfPage":{"@id":"https:\/\/www.kompetensforetagen.se\/2019\/11\/debattreplik-svd-vi-behover-en-mer-effektiv-arbetsmarknadspolitik\/"},"wordCount":761,"publisher":{"@id":"https:\/\/www.kompetensforetagen.se\/#organization"},"image":{"@id":"https:\/\/www.kompetensforetagen.se\/2019\/11\/debattreplik-svd-vi-behover-en-mer-effektiv-arbetsmarknadspolitik\/#primaryimage"},"thumbnailUrl":"https:\/\/www.kompetensforetagen.se\/app\/uploads\/sites\/5\/2023\/03\/pexels-porapak-apichodilok-346813-scaled.jpg","articleSection":["Arbetsf\u00f6rmedlingen"],"inLanguage":"sv-SE"},{"@type":"WebPage","@id":"https:\/\/www.kompetensforetagen.se\/2019\/11\/debattreplik-svd-vi-behover-en-mer-effektiv-arbetsmarknadspolitik\/","url":"https:\/\/www.kompetensforetagen.se\/2019\/11\/debattreplik-svd-vi-behover-en-mer-effektiv-arbetsmarknadspolitik\/","name":"Vi beh\u00f6ver en mer effektiv arbetsmarknadspolitik","isPartOf":{"@id":"https:\/\/www.kompetensforetagen.se\/#website"},"primaryImageOfPage":{"@id":"https:\/\/www.kompetensforetagen.se\/2019\/11\/debattreplik-svd-vi-behover-en-mer-effektiv-arbetsmarknadspolitik\/#primaryimage"},"image":{"@id":"https:\/\/www.kompetensforetagen.se\/2019\/11\/debattreplik-svd-vi-behover-en-mer-effektiv-arbetsmarknadspolitik\/#primaryimage"},"thumbnailUrl":"https:\/\/www.kompetensforetagen.se\/app\/uploads\/sites\/5\/2023\/03\/pexels-porapak-apichodilok-346813-scaled.jpg","datePublished":"2019-11-07T11:23:01+00:00","dateModified":"2023-07-07T12:49:05+00:00","description":"Ur samh\u00e4llets perspektiv \u00e4r det viktigt att arbetsmarknadspolitiken \u00e4r s\u00e5 effektiv som m\u00f6jligt. F\u00f6r det beh\u00f6ver den vara mer effektiv.","breadcrumb":{"@id":"https:\/\/www.kompetensforetagen.se\/2019\/11\/debattreplik-svd-vi-behover-en-mer-effektiv-arbetsmarknadspolitik\/#breadcrumb"},"inLanguage":"sv-SE","potentialAction":[{"@type":"ReadAction","target":["https:\/\/www.kompetensforetagen.se\/2019\/11\/debattreplik-svd-vi-behover-en-mer-effektiv-arbetsmarknadspolitik\/"]}]},{"@type":"ImageObject","inLanguage":"sv-SE","@id":"https:\/\/www.kompetensforetagen.se\/2019\/11\/debattreplik-svd-vi-behover-en-mer-effektiv-arbetsmarknadspolitik\/#primaryimage","url":"https:\/\/www.kompetensforetagen.se\/app\/uploads\/sites\/5\/2023\/03\/pexels-porapak-apichodilok-346813-scaled.jpg","contentUrl":"https:\/\/www.kompetensforetagen.se\/app\/uploads\/sites\/5\/2023\/03\/pexels-porapak-apichodilok-346813-scaled.jpg","width":2560,"height":1707,"caption":"Grodperspektiv person i shorts med ryggs\u00e4ck kliver upp p\u00e5 trappsteg"},{"@type":"BreadcrumbList","@id":"https:\/\/www.kompetensforetagen.se\/2019\/11\/debattreplik-svd-vi-behover-en-mer-effektiv-arbetsmarknadspolitik\/#breadcrumb","itemListElement":[{"@type":"ListItem","position":1,"name":"Home","item":"https:\/\/www.kompetensforetagen.se\/"},{"@type":"ListItem","position":2,"name":"Debattreplik SVD &#8211; Vi beh\u00f6ver en mer effektiv arbetsmarknadspolitik"}]},{"@type":"WebSite","@id":"https:\/\/www.kompetensforetagen.se\/#website","url":"https:\/\/www.kompetensforetagen.se\/","name":"Kompetensf\u00f6retagen","description":"R\u00e4tt person p\u00e5 r\u00e4tt plats kan f\u00f6r\u00e4ndra v\u00e4rlden","publisher":{"@id":"https:\/\/www.kompetensforetagen.se\/#organization"},"potentialAction":[{"@type":"SearchAction","target":{"@type":"EntryPoint","urlTemplate":"https:\/\/www.kompetensforetagen.se\/?s={search_term_string}"},"query-input":{"@type":"PropertyValueSpecification","valueRequired":true,"valueName":"search_term_string"}}],"inLanguage":"sv-SE"},{"@type":"Organization","@id":"https:\/\/www.kompetensforetagen.se\/#organization","name":"Kompetensf\u00f6retagen","url":"https:\/\/www.kompetensforetagen.se\/","logo":{"@type":"ImageObject","inLanguage":"sv-SE","@id":"https:\/\/www.kompetensforetagen.se\/#\/schema\/logo\/image\/","url":"https:\/\/www.kompetensforetagen.se\/app\/uploads\/sites\/5\/2022\/10\/logga_svart.png","contentUrl":"https:\/\/www.kompetensforetagen.se\/app\/uploads\/sites\/5\/2022\/10\/logga_svart.png","width":752,"height":64,"caption":"Kompetensf\u00f6retagen"},"image":{"@id":"https:\/\/www.kompetensforetagen.se\/#\/schema\/logo\/image\/"},"sameAs":["https:\/\/www.linkedin.com\/company\/10540032\/"]},{"@type":"Person","@id":"https:\/\/www.kompetensforetagen.se\/#\/schema\/person\/289c2139959d8ed9536a46aa74479571","name":"Carina Kit","image":{"@type":"ImageObject","inLanguage":"sv-SE","@id":"https:\/\/www.kompetensforetagen.se\/#\/schema\/person\/image\/","url":"https:\/\/secure.gravatar.com\/avatar\/9accc2e15089a6454d09e74efc78d237028a142d5a6f3102bc573dfbdc202317?s=96&d=mm&r=g","contentUrl":"https:\/\/secure.gravatar.com\/avatar\/9accc2e15089a6454d09e74efc78d237028a142d5a6f3102bc573dfbdc202317?s=96&d=mm&r=g","caption":"Carina Kit"},"description":"Carina Kit \u00e4r kommunikationschef p\u00e5 Kompetensf\u00f6retagen.","url":"https:\/\/www.kompetensforetagen.se\/person\/carinakit\/"}]}},"_links":{"self":[{"href":"https:\/\/www.kompetensforetagen.se\/api\/wp\/v2\/posts\/4272","targetHints":{"allow":["GET"]}}],"collection":[{"href":"https:\/\/www.kompetensforetagen.se\/api\/wp\/v2\/posts"}],"about":[{"href":"https:\/\/www.kompetensforetagen.se\/api\/wp\/v2\/types\/post"}],"author":[{"embeddable":true,"href":"https:\/\/www.kompetensforetagen.se\/api\/wp\/v2\/users\/216"}],"replies":[{"embeddable":true,"href":"https:\/\/www.kompetensforetagen.se\/api\/wp\/v2\/comments?post=4272"}],"version-history":[{"count":4,"href":"https:\/\/www.kompetensforetagen.se\/api\/wp\/v2\/posts\/4272\/revisions"}],"predecessor-version":[{"id":14326,"href":"https:\/\/www.kompetensforetagen.se\/api\/wp\/v2\/posts\/4272\/revisions\/14326"}],"wp:featuredmedia":[{"embeddable":true,"href":"https:\/\/www.kompetensforetagen.se\/api\/wp\/v2\/media\/11185"}],"wp:attachment":[{"href":"https:\/\/www.kompetensforetagen.se\/api\/wp\/v2\/media?parent=4272"}],"wp:term":[{"taxonomy":"category","embeddable":true,"href":"https:\/\/www.kompetensforetagen.se\/api\/wp\/v2\/categories?post=4272"},{"taxonomy":"post_tag","embeddable":true,"href":"https:\/\/www.kompetensforetagen.se\/api\/wp\/v2\/tags?post=4272"},{"taxonomy":"type","embeddable":true,"href":"https:\/\/www.kompetensforetagen.se\/api\/wp\/v2\/article_type?post=4272"},{"taxonomy":"agreement","embeddable":true,"href":"https:\/\/www.kompetensforetagen.se\/api\/wp\/v2\/agreement?post=4272"},{"taxonomy":"for-members","embeddable":true,"href":"https:\/\/www.kompetensforetagen.se\/api\/wp\/v2\/for-members?post=4272"}],"curies":[{"name":"wp","href":"https:\/\/api.w.org\/{rel}","templated":true}]}}