{"id":4259,"date":"2019-10-31T09:11:44","date_gmt":"2019-10-31T08:11:44","guid":{"rendered":"https:\/\/www.kompetensforetagen.se\/?p=4259"},"modified":"2023-07-11T16:52:08","modified_gmt":"2023-07-11T14:52:08","slug":"debattreplik-hot-att-kommunbolag-ska-fa-konkurrera-ut-fristaende-matchningsforetag","status":"publish","type":"post","link":"https:\/\/www.kompetensforetagen.se\/2019\/10\/debattreplik-hot-att-kommunbolag-ska-fa-konkurrera-ut-fristaende-matchningsforetag\/","title":{"rendered":"Debattreplik &#8211; &#8221;Hot att kommunbolag ska f\u00e5 konkurrera ut frist\u00e5ende matchnings&shy;f\u00f6retag\u201d"},"content":{"rendered":"\n<p><strong>Vad h\u00e4nde med den stora och viktiga reformen av Arbetsf\u00f6rmedlingen? Bilden som tonar fram \u00e4r att kommunala bolag ska sl\u00e4ppas in i jobbpolitiken f\u00f6r att konkurrera ut frist\u00e5ende matchningsf\u00f6retag, skriver f\u00f6retr\u00e4dare f\u00f6r Almega.<\/strong><\/p>\n\n\n\n<p>Varf\u00f6r beh\u00f6vs en reform av arbetsmarknadspolitiken? Det finns tv\u00e5 tungt v\u00e4gande sk\u00e4l:<\/p>\n\n\n\n<p>\u2022&nbsp;Om specialiserade akt\u00f6rer till\u00e5ts ta \u00f6ver en st\u00f6rre del av matchningen kommer fler arbetss\u00f6kande att f\u00e5 ett jobb.<\/p>\n\n\n\n<p>\u2022 Genom att effektivisera dagens omfattande offentliga verksamhet g\u00e5r det att uppn\u00e5 klara samh\u00e4llsekonomiska vinster.<\/p>\n\n\n\n<p>Men den v\u00e4g som Sveriges nya arbetsmarknadsminister stakar ut i <a href=\"https:\/\/www.dn.se\/debatt\/vi-vill-utreda-om-kommuner-kan-skota-arbetsformedling\/\" target=\"_blank\" rel=\"noreferrer noopener\">debattartikeln<\/a> \u00e4r en helt annan. Det vi ser \u00e4r att regeringen steg f\u00f6r steg l\u00e4mnar grundtanken med reformen. Januariavtalets skrivningar \u00e4r glasklara: Arbetsf\u00f6rmedlingens roll ska begr\u00e4nsas till myndighetsut\u00f6vning och frist\u00e5ende akt\u00f6rer ska matcha och rusta arbetss\u00f6kande f\u00f6r de lediga jobben.<\/p>\n\n\n\n<p>Nu luddas detta till.&nbsp;Arbetsf\u00f6rmedlingen ska beh\u00e5lla ansvaret f\u00f6r personer som st\u00e5r n\u00e4ra arbetsmarknaden och f\u00f6r personer som st\u00e5r l\u00e5ngt ifr\u00e5n den. Den kvarvarande gruppen, arbetss\u00f6kande som st\u00e5r medell\u00e5ngt fr\u00e5n arbetsmarknaden, ska kunna v\u00e4lja mellan frist\u00e5ende matchningsakt\u00f6rer. Samma valfrihet som de redan har i arbetsf\u00f6rmedlingstj\u00e4nsten&nbsp;<a href=\"https:\/\/www.kompetensforetagen.se\/stom-stod-och-matchning\/\">St\u00f6d och matchning (Stom).<\/a> D\u00e4rtill \u00f6ppnar Eva Nordmark (S) nu f\u00f6r att kommunerna ska kunna ges m\u00f6jlighet att g\u00e5 in som matchningsakt\u00f6rer.<\/p>\n\n\n\n<blockquote class=\"wp-block-quote is-layout-flow wp-block-quote-is-layout-flow\">\n<p>Oron f\u00f6r vita fl\u00e4ckar i valfrihetssystemet \u00f6verdriven<\/p>\n<\/blockquote>\n\n\n\n<p>I st\u00e4llet f\u00f6r att l\u00e5ta matchnings- och utbildningsakt\u00f6rer g\u00f6ra sitt jobb \u00f6ppnas d\u00e4rmed f\u00f6r en kommunalisering av jobbpolitiken. En id\u00e9 som riskerar f\u00e5 allvarliga konsekvenser:<\/p>\n\n\n\n<p><strong>1: Effektiviteten i arbetsmarknadspolitiken f\u00f6rs\u00e4mras n\u00e4r ansvarsf\u00f6rdelningen mellan stat och kommun suddas ut.&nbsp;<\/strong>Statliga medel kommer sannolikt g\u00e5 till att t\u00e4cka kostnader som kommunerna redan har f\u00f6r sina arbetsmarknadspolitiska insatser<\/p>\n\n\n\n<p><strong>2: Konkurrensen snedvrids<\/strong>&nbsp;i f\u00f6rh\u00e5llande till frist\u00e5ende akt\u00f6rer om kommunerna med skattemedel i ryggen och i kraft av sin myndighetsroll ska vara akt\u00f6rer p\u00e5 marknaden.<\/p>\n\n\n\n<p><strong>3: De samh\u00e4llsekonomiska vinsterna riskerar att utebli.<\/strong>&nbsp;Dels f\u00f6r att regeringen i artikeln sl\u00e5r fast att inga effektiviseringar f\u00e5r g\u00f6ras p\u00e5 Arbetsf\u00f6rmedlingens kontorsn\u00e4t \u2013 myndigheten ska finnas i hela landet f\u00f6r att vid behov vara tillg\u00e4nglig f\u00f6r medborgare, f\u00f6retag och andra intressenter. Dels f\u00f6r att ineffektiva kommunala akt\u00f6rer kan vara sv\u00e5ra att utesluta ur systemet eftersom de inte p\u00e5verkas lika starkt av ekonomiska incitament som frist\u00e5ende akt\u00f6rer.<\/p>\n\n\n\n<p><strong>4: Kommunerna saknar befogenheter p\u00e5 omr\u00e5det.<\/strong>&nbsp;Arbetsmarknadspolitiken \u00e4r och b\u00f6r f\u00f6rbli ett statligt ansvar. En kommunalisering av jobbpolitiken kan f\u00e5 l\u00e5ngtg\u00e5ende och sv\u00e5r\u00f6versk\u00e5dliga konsekvenser.<\/p>\n\n\n\n<p><strong>5:<\/strong> <strong>Oron f\u00f6r vita fl\u00e4ckar i valfrihetssystemet \u00f6verdriven.<\/strong>&nbsp;En central anledning \u00e4r att antalet arbetss\u00f6kande som slussas vidare till matchningsakt\u00f6rerna kommer \u00f6ka kraftigt till skillnad fr\u00e5n dagens situation. Detta kommer ge akt\u00f6rerna stabilare f\u00f6reuts\u00e4ttningar att l\u00e5ngsiktigt bedriva sin verksamhet. Dessutom kommer sannolikt detaljstyrningen minska vilket kommer att \u00f6ka m\u00f6jligheten att erbjuda effektiva l\u00f6sningar utifr\u00e5n den arbetss\u00f6kandes situation.<\/p>\n\n\n\n<blockquote class=\"wp-block-quote is-layout-flow wp-block-quote-is-layout-flow\">\n<p>L\u00e5t frist\u00e5ende matchningsexperter ta \u00f6ver ansvaret<\/p>\n<\/blockquote>\n\n\n<a class='Share__link Share__link--url copy-text' href='#' rel='nofollow' data-text='oron-for-vita-flackar-i-valfrihetssystemet-overdriven' title='Dela url' data-confirmation='L\u00e4nken kopierades till urklipp'><svg class='icon icon--link'  width='18' height='18' viewBox='0 0 18 18' fill='none' xmlns='http:\/\/www.w3.org\/2000\/svg'>\n            <path d='M10.4142 0.514721L6.87868 4.05025L8.29289 5.46447L11.1213 2.63604L15.364 6.87868L12.5355 9.70711L13.9497 11.1213L17.4853 7.58579C17.8763 7.19476 17.8763 6.5626 17.4853 6.17158L11.8284 0.514721C11.4374 0.123691 10.8052 0.123691 10.4142 0.514721Z' fill='black'\/>\n            <path d='M9.7071 12.5355L6.87868 15.364L2.63604 11.1213L5.46446 8.2929L4.05025 6.87868L0.514716 10.4142C0.123686 10.8052 0.123686 11.4374 0.514716 11.8284L6.17157 17.4853C6.5626 17.8763 7.19475 17.8763 7.58578 17.4853L11.1213 13.9497L9.7071 12.5355Z' fill='black'\/>\n            <path d='M6.17157 11.8284C6.5626 12.2195 7.19475 12.2195 7.58578 11.8284L11.8284 7.58579C12.2195 7.19476 12.2195 6.56261 11.8284 6.17158C11.4374 5.78055 10.8052 5.78055 10.4142 6.17158L6.17157 10.4142C5.78054 10.8052 5.78054 11.4374 6.17157 11.8284Z' fill='black'\/>\n            <\/svg> <\/a>\n<h2 class=\"wp-block-heading\">Oron f\u00f6r vita fl\u00e4ckar i valfrihetssystemet \u00f6verdriven<\/h2>\n\n\n\n<p>De frist\u00e5ende akt\u00f6rerna kommer \u00e4ven ges m\u00f6jlighet att erbjuda hj\u00e4lp digitalt eller mobilt. D\u00e4rut\u00f6ver kommer en glesbygdspeng inf\u00f6ras som styr frist\u00e5ende akt\u00f6rer att leverera tj\u00e4nster i alla delar av landet. Om mot f\u00f6rmodan en vit fl\u00e4ck skulle uppst\u00e5 s\u00e5 \u00e4r det statens ansvar att l\u00f6sa problemet, inte kommunernas. L\u00f6sningen stavas leverant\u00f6rsdialog och offentlig upphandling. Arbetsf\u00f6rmedlingen kan p\u00e5 s\u00e5dant s\u00e4tt, som en yttersta l\u00f6sning, via upphandling s\u00e4kerst\u00e4lla etablering i hela landet av frist\u00e5ende akt\u00f6rer som matchar de arbetss\u00f6kande till jobb.<\/p>\n\n\n\n<p><strong>Vad h\u00e4nde med den stora och viktiga reformen av Arbetsf\u00f6rmedlingen?<\/strong>&nbsp;Bilden som tonar fram \u00e4r att kommunala bolag ska sl\u00e4ppas in i jobbpolitiken f\u00f6r att konkurrera ut frist\u00e5ende matchningsf\u00f6retag.<\/p>\n\n\n\n<p><strong>Vi har en annan id\u00e9.<\/strong>&nbsp;F\u00f6rra \u00e5ret kostade den kommunala arbetsmarknadspolitiken minst fem miljarder kronor. I st\u00e4llet f\u00f6r att \u00f6ka kommunernas \u00e5tagande och kostnader borde politikerna fullf\u00f6lja januariavtalets intentioner. L\u00e5t frist\u00e5ende matchningsexperter ta \u00f6ver ansvaret. D\u00e5 kan dessa kommunala resurser i st\u00e4llet anv\u00e4ndas f\u00f6r v\u00e4lbeh\u00f6vliga f\u00f6rst\u00e4rkningar av skolan och omsorgen.<\/p>\n\n\n\n<p>Andreas \u00c5str\u00f6m, Almega<br>Patrik Eidfelt, Kompetensf\u00f6retagen<br>Fredric Sk\u00e4lstad, Utbildningsf\u00f6retagen<\/p>\n\n\n\n<p>L\u00e4s debattrepliken p\u00e5<a href=\"https:\/\/www.dn.se\/debatt\/repliker\/hot-att-kommunbolag-ska-fa-konkurrera-ut-fristaende-matchningsforetag\/\" target=\"_blank\" rel=\"noreferrer noopener\"> dn.se<\/a><\/p>\n","protected":false},"excerpt":{"rendered":"<p>Vad h\u00e4nde med den stora och viktiga reformen av Arbetsf\u00f6rmedlingen? Bilden som tonar fram \u00e4r att kommunala bolag ska sl\u00e4ppas in i jobbpolitiken f\u00f6r att konkurrera ut frist\u00e5ende matchningsf\u00f6retag, skriver f\u00f6retr\u00e4dare f\u00f6r Almega. Varf\u00f6r beh\u00f6vs &hellip;<\/p>\n","protected":false},"author":216,"featured_media":10759,"comment_status":"closed","ping_status":"closed","sticky":false,"template":"","format":"standard","meta":{"_acf_changed":false,"footnotes":""},"categories":[192],"tags":[],"article_type":[32],"agreement":[],"for-members":[],"class_list":["post-4259","post","type-post","status-publish","format-standard","has-post-thumbnail","hentry","category-arbetsformedlingen","type-debattartiklar"],"acf":[],"yoast_head":"<!-- This site is optimized with the Yoast SEO Premium plugin v26.8 (Yoast SEO v26.8) - https:\/\/yoast.com\/product\/yoast-seo-premium-wordpress\/ -->\n<title>Oron f\u00f6r vita fl\u00e4ckar i valfrihetssystemet \u00f6verdriven<\/title>\n<meta name=\"description\" content=\"Arbetsmarknadspolitiken \u00e4r och b\u00f6r f\u00f6rbli ett statligt ansvar, och oron f\u00f6r vita fl\u00e4ckar i valfrihetssystemet \u00f6verdriven.\" \/>\n<meta name=\"robots\" content=\"index, follow, max-snippet:-1, max-image-preview:large, max-video-preview:-1\" \/>\n<link rel=\"canonical\" href=\"https:\/\/www.kompetensforetagen.se\/2019\/10\/debattreplik-hot-att-kommunbolag-ska-fa-konkurrera-ut-fristaende-matchningsforetag\/\" \/>\n<meta property=\"og:locale\" content=\"sv_SE\" \/>\n<meta property=\"og:type\" content=\"article\" \/>\n<meta property=\"og:title\" content=\"Debattreplik - &quot;Hot att kommunbolag ska f\u00e5 konkurrera ut frist\u00e5ende matchningsf\u00f6retag\u201d\" \/>\n<meta property=\"og:description\" content=\"Arbetsmarknadspolitiken \u00e4r och b\u00f6r f\u00f6rbli ett statligt ansvar, och oron f\u00f6r vita fl\u00e4ckar i valfrihetssystemet \u00f6verdriven.\" \/>\n<meta property=\"og:url\" content=\"https:\/\/www.kompetensforetagen.se\/2019\/10\/debattreplik-hot-att-kommunbolag-ska-fa-konkurrera-ut-fristaende-matchningsforetag\/\" \/>\n<meta property=\"og:site_name\" content=\"Kompetensf\u00f6retagen\" \/>\n<meta property=\"article:published_time\" content=\"2019-10-31T08:11:44+00:00\" \/>\n<meta property=\"article:modified_time\" content=\"2023-07-11T14:52:08+00:00\" \/>\n<meta property=\"og:image\" content=\"https:\/\/www.kompetensforetagen.se\/app\/uploads\/sites\/5\/2023\/01\/puzzle-3486885-1536x803-1.jpg\" \/>\n\t<meta property=\"og:image:width\" content=\"1536\" \/>\n\t<meta property=\"og:image:height\" content=\"803\" \/>\n\t<meta property=\"og:image:type\" content=\"image\/jpeg\" \/>\n<meta name=\"author\" content=\"Carina Kit\" \/>\n<meta name=\"twitter:card\" content=\"summary_large_image\" \/>\n<meta name=\"twitter:label1\" content=\"Skriven av\" \/>\n\t<meta name=\"twitter:data1\" content=\"Carina Kit\" \/>\n\t<meta name=\"twitter:label2\" content=\"Ber\u00e4knad l\u00e4stid\" \/>\n\t<meta name=\"twitter:data2\" content=\"4 minuter\" \/>\n<!-- \/ Yoast SEO Premium plugin. -->","yoast_head_json":{"title":"Oron f\u00f6r vita fl\u00e4ckar i valfrihetssystemet \u00f6verdriven","description":"Arbetsmarknadspolitiken \u00e4r och b\u00f6r f\u00f6rbli ett statligt ansvar, och oron f\u00f6r vita fl\u00e4ckar i valfrihetssystemet \u00f6verdriven.","robots":{"index":"index","follow":"follow","max-snippet":"max-snippet:-1","max-image-preview":"max-image-preview:large","max-video-preview":"max-video-preview:-1"},"canonical":"https:\/\/www.kompetensforetagen.se\/2019\/10\/debattreplik-hot-att-kommunbolag-ska-fa-konkurrera-ut-fristaende-matchningsforetag\/","og_locale":"sv_SE","og_type":"article","og_title":"Debattreplik - \"Hot att kommunbolag ska f\u00e5 konkurrera ut frist\u00e5ende matchningsf\u00f6retag\u201d","og_description":"Arbetsmarknadspolitiken \u00e4r och b\u00f6r f\u00f6rbli ett statligt ansvar, och oron f\u00f6r vita fl\u00e4ckar i valfrihetssystemet \u00f6verdriven.","og_url":"https:\/\/www.kompetensforetagen.se\/2019\/10\/debattreplik-hot-att-kommunbolag-ska-fa-konkurrera-ut-fristaende-matchningsforetag\/","og_site_name":"Kompetensf\u00f6retagen","article_published_time":"2019-10-31T08:11:44+00:00","article_modified_time":"2023-07-11T14:52:08+00:00","og_image":[{"width":1536,"height":803,"url":"https:\/\/www.kompetensforetagen.se\/app\/uploads\/sites\/5\/2023\/01\/puzzle-3486885-1536x803-1.jpg","type":"image\/jpeg"}],"author":"Carina Kit","twitter_card":"summary_large_image","twitter_misc":{"Skriven av":"Carina Kit","Ber\u00e4knad l\u00e4stid":"4 minuter"},"schema":{"@context":"https:\/\/schema.org","@graph":[{"@type":"Article","@id":"https:\/\/www.kompetensforetagen.se\/2019\/10\/debattreplik-hot-att-kommunbolag-ska-fa-konkurrera-ut-fristaende-matchningsforetag\/#article","isPartOf":{"@id":"https:\/\/www.kompetensforetagen.se\/2019\/10\/debattreplik-hot-att-kommunbolag-ska-fa-konkurrera-ut-fristaende-matchningsforetag\/"},"author":{"name":"Carina Kit","@id":"https:\/\/www.kompetensforetagen.se\/#\/schema\/person\/289c2139959d8ed9536a46aa74479571"},"headline":"Debattreplik &#8211; &#8221;Hot att kommunbolag ska f\u00e5 konkurrera ut frist\u00e5ende matchnings&shy;f\u00f6retag\u201d","datePublished":"2019-10-31T08:11:44+00:00","dateModified":"2023-07-11T14:52:08+00:00","mainEntityOfPage":{"@id":"https:\/\/www.kompetensforetagen.se\/2019\/10\/debattreplik-hot-att-kommunbolag-ska-fa-konkurrera-ut-fristaende-matchningsforetag\/"},"wordCount":791,"publisher":{"@id":"https:\/\/www.kompetensforetagen.se\/#organization"},"image":{"@id":"https:\/\/www.kompetensforetagen.se\/2019\/10\/debattreplik-hot-att-kommunbolag-ska-fa-konkurrera-ut-fristaende-matchningsforetag\/#primaryimage"},"thumbnailUrl":"https:\/\/www.kompetensforetagen.se\/app\/uploads\/sites\/5\/2023\/01\/puzzle-3486885-1536x803-1.jpg","articleSection":["Arbetsf\u00f6rmedlingen"],"inLanguage":"sv-SE"},{"@type":"WebPage","@id":"https:\/\/www.kompetensforetagen.se\/2019\/10\/debattreplik-hot-att-kommunbolag-ska-fa-konkurrera-ut-fristaende-matchningsforetag\/","url":"https:\/\/www.kompetensforetagen.se\/2019\/10\/debattreplik-hot-att-kommunbolag-ska-fa-konkurrera-ut-fristaende-matchningsforetag\/","name":"Oron f\u00f6r vita fl\u00e4ckar i valfrihetssystemet \u00f6verdriven","isPartOf":{"@id":"https:\/\/www.kompetensforetagen.se\/#website"},"primaryImageOfPage":{"@id":"https:\/\/www.kompetensforetagen.se\/2019\/10\/debattreplik-hot-att-kommunbolag-ska-fa-konkurrera-ut-fristaende-matchningsforetag\/#primaryimage"},"image":{"@id":"https:\/\/www.kompetensforetagen.se\/2019\/10\/debattreplik-hot-att-kommunbolag-ska-fa-konkurrera-ut-fristaende-matchningsforetag\/#primaryimage"},"thumbnailUrl":"https:\/\/www.kompetensforetagen.se\/app\/uploads\/sites\/5\/2023\/01\/puzzle-3486885-1536x803-1.jpg","datePublished":"2019-10-31T08:11:44+00:00","dateModified":"2023-07-11T14:52:08+00:00","description":"Arbetsmarknadspolitiken \u00e4r och b\u00f6r f\u00f6rbli ett statligt ansvar, och oron f\u00f6r vita fl\u00e4ckar i valfrihetssystemet \u00f6verdriven.","breadcrumb":{"@id":"https:\/\/www.kompetensforetagen.se\/2019\/10\/debattreplik-hot-att-kommunbolag-ska-fa-konkurrera-ut-fristaende-matchningsforetag\/#breadcrumb"},"inLanguage":"sv-SE","potentialAction":[{"@type":"ReadAction","target":["https:\/\/www.kompetensforetagen.se\/2019\/10\/debattreplik-hot-att-kommunbolag-ska-fa-konkurrera-ut-fristaende-matchningsforetag\/"]}]},{"@type":"ImageObject","inLanguage":"sv-SE","@id":"https:\/\/www.kompetensforetagen.se\/2019\/10\/debattreplik-hot-att-kommunbolag-ska-fa-konkurrera-ut-fristaende-matchningsforetag\/#primaryimage","url":"https:\/\/www.kompetensforetagen.se\/app\/uploads\/sites\/5\/2023\/01\/puzzle-3486885-1536x803-1.jpg","contentUrl":"https:\/\/www.kompetensforetagen.se\/app\/uploads\/sites\/5\/2023\/01\/puzzle-3486885-1536x803-1.jpg","width":1536,"height":803,"caption":"Pusselbitar som s\u00e4tts samman \u2013 symbol f\u00f6r perfekt matchning vid rekrytering."},{"@type":"BreadcrumbList","@id":"https:\/\/www.kompetensforetagen.se\/2019\/10\/debattreplik-hot-att-kommunbolag-ska-fa-konkurrera-ut-fristaende-matchningsforetag\/#breadcrumb","itemListElement":[{"@type":"ListItem","position":1,"name":"Home","item":"https:\/\/www.kompetensforetagen.se\/"},{"@type":"ListItem","position":2,"name":"Debattreplik &#8211; &#8221;Hot att kommunbolag ska f\u00e5 konkurrera ut frist\u00e5ende matchnings&shy;f\u00f6retag\u201d"}]},{"@type":"WebSite","@id":"https:\/\/www.kompetensforetagen.se\/#website","url":"https:\/\/www.kompetensforetagen.se\/","name":"Kompetensf\u00f6retagen","description":"R\u00e4tt person p\u00e5 r\u00e4tt plats kan f\u00f6r\u00e4ndra v\u00e4rlden","publisher":{"@id":"https:\/\/www.kompetensforetagen.se\/#organization"},"potentialAction":[{"@type":"SearchAction","target":{"@type":"EntryPoint","urlTemplate":"https:\/\/www.kompetensforetagen.se\/?s={search_term_string}"},"query-input":{"@type":"PropertyValueSpecification","valueRequired":true,"valueName":"search_term_string"}}],"inLanguage":"sv-SE"},{"@type":"Organization","@id":"https:\/\/www.kompetensforetagen.se\/#organization","name":"Kompetensf\u00f6retagen","url":"https:\/\/www.kompetensforetagen.se\/","logo":{"@type":"ImageObject","inLanguage":"sv-SE","@id":"https:\/\/www.kompetensforetagen.se\/#\/schema\/logo\/image\/","url":"https:\/\/www.kompetensforetagen.se\/app\/uploads\/sites\/5\/2022\/10\/logga_svart.png","contentUrl":"https:\/\/www.kompetensforetagen.se\/app\/uploads\/sites\/5\/2022\/10\/logga_svart.png","width":752,"height":64,"caption":"Kompetensf\u00f6retagen"},"image":{"@id":"https:\/\/www.kompetensforetagen.se\/#\/schema\/logo\/image\/"},"sameAs":["https:\/\/www.linkedin.com\/company\/10540032\/"]},{"@type":"Person","@id":"https:\/\/www.kompetensforetagen.se\/#\/schema\/person\/289c2139959d8ed9536a46aa74479571","name":"Carina Kit","image":{"@type":"ImageObject","inLanguage":"sv-SE","@id":"https:\/\/www.kompetensforetagen.se\/#\/schema\/person\/image\/","url":"https:\/\/secure.gravatar.com\/avatar\/9accc2e15089a6454d09e74efc78d237028a142d5a6f3102bc573dfbdc202317?s=96&d=mm&r=g","contentUrl":"https:\/\/secure.gravatar.com\/avatar\/9accc2e15089a6454d09e74efc78d237028a142d5a6f3102bc573dfbdc202317?s=96&d=mm&r=g","caption":"Carina Kit"},"description":"Carina Kit \u00e4r kommunikationschef p\u00e5 Kompetensf\u00f6retagen.","url":"https:\/\/www.kompetensforetagen.se\/person\/carinakit\/"}]}},"_links":{"self":[{"href":"https:\/\/www.kompetensforetagen.se\/api\/wp\/v2\/posts\/4259","targetHints":{"allow":["GET"]}}],"collection":[{"href":"https:\/\/www.kompetensforetagen.se\/api\/wp\/v2\/posts"}],"about":[{"href":"https:\/\/www.kompetensforetagen.se\/api\/wp\/v2\/types\/post"}],"author":[{"embeddable":true,"href":"https:\/\/www.kompetensforetagen.se\/api\/wp\/v2\/users\/216"}],"replies":[{"embeddable":true,"href":"https:\/\/www.kompetensforetagen.se\/api\/wp\/v2\/comments?post=4259"}],"version-history":[{"count":3,"href":"https:\/\/www.kompetensforetagen.se\/api\/wp\/v2\/posts\/4259\/revisions"}],"predecessor-version":[{"id":14455,"href":"https:\/\/www.kompetensforetagen.se\/api\/wp\/v2\/posts\/4259\/revisions\/14455"}],"wp:featuredmedia":[{"embeddable":true,"href":"https:\/\/www.kompetensforetagen.se\/api\/wp\/v2\/media\/10759"}],"wp:attachment":[{"href":"https:\/\/www.kompetensforetagen.se\/api\/wp\/v2\/media?parent=4259"}],"wp:term":[{"taxonomy":"category","embeddable":true,"href":"https:\/\/www.kompetensforetagen.se\/api\/wp\/v2\/categories?post=4259"},{"taxonomy":"post_tag","embeddable":true,"href":"https:\/\/www.kompetensforetagen.se\/api\/wp\/v2\/tags?post=4259"},{"taxonomy":"type","embeddable":true,"href":"https:\/\/www.kompetensforetagen.se\/api\/wp\/v2\/article_type?post=4259"},{"taxonomy":"agreement","embeddable":true,"href":"https:\/\/www.kompetensforetagen.se\/api\/wp\/v2\/agreement?post=4259"},{"taxonomy":"for-members","embeddable":true,"href":"https:\/\/www.kompetensforetagen.se\/api\/wp\/v2\/for-members?post=4259"}],"curies":[{"name":"wp","href":"https:\/\/api.w.org\/{rel}","templated":true}]}}