{"id":4002,"date":"2019-08-22T08:10:02","date_gmt":"2019-08-22T06:10:02","guid":{"rendered":"https:\/\/www.kompetensforetagen.se\/?p=4002"},"modified":"2023-07-11T16:45:55","modified_gmt":"2023-07-11T14:45:55","slug":"debatt-inhyrd-personal-del-av-en-fungerande-vard","status":"publish","type":"post","link":"https:\/\/www.kompetensforetagen.se\/2019\/08\/debatt-inhyrd-personal-del-av-en-fungerande-vard\/","title":{"rendered":"Debatt &#8211; Inhyrd personal del av en fungerande v\u00e5rd"},"content":{"rendered":"\n<p>\u00d6ver hela landet r\u00e5der brist p\u00e5 l\u00e4kare och sjuksk\u00f6terskor. F\u00f6r att kunna leverera v\u00e5rd denna sommar anv\u00e4nder s\u00e5v\u00e4l regioner som v\u00e5rdf\u00f6retag inhyrning. Det p\u00e5st\u00e5s att det \u00e4r dyrt och kostnaderna skenar \u2013 men \u00e4r det sant? Det skriver Patrik Eidfelt och Eva Domanders, Kompetensf\u00f6retagen.<\/p>\n\n\n\n<p>F\u00e5 verksamheter inom v\u00e5rden\u00a0klarar sig utan att <a href=\"https:\/\/www.kompetensforetagen.se\/2023\/06\/rapport-visar-att-sverige-behover-bemanningsbranschen\/\">hyra in medarbetare<\/a>. Det kan vara p\u00e5 sommaren, vid arbetstoppar eller n\u00e4r det saknas s\u00f6kande till tj\u00e4nster. H\u00e4lften av landets v\u00e5rdcentraler har vakanta l\u00e4kartj\u00e4nster. En ny unders\u00f6kning som V\u00e5rdf\u00f6retagen inom Almega gjort bland sina medlemmar v\u00e5ren 2019 visar att inte bara regionerna utan ocks\u00e5 majoriteten av v\u00e5rdf\u00f6retagen hyr in. Den fr\u00e4msta anledningen \u00e4r att f\u00f6retagen vill ha tillg\u00e5ng till kompetens de annars saknar.<\/p>\n\n\n\n<p>Det p\u00e5st\u00e5s att det \u00e4r dyrt att hyra in. Men st\u00e4mmer det? N\u00e4r Kompetensf\u00f6retagen <a href=\"https:\/\/www.almega.se\/app\/uploads\/sites\/5\/imported\/Inhyrda-medarbetare-i-varden---En-rapport-om-kostnader-av-Kreicbergs-Utredning---Opinion---2017-09-15.pdf\" target=\"_blank\" rel=\"noopener noreferrer\">j\u00e4mf\u00f6rt kostnaden f\u00f6r inhyrda och direktanst\u00e4llda i ett antal regioner<\/a> \u00e4r prislappen f\u00f6r inhyrda h\u00f6gre. Men om man tar h\u00e4nsyn till interna kostnader som regionerna har f\u00f6r anst\u00e4llda l\u00e4kare krymper skillnaderna. Det r\u00f6r sig om sociala avgifter, tj\u00e4nstepension, l\u00f6n vid semester och sjukdom, men ocks\u00e5 kostnader f\u00f6r rekrytering och utbildning. Timkostnaden f\u00f6r en inhyrd l\u00e4kare efter att dessa kostnader v\u00e4gts in \u00e4r cirka 30 procent h\u00f6gre \u00e4n f\u00f6r en direktanst\u00e4lld l\u00e4kare.<\/p>\n\n\n\n<blockquote class=\"wp-block-quote is-layout-flow wp-block-quote-is-layout-flow\">\n<p>Att betala egna medarbetare f\u00f6r extra \u00f6vertid \u00e4r i m\u00e5nga fall dyrare \u00e4n att hyra in<\/p>\n<\/blockquote>\n\n\n\n<p>V\u00e5rden har strategier f\u00f6r att g\u00f6ra inhyrningen motiverad. En inhyrd l\u00e4kare tr\u00e4ffar fler patienter. 50 eller 100 procent fler patientbes\u00f6k p\u00e5 en dag \u00e4r normalt, enligt unders\u00f6kningar och intervjuer som Kompetensf\u00f6retagen gjort under v\u00e5ren 2019. Ofta anv\u00e4nds inhyrda medarbetare f\u00f6r att korta k\u00f6er. I regel \u00e4r de inhyrda medarbetarna ocks\u00e5 \u00e4ldre och mer erfarna \u00e4n snittet i v\u00e5rden.<\/p>\n\n\n\n<p>Att betala egna medarbetare f\u00f6r extra \u00f6vertid \u00e4r i m\u00e5nga fall dyrare \u00e4n att hyra in och regionernas egna vikariepooler har sv\u00e5rt att rekrytera och leverera \u2013 vilket \u00e4r anledningen till att Kompetensf\u00f6retag p\u00e5 de flesta h\u00e5ll i landet konkurrerat ut dem.<\/p>\n\n\n\n<blockquote class=\"wp-block-quote is-layout-flow wp-block-quote-is-layout-flow\">\n<p>F\u00f6rsenad och inst\u00e4lld v\u00e5rd har samh\u00e4llskostnader som s\u00e4llan uppm\u00e4rksammas<\/p>\n<\/blockquote>\n\n\n\n<p>Inhyrda medarbetare&nbsp;bidrar ocks\u00e5 till att s\u00e4nka kostnader p\u00e5 andra s\u00e4tt: genom att andra specialister i till exempel ett operationsteam kan syssels\u00e4ttas effektivt, och genom ett effektivare utnyttjande av sjukhusen. N\u00e4r en specialist saknas \u00e4r det inte ovanligt att hela v\u00e5rdfl\u00f6det stannar upp. F\u00f6rsenad och inst\u00e4lld v\u00e5rd har samh\u00e4llskostnader som s\u00e4llan uppm\u00e4rksammas. Kostnaderna n\u00e4r man inte hyr in \u00e4r sv\u00e5rare att m\u00e4ta, men v\u00e4l k\u00e4nda inom v\u00e5rden. Sammantaget \u00e4r det allts\u00e5 inte dyrt att hyra in, utan kostnadsm\u00e4ssigt motiverat. Upphandlad inhyrning inneb\u00e4r f\u00f6ruts\u00e4gbara kostnader som g\u00f6r att v\u00e5rden b\u00e5de kan planera och prognosticera. Enligt SKL \u00e4r den totala hyrkostnaden 3,8 procent av regionernas samlade l\u00f6nekostnader, och andelen ligger numera still.<\/p>\n\n\n\n<p>I andra branscher \u00e4r det normalt att 10 till 30 procent av medarbetarna \u00e4r inhyrda vid kompetensbrist. Trots det har SKL ett m\u00e5l f\u00f6r att s\u00e4nka andelen inhyrning till 2 procent av personalutgifterna. M\u00e5let \u00e4r problematiskt eftersom det inte styr v\u00e5rden i n\u00e5gon vettig riktning: k\u00f6er v\u00e4xer och andra kostnader drar iv\u00e4g. Nu kr\u00e4vs mer l\u00e5ngsiktiga m\u00e5l \u2013 s\u00e5som fungerande kompetensf\u00f6rs\u00f6rjning till rimlig kostnad. Mot detta m\u00e5l kan regioner, v\u00e5rdf\u00f6retag och kompetensf\u00f6retag arbeta gemensamt. De auktoriserade, seri\u00f6sa kompetensf\u00f6retag som denna sommar bemannar v\u00e5rden \u00f6ver hela landet bidrar g\u00e4rna i det arbetet.<\/p>\n\n\n\n<p>Patrik Eidfelt, f\u00f6rbundsdirekt\u00f6r Kompetensf\u00f6retagen<br>Eva Domanders, styrelseordf\u00f6rande Kompetensf\u00f6retagen<\/p>\n\n\n\n<p><a href=\"https:\/\/www.svd.se\/inhyrd-personal-del-av-en-fungerande-vard\" target=\"_blank\" rel=\"noopener noreferrer\">L\u00e4s debattartikeln p\u00e5 svd.se<\/a><\/p>\n","protected":false},"excerpt":{"rendered":"<p>\u00d6ver hela landet r\u00e5der brist p\u00e5 l\u00e4kare och sjuksk\u00f6terskor. F\u00f6r att kunna leverera v\u00e5rd denna sommar anv\u00e4nder s\u00e5v\u00e4l regioner som v\u00e5rdf\u00f6retag inhyrning. Det p\u00e5st\u00e5s att det \u00e4r dyrt och kostnaderna skenar \u2013 men \u00e4r det &hellip;<\/p>\n","protected":false},"author":216,"featured_media":5322,"comment_status":"closed","ping_status":"closed","sticky":false,"template":"","format":"standard","meta":{"_acf_changed":false,"footnotes":""},"categories":[5],"tags":[],"article_type":[32],"agreement":[],"for-members":[],"class_list":["post-4002","post","type-post","status-publish","format-standard","has-post-thumbnail","hentry","category-vard","type-debattartiklar"],"acf":[],"yoast_head":"<!-- This site is optimized with the Yoast SEO Premium plugin v26.8 (Yoast SEO v26.8) - https:\/\/yoast.com\/product\/yoast-seo-premium-wordpress\/ -->\n<title>Inhyrd personal del av en fungerande v\u00e5rd<\/title>\n<meta name=\"description\" content=\"\u00d6ver hela landet r\u00e5der brist p\u00e5 l\u00e4kare och sjuksk\u00f6terskor, d\u00e4rf\u00f6r \u00e4r inhyrd personal en del av en fungerande v\u00e5rd.\" \/>\n<meta name=\"robots\" content=\"index, follow, max-snippet:-1, max-image-preview:large, max-video-preview:-1\" \/>\n<link rel=\"canonical\" href=\"https:\/\/www.kompetensforetagen.se\/2019\/08\/debatt-inhyrd-personal-del-av-en-fungerande-vard\/\" \/>\n<meta property=\"og:locale\" content=\"sv_SE\" \/>\n<meta property=\"og:type\" content=\"article\" \/>\n<meta property=\"og:title\" content=\"Debatt - Inhyrd personal del av en fungerande v\u00e5rd\" \/>\n<meta property=\"og:description\" content=\"\u00d6ver hela landet r\u00e5der brist p\u00e5 l\u00e4kare och sjuksk\u00f6terskor, d\u00e4rf\u00f6r \u00e4r inhyrd personal en del av en fungerande v\u00e5rd.\" \/>\n<meta property=\"og:url\" content=\"https:\/\/www.kompetensforetagen.se\/2019\/08\/debatt-inhyrd-personal-del-av-en-fungerande-vard\/\" \/>\n<meta property=\"og:site_name\" content=\"Kompetensf\u00f6retagen\" \/>\n<meta property=\"article:published_time\" content=\"2019-08-22T06:10:02+00:00\" \/>\n<meta property=\"article:modified_time\" content=\"2023-07-11T14:45:55+00:00\" \/>\n<meta property=\"og:image\" content=\"https:\/\/www.kompetensforetagen.se\/app\/uploads\/sites\/5\/2020\/09\/evaochpatrik-2.png\" \/>\n\t<meta property=\"og:image:width\" content=\"1073\" \/>\n\t<meta property=\"og:image:height\" content=\"757\" \/>\n\t<meta property=\"og:image:type\" content=\"image\/png\" \/>\n<meta name=\"author\" content=\"Carina Kit\" \/>\n<meta name=\"twitter:card\" content=\"summary_large_image\" \/>\n<meta name=\"twitter:label1\" content=\"Skriven av\" \/>\n\t<meta name=\"twitter:data1\" content=\"Carina Kit\" \/>\n\t<meta name=\"twitter:label2\" content=\"Ber\u00e4knad l\u00e4stid\" \/>\n\t<meta name=\"twitter:data2\" content=\"3 minuter\" \/>\n<!-- \/ Yoast SEO Premium plugin. -->","yoast_head_json":{"title":"Inhyrd personal del av en fungerande v\u00e5rd","description":"\u00d6ver hela landet r\u00e5der brist p\u00e5 l\u00e4kare och sjuksk\u00f6terskor, d\u00e4rf\u00f6r \u00e4r inhyrd personal en del av en fungerande v\u00e5rd.","robots":{"index":"index","follow":"follow","max-snippet":"max-snippet:-1","max-image-preview":"max-image-preview:large","max-video-preview":"max-video-preview:-1"},"canonical":"https:\/\/www.kompetensforetagen.se\/2019\/08\/debatt-inhyrd-personal-del-av-en-fungerande-vard\/","og_locale":"sv_SE","og_type":"article","og_title":"Debatt - Inhyrd personal del av en fungerande v\u00e5rd","og_description":"\u00d6ver hela landet r\u00e5der brist p\u00e5 l\u00e4kare och sjuksk\u00f6terskor, d\u00e4rf\u00f6r \u00e4r inhyrd personal en del av en fungerande v\u00e5rd.","og_url":"https:\/\/www.kompetensforetagen.se\/2019\/08\/debatt-inhyrd-personal-del-av-en-fungerande-vard\/","og_site_name":"Kompetensf\u00f6retagen","article_published_time":"2019-08-22T06:10:02+00:00","article_modified_time":"2023-07-11T14:45:55+00:00","og_image":[{"width":1073,"height":757,"url":"https:\/\/www.kompetensforetagen.se\/app\/uploads\/sites\/5\/2020\/09\/evaochpatrik-2.png","type":"image\/png"}],"author":"Carina Kit","twitter_card":"summary_large_image","twitter_misc":{"Skriven av":"Carina Kit","Ber\u00e4knad l\u00e4stid":"3 minuter"},"schema":{"@context":"https:\/\/schema.org","@graph":[{"@type":"Article","@id":"https:\/\/www.kompetensforetagen.se\/2019\/08\/debatt-inhyrd-personal-del-av-en-fungerande-vard\/#article","isPartOf":{"@id":"https:\/\/www.kompetensforetagen.se\/2019\/08\/debatt-inhyrd-personal-del-av-en-fungerande-vard\/"},"author":{"name":"Carina Kit","@id":"https:\/\/www.kompetensforetagen.se\/#\/schema\/person\/289c2139959d8ed9536a46aa74479571"},"headline":"Debatt &#8211; Inhyrd personal del av en fungerande v\u00e5rd","datePublished":"2019-08-22T06:10:02+00:00","dateModified":"2023-07-11T14:45:55+00:00","mainEntityOfPage":{"@id":"https:\/\/www.kompetensforetagen.se\/2019\/08\/debatt-inhyrd-personal-del-av-en-fungerande-vard\/"},"wordCount":674,"publisher":{"@id":"https:\/\/www.kompetensforetagen.se\/#organization"},"image":{"@id":"https:\/\/www.kompetensforetagen.se\/2019\/08\/debatt-inhyrd-personal-del-av-en-fungerande-vard\/#primaryimage"},"thumbnailUrl":"https:\/\/www.kompetensforetagen.se\/app\/uploads\/sites\/5\/2020\/09\/evaochpatrik-2.png","articleSection":["V\u00e5rdbemanning"],"inLanguage":"sv-SE"},{"@type":"WebPage","@id":"https:\/\/www.kompetensforetagen.se\/2019\/08\/debatt-inhyrd-personal-del-av-en-fungerande-vard\/","url":"https:\/\/www.kompetensforetagen.se\/2019\/08\/debatt-inhyrd-personal-del-av-en-fungerande-vard\/","name":"Inhyrd personal del av en fungerande v\u00e5rd","isPartOf":{"@id":"https:\/\/www.kompetensforetagen.se\/#website"},"primaryImageOfPage":{"@id":"https:\/\/www.kompetensforetagen.se\/2019\/08\/debatt-inhyrd-personal-del-av-en-fungerande-vard\/#primaryimage"},"image":{"@id":"https:\/\/www.kompetensforetagen.se\/2019\/08\/debatt-inhyrd-personal-del-av-en-fungerande-vard\/#primaryimage"},"thumbnailUrl":"https:\/\/www.kompetensforetagen.se\/app\/uploads\/sites\/5\/2020\/09\/evaochpatrik-2.png","datePublished":"2019-08-22T06:10:02+00:00","dateModified":"2023-07-11T14:45:55+00:00","description":"\u00d6ver hela landet r\u00e5der brist p\u00e5 l\u00e4kare och sjuksk\u00f6terskor, d\u00e4rf\u00f6r \u00e4r inhyrd personal en del av en fungerande v\u00e5rd.","breadcrumb":{"@id":"https:\/\/www.kompetensforetagen.se\/2019\/08\/debatt-inhyrd-personal-del-av-en-fungerande-vard\/#breadcrumb"},"inLanguage":"sv-SE","potentialAction":[{"@type":"ReadAction","target":["https:\/\/www.kompetensforetagen.se\/2019\/08\/debatt-inhyrd-personal-del-av-en-fungerande-vard\/"]}]},{"@type":"ImageObject","inLanguage":"sv-SE","@id":"https:\/\/www.kompetensforetagen.se\/2019\/08\/debatt-inhyrd-personal-del-av-en-fungerande-vard\/#primaryimage","url":"https:\/\/www.kompetensforetagen.se\/app\/uploads\/sites\/5\/2020\/09\/evaochpatrik-2.png","contentUrl":"https:\/\/www.kompetensforetagen.se\/app\/uploads\/sites\/5\/2020\/09\/evaochpatrik-2.png","width":1073,"height":757,"caption":"Debatt\u00f6rerna Eva Domanders och Patrik Eidfelt"},{"@type":"BreadcrumbList","@id":"https:\/\/www.kompetensforetagen.se\/2019\/08\/debatt-inhyrd-personal-del-av-en-fungerande-vard\/#breadcrumb","itemListElement":[{"@type":"ListItem","position":1,"name":"Home","item":"https:\/\/www.kompetensforetagen.se\/"},{"@type":"ListItem","position":2,"name":"Debatt &#8211; Inhyrd personal del av en fungerande v\u00e5rd"}]},{"@type":"WebSite","@id":"https:\/\/www.kompetensforetagen.se\/#website","url":"https:\/\/www.kompetensforetagen.se\/","name":"Kompetensf\u00f6retagen","description":"R\u00e4tt person p\u00e5 r\u00e4tt plats kan f\u00f6r\u00e4ndra v\u00e4rlden","publisher":{"@id":"https:\/\/www.kompetensforetagen.se\/#organization"},"potentialAction":[{"@type":"SearchAction","target":{"@type":"EntryPoint","urlTemplate":"https:\/\/www.kompetensforetagen.se\/?s={search_term_string}"},"query-input":{"@type":"PropertyValueSpecification","valueRequired":true,"valueName":"search_term_string"}}],"inLanguage":"sv-SE"},{"@type":"Organization","@id":"https:\/\/www.kompetensforetagen.se\/#organization","name":"Kompetensf\u00f6retagen","url":"https:\/\/www.kompetensforetagen.se\/","logo":{"@type":"ImageObject","inLanguage":"sv-SE","@id":"https:\/\/www.kompetensforetagen.se\/#\/schema\/logo\/image\/","url":"https:\/\/www.kompetensforetagen.se\/app\/uploads\/sites\/5\/2022\/10\/logga_svart.png","contentUrl":"https:\/\/www.kompetensforetagen.se\/app\/uploads\/sites\/5\/2022\/10\/logga_svart.png","width":752,"height":64,"caption":"Kompetensf\u00f6retagen"},"image":{"@id":"https:\/\/www.kompetensforetagen.se\/#\/schema\/logo\/image\/"},"sameAs":["https:\/\/www.linkedin.com\/company\/10540032\/"]},{"@type":"Person","@id":"https:\/\/www.kompetensforetagen.se\/#\/schema\/person\/289c2139959d8ed9536a46aa74479571","name":"Carina Kit","image":{"@type":"ImageObject","inLanguage":"sv-SE","@id":"https:\/\/www.kompetensforetagen.se\/#\/schema\/person\/image\/","url":"https:\/\/secure.gravatar.com\/avatar\/9accc2e15089a6454d09e74efc78d237028a142d5a6f3102bc573dfbdc202317?s=96&d=mm&r=g","contentUrl":"https:\/\/secure.gravatar.com\/avatar\/9accc2e15089a6454d09e74efc78d237028a142d5a6f3102bc573dfbdc202317?s=96&d=mm&r=g","caption":"Carina Kit"},"description":"Carina Kit \u00e4r kommunikationschef p\u00e5 Kompetensf\u00f6retagen.","url":"https:\/\/www.kompetensforetagen.se\/person\/carinakit\/"}]}},"_links":{"self":[{"href":"https:\/\/www.kompetensforetagen.se\/api\/wp\/v2\/posts\/4002","targetHints":{"allow":["GET"]}}],"collection":[{"href":"https:\/\/www.kompetensforetagen.se\/api\/wp\/v2\/posts"}],"about":[{"href":"https:\/\/www.kompetensforetagen.se\/api\/wp\/v2\/types\/post"}],"author":[{"embeddable":true,"href":"https:\/\/www.kompetensforetagen.se\/api\/wp\/v2\/users\/216"}],"replies":[{"embeddable":true,"href":"https:\/\/www.kompetensforetagen.se\/api\/wp\/v2\/comments?post=4002"}],"version-history":[{"count":2,"href":"https:\/\/www.kompetensforetagen.se\/api\/wp\/v2\/posts\/4002\/revisions"}],"predecessor-version":[{"id":14450,"href":"https:\/\/www.kompetensforetagen.se\/api\/wp\/v2\/posts\/4002\/revisions\/14450"}],"wp:featuredmedia":[{"embeddable":true,"href":"https:\/\/www.kompetensforetagen.se\/api\/wp\/v2\/media\/5322"}],"wp:attachment":[{"href":"https:\/\/www.kompetensforetagen.se\/api\/wp\/v2\/media?parent=4002"}],"wp:term":[{"taxonomy":"category","embeddable":true,"href":"https:\/\/www.kompetensforetagen.se\/api\/wp\/v2\/categories?post=4002"},{"taxonomy":"post_tag","embeddable":true,"href":"https:\/\/www.kompetensforetagen.se\/api\/wp\/v2\/tags?post=4002"},{"taxonomy":"type","embeddable":true,"href":"https:\/\/www.kompetensforetagen.se\/api\/wp\/v2\/article_type?post=4002"},{"taxonomy":"agreement","embeddable":true,"href":"https:\/\/www.kompetensforetagen.se\/api\/wp\/v2\/agreement?post=4002"},{"taxonomy":"for-members","embeddable":true,"href":"https:\/\/www.kompetensforetagen.se\/api\/wp\/v2\/for-members?post=4002"}],"curies":[{"name":"wp","href":"https:\/\/api.w.org\/{rel}","templated":true}]}}