{"id":3378,"date":"2019-05-21T21:25:14","date_gmt":"2019-05-21T19:25:14","guid":{"rendered":"https:\/\/www.kompetensforetagen.se\/?p=3378"},"modified":"2024-03-11T11:30:16","modified_gmt":"2024-03-11T10:30:16","slug":"kompetensforetagen-presenterar-nya-moderna-medlemskapsformer","status":"publish","type":"post","link":"https:\/\/www.kompetensforetagen.se\/2019\/05\/kompetensforetagen-presenterar-nya-moderna-medlemskapsformer\/","title":{"rendered":"Kompetens&shy;f\u00f6retagen presenterar nya moderna medlemskapsformer"},"content":{"rendered":"\n<p>Nu lanserar Kompetensf\u00f6retagen nya, moderna medlemskapsformer i till branschens akt\u00f6rer. Under 2018 har Kompetensf\u00f6retagens styrelse tillsammans med kansliet diskuterat en utveckling av medlemskapet och auktorisationen. Under 2019 har f\u00f6rbundet samverkat de nya medlemskapen med de fackliga parterna i Auktorisationsn\u00e4mnden.<\/p>\n\n\n\n<p>Villkoren f\u00f6r medlemskapet har inte f\u00f6r\u00e4ndrats sedan inf\u00f6randet av den obligatoriska <a href=\"https:\/\/www.kompetensforetagen.se\/auktorisationsvillkor-2\/\">auktorisationen <\/a>och de har inte heller tagit h\u00f6jd f\u00f6r utl\u00e4ndska f\u00f6retag. D\u00e4rf\u00f6r har det funnits goda sk\u00e4l att titta p\u00e5 kraven utifr\u00e5n dagens villkor. Att uppr\u00e4tth\u00e5lla branschstandard och ordning och reda \u00e4r fortsatt centralt och d\u00e4rf\u00f6r kommer Kompetensf\u00f6retagen fortsatt att v\u00e4rna om auktorisationen. <a href=\"https:\/\/www.kompetensforetagen.se\/villkor-for-medlemskap-3\/\" target=\"_blank\" rel=\"noopener noreferrer\">De nya medlemskapsformerna<\/a> f\u00f6r\u00e4ndrar ingenting f\u00f6r nuvarande medlemmar.<\/p>\n\n\n\n<ul class=\"wp-block-list\">\n<li>Medlemskapskraven och medlemskapsformerna f\u00f6r\u00e4ndras<\/li>\n\n\n\n<li>Kollektivavtalskravet st\u00e4lls i tv\u00e5 av tre medlemskapsformer<\/li>\n\n\n\n<li>Branschmedlemskap inf\u00f6rs \u2013 med st\u00f6d i arbetsgivarfr\u00e5gor via serviceavtal<\/li>\n\n\n\n<li>Vid auktorisation &#8211; nytt krav p\u00e5 svensk juridisk person<\/li>\n\n\n\n<li>Auktorisationen blir frivillig<\/li>\n<\/ul>\n\n\n\n<p>&#8211; Vi hj\u00e4lper v\u00e5ra f\u00f6retag att utvecklas, och vi vill bidra till att utveckla fler f\u00f6retag i branschen. De nya medlemskapsformerna g\u00f6r det nu m\u00f6jligt f\u00f6r oss att \u00e4nnu b\u00e4ttre st\u00e5 upp f\u00f6r den svenska modellen, s\u00e4ger Patrik Eidfelt, tf F\u00f6rbundsdirekt\u00f6r.<\/p>\n\n\n\n<p>Kompetensf\u00f6retagen har inordnat nya kompetensl\u00f6sningar i den svenska modellen s\u00e5 att alla bemanningsanst\u00e4llda i medlemsf\u00f6retagen idag har kollektivavtal, f\u00f6rs\u00e4kringar och tj\u00e4nstepension. Genom att skapa nya medlemskapsformer kan fler f\u00f6r f\u00f6retag ansluta sig till f\u00f6rbundet och ges m\u00f6jlighet att v\u00e4xa in i ett auktoriserade medlemskap.<\/p>\n\n\n\n<blockquote class=\"wp-block-quote is-layout-flow wp-block-quote-is-layout-flow\">\n<p>De nya medlemskapsformerna g\u00f6r det nu m\u00f6jligt f\u00f6r oss att \u00e4nnu b\u00e4ttre st\u00e5 upp f\u00f6r den svenska modellen<\/p>\n<\/blockquote>\n\n\n\n<p>&#8211; De nya medlemskapsformerna \u00e4r moderna och anpassade till de krav arbetsmarknaden har p\u00e5 branschen f\u00f6r att snabbt kunna erbjuda kompetens till arbetsgivare. Det \u00e4r viktigt att vi har ett attraktivt medlemserbjudande. Ju fler medlemmar vi har, desto fler f\u00f6retag kommer att omfattas av kollektivavtal och kan bli en del av den svenska modellen, avslutar Eidfelt.<\/p>\n\n\n\n<p>De nya medlemskapsformerna antog p\u00e5 Kompetensf\u00f6retagens st\u00e4mma den 21 maj och kommer att g\u00e4lla fr\u00e5n den 1 juli, 2019. Mer information om de nya medlemskapsformerna kommer inom kort h\u00e4r p\u00e5 Kompetensf\u00f6retagens webb.<\/p>\n\n\n\n<p>&#8230;&#8230;&#8230;&#8230;&#8230;&#8230;&#8230;&#8230;&#8230;&#8230;&#8230;&#8230;&#8230;&#8230;&#8230;&#8230;&#8230;&#8230;&#8230;&#8230;&#8230;&#8230;&#8230;&#8230;&#8230;&#8230;&#8230;&#8230;&#8230;&#8230;&#8230;&#8230;&#8230;&#8230;&#8230;&#8230;&#8230;&#8230;&#8230;&#8230;&#8230;&#8230;&#8230;&#8230;&#8230;&#8230;&#8230;&#8230;&#8230;&#8230;&#8230;&#8230;&#8230;&#8230;.<\/p>\n\n\n<a class='Share__link Share__link--url copy-text' href='#' rel='nofollow' data-text='fragor-och-svar' title='Dela url' data-confirmation='L\u00e4nken kopierades till urklipp'><svg class='icon icon--link'  width='18' height='18' viewBox='0 0 18 18' fill='none' xmlns='http:\/\/www.w3.org\/2000\/svg'>\n            <path d='M10.4142 0.514721L6.87868 4.05025L8.29289 5.46447L11.1213 2.63604L15.364 6.87868L12.5355 9.70711L13.9497 11.1213L17.4853 7.58579C17.8763 7.19476 17.8763 6.5626 17.4853 6.17158L11.8284 0.514721C11.4374 0.123691 10.8052 0.123691 10.4142 0.514721Z' fill='black'\/>\n            <path d='M9.7071 12.5355L6.87868 15.364L2.63604 11.1213L5.46446 8.2929L4.05025 6.87868L0.514716 10.4142C0.123686 10.8052 0.123686 11.4374 0.514716 11.8284L6.17157 17.4853C6.5626 17.8763 7.19475 17.8763 7.58578 17.4853L11.1213 13.9497L9.7071 12.5355Z' fill='black'\/>\n            <path d='M6.17157 11.8284C6.5626 12.2195 7.19475 12.2195 7.58578 11.8284L11.8284 7.58579C12.2195 7.19476 12.2195 6.56261 11.8284 6.17158C11.4374 5.78055 10.8052 5.78055 10.4142 6.17158L6.17157 10.4142C5.78054 10.8052 5.78054 11.4374 6.17157 11.8284Z' fill='black'\/>\n            <\/svg> <\/a>\n<h2 class=\"wp-block-heading\" id=\"h-fragor-och-svar\"><strong>Fr\u00e5gor och svar<\/strong><\/h2>\n\n\n\n<h3 class=\"wp-block-heading\" id=\"h-vad-innehaller-de-tre-olika-medlemskapen\">Vad inneh\u00e5ller de tre olika medlemskapen?<\/h3>\n\n\n\n<p><strong><a href=\"https:\/\/www.kompetensforetagen.se\/villkor-for-medlemskap-3\/\">Branschmedlem<\/a><\/strong><\/p>\n\n\n\n<ul class=\"wp-block-list\">\n<li>Juridisk person<\/li>\n\n\n\n<li>Ordning och reda i ekonomi (SKV4820)<\/li>\n\n\n\n<li>Allm\u00e4nna best\u00e4mmelser<\/li>\n\n\n\n<li>S\u00e4kerst\u00e4lla underleverant\u00f6rens seriositet avseende skatter, avgifter och f\u00f6rs\u00e4kring<\/li>\n\n\n\n<li>Grundutbildning (arbetsr\u00e4tt)<\/li>\n\n\n\n<li>Serviceavtal\/Medlem i annat f\u00f6rbund inom Almega<\/li>\n\n\n\n<li>Ansvarsf\u00f6rs\u00e4kring<\/li>\n\n\n\n<li>Stadgar (\u00a73)<\/li>\n\n\n\n<li>Etiska regler<\/li>\n\n\n\n<li>Bedriver verksamhet<\/li>\n\n\n\n<li>Granskning vid intr\u00e4de<\/li>\n<\/ul>\n\n\n\n<p><strong><a href=\"https:\/\/www.kompetensforetagen.se\/auktorisationsvillkor\/\">Arbetsgivar- och branschmedlem<\/a><\/strong><\/p>\n\n\n\n<ul class=\"wp-block-list\">\n<li>Kollektivavtal<\/li>\n\n\n\n<li>Medlemskap i bransch- och arbetsgivarorganisation<\/li>\n\n\n\n<li>Svenskt driftst\u00e4lle<\/li>\n\n\n\n<li>Kollektivavtalsutbildning (allm\u00e4n)<\/li>\n\n\n\n<li>Anst\u00e4lld personal<\/li>\n<\/ul>\n\n\n\n<p><strong>Auktoriserad medlem (frivilligt)<\/strong><\/p>\n\n\n\n<ul class=\"wp-block-list\">\n<li>Svensk juridisk person<\/li>\n\n\n\n<li>Auktorisationsutbildning<\/li>\n\n\n\n<li>Revisor<\/li>\n\n\n\n<li>Bedriver verksamhet sen 12 m\u00e5n<\/li>\n\n\n\n<li>Synligg\u00f6r att det \u00e4r ett auktoriserat medlems\u00adf\u00f6retag i sin marknadsf\u00f6ring<\/li>\n\n\n\n<li>Genomg\u00e5r auktorisationsn\u00e4mndens \u00e5rliga granskning<\/li>\n<\/ul>\n\n\n\n<p><\/p>\n\n\n\n<p><strong>Varf\u00f6r blir auktorisationen frivillig?<br><\/strong>Branschen utvecklas och det finns behov att erbjuda nya attraktiva former f\u00f6r medlemskap. Ju fler f\u00f6retag som f\u00f6ljer uppst\u00e4llda krav p\u00e5 den inre marknaden desto b\u00e4ttre kan vi kontrollera och motverka uppkomsten av svartarbete och illojal konkurrens.<\/p>\n\n\n\n<p><strong>Varf\u00f6r kr\u00e4vs svensk juridisk person?<br><\/strong>Det \u00e4r en garant f\u00f6r att vi ska kunna f\u00f6lja upp alla de krav vi st\u00e4ller p\u00e5 v\u00e5ra medlemmar. I takt med att branschen utvecklas finns behov att erbjuda nya attraktiva former f\u00f6r medlemskap. Ju fler f\u00f6retag som f\u00f6ljer uppst\u00e4llda krav p\u00e5 den inre marknaden desto b\u00e4ttre kan vi kontrollera och motverka uppkomsten av svartarbete och illojal konkurrens.<\/p>\n\n\n\n<p><strong>Vad inneb\u00e4r kravet p\u00e5 svensk juridisk person?<br><\/strong>Att verksamheten bedriv i ett svensk registrerat bolag (AB, HB eller Kommanditbolag).<\/p>\n","protected":false},"excerpt":{"rendered":"<p>Nu lanserar Kompetensf\u00f6retagen nya, moderna medlemskapsformer i till branschens akt\u00f6rer. Under 2018 har Kompetensf\u00f6retagens styrelse tillsammans med kansliet diskuterat en utveckling av medlemskapet och auktorisationen. Under 2019 har f\u00f6rbundet samverkat de nya medlemskapen med de &hellip;<\/p>\n","protected":false},"author":216,"featured_media":8966,"comment_status":"closed","ping_status":"closed","sticky":false,"template":"","format":"standard","meta":{"_acf_changed":false,"footnotes":""},"categories":[17],"tags":[],"article_type":[219],"agreement":[],"for-members":[],"class_list":["post-3378","post","type-post","status-publish","format-standard","has-post-thumbnail","hentry","category-auktorisation","type-nyhet"],"acf":[],"yoast_head":"<!-- This site is optimized with the Yoast SEO Premium plugin v26.8 (Yoast SEO v26.8) - https:\/\/yoast.com\/product\/yoast-seo-premium-wordpress\/ -->\n<title>Ny medlemskapsform i Kompetensf\u00f6retagen<\/title>\n<meta name=\"description\" content=\"Genom en ny medlemskapsform kan fler f\u00f6r f\u00f6retag ansluta sig till f\u00f6rbundet och ges m\u00f6jlighet att v\u00e4xa in i auktoriserade medlemskap.\" \/>\n<meta name=\"robots\" content=\"index, follow, max-snippet:-1, max-image-preview:large, max-video-preview:-1\" \/>\n<link rel=\"canonical\" href=\"https:\/\/www.kompetensforetagen.se\/2019\/05\/kompetensforetagen-presenterar-nya-moderna-medlemskapsformer\/\" \/>\n<meta property=\"og:locale\" content=\"sv_SE\" \/>\n<meta property=\"og:type\" content=\"article\" \/>\n<meta property=\"og:title\" content=\"Kompetensf\u00f6retagen presenterar nya moderna medlemskapsformer\" \/>\n<meta property=\"og:description\" content=\"Genom en ny medlemskapsform kan fler f\u00f6r f\u00f6retag ansluta sig till f\u00f6rbundet och ges m\u00f6jlighet att v\u00e4xa in i auktoriserade medlemskap.\" \/>\n<meta property=\"og:url\" content=\"https:\/\/www.kompetensforetagen.se\/2019\/05\/kompetensforetagen-presenterar-nya-moderna-medlemskapsformer\/\" \/>\n<meta property=\"og:site_name\" content=\"Kompetensf\u00f6retagen\" \/>\n<meta property=\"article:published_time\" content=\"2019-05-21T19:25:14+00:00\" \/>\n<meta property=\"article:modified_time\" content=\"2024-03-11T10:30:16+00:00\" \/>\n<meta property=\"og:image\" content=\"https:\/\/www.kompetensforetagen.se\/app\/uploads\/sites\/5\/2022\/02\/gettyimages-1191073195-scaled.jpg\" \/>\n\t<meta property=\"og:image:width\" content=\"2560\" \/>\n\t<meta property=\"og:image:height\" content=\"853\" \/>\n\t<meta property=\"og:image:type\" content=\"image\/jpeg\" \/>\n<meta name=\"author\" content=\"Carina Kit\" \/>\n<meta name=\"twitter:card\" content=\"summary_large_image\" \/>\n<meta name=\"twitter:label1\" content=\"Skriven av\" \/>\n\t<meta name=\"twitter:data1\" content=\"Carina Kit\" \/>\n\t<meta name=\"twitter:label2\" content=\"Ber\u00e4knad l\u00e4stid\" \/>\n\t<meta name=\"twitter:data2\" content=\"3 minuter\" \/>\n<!-- \/ Yoast SEO Premium plugin. -->","yoast_head_json":{"title":"Ny medlemskapsform i Kompetensf\u00f6retagen","description":"Genom en ny medlemskapsform kan fler f\u00f6r f\u00f6retag ansluta sig till f\u00f6rbundet och ges m\u00f6jlighet att v\u00e4xa in i auktoriserade medlemskap.","robots":{"index":"index","follow":"follow","max-snippet":"max-snippet:-1","max-image-preview":"max-image-preview:large","max-video-preview":"max-video-preview:-1"},"canonical":"https:\/\/www.kompetensforetagen.se\/2019\/05\/kompetensforetagen-presenterar-nya-moderna-medlemskapsformer\/","og_locale":"sv_SE","og_type":"article","og_title":"Kompetensf\u00f6retagen presenterar nya moderna medlemskapsformer","og_description":"Genom en ny medlemskapsform kan fler f\u00f6r f\u00f6retag ansluta sig till f\u00f6rbundet och ges m\u00f6jlighet att v\u00e4xa in i auktoriserade medlemskap.","og_url":"https:\/\/www.kompetensforetagen.se\/2019\/05\/kompetensforetagen-presenterar-nya-moderna-medlemskapsformer\/","og_site_name":"Kompetensf\u00f6retagen","article_published_time":"2019-05-21T19:25:14+00:00","article_modified_time":"2024-03-11T10:30:16+00:00","og_image":[{"width":2560,"height":853,"url":"https:\/\/www.kompetensforetagen.se\/app\/uploads\/sites\/5\/2022\/02\/gettyimages-1191073195-scaled.jpg","type":"image\/jpeg"}],"author":"Carina Kit","twitter_card":"summary_large_image","twitter_misc":{"Skriven av":"Carina Kit","Ber\u00e4knad l\u00e4stid":"3 minuter"},"schema":{"@context":"https:\/\/schema.org","@graph":[{"@type":"Article","@id":"https:\/\/www.kompetensforetagen.se\/2019\/05\/kompetensforetagen-presenterar-nya-moderna-medlemskapsformer\/#article","isPartOf":{"@id":"https:\/\/www.kompetensforetagen.se\/2019\/05\/kompetensforetagen-presenterar-nya-moderna-medlemskapsformer\/"},"author":{"name":"Carina Kit","@id":"https:\/\/www.kompetensforetagen.se\/#\/schema\/person\/289c2139959d8ed9536a46aa74479571"},"headline":"Kompetens&shy;f\u00f6retagen presenterar nya moderna medlemskapsformer","datePublished":"2019-05-21T19:25:14+00:00","dateModified":"2024-03-11T10:30:16+00:00","mainEntityOfPage":{"@id":"https:\/\/www.kompetensforetagen.se\/2019\/05\/kompetensforetagen-presenterar-nya-moderna-medlemskapsformer\/"},"wordCount":645,"publisher":{"@id":"https:\/\/www.kompetensforetagen.se\/#organization"},"image":{"@id":"https:\/\/www.kompetensforetagen.se\/2019\/05\/kompetensforetagen-presenterar-nya-moderna-medlemskapsformer\/#primaryimage"},"thumbnailUrl":"https:\/\/www.kompetensforetagen.se\/app\/uploads\/sites\/5\/2022\/02\/gettyimages-1191073195-scaled.jpg","articleSection":["Auktorisation"],"inLanguage":"sv-SE"},{"@type":"WebPage","@id":"https:\/\/www.kompetensforetagen.se\/2019\/05\/kompetensforetagen-presenterar-nya-moderna-medlemskapsformer\/","url":"https:\/\/www.kompetensforetagen.se\/2019\/05\/kompetensforetagen-presenterar-nya-moderna-medlemskapsformer\/","name":"Ny medlemskapsform i Kompetensf\u00f6retagen","isPartOf":{"@id":"https:\/\/www.kompetensforetagen.se\/#website"},"primaryImageOfPage":{"@id":"https:\/\/www.kompetensforetagen.se\/2019\/05\/kompetensforetagen-presenterar-nya-moderna-medlemskapsformer\/#primaryimage"},"image":{"@id":"https:\/\/www.kompetensforetagen.se\/2019\/05\/kompetensforetagen-presenterar-nya-moderna-medlemskapsformer\/#primaryimage"},"thumbnailUrl":"https:\/\/www.kompetensforetagen.se\/app\/uploads\/sites\/5\/2022\/02\/gettyimages-1191073195-scaled.jpg","datePublished":"2019-05-21T19:25:14+00:00","dateModified":"2024-03-11T10:30:16+00:00","description":"Genom en ny medlemskapsform kan fler f\u00f6r f\u00f6retag ansluta sig till f\u00f6rbundet och ges m\u00f6jlighet att v\u00e4xa in i auktoriserade medlemskap.","breadcrumb":{"@id":"https:\/\/www.kompetensforetagen.se\/2019\/05\/kompetensforetagen-presenterar-nya-moderna-medlemskapsformer\/#breadcrumb"},"inLanguage":"sv-SE","potentialAction":[{"@type":"ReadAction","target":["https:\/\/www.kompetensforetagen.se\/2019\/05\/kompetensforetagen-presenterar-nya-moderna-medlemskapsformer\/"]}]},{"@type":"ImageObject","inLanguage":"sv-SE","@id":"https:\/\/www.kompetensforetagen.se\/2019\/05\/kompetensforetagen-presenterar-nya-moderna-medlemskapsformer\/#primaryimage","url":"https:\/\/www.kompetensforetagen.se\/app\/uploads\/sites\/5\/2022\/02\/gettyimages-1191073195-scaled.jpg","contentUrl":"https:\/\/www.kompetensforetagen.se\/app\/uploads\/sites\/5\/2022\/02\/gettyimages-1191073195-scaled.jpg","width":2560,"height":853,"caption":"Engineer or architect teamwork working on construction project with building model and blueprint in office. Construction concept."},{"@type":"BreadcrumbList","@id":"https:\/\/www.kompetensforetagen.se\/2019\/05\/kompetensforetagen-presenterar-nya-moderna-medlemskapsformer\/#breadcrumb","itemListElement":[{"@type":"ListItem","position":1,"name":"Home","item":"https:\/\/www.kompetensforetagen.se\/"},{"@type":"ListItem","position":2,"name":"Kompetens&shy;f\u00f6retagen presenterar nya moderna medlemskapsformer"}]},{"@type":"WebSite","@id":"https:\/\/www.kompetensforetagen.se\/#website","url":"https:\/\/www.kompetensforetagen.se\/","name":"Kompetensf\u00f6retagen","description":"R\u00e4tt person p\u00e5 r\u00e4tt plats kan f\u00f6r\u00e4ndra v\u00e4rlden","publisher":{"@id":"https:\/\/www.kompetensforetagen.se\/#organization"},"potentialAction":[{"@type":"SearchAction","target":{"@type":"EntryPoint","urlTemplate":"https:\/\/www.kompetensforetagen.se\/?s={search_term_string}"},"query-input":{"@type":"PropertyValueSpecification","valueRequired":true,"valueName":"search_term_string"}}],"inLanguage":"sv-SE"},{"@type":"Organization","@id":"https:\/\/www.kompetensforetagen.se\/#organization","name":"Kompetensf\u00f6retagen","url":"https:\/\/www.kompetensforetagen.se\/","logo":{"@type":"ImageObject","inLanguage":"sv-SE","@id":"https:\/\/www.kompetensforetagen.se\/#\/schema\/logo\/image\/","url":"https:\/\/www.kompetensforetagen.se\/app\/uploads\/sites\/5\/2022\/10\/logga_svart.png","contentUrl":"https:\/\/www.kompetensforetagen.se\/app\/uploads\/sites\/5\/2022\/10\/logga_svart.png","width":752,"height":64,"caption":"Kompetensf\u00f6retagen"},"image":{"@id":"https:\/\/www.kompetensforetagen.se\/#\/schema\/logo\/image\/"},"sameAs":["https:\/\/www.linkedin.com\/company\/10540032\/"]},{"@type":"Person","@id":"https:\/\/www.kompetensforetagen.se\/#\/schema\/person\/289c2139959d8ed9536a46aa74479571","name":"Carina Kit","image":{"@type":"ImageObject","inLanguage":"sv-SE","@id":"https:\/\/www.kompetensforetagen.se\/#\/schema\/person\/image\/","url":"https:\/\/secure.gravatar.com\/avatar\/9accc2e15089a6454d09e74efc78d237028a142d5a6f3102bc573dfbdc202317?s=96&d=mm&r=g","contentUrl":"https:\/\/secure.gravatar.com\/avatar\/9accc2e15089a6454d09e74efc78d237028a142d5a6f3102bc573dfbdc202317?s=96&d=mm&r=g","caption":"Carina Kit"},"description":"Carina Kit \u00e4r kommunikationschef p\u00e5 Kompetensf\u00f6retagen.","url":"https:\/\/www.kompetensforetagen.se\/person\/carinakit\/"}]}},"_links":{"self":[{"href":"https:\/\/www.kompetensforetagen.se\/api\/wp\/v2\/posts\/3378","targetHints":{"allow":["GET"]}}],"collection":[{"href":"https:\/\/www.kompetensforetagen.se\/api\/wp\/v2\/posts"}],"about":[{"href":"https:\/\/www.kompetensforetagen.se\/api\/wp\/v2\/types\/post"}],"author":[{"embeddable":true,"href":"https:\/\/www.kompetensforetagen.se\/api\/wp\/v2\/users\/216"}],"replies":[{"embeddable":true,"href":"https:\/\/www.kompetensforetagen.se\/api\/wp\/v2\/comments?post=3378"}],"version-history":[{"count":3,"href":"https:\/\/www.kompetensforetagen.se\/api\/wp\/v2\/posts\/3378\/revisions"}],"predecessor-version":[{"id":16876,"href":"https:\/\/www.kompetensforetagen.se\/api\/wp\/v2\/posts\/3378\/revisions\/16876"}],"wp:featuredmedia":[{"embeddable":true,"href":"https:\/\/www.kompetensforetagen.se\/api\/wp\/v2\/media\/8966"}],"wp:attachment":[{"href":"https:\/\/www.kompetensforetagen.se\/api\/wp\/v2\/media?parent=3378"}],"wp:term":[{"taxonomy":"category","embeddable":true,"href":"https:\/\/www.kompetensforetagen.se\/api\/wp\/v2\/categories?post=3378"},{"taxonomy":"post_tag","embeddable":true,"href":"https:\/\/www.kompetensforetagen.se\/api\/wp\/v2\/tags?post=3378"},{"taxonomy":"type","embeddable":true,"href":"https:\/\/www.kompetensforetagen.se\/api\/wp\/v2\/article_type?post=3378"},{"taxonomy":"agreement","embeddable":true,"href":"https:\/\/www.kompetensforetagen.se\/api\/wp\/v2\/agreement?post=3378"},{"taxonomy":"for-members","embeddable":true,"href":"https:\/\/www.kompetensforetagen.se\/api\/wp\/v2\/for-members?post=3378"}],"curies":[{"name":"wp","href":"https:\/\/api.w.org\/{rel}","templated":true}]}}