{"id":3313,"date":"2019-04-30T14:33:42","date_gmt":"2019-04-30T12:33:42","guid":{"rendered":"https:\/\/www.kompetensforetagen.se\/?p=3313"},"modified":"2023-03-27T13:40:38","modified_gmt":"2023-03-27T11:40:38","slug":"replik-hyrpersonal-haller-pa-att-knacka-svensk-vard","status":"publish","type":"post","link":"https:\/\/www.kompetensforetagen.se\/2019\/04\/replik-hyrpersonal-haller-pa-att-knacka-svensk-vard\/","title":{"rendered":"Replik &#8211; &#8221;Hyr&shy;personal h\u00e5ller p\u00e5 att kn\u00e4cka svensk v\u00e5rd&#8221;"},"content":{"rendered":"\n<p>Johan Enfeldt och Lisa Pellings<a href=\"https:\/\/www.aftonbladet.se\/debatt\/a\/K3rXpy\/hyrpersonal-haller-pa-att-knacka-svensk-vard\" target=\"_blank\" rel=\"noopener noreferrer\"> rapport<\/a> kritiserar v\u00e5rdbemanning. De h\u00e4vdar att hyrpersonal leder till \u00f6kade kostnader, s\u00e4mre kontinuitet och arbetsmilj\u00f6. Men det \u00e4r tv\u00e4rtom. De inhyrda \u00e4r kostnadseffektiva eftersom de tr\u00e4ffar fler patienter. Sk\u00e4let till bristande kontinuitet \u00e4r kompetensbrist, medan de inhyrda bidrar till b\u00e4ttre patients\u00e4kerhet och arbetsmilj\u00f6 eftersom de avlastar den redan stressade ordinarie v\u00e5rdpersonalen.<\/p>\n\n\n\n<p>Kostnads\u00f6kningarna har flera sk\u00e4l, ett \u00f6kat v\u00e5rdbehov samt dyra, otill\u00e5tna direktupphandlingar i kombination med kompetensbrist. Regionerna kan inte beh\u00e5lla eller locka till sig nya medarbetar eftersom de inte uppfattas som attraktiva arbetsgivare. I v\u00e5r medarbetarunders\u00f6kning (2019) ser vi att det vanligaste svaret p\u00e5<a href=\"https:\/\/www.kompetensforetagen.se\/konsultundersokningar\/\" target=\"_blank\" rel=\"noopener noreferrer\"> varf\u00f6r man arbetar som konsult<\/a> \u00e4r att &#8221;jag kan v\u00e4lja tid och arbetsplats&#8221; f\u00f6ljt av &#8221;jag vill ibland ha ledigt i l\u00e4ngre perioder&#8221;, p\u00e5 tredje plats kommer &#8221;jag vill ha h\u00f6gre l\u00f6n eller andra f\u00f6rm\u00e5ner\u201d. H\u00e4r har regionerna mycket att l\u00e4ra av v\u00e5ra medlemmar.<\/p>\n\n\n\n<blockquote class=\"wp-block-quote is-layout-flow wp-block-quote-is-layout-flow\">\n<p>V\u00e5rt r\u00e5d till regionerna har l\u00e4nge varit att de m\u00e5ste ha vassare och mer relevanta upphandlingar, anpassade till deras specifika behov<\/p>\n<\/blockquote>\n\n\n\n<p>F\u00f6r att klara det \u00f6kade v\u00e5rdbehovet och minska kostnaden f\u00f6resl\u00e5s personalpooler. Den h\u00e4r typen av pooler har historiskt sett haft h\u00f6gre kostnader och s\u00e4mre leveranss\u00e4kerhet. Att leverera r\u00e4tt konsult, vid r\u00e4tt tillf\u00e4lle till en rimlig kostnad \u00e4r en konst som v\u00e5ra medlemmar beh\u00e4rskar.<\/p>\n\n\n\n<p>D\u00e4remot h\u00e5ller vi med om att upphandlingar av v\u00e5rdtj\u00e4nster \u00e4r ett problem. V\u00e5rt r\u00e5d till regionerna har l\u00e4nge varit att de m\u00e5ste ha vassare och mer relevanta upphandlingar, anpassade till deras specifika behov. St\u00e4lla h\u00f6ga kvalitetskrav, sluta med l\u00e4gstaprisupphandlingar, genomf\u00f6ra kontinuerliga uppf\u00f6ljningar och inf\u00f6ra en styrning som g\u00f6r det om\u00f6jligt att handla utanf\u00f6r ramavtal. Idag k\u00f6per regionerna tj\u00e4nster av leverant\u00f6rer som inte \u00e4r auktoriserade vilket kan betyda att konsulterna inte omfattas av kollektivavtal. V\u00e5ra medlemmar \u00e4r seri\u00f6sa och erbjuder 100% trygga anst\u00e4llningar.<\/p>\n\n\n\n<p>Branschen samarbetar g\u00e4rna med regionerna kring de h\u00e4r fr\u00e5gorna f\u00f6r att f\u00e5 ordning och reda i v\u00e5rden. Vi \u00e4r inte problemet, vi \u00e4r en del av l\u00f6sningen.<\/p>\n\n\n\n<p><strong>Eva Domanders,<\/strong>&nbsp;styrelseordf\u00f6rande Kompetensf\u00f6retagen<br><strong>Patrik Eidfelt,<\/strong>&nbsp;tf f\u00f6rbundsdirekt\u00f6r Kompetensf\u00f6retagen<\/p>\n","protected":false},"excerpt":{"rendered":"<p>Johan Enfeldt och Lisa Pellings rapport kritiserar v\u00e5rdbemanning. De h\u00e4vdar att hyrpersonal leder till \u00f6kade kostnader, s\u00e4mre kontinuitet och arbetsmilj\u00f6. Men det \u00e4r tv\u00e4rtom. De inhyrda \u00e4r kostnadseffektiva eftersom de tr\u00e4ffar fler patienter. Sk\u00e4let till &hellip;<\/p>\n","protected":false},"author":216,"featured_media":5322,"comment_status":"closed","ping_status":"closed","sticky":false,"template":"","format":"standard","meta":{"_acf_changed":false,"footnotes":""},"categories":[5],"tags":[],"article_type":[32],"agreement":[],"for-members":[],"class_list":["post-3313","post","type-post","status-publish","format-standard","has-post-thumbnail","hentry","category-vard","type-debattartiklar"],"acf":[],"yoast_head":"<!-- This site is optimized with the Yoast SEO Premium plugin v26.8 (Yoast SEO v26.8) - https:\/\/yoast.com\/product\/yoast-seo-premium-wordpress\/ -->\n<title>Inhyrd v\u00e5rdpersonal bidrar till b\u00e4ttre patients\u00e4kerhet<\/title>\n<meta name=\"description\" content=\"Inhyrd v\u00e5rdpersonal bidrar\u00a0 till b\u00e4ttre patients\u00e4kerhet. R\u00e5det till regionerna \u00e4r att de m\u00e5ste f\u00f6rb\u00e4ttra samarbetet med leverant\u00f6rerna.\" \/>\n<meta name=\"robots\" content=\"index, follow, max-snippet:-1, max-image-preview:large, max-video-preview:-1\" \/>\n<link rel=\"canonical\" href=\"https:\/\/www.kompetensforetagen.se\/2019\/04\/replik-hyrpersonal-haller-pa-att-knacka-svensk-vard\/\" \/>\n<meta property=\"og:locale\" content=\"sv_SE\" \/>\n<meta property=\"og:type\" content=\"article\" \/>\n<meta property=\"og:title\" content=\"Replik - &quot;Hyrpersonal h\u00e5ller p\u00e5 att kn\u00e4cka svensk v\u00e5rd&quot;\" \/>\n<meta property=\"og:description\" content=\"Inhyrd v\u00e5rdpersonal bidrar\u00a0 till b\u00e4ttre patients\u00e4kerhet. R\u00e5det till regionerna \u00e4r att de m\u00e5ste f\u00f6rb\u00e4ttra samarbetet med leverant\u00f6rerna.\" \/>\n<meta property=\"og:url\" content=\"https:\/\/www.kompetensforetagen.se\/2019\/04\/replik-hyrpersonal-haller-pa-att-knacka-svensk-vard\/\" \/>\n<meta property=\"og:site_name\" content=\"Kompetensf\u00f6retagen\" \/>\n<meta property=\"article:published_time\" content=\"2019-04-30T12:33:42+00:00\" \/>\n<meta property=\"article:modified_time\" content=\"2023-03-27T11:40:38+00:00\" \/>\n<meta property=\"og:image\" content=\"https:\/\/www.kompetensforetagen.se\/app\/uploads\/sites\/5\/2020\/09\/evaochpatrik-2.png\" \/>\n\t<meta property=\"og:image:width\" content=\"1073\" \/>\n\t<meta property=\"og:image:height\" content=\"757\" \/>\n\t<meta property=\"og:image:type\" content=\"image\/png\" \/>\n<meta name=\"author\" content=\"Carina Kit\" \/>\n<meta name=\"twitter:card\" content=\"summary_large_image\" \/>\n<meta name=\"twitter:label1\" content=\"Skriven av\" \/>\n\t<meta name=\"twitter:data1\" content=\"Carina Kit\" \/>\n\t<meta name=\"twitter:label2\" content=\"Ber\u00e4knad l\u00e4stid\" \/>\n\t<meta name=\"twitter:data2\" content=\"2 minuter\" \/>\n<!-- \/ Yoast SEO Premium plugin. -->","yoast_head_json":{"title":"Inhyrd v\u00e5rdpersonal bidrar till b\u00e4ttre patients\u00e4kerhet","description":"Inhyrd v\u00e5rdpersonal bidrar\u00a0 till b\u00e4ttre patients\u00e4kerhet. R\u00e5det till regionerna \u00e4r att de m\u00e5ste f\u00f6rb\u00e4ttra samarbetet med leverant\u00f6rerna.","robots":{"index":"index","follow":"follow","max-snippet":"max-snippet:-1","max-image-preview":"max-image-preview:large","max-video-preview":"max-video-preview:-1"},"canonical":"https:\/\/www.kompetensforetagen.se\/2019\/04\/replik-hyrpersonal-haller-pa-att-knacka-svensk-vard\/","og_locale":"sv_SE","og_type":"article","og_title":"Replik - \"Hyrpersonal h\u00e5ller p\u00e5 att kn\u00e4cka svensk v\u00e5rd\"","og_description":"Inhyrd v\u00e5rdpersonal bidrar\u00a0 till b\u00e4ttre patients\u00e4kerhet. R\u00e5det till regionerna \u00e4r att de m\u00e5ste f\u00f6rb\u00e4ttra samarbetet med leverant\u00f6rerna.","og_url":"https:\/\/www.kompetensforetagen.se\/2019\/04\/replik-hyrpersonal-haller-pa-att-knacka-svensk-vard\/","og_site_name":"Kompetensf\u00f6retagen","article_published_time":"2019-04-30T12:33:42+00:00","article_modified_time":"2023-03-27T11:40:38+00:00","og_image":[{"width":1073,"height":757,"url":"https:\/\/www.kompetensforetagen.se\/app\/uploads\/sites\/5\/2020\/09\/evaochpatrik-2.png","type":"image\/png"}],"author":"Carina Kit","twitter_card":"summary_large_image","twitter_misc":{"Skriven av":"Carina Kit","Ber\u00e4knad l\u00e4stid":"2 minuter"},"schema":{"@context":"https:\/\/schema.org","@graph":[{"@type":"Article","@id":"https:\/\/www.kompetensforetagen.se\/2019\/04\/replik-hyrpersonal-haller-pa-att-knacka-svensk-vard\/#article","isPartOf":{"@id":"https:\/\/www.kompetensforetagen.se\/2019\/04\/replik-hyrpersonal-haller-pa-att-knacka-svensk-vard\/"},"author":{"name":"Carina Kit","@id":"https:\/\/www.kompetensforetagen.se\/#\/schema\/person\/289c2139959d8ed9536a46aa74479571"},"headline":"Replik &#8211; &#8221;Hyr&shy;personal h\u00e5ller p\u00e5 att kn\u00e4cka svensk v\u00e5rd&#8221;","datePublished":"2019-04-30T12:33:42+00:00","dateModified":"2023-03-27T11:40:38+00:00","mainEntityOfPage":{"@id":"https:\/\/www.kompetensforetagen.se\/2019\/04\/replik-hyrpersonal-haller-pa-att-knacka-svensk-vard\/"},"wordCount":415,"publisher":{"@id":"https:\/\/www.kompetensforetagen.se\/#organization"},"image":{"@id":"https:\/\/www.kompetensforetagen.se\/2019\/04\/replik-hyrpersonal-haller-pa-att-knacka-svensk-vard\/#primaryimage"},"thumbnailUrl":"https:\/\/www.kompetensforetagen.se\/app\/uploads\/sites\/5\/2020\/09\/evaochpatrik-2.png","articleSection":["V\u00e5rdbemanning"],"inLanguage":"sv-SE"},{"@type":"WebPage","@id":"https:\/\/www.kompetensforetagen.se\/2019\/04\/replik-hyrpersonal-haller-pa-att-knacka-svensk-vard\/","url":"https:\/\/www.kompetensforetagen.se\/2019\/04\/replik-hyrpersonal-haller-pa-att-knacka-svensk-vard\/","name":"Inhyrd v\u00e5rdpersonal bidrar till b\u00e4ttre patients\u00e4kerhet","isPartOf":{"@id":"https:\/\/www.kompetensforetagen.se\/#website"},"primaryImageOfPage":{"@id":"https:\/\/www.kompetensforetagen.se\/2019\/04\/replik-hyrpersonal-haller-pa-att-knacka-svensk-vard\/#primaryimage"},"image":{"@id":"https:\/\/www.kompetensforetagen.se\/2019\/04\/replik-hyrpersonal-haller-pa-att-knacka-svensk-vard\/#primaryimage"},"thumbnailUrl":"https:\/\/www.kompetensforetagen.se\/app\/uploads\/sites\/5\/2020\/09\/evaochpatrik-2.png","datePublished":"2019-04-30T12:33:42+00:00","dateModified":"2023-03-27T11:40:38+00:00","description":"Inhyrd v\u00e5rdpersonal bidrar\u00a0 till b\u00e4ttre patients\u00e4kerhet. R\u00e5det till regionerna \u00e4r att de m\u00e5ste f\u00f6rb\u00e4ttra samarbetet med leverant\u00f6rerna.","breadcrumb":{"@id":"https:\/\/www.kompetensforetagen.se\/2019\/04\/replik-hyrpersonal-haller-pa-att-knacka-svensk-vard\/#breadcrumb"},"inLanguage":"sv-SE","potentialAction":[{"@type":"ReadAction","target":["https:\/\/www.kompetensforetagen.se\/2019\/04\/replik-hyrpersonal-haller-pa-att-knacka-svensk-vard\/"]}]},{"@type":"ImageObject","inLanguage":"sv-SE","@id":"https:\/\/www.kompetensforetagen.se\/2019\/04\/replik-hyrpersonal-haller-pa-att-knacka-svensk-vard\/#primaryimage","url":"https:\/\/www.kompetensforetagen.se\/app\/uploads\/sites\/5\/2020\/09\/evaochpatrik-2.png","contentUrl":"https:\/\/www.kompetensforetagen.se\/app\/uploads\/sites\/5\/2020\/09\/evaochpatrik-2.png","width":1073,"height":757,"caption":"Debatt\u00f6rerna Eva Domanders och Patrik Eidfelt"},{"@type":"BreadcrumbList","@id":"https:\/\/www.kompetensforetagen.se\/2019\/04\/replik-hyrpersonal-haller-pa-att-knacka-svensk-vard\/#breadcrumb","itemListElement":[{"@type":"ListItem","position":1,"name":"Home","item":"https:\/\/www.kompetensforetagen.se\/"},{"@type":"ListItem","position":2,"name":"Replik &#8211; &#8221;Hyr&shy;personal h\u00e5ller p\u00e5 att kn\u00e4cka svensk v\u00e5rd&#8221;"}]},{"@type":"WebSite","@id":"https:\/\/www.kompetensforetagen.se\/#website","url":"https:\/\/www.kompetensforetagen.se\/","name":"Kompetensf\u00f6retagen","description":"R\u00e4tt person p\u00e5 r\u00e4tt plats kan f\u00f6r\u00e4ndra v\u00e4rlden","publisher":{"@id":"https:\/\/www.kompetensforetagen.se\/#organization"},"potentialAction":[{"@type":"SearchAction","target":{"@type":"EntryPoint","urlTemplate":"https:\/\/www.kompetensforetagen.se\/?s={search_term_string}"},"query-input":{"@type":"PropertyValueSpecification","valueRequired":true,"valueName":"search_term_string"}}],"inLanguage":"sv-SE"},{"@type":"Organization","@id":"https:\/\/www.kompetensforetagen.se\/#organization","name":"Kompetensf\u00f6retagen","url":"https:\/\/www.kompetensforetagen.se\/","logo":{"@type":"ImageObject","inLanguage":"sv-SE","@id":"https:\/\/www.kompetensforetagen.se\/#\/schema\/logo\/image\/","url":"https:\/\/www.kompetensforetagen.se\/app\/uploads\/sites\/5\/2022\/10\/logga_svart.png","contentUrl":"https:\/\/www.kompetensforetagen.se\/app\/uploads\/sites\/5\/2022\/10\/logga_svart.png","width":752,"height":64,"caption":"Kompetensf\u00f6retagen"},"image":{"@id":"https:\/\/www.kompetensforetagen.se\/#\/schema\/logo\/image\/"},"sameAs":["https:\/\/www.linkedin.com\/company\/10540032\/"]},{"@type":"Person","@id":"https:\/\/www.kompetensforetagen.se\/#\/schema\/person\/289c2139959d8ed9536a46aa74479571","name":"Carina Kit","image":{"@type":"ImageObject","inLanguage":"sv-SE","@id":"https:\/\/www.kompetensforetagen.se\/#\/schema\/person\/image\/","url":"https:\/\/secure.gravatar.com\/avatar\/9accc2e15089a6454d09e74efc78d237028a142d5a6f3102bc573dfbdc202317?s=96&d=mm&r=g","contentUrl":"https:\/\/secure.gravatar.com\/avatar\/9accc2e15089a6454d09e74efc78d237028a142d5a6f3102bc573dfbdc202317?s=96&d=mm&r=g","caption":"Carina Kit"},"description":"Carina Kit \u00e4r kommunikationschef p\u00e5 Kompetensf\u00f6retagen.","url":"https:\/\/www.kompetensforetagen.se\/person\/carinakit\/"}]}},"_links":{"self":[{"href":"https:\/\/www.kompetensforetagen.se\/api\/wp\/v2\/posts\/3313","targetHints":{"allow":["GET"]}}],"collection":[{"href":"https:\/\/www.kompetensforetagen.se\/api\/wp\/v2\/posts"}],"about":[{"href":"https:\/\/www.kompetensforetagen.se\/api\/wp\/v2\/types\/post"}],"author":[{"embeddable":true,"href":"https:\/\/www.kompetensforetagen.se\/api\/wp\/v2\/users\/216"}],"replies":[{"embeddable":true,"href":"https:\/\/www.kompetensforetagen.se\/api\/wp\/v2\/comments?post=3313"}],"version-history":[{"count":1,"href":"https:\/\/www.kompetensforetagen.se\/api\/wp\/v2\/posts\/3313\/revisions"}],"predecessor-version":[{"id":11891,"href":"https:\/\/www.kompetensforetagen.se\/api\/wp\/v2\/posts\/3313\/revisions\/11891"}],"wp:featuredmedia":[{"embeddable":true,"href":"https:\/\/www.kompetensforetagen.se\/api\/wp\/v2\/media\/5322"}],"wp:attachment":[{"href":"https:\/\/www.kompetensforetagen.se\/api\/wp\/v2\/media?parent=3313"}],"wp:term":[{"taxonomy":"category","embeddable":true,"href":"https:\/\/www.kompetensforetagen.se\/api\/wp\/v2\/categories?post=3313"},{"taxonomy":"post_tag","embeddable":true,"href":"https:\/\/www.kompetensforetagen.se\/api\/wp\/v2\/tags?post=3313"},{"taxonomy":"type","embeddable":true,"href":"https:\/\/www.kompetensforetagen.se\/api\/wp\/v2\/article_type?post=3313"},{"taxonomy":"agreement","embeddable":true,"href":"https:\/\/www.kompetensforetagen.se\/api\/wp\/v2\/agreement?post=3313"},{"taxonomy":"for-members","embeddable":true,"href":"https:\/\/www.kompetensforetagen.se\/api\/wp\/v2\/for-members?post=3313"}],"curies":[{"name":"wp","href":"https:\/\/api.w.org\/{rel}","templated":true}]}}