{"id":3203,"date":"2019-03-26T09:31:21","date_gmt":"2019-03-26T08:31:21","guid":{"rendered":"https:\/\/www.kompetensforetagen.se\/?p=3203"},"modified":"2025-12-15T11:40:20","modified_gmt":"2025-12-15T10:40:20","slug":"nyanlanda-akademiker-har-ni-tillampat-den-nya-anstallningsformen","status":"publish","type":"post","link":"https:\/\/www.kompetensforetagen.se\/2019\/03\/nyanlanda-akademiker-har-ni-tillampat-den-nya-anstallningsformen\/","title":{"rendered":"Nyanl\u00e4nda akademiker \u2013 har ni till\u00e4mpat den nya anst\u00e4llningsformen?"},"content":{"rendered":"\n<p>I kollektivavtalsf\u00f6rhandlingarna 2017 kom Kompetensf\u00f6retagen och Akademikerf\u00f6rbunden \u00f6verens om en ny form f\u00f6r tidsbegr\u00e4nsad anst\u00e4llning. Syftet med anst\u00e4llningsformen var att fr\u00e4mja och p\u00e5skynda nyanl\u00e4nda akademikers insteg p\u00e5 arbetsmarknaden. Vi vill nu f\u00f6lja upp anv\u00e4ndningen av anst\u00e4llningsformen.<\/p>\n\n\n\n<p>Kort om anst\u00e4llningsformens kriterier:<\/p>\n\n\n\n<ul class=\"wp-block-list\">\n<li>Den tidsbegr\u00e4nsade anst\u00e4llningen kan vara l\u00e4ngst 24 m\u00e5nader.<\/li>\n\n\n\n<li>Den som anst\u00e4lls ska vid anst\u00e4llningens tilltr\u00e4dande ha ans\u00f6kt om uppeh\u00e5llstillst\u00e5nd eller beviljats uppeh\u00e5llstillst\u00e5nd i Sverige sedan h\u00f6gst 36 m\u00e5nader tidigare.<\/li>\n\n\n\n<li>Den som anst\u00e4lls ska ha bedrivit akademiska studier om sammanlagt minst 36 m\u00e5nader. Studierna kan ha bedrivits i annat land och\/eller i Sverige. Studierna ska motsvara 180 h\u00f6gskolepo\u00e4ng.<\/li>\n\n\n\n<li>Den tidsbegr\u00e4nsade anst\u00e4llningen kan avbrytas i f\u00f6rtid av b\u00e5de arbetsgivaren och den anst\u00e4llde med skriftlig underr\u00e4ttelse tv\u00e5 veckor innan anst\u00e4llningen avses avslutas.<\/li>\n\n\n\n<li>Anst\u00e4lld i denna anst\u00e4llningsform omfattas inte av f\u00f6retr\u00e4desr\u00e4tt till fortsatt anst\u00e4llning.<\/li>\n\n\n\n<li>Parterna \u00e4r \u00f6verens om att l\u00f6nen kan s\u00e4ttas utifr\u00e5n att den anst\u00e4llde \u00e4r opr\u00f6vad och att s\u00e4rskilda insatser kan beh\u00f6vas.<\/li>\n<\/ul>\n\n\n\n<p>Om ni har till\u00e4mpat anst\u00e4llningsformen skulle vi uppskatta en kort beskrivning om ert arbete till <a href=\"mailto:info@kompetensforetagen.se\">Kompetensf\u00f6retagen<\/a><\/p>\n\n\n\n<p>Vill du f\u00e5 mer information om anst\u00e4llningsformen \u00e4r du v\u00e4lkommen att kontakta Kompetensf\u00f6retagens kontaktpersoner i avtals- och f\u00f6rhandlingsfr\u00e5gor. Kontaktuppgifter till samtliga kontaktpersoner hittar du i<a href=\"https:\/\/www.arbetsgivarguiden.se\/\" target=\"_blank\" rel=\"noopener\"> Arbetsgivarguiden.<\/a><\/p>\n","protected":false},"excerpt":{"rendered":"<p>I kollektivavtalsf\u00f6rhandlingarna 2017 kom Kompetensf\u00f6retagen och Akademikerf\u00f6rbunden \u00f6verens om en ny form f\u00f6r tidsbegr\u00e4nsad anst\u00e4llning. Syftet med anst\u00e4llningsformen var att fr\u00e4mja och p\u00e5skynda nyanl\u00e4nda akademikers insteg p\u00e5 arbetsmarknaden. Vi vill nu f\u00f6lja upp anv\u00e4ndningen av &hellip;<\/p>\n","protected":false},"author":216,"featured_media":0,"comment_status":"closed","ping_status":"closed","sticky":false,"template":"","format":"standard","meta":{"_acf_changed":false,"footnotes":""},"categories":[181],"tags":[],"article_type":[182],"agreement":[163,164,165,36,37,38,39,40,41,58,59,60,42,43,44,45,46,47,48,49,50,51,52,53,55,54,56,57,61,62,63,64,65,66,67,68,69,70,71,72,73,74,75,76,77,78,79,80,81,82,83,89,90,91,84,85,86,87,88,95,92,93,94,96,97,98,99,100,101,102,103,104,105,106,107,108,109,110,111,112,113,114,115,116,117,118,119,120,121,122,123,124,125,126,127,128,129,133,130,131,132,134,135,136,137,138,139,140,141,142,143,144,145,147,149,150,151,148,152,146,153,154,155,156,157,158,159,160,162,161],"for-members":[],"class_list":["post-3203","post","type-post","status-publish","format-standard","hentry","category-medlemsnyhet","type-medlemsnyhet","agreement-d8372015-3f44-e211-be83-005056b20fd8","agreement-1ac6e1f5-3f44-e211-be83-005056b20fd8","agreement-70ee1081-3f44-e211-be83-005056b20fd8","agreement-cacd80f7-ff07-de11-b4e1-02bf9e69ca65","agreement-cbcd80f7-ff07-de11-b4e1-02bf9e69ca65","agreement-8dce80f7-ff07-de11-b4e1-02bf9e69ca65","agreement-a1c8f241-0761-e011-a194-02bf9e69ca65","agreement-a6e84646-06ab-e611-8108-003dd8b71e47","agreement-acce80f7-ff07-de11-b4e1-02bf9e69ca65","agreement-705d8229-a064-de11-bdb9-02bf9e69ca65","agreement-2767ab55-42a2-e411-95d0-005056b20fd6","agreement-875fe194-42a2-e411-95d0-005056b20fd6","agreement-9cce80f7-ff07-de11-b4e1-02bf9e69ca65","agreement-a2ce80f7-ff07-de11-b4e1-02bf9e69ca65","agreement-a1ce80f7-ff07-de11-b4e1-02bf9e69ca65","agreement-9dce80f7-ff07-de11-b4e1-02bf9e69ca65","agreement-a3ce80f7-ff07-de11-b4e1-02bf9e69ca65","agreement-a8ce80f7-ff07-de11-b4e1-02bf9e69ca65","agreement-9ece80f7-ff07-de11-b4e1-02bf9e69ca65","agreement-a4ce80f7-ff07-de11-b4e1-02bf9e69ca65","agreement-20c6e08e-fe12-de11-b4e1-02bf9e69ca65","agreement-a7ce80f7-ff07-de11-b4e1-02bf9e69ca65","agreement-a5ce80f7-ff07-de11-b4e1-02bf9e69ca65","agreement-a6ce80f7-ff07-de11-b4e1-02bf9e69ca65","agreement-9fce80f7-ff07-de11-b4e1-02bf9e69ca65","agreement-a0ce80f7-ff07-de11-b4e1-02bf9e69ca65","agreement-aace80f7-ff07-de11-b4e1-02bf9e69ca65","agreement-a9ce80f7-ff07-de11-b4e1-02bf9e69ca65","agreement-abce80f7-ff07-de11-b4e1-02bf9e69ca65","agreement-b0ce80f7-ff07-de11-b4e1-02bf9e69ca65","agreement-80801b30-bf59-de11-bdb9-02bf9e69ca65","agreement-4ace80f7-ff07-de11-b4e1-02bf9e69ca65","agreement-5bd980a8-f612-de11-b4e1-02bf9e69ca65","agreement-12ce80f7-ff07-de11-b4e1-02bf9e69ca65","agreement-19ce80f7-ff07-de11-b4e1-02bf9e69ca65","agreement-91c18dfe-fd12-de11-b4e1-02bf9e69ca65","agreement-58ce80f7-ff07-de11-b4e1-02bf9e69ca65","agreement-dbc1f569-b5f1-e511-b8fc-005056b20fd8","agreement-a0dd9b4d-7a56-de11-bdb9-02bf9e69ca65","agreement-81ce80f7-ff07-de11-b4e1-02bf9e69ca65","agreement-bccd80f7-ff07-de11-b4e1-02bf9e69ca65","agreement-4bce80f7-ff07-de11-b4e1-02bf9e69ca65","agreement-22ce80f7-ff07-de11-b4e1-02bf9e69ca65","agreement-45ce80f7-ff07-de11-b4e1-02bf9e69ca65","agreement-6fce80f7-ff07-de11-b4e1-02bf9e69ca65","agreement-72ce80f7-ff07-de11-b4e1-02bf9e69ca65","agreement-6ece80f7-ff07-de11-b4e1-02bf9e69ca65","agreement-71ce80f7-ff07-de11-b4e1-02bf9e69ca65","agreement-74ce80f7-ff07-de11-b4e1-02bf9e69ca65","agreement-47ce80f7-ff07-de11-b4e1-02bf9e69ca65","agreement-21ce80f7-ff07-de11-b4e1-02bf9e69ca65","agreement-31055653-edd3-e511-afc2-005056b20fd8","agreement-c1cd80f7-ff07-de11-b4e1-02bf9e69ca65","agreement-c4cd80f7-ff07-de11-b4e1-02bf9e69ca65","agreement-62ce80f7-ff07-de11-b4e1-02bf9e69ca65","agreement-61ce80f7-ff07-de11-b4e1-02bf9e69ca65","agreement-63ce80f7-ff07-de11-b4e1-02bf9e69ca65","agreement-64ce80f7-ff07-de11-b4e1-02bf9e69ca65","agreement-54ce80f7-ff07-de11-b4e1-02bf9e69ca65","agreement-79ce80f7-ff07-de11-b4e1-02bf9e69ca65","agreement-1cce80f7-ff07-de11-b4e1-02bf9e69ca65","agreement-5dce80f7-ff07-de11-b4e1-02bf9e69ca65","agreement-d7532451-e4a4-e711-810e-003dd8b71e49","agreement-84ce80f7-ff07-de11-b4e1-02bf9e69ca65","agreement-10cec22e-2f50-de11-bdb9-02bf9e69ca65","agreement-24ce80f7-ff07-de11-b4e1-02bf9e69ca65","agreement-9ace80f7-ff07-de11-b4e1-02bf9e69ca65","agreement-ff73fbfd-74c6-e111-9e82-005056b20fd8","agreement-8b353f92-eae2-e111-b718-005056b20fd6","agreement-6bce80f7-ff07-de11-b4e1-02bf9e69ca65","agreement-80ce80f7-ff07-de11-b4e1-02bf9e69ca65","agreement-52ce80f7-ff07-de11-b4e1-02bf9e69ca65","agreement-1dce80f7-ff07-de11-b4e1-02bf9e69ca65","agreement-8bce80f7-ff07-de11-b4e1-02bf9e69ca65","agreement-8cce80f7-ff07-de11-b4e1-02bf9e69ca65","agreement-5ece80f7-ff07-de11-b4e1-02bf9e69ca65","agreement-20ce80f7-ff07-de11-b4e1-02bf9e69ca65","agreement-50febb79-7a56-de11-bdb9-02bf9e69ca65","agreement-5fce80f7-ff07-de11-b4e1-02bf9e69ca65","agreement-7dce80f7-ff07-de11-b4e1-02bf9e69ca65","agreement-4bb0699c-fd12-de11-b4e1-02bf9e69ca65","agreement-c5cd80f7-ff07-de11-b4e1-02bf9e69ca65","agreement-d95c3e3a-0da2-de11-b057-02bf9e69ca65","agreement-2b2479db-06a2-de11-b057-02bf9e69ca65","agreement-89175bca-06a2-de11-b057-02bf9e69ca65","agreement-5ace80f7-ff07-de11-b4e1-02bf9e69ca65","agreement-55ce80f7-ff07-de11-b4e1-02bf9e69ca65","agreement-4dce80f7-ff07-de11-b4e1-02bf9e69ca65","agreement-bfc990e1-647d-e111-8141-005056b20278","agreement-6cce80f7-ff07-de11-b4e1-02bf9e69ca65","agreement-c067cbf5-647d-e111-8141-005056b20278","agreement-86ce80f7-ff07-de11-b4e1-02bf9e69ca65","agreement-85ce80f7-ff07-de11-b4e1-02bf9e69ca65","agreement-88ce80f7-ff07-de11-b4e1-02bf9e69ca65","agreement-43ce80f7-ff07-de11-b4e1-02bf9e69ca65","agreement-44ce80f7-ff07-de11-b4e1-02bf9e69ca65","agreement-9277b1e1-28ad-e011-8875-005056b20278","agreement-82ce80f7-ff07-de11-b4e1-02bf9e69ca65","agreement-87ce80f7-ff07-de11-b4e1-02bf9e69ca65","agreement-7ace80f7-ff07-de11-b4e1-02bf9e69ca65","agreement-7bce80f7-ff07-de11-b4e1-02bf9e69ca65","agreement-46ce80f7-ff07-de11-b4e1-02bf9e69ca65","agreement-cccd80f7-ff07-de11-b4e1-02bf9e69ca65","agreement-18ce80f7-ff07-de11-b4e1-02bf9e69ca65","agreement-7ece80f7-ff07-de11-b4e1-02bf9e69ca65","agreement-bbcd80f7-ff07-de11-b4e1-02bf9e69ca65","agreement-becd80f7-ff07-de11-b4e1-02bf9e69ca65","agreement-42ce80f7-ff07-de11-b4e1-02bf9e69ca65","agreement-99ce80f7-ff07-de11-b4e1-02bf9e69ca65","agreement-49ce80f7-ff07-de11-b4e1-02bf9e69ca65","agreement-284e69e0-7a56-de11-bdb9-02bf9e69ca65","agreement-587f7203-7b56-de11-bdb9-02bf9e69ca65","agreement-26ce80f7-ff07-de11-b4e1-02bf9e69ca65","agreement-29ce80f7-ff07-de11-b4e1-02bf9e69ca65","agreement-1fce80f7-ff07-de11-b4e1-02bf9e69ca65","agreement-25ce80f7-ff07-de11-b4e1-02bf9e69ca65","agreement-1ece80f7-ff07-de11-b4e1-02bf9e69ca65","agreement-59ce80f7-ff07-de11-b4e1-02bf9e69ca65","agreement-53ce80f7-ff07-de11-b4e1-02bf9e69ca65","agreement-68c1af9f-6b56-de11-bdb9-02bf9e69ca65","agreement-4cce80f7-ff07-de11-b4e1-02bf9e69ca65","agreement-4fce80f7-ff07-de11-b4e1-02bf9e69ca65","agreement-7cce80f7-ff07-de11-b4e1-02bf9e69ca65","agreement-8ace80f7-ff07-de11-b4e1-02bf9e69ca65","agreement-60ce80f7-ff07-de11-b4e1-02bf9e69ca65","agreement-bfcd80f7-ff07-de11-b4e1-02bf9e69ca65","agreement-a438d278-7ccb-e711-810f-003dd8b71e49","agreement-c0cd80f7-ff07-de11-b4e1-02bf9e69ca65","agreement-78ce80f7-ff07-de11-b4e1-02bf9e69ca65","agreement-66ce80f7-ff07-de11-b4e1-02bf9e69ca65"],"acf":[],"yoast_head":"<!-- This site is optimized with the Yoast SEO Premium plugin v26.8 (Yoast SEO v26.8) - https:\/\/yoast.com\/product\/yoast-seo-premium-wordpress\/ -->\n<title>Nyanl\u00e4nda akademiker \u2013 har ni till\u00e4mpat den nya anst\u00e4llningsformen? - Kompetensf\u00f6retagen<\/title>\n<meta name=\"description\" content=\"Nyanl\u00e4nda akademiker: Har ni till\u00e4mpat den nya anst\u00e4llningsformen? Information om specifika avtalsl\u00f6sningar f\u00f6r integration.\" \/>\n<meta name=\"robots\" content=\"index, follow, max-snippet:-1, max-image-preview:large, max-video-preview:-1\" \/>\n<link rel=\"canonical\" href=\"https:\/\/www.kompetensforetagen.se\/2019\/03\/nyanlanda-akademiker-har-ni-tillampat-den-nya-anstallningsformen\/\" \/>\n<meta property=\"og:locale\" content=\"sv_SE\" \/>\n<meta property=\"og:type\" content=\"article\" \/>\n<meta property=\"og:title\" content=\"Nyanl\u00e4nda akademiker \u2013 har ni till\u00e4mpat den nya anst\u00e4llningsformen?\" \/>\n<meta property=\"og:description\" content=\"Nyanl\u00e4nda akademiker: Har ni till\u00e4mpat den nya anst\u00e4llningsformen? Information om specifika avtalsl\u00f6sningar f\u00f6r integration.\" \/>\n<meta property=\"og:url\" content=\"https:\/\/www.kompetensforetagen.se\/2019\/03\/nyanlanda-akademiker-har-ni-tillampat-den-nya-anstallningsformen\/\" \/>\n<meta property=\"og:site_name\" content=\"Kompetensf\u00f6retagen\" \/>\n<meta property=\"article:published_time\" content=\"2019-03-26T08:31:21+00:00\" \/>\n<meta property=\"article:modified_time\" content=\"2025-12-15T10:40:20+00:00\" \/>\n<meta name=\"author\" content=\"Carina Kit\" \/>\n<meta name=\"twitter:card\" content=\"summary_large_image\" \/>\n<meta name=\"twitter:label1\" content=\"Skriven av\" \/>\n\t<meta name=\"twitter:data1\" content=\"Carina Kit\" \/>\n\t<meta name=\"twitter:label2\" content=\"Ber\u00e4knad l\u00e4stid\" \/>\n\t<meta name=\"twitter:data2\" content=\"1 minut\" \/>\n<!-- \/ Yoast SEO Premium plugin. -->","yoast_head_json":{"title":"Nyanl\u00e4nda akademiker \u2013 har ni till\u00e4mpat den nya anst\u00e4llningsformen? - Kompetensf\u00f6retagen","description":"Nyanl\u00e4nda akademiker: Har ni till\u00e4mpat den nya anst\u00e4llningsformen? Information om specifika avtalsl\u00f6sningar f\u00f6r integration.","robots":{"index":"index","follow":"follow","max-snippet":"max-snippet:-1","max-image-preview":"max-image-preview:large","max-video-preview":"max-video-preview:-1"},"canonical":"https:\/\/www.kompetensforetagen.se\/2019\/03\/nyanlanda-akademiker-har-ni-tillampat-den-nya-anstallningsformen\/","og_locale":"sv_SE","og_type":"article","og_title":"Nyanl\u00e4nda akademiker \u2013 har ni till\u00e4mpat den nya anst\u00e4llningsformen?","og_description":"Nyanl\u00e4nda akademiker: Har ni till\u00e4mpat den nya anst\u00e4llningsformen? Information om specifika avtalsl\u00f6sningar f\u00f6r integration.","og_url":"https:\/\/www.kompetensforetagen.se\/2019\/03\/nyanlanda-akademiker-har-ni-tillampat-den-nya-anstallningsformen\/","og_site_name":"Kompetensf\u00f6retagen","article_published_time":"2019-03-26T08:31:21+00:00","article_modified_time":"2025-12-15T10:40:20+00:00","author":"Carina Kit","twitter_card":"summary_large_image","twitter_misc":{"Skriven av":"Carina Kit","Ber\u00e4knad l\u00e4stid":"1 minut"},"schema":{"@context":"https:\/\/schema.org","@graph":[{"@type":"Article","@id":"https:\/\/www.kompetensforetagen.se\/2019\/03\/nyanlanda-akademiker-har-ni-tillampat-den-nya-anstallningsformen\/#article","isPartOf":{"@id":"https:\/\/www.kompetensforetagen.se\/2019\/03\/nyanlanda-akademiker-har-ni-tillampat-den-nya-anstallningsformen\/"},"author":{"name":"Carina Kit","@id":"https:\/\/www.kompetensforetagen.se\/#\/schema\/person\/289c2139959d8ed9536a46aa74479571"},"headline":"Nyanl\u00e4nda akademiker \u2013 har ni till\u00e4mpat den nya anst\u00e4llningsformen?","datePublished":"2019-03-26T08:31:21+00:00","dateModified":"2025-12-15T10:40:20+00:00","mainEntityOfPage":{"@id":"https:\/\/www.kompetensforetagen.se\/2019\/03\/nyanlanda-akademiker-har-ni-tillampat-den-nya-anstallningsformen\/"},"wordCount":259,"publisher":{"@id":"https:\/\/www.kompetensforetagen.se\/#organization"},"articleSection":["Medlemsnyhet"],"inLanguage":"sv-SE"},{"@type":"WebPage","@id":"https:\/\/www.kompetensforetagen.se\/2019\/03\/nyanlanda-akademiker-har-ni-tillampat-den-nya-anstallningsformen\/","url":"https:\/\/www.kompetensforetagen.se\/2019\/03\/nyanlanda-akademiker-har-ni-tillampat-den-nya-anstallningsformen\/","name":"Nyanl\u00e4nda akademiker \u2013 har ni till\u00e4mpat den nya anst\u00e4llningsformen? - Kompetensf\u00f6retagen","isPartOf":{"@id":"https:\/\/www.kompetensforetagen.se\/#website"},"datePublished":"2019-03-26T08:31:21+00:00","dateModified":"2025-12-15T10:40:20+00:00","description":"Nyanl\u00e4nda akademiker: Har ni till\u00e4mpat den nya anst\u00e4llningsformen? Information om specifika avtalsl\u00f6sningar f\u00f6r integration.","breadcrumb":{"@id":"https:\/\/www.kompetensforetagen.se\/2019\/03\/nyanlanda-akademiker-har-ni-tillampat-den-nya-anstallningsformen\/#breadcrumb"},"inLanguage":"sv-SE","potentialAction":[{"@type":"ReadAction","target":["https:\/\/www.kompetensforetagen.se\/2019\/03\/nyanlanda-akademiker-har-ni-tillampat-den-nya-anstallningsformen\/"]}]},{"@type":"BreadcrumbList","@id":"https:\/\/www.kompetensforetagen.se\/2019\/03\/nyanlanda-akademiker-har-ni-tillampat-den-nya-anstallningsformen\/#breadcrumb","itemListElement":[{"@type":"ListItem","position":1,"name":"Home","item":"https:\/\/www.kompetensforetagen.se\/"},{"@type":"ListItem","position":2,"name":"Nyanl\u00e4nda akademiker \u2013 har ni till\u00e4mpat den nya anst\u00e4llningsformen?"}]},{"@type":"WebSite","@id":"https:\/\/www.kompetensforetagen.se\/#website","url":"https:\/\/www.kompetensforetagen.se\/","name":"Kompetensf\u00f6retagen","description":"R\u00e4tt person p\u00e5 r\u00e4tt plats kan f\u00f6r\u00e4ndra v\u00e4rlden","publisher":{"@id":"https:\/\/www.kompetensforetagen.se\/#organization"},"potentialAction":[{"@type":"SearchAction","target":{"@type":"EntryPoint","urlTemplate":"https:\/\/www.kompetensforetagen.se\/?s={search_term_string}"},"query-input":{"@type":"PropertyValueSpecification","valueRequired":true,"valueName":"search_term_string"}}],"inLanguage":"sv-SE"},{"@type":"Organization","@id":"https:\/\/www.kompetensforetagen.se\/#organization","name":"Kompetensf\u00f6retagen","url":"https:\/\/www.kompetensforetagen.se\/","logo":{"@type":"ImageObject","inLanguage":"sv-SE","@id":"https:\/\/www.kompetensforetagen.se\/#\/schema\/logo\/image\/","url":"https:\/\/www.kompetensforetagen.se\/app\/uploads\/sites\/5\/2022\/10\/logga_svart.png","contentUrl":"https:\/\/www.kompetensforetagen.se\/app\/uploads\/sites\/5\/2022\/10\/logga_svart.png","width":752,"height":64,"caption":"Kompetensf\u00f6retagen"},"image":{"@id":"https:\/\/www.kompetensforetagen.se\/#\/schema\/logo\/image\/"},"sameAs":["https:\/\/www.linkedin.com\/company\/10540032\/"]},{"@type":"Person","@id":"https:\/\/www.kompetensforetagen.se\/#\/schema\/person\/289c2139959d8ed9536a46aa74479571","name":"Carina Kit","image":{"@type":"ImageObject","inLanguage":"sv-SE","@id":"https:\/\/www.kompetensforetagen.se\/#\/schema\/person\/image\/","url":"https:\/\/secure.gravatar.com\/avatar\/9accc2e15089a6454d09e74efc78d237028a142d5a6f3102bc573dfbdc202317?s=96&d=mm&r=g","contentUrl":"https:\/\/secure.gravatar.com\/avatar\/9accc2e15089a6454d09e74efc78d237028a142d5a6f3102bc573dfbdc202317?s=96&d=mm&r=g","caption":"Carina Kit"},"description":"Carina Kit \u00e4r kommunikationschef p\u00e5 Kompetensf\u00f6retagen.","url":"https:\/\/www.kompetensforetagen.se\/person\/carinakit\/"}]}},"_links":{"self":[{"href":"https:\/\/www.kompetensforetagen.se\/api\/wp\/v2\/posts\/3203","targetHints":{"allow":["GET"]}}],"collection":[{"href":"https:\/\/www.kompetensforetagen.se\/api\/wp\/v2\/posts"}],"about":[{"href":"https:\/\/www.kompetensforetagen.se\/api\/wp\/v2\/types\/post"}],"author":[{"embeddable":true,"href":"https:\/\/www.kompetensforetagen.se\/api\/wp\/v2\/users\/216"}],"replies":[{"embeddable":true,"href":"https:\/\/www.kompetensforetagen.se\/api\/wp\/v2\/comments?post=3203"}],"version-history":[{"count":1,"href":"https:\/\/www.kompetensforetagen.se\/api\/wp\/v2\/posts\/3203\/revisions"}],"predecessor-version":[{"id":11921,"href":"https:\/\/www.kompetensforetagen.se\/api\/wp\/v2\/posts\/3203\/revisions\/11921"}],"wp:attachment":[{"href":"https:\/\/www.kompetensforetagen.se\/api\/wp\/v2\/media?parent=3203"}],"wp:term":[{"taxonomy":"category","embeddable":true,"href":"https:\/\/www.kompetensforetagen.se\/api\/wp\/v2\/categories?post=3203"},{"taxonomy":"post_tag","embeddable":true,"href":"https:\/\/www.kompetensforetagen.se\/api\/wp\/v2\/tags?post=3203"},{"taxonomy":"type","embeddable":true,"href":"https:\/\/www.kompetensforetagen.se\/api\/wp\/v2\/article_type?post=3203"},{"taxonomy":"agreement","embeddable":true,"href":"https:\/\/www.kompetensforetagen.se\/api\/wp\/v2\/agreement?post=3203"},{"taxonomy":"for-members","embeddable":true,"href":"https:\/\/www.kompetensforetagen.se\/api\/wp\/v2\/for-members?post=3203"}],"curies":[{"name":"wp","href":"https:\/\/api.w.org\/{rel}","templated":true}]}}