{"id":3155,"date":"2019-03-17T09:06:57","date_gmt":"2019-03-17T08:06:57","guid":{"rendered":"https:\/\/www.kompetensforetagen.se\/?p=3155"},"modified":"2023-03-27T14:37:04","modified_gmt":"2023-03-27T12:37:04","slug":"fler-konsulter-ar-vagen-till-fler-fackmedlemmar","status":"publish","type":"post","link":"https:\/\/www.kompetensforetagen.se\/2019\/03\/fler-konsulter-ar-vagen-till-fler-fackmedlemmar\/","title":{"rendered":"Fler konsulter \u00e4r v\u00e4gen till fler fackmedlemmar"},"content":{"rendered":"\n<p>Idag \u00e4r det<strong> kollektivavtalets dag<\/strong>, och de som har jobb med <a href=\"https:\/\/www.kompetensforetagen.se\/medlemskap\/kollektivavtal\/\" target=\"_blank\" rel=\"noopener noreferrer\">kollektivavtal<\/a> har sk\u00e4l att fira. Avtalen garanterar bra tj\u00e4nstepension, f\u00f6rs\u00e4kringsskydd vid sjukdom och olyckor, och r\u00e4tt till omst\u00e4llning om man blir arbetsl\u00f6s. Detta \u00e4r verkligheten f\u00f6r alla Sveriges inhyrda konsulter, eller bemanningsanst\u00e4llda, som jobbar i v\u00e5ra medlemsf\u00f6retag eftersom alla v\u00e5ra medlemmar har kollektivavtal. Att n\u00e4rmare 100 procent omfattas av kollektivavtal g\u00f6r ocks\u00e5 att arbetarr\u00f6relsen beh\u00f6ver uppdatera sin bild av inhyrning och inse att konsultjobbet \u00e4r ett s\u00e4tt att utveckla den svenska modellen. Och fler konsulter \u00e4r v\u00e4gen till fler fackmedlemmar<\/p>\n\n\n\n<blockquote class=\"wp-block-quote is-layout-flow wp-block-quote-is-layout-flow\">\n<p>Att n\u00e4rmare 100 procent omfattas av kollektivavtal g\u00f6r ocks\u00e5 att arbetarr\u00f6relsen beh\u00f6ver uppdatera sin bild av inhyrning <\/p>\n<\/blockquote>\n\n\n\n<p>Inhyrning \u00e4r en naturlig del av arbetsmarknaden idag, och de 85 000 anst\u00e4llda i v\u00e5ra medlemsf\u00f6retag \u00e4r en del av den svenska modellen. Fack och arbetsgivare har tillsammans utformat avtal d\u00e4r de inhyrda har trygga anst\u00e4llningar med f\u00f6rs\u00e4kringar och f\u00f6rm\u00e5ner. Det har gjort jobbet som inhyrd mer attraktivt: idag ser vi inhyrda vd:ar, HR-chefer och ekonomidirekt\u00f6rer. Flest anst\u00e4llda har v\u00e5ra medlemmar inom industrin och inom lager och logistik, d\u00e4r kollektivavtalade anst\u00e4llningar erbjuder trygghet, bra l\u00f6ner och utveckling.<\/p>\n\n\n\n<h3 class=\"wp-block-heading\">Fler konsulter \u00e4r v\u00e4gen till fler fackmedlemmar<\/h3>\n\n\n\n<p>Framv\u00e4xten av branschen \u00e4r en m\u00f6jlighet f\u00f6r arbetarr\u00f6relsen, som snart samlas f\u00f6r socialdemokratisk kongress i \u00d6rebro. Vi resonerar s\u00e5 h\u00e4r: n\u00e4r grupper som st\u00e5r utanf\u00f6r arbetsmarknaden f\u00e5r en anst\u00e4llning som konsult f\u00e5r de kollektivavtal och, p\u00e5 LO-omr\u00e5det, en l\u00f6n som ber\u00e4knas utifr\u00e5n genomsnittet p\u00e5 kundens arbetsplats. Dessa grupper f\u00e5r d\u00e4rmed en f\u00f6rankring p\u00e5 arbetsmarknaden och f\u00f6ruts\u00e4ttningar att g\u00e5 vidare i arbetslivet. Att branschen har s\u00e5 h\u00f6g t\u00e4ckningsgrad f\u00f6r kollektivavtal inneb\u00e4r ocks\u00e5 att tillv\u00e4xten fr\u00e4mst sker i h\u00f6gproduktiva jobb, och att lycks\u00f6kare och oseri\u00f6sa f\u00f6retag f\u00e5r sv\u00e5rare att sl\u00e5 sig fram. Allt detta ligger i linje med arbetarr\u00f6relsens l\u00e5ngsiktiga m\u00e5l f\u00f6r Sveriges utveckling.<\/p>\n\n\n\n<p>Svenska bemanningsf\u00f6retag \u00e4r unika med sitt system med l\u00e5nga uppdrag vilket ger l\u00e5nga anst\u00e4llningar. Det har gett f\u00f6ruts\u00e4ttningar f\u00f6r sunda och f\u00f6ruts\u00e4gbara avtal om inhyrning vilket har skapat en \u00f6kad total syssels\u00e4ttning i Sverige. Den modellen \u00e4r inte given. Runt om i Europa g\u00f6rs f\u00f6rs\u00f6k att \u00f6ka den sociala tryggheten i arbetslivet \u00e4ven n\u00e4r konkurrenstrycket fr\u00e5n omv\u00e4rlden inneb\u00e4r st\u00e4ndiga f\u00f6r\u00e4ndringar. Men att motverka inhyrning, ist\u00e4llet f\u00f6r att som i Sverige utveckla och samverka kring bemanning, har varit en \u00e5terv\u00e4ndsgr\u00e4nd. V\u00e5rt medskick till den kommande socialdemokratiska kongressen \u00e4r d\u00e4rf\u00f6r detta:<\/p>\n\n\n\n<ul class=\"wp-block-list\">\n<li>Se branschen som en akt\u00f6r som kan f\u00f6rb\u00e4ttra integrationen av nyanl\u00e4nda och arbetsl\u00f6sa, och samtidigt \u00f6ka tryggheten genom kollektivavtal.<\/li>\n\n\n\n<li>Branschen ger grupper, som tidigare varit uteslutna fr\u00e5n arbetsmarknaden, anst\u00e4llning med kollektivavtal, det ger en goda m\u00f6jligheter f\u00f6r \u00f6kad facklig organisering.<\/li>\n\n\n\n<li>Att v\u00e4rna stabila och l\u00e5ngsiktiga anst\u00e4llningar inneb\u00e4r ocks\u00e5 att v\u00e4rna kollektivavtalade arbeten i bemanningsf\u00f6retag.<\/li>\n<\/ul>\n\n\n\n<p>Goda f\u00f6ruts\u00e4ttningar f\u00f6r den svenska inhyrningsmodellen \u00e4r detsamma som att st\u00e4rka hela den svenska arbetsmarknadsmodellen.<\/p>\n\n\n\n<p>Patrik Eidfelt, f\u00f6rbundsdirekt\u00f6r Kompetensf\u00f6retagen<\/p>\n","protected":false},"excerpt":{"rendered":"<p>Idag \u00e4r det kollektivavtalets dag, och de som har jobb med kollektivavtal har sk\u00e4l att fira. Avtalen garanterar bra tj\u00e4nstepension, f\u00f6rs\u00e4kringsskydd vid sjukdom och olyckor, och r\u00e4tt till omst\u00e4llning om man blir arbetsl\u00f6s. Detta \u00e4r &hellip;<\/p>\n","protected":false},"author":216,"featured_media":68,"comment_status":"closed","ping_status":"closed","sticky":false,"template":"","format":"standard","meta":{"_acf_changed":false,"footnotes":""},"categories":[166],"tags":[],"article_type":[8],"agreement":[],"for-members":[],"class_list":["post-3155","post","type-post","status-publish","format-standard","has-post-thumbnail","hentry","category-kollektivavtal","type-aktuellt"],"acf":[],"yoast_head":"<!-- This site is optimized with the Yoast SEO Premium plugin v26.8 (Yoast SEO v26.8) - https:\/\/yoast.com\/product\/yoast-seo-premium-wordpress\/ -->\n<title>M\u00f6jlighet f\u00f6r arbetarr\u00f6relsen - fler konsulter \u00e4r v\u00e4gen till fler fackmedlemmar<\/title>\n<meta name=\"description\" content=\"Kompetensbranschen med sina goda kollektivavtal \u00e4r en m\u00f6jlighet f\u00f6r arbetarr\u00f6relsen - fler konsulter \u00e4r v\u00e4gen till fler fackmedlemmar.\" \/>\n<meta name=\"robots\" content=\"index, follow, max-snippet:-1, max-image-preview:large, max-video-preview:-1\" \/>\n<link rel=\"canonical\" href=\"https:\/\/www.kompetensforetagen.se\/2019\/03\/fler-konsulter-ar-vagen-till-fler-fackmedlemmar\/\" \/>\n<meta property=\"og:locale\" content=\"sv_SE\" \/>\n<meta property=\"og:type\" content=\"article\" \/>\n<meta property=\"og:title\" content=\"Fler konsulter \u00e4r v\u00e4gen till fler fackmedlemmar\" \/>\n<meta property=\"og:description\" content=\"Kompetensbranschen med sina goda kollektivavtal \u00e4r en m\u00f6jlighet f\u00f6r arbetarr\u00f6relsen - fler konsulter \u00e4r v\u00e4gen till fler fackmedlemmar.\" \/>\n<meta property=\"og:url\" content=\"https:\/\/www.kompetensforetagen.se\/2019\/03\/fler-konsulter-ar-vagen-till-fler-fackmedlemmar\/\" \/>\n<meta property=\"og:site_name\" content=\"Kompetensf\u00f6retagen\" \/>\n<meta property=\"article:published_time\" content=\"2019-03-17T08:06:57+00:00\" \/>\n<meta property=\"article:modified_time\" content=\"2023-03-27T12:37:04+00:00\" \/>\n<meta property=\"og:image\" content=\"https:\/\/www.kompetensforetagen.se\/app\/uploads\/sites\/5\/2018\/02\/rawpixel-com-296613-unsplash.jpg\" \/>\n\t<meta property=\"og:image:width\" content=\"4000\" \/>\n\t<meta property=\"og:image:height\" content=\"2666\" \/>\n\t<meta property=\"og:image:type\" content=\"image\/jpeg\" \/>\n<meta name=\"author\" content=\"Carina Kit\" \/>\n<meta name=\"twitter:card\" content=\"summary_large_image\" \/>\n<meta name=\"twitter:label1\" content=\"Skriven av\" \/>\n\t<meta name=\"twitter:data1\" content=\"Carina Kit\" \/>\n\t<meta name=\"twitter:label2\" content=\"Ber\u00e4knad l\u00e4stid\" \/>\n\t<meta name=\"twitter:data2\" content=\"3 minuter\" \/>\n<!-- \/ Yoast SEO Premium plugin. -->","yoast_head_json":{"title":"M\u00f6jlighet f\u00f6r arbetarr\u00f6relsen - fler konsulter \u00e4r v\u00e4gen till fler fackmedlemmar","description":"Kompetensbranschen med sina goda kollektivavtal \u00e4r en m\u00f6jlighet f\u00f6r arbetarr\u00f6relsen - fler konsulter \u00e4r v\u00e4gen till fler fackmedlemmar.","robots":{"index":"index","follow":"follow","max-snippet":"max-snippet:-1","max-image-preview":"max-image-preview:large","max-video-preview":"max-video-preview:-1"},"canonical":"https:\/\/www.kompetensforetagen.se\/2019\/03\/fler-konsulter-ar-vagen-till-fler-fackmedlemmar\/","og_locale":"sv_SE","og_type":"article","og_title":"Fler konsulter \u00e4r v\u00e4gen till fler fackmedlemmar","og_description":"Kompetensbranschen med sina goda kollektivavtal \u00e4r en m\u00f6jlighet f\u00f6r arbetarr\u00f6relsen - fler konsulter \u00e4r v\u00e4gen till fler fackmedlemmar.","og_url":"https:\/\/www.kompetensforetagen.se\/2019\/03\/fler-konsulter-ar-vagen-till-fler-fackmedlemmar\/","og_site_name":"Kompetensf\u00f6retagen","article_published_time":"2019-03-17T08:06:57+00:00","article_modified_time":"2023-03-27T12:37:04+00:00","og_image":[{"width":4000,"height":2666,"url":"https:\/\/www.kompetensforetagen.se\/app\/uploads\/sites\/5\/2018\/02\/rawpixel-com-296613-unsplash.jpg","type":"image\/jpeg"}],"author":"Carina Kit","twitter_card":"summary_large_image","twitter_misc":{"Skriven av":"Carina Kit","Ber\u00e4knad l\u00e4stid":"3 minuter"},"schema":{"@context":"https:\/\/schema.org","@graph":[{"@type":"Article","@id":"https:\/\/www.kompetensforetagen.se\/2019\/03\/fler-konsulter-ar-vagen-till-fler-fackmedlemmar\/#article","isPartOf":{"@id":"https:\/\/www.kompetensforetagen.se\/2019\/03\/fler-konsulter-ar-vagen-till-fler-fackmedlemmar\/"},"author":{"name":"Carina Kit","@id":"https:\/\/www.kompetensforetagen.se\/#\/schema\/person\/289c2139959d8ed9536a46aa74479571"},"headline":"Fler konsulter \u00e4r v\u00e4gen till fler fackmedlemmar","datePublished":"2019-03-17T08:06:57+00:00","dateModified":"2023-03-27T12:37:04+00:00","mainEntityOfPage":{"@id":"https:\/\/www.kompetensforetagen.se\/2019\/03\/fler-konsulter-ar-vagen-till-fler-fackmedlemmar\/"},"wordCount":585,"publisher":{"@id":"https:\/\/www.kompetensforetagen.se\/#organization"},"image":{"@id":"https:\/\/www.kompetensforetagen.se\/2019\/03\/fler-konsulter-ar-vagen-till-fler-fackmedlemmar\/#primaryimage"},"thumbnailUrl":"https:\/\/www.kompetensforetagen.se\/app\/uploads\/sites\/5\/2018\/02\/rawpixel-com-296613-unsplash.jpg","articleSection":["Kollektivavtal"],"inLanguage":"sv-SE"},{"@type":"WebPage","@id":"https:\/\/www.kompetensforetagen.se\/2019\/03\/fler-konsulter-ar-vagen-till-fler-fackmedlemmar\/","url":"https:\/\/www.kompetensforetagen.se\/2019\/03\/fler-konsulter-ar-vagen-till-fler-fackmedlemmar\/","name":"M\u00f6jlighet f\u00f6r arbetarr\u00f6relsen - fler konsulter \u00e4r v\u00e4gen till fler fackmedlemmar","isPartOf":{"@id":"https:\/\/www.kompetensforetagen.se\/#website"},"primaryImageOfPage":{"@id":"https:\/\/www.kompetensforetagen.se\/2019\/03\/fler-konsulter-ar-vagen-till-fler-fackmedlemmar\/#primaryimage"},"image":{"@id":"https:\/\/www.kompetensforetagen.se\/2019\/03\/fler-konsulter-ar-vagen-till-fler-fackmedlemmar\/#primaryimage"},"thumbnailUrl":"https:\/\/www.kompetensforetagen.se\/app\/uploads\/sites\/5\/2018\/02\/rawpixel-com-296613-unsplash.jpg","datePublished":"2019-03-17T08:06:57+00:00","dateModified":"2023-03-27T12:37:04+00:00","description":"Kompetensbranschen med sina goda kollektivavtal \u00e4r en m\u00f6jlighet f\u00f6r arbetarr\u00f6relsen - fler konsulter \u00e4r v\u00e4gen till fler fackmedlemmar.","breadcrumb":{"@id":"https:\/\/www.kompetensforetagen.se\/2019\/03\/fler-konsulter-ar-vagen-till-fler-fackmedlemmar\/#breadcrumb"},"inLanguage":"sv-SE","potentialAction":[{"@type":"ReadAction","target":["https:\/\/www.kompetensforetagen.se\/2019\/03\/fler-konsulter-ar-vagen-till-fler-fackmedlemmar\/"]}]},{"@type":"ImageObject","inLanguage":"sv-SE","@id":"https:\/\/www.kompetensforetagen.se\/2019\/03\/fler-konsulter-ar-vagen-till-fler-fackmedlemmar\/#primaryimage","url":"https:\/\/www.kompetensforetagen.se\/app\/uploads\/sites\/5\/2018\/02\/rawpixel-com-296613-unsplash.jpg","contentUrl":"https:\/\/www.kompetensforetagen.se\/app\/uploads\/sites\/5\/2018\/02\/rawpixel-com-296613-unsplash.jpg","width":4000,"height":2666,"caption":"Man tittar p\u00e5 anslagstavla, symboliserar att man unders\u00f6ker inneh\u00e5llet i ett medlemskap"},{"@type":"BreadcrumbList","@id":"https:\/\/www.kompetensforetagen.se\/2019\/03\/fler-konsulter-ar-vagen-till-fler-fackmedlemmar\/#breadcrumb","itemListElement":[{"@type":"ListItem","position":1,"name":"Home","item":"https:\/\/www.kompetensforetagen.se\/"},{"@type":"ListItem","position":2,"name":"Fler konsulter \u00e4r v\u00e4gen till fler fackmedlemmar"}]},{"@type":"WebSite","@id":"https:\/\/www.kompetensforetagen.se\/#website","url":"https:\/\/www.kompetensforetagen.se\/","name":"Kompetensf\u00f6retagen","description":"R\u00e4tt person p\u00e5 r\u00e4tt plats kan f\u00f6r\u00e4ndra v\u00e4rlden","publisher":{"@id":"https:\/\/www.kompetensforetagen.se\/#organization"},"potentialAction":[{"@type":"SearchAction","target":{"@type":"EntryPoint","urlTemplate":"https:\/\/www.kompetensforetagen.se\/?s={search_term_string}"},"query-input":{"@type":"PropertyValueSpecification","valueRequired":true,"valueName":"search_term_string"}}],"inLanguage":"sv-SE"},{"@type":"Organization","@id":"https:\/\/www.kompetensforetagen.se\/#organization","name":"Kompetensf\u00f6retagen","url":"https:\/\/www.kompetensforetagen.se\/","logo":{"@type":"ImageObject","inLanguage":"sv-SE","@id":"https:\/\/www.kompetensforetagen.se\/#\/schema\/logo\/image\/","url":"https:\/\/www.kompetensforetagen.se\/app\/uploads\/sites\/5\/2022\/10\/logga_svart.png","contentUrl":"https:\/\/www.kompetensforetagen.se\/app\/uploads\/sites\/5\/2022\/10\/logga_svart.png","width":752,"height":64,"caption":"Kompetensf\u00f6retagen"},"image":{"@id":"https:\/\/www.kompetensforetagen.se\/#\/schema\/logo\/image\/"},"sameAs":["https:\/\/www.linkedin.com\/company\/10540032\/"]},{"@type":"Person","@id":"https:\/\/www.kompetensforetagen.se\/#\/schema\/person\/289c2139959d8ed9536a46aa74479571","name":"Carina Kit","image":{"@type":"ImageObject","inLanguage":"sv-SE","@id":"https:\/\/www.kompetensforetagen.se\/#\/schema\/person\/image\/","url":"https:\/\/secure.gravatar.com\/avatar\/9accc2e15089a6454d09e74efc78d237028a142d5a6f3102bc573dfbdc202317?s=96&d=mm&r=g","contentUrl":"https:\/\/secure.gravatar.com\/avatar\/9accc2e15089a6454d09e74efc78d237028a142d5a6f3102bc573dfbdc202317?s=96&d=mm&r=g","caption":"Carina Kit"},"description":"Carina Kit \u00e4r kommunikationschef p\u00e5 Kompetensf\u00f6retagen.","url":"https:\/\/www.kompetensforetagen.se\/person\/carinakit\/"}]}},"_links":{"self":[{"href":"https:\/\/www.kompetensforetagen.se\/api\/wp\/v2\/posts\/3155","targetHints":{"allow":["GET"]}}],"collection":[{"href":"https:\/\/www.kompetensforetagen.se\/api\/wp\/v2\/posts"}],"about":[{"href":"https:\/\/www.kompetensforetagen.se\/api\/wp\/v2\/types\/post"}],"author":[{"embeddable":true,"href":"https:\/\/www.kompetensforetagen.se\/api\/wp\/v2\/users\/216"}],"replies":[{"embeddable":true,"href":"https:\/\/www.kompetensforetagen.se\/api\/wp\/v2\/comments?post=3155"}],"version-history":[{"count":2,"href":"https:\/\/www.kompetensforetagen.se\/api\/wp\/v2\/posts\/3155\/revisions"}],"predecessor-version":[{"id":11924,"href":"https:\/\/www.kompetensforetagen.se\/api\/wp\/v2\/posts\/3155\/revisions\/11924"}],"wp:featuredmedia":[{"embeddable":true,"href":"https:\/\/www.kompetensforetagen.se\/api\/wp\/v2\/media\/68"}],"wp:attachment":[{"href":"https:\/\/www.kompetensforetagen.se\/api\/wp\/v2\/media?parent=3155"}],"wp:term":[{"taxonomy":"category","embeddable":true,"href":"https:\/\/www.kompetensforetagen.se\/api\/wp\/v2\/categories?post=3155"},{"taxonomy":"post_tag","embeddable":true,"href":"https:\/\/www.kompetensforetagen.se\/api\/wp\/v2\/tags?post=3155"},{"taxonomy":"type","embeddable":true,"href":"https:\/\/www.kompetensforetagen.se\/api\/wp\/v2\/article_type?post=3155"},{"taxonomy":"agreement","embeddable":true,"href":"https:\/\/www.kompetensforetagen.se\/api\/wp\/v2\/agreement?post=3155"},{"taxonomy":"for-members","embeddable":true,"href":"https:\/\/www.kompetensforetagen.se\/api\/wp\/v2\/for-members?post=3155"}],"curies":[{"name":"wp","href":"https:\/\/api.w.org\/{rel}","templated":true}]}}