{"id":3066,"date":"2019-02-21T10:50:46","date_gmt":"2019-02-21T09:50:46","guid":{"rendered":"https:\/\/www.kompetensforetagen.se\/?p=3066"},"modified":"2024-03-11T11:24:05","modified_gmt":"2024-03-11T10:24:05","slug":"debatt-i-unt-regionens-kampanj-loser-inte-problemen","status":"publish","type":"post","link":"https:\/\/www.kompetensforetagen.se\/2019\/02\/debatt-i-unt-regionens-kampanj-loser-inte-problemen\/","title":{"rendered":"Debatt i UNT &#8211; Regionens kampanj l\u00f6ser inte problemen"},"content":{"rendered":"\n<p>Med hj\u00e4lp av broschyrer, reklamskyltar och annonser i sociala medier bl\u00e5ser Region Uppsala till strid mot inhyrd sjukv\u00e5rdspersonal under parollen &#8221;f\u00f6r att du ska k\u00e4nna dig trygg&#8221;.&nbsp;&nbsp;Tonl\u00e4get \u00e4r s\u00e5 h\u00f6gt att de inhyrda medarbetarna k\u00e4nner sig utpekade och kr\u00e4nkta. Regionens kampanj l\u00f6ser inga problem<\/p>\n\n\n\n<p><a href=\"https:\/\/regionuppsala.se\/\" target=\"_blank\" rel=\"noopener noreferrer\">Region Uppsala<\/a> har, som m\u00e5nga andra regioner, problem med tillg\u00e4ngligheten i v\u00e5rden.&nbsp;Utan bemannings- och kompetensf\u00f6retags insatser skulle m\u00e5nga patienter i Uppsala drabbas av \u00e4nnu s\u00e4mre tillg\u00e4nglighet.&nbsp;Regionen har sv\u00e5rt att hitta medarbetare som vill bli fastanst\u00e4llda och de villkor och den arbetsmilj\u00f6 som erbjuds \u00e4r helt enkelt inte tillr\u00e4ckligt bra. Det \u00e4r beklagligt.<\/p>\n\n\n\n<blockquote class=\"wp-block-quote is-layout-flow wp-block-quote-is-layout-flow\">\n<p>Att sluta anlita konsulter kommer d\u00e4rf\u00f6r inte att ge en tryggare v\u00e5rd till patienterna i Uppsala<\/p>\n<\/blockquote>\n\n\n\n<p>Men i st\u00e4llet f\u00f6r att ta itu med problemen l\u00e4gger regionen nu sitt krut &#8211; och pengar &#8211; p\u00e5 att i en kampanj kritiserar de f\u00f6retag och inhyrda medarbetare som arbetar h\u00e5rt f\u00f6r att hj\u00e4lpa till med att l\u00f6sa regionens problem.&nbsp;Regionens problem handlar inte om konsulterna. Konsulterna tr\u00e4ffar fler patienter \u00e4n regionernas egna l\u00e4kare eftersom de alltid p\u00e5 plats f\u00f6r att ge v\u00e5rd. De vabbar inte, de \u00e4r inte p\u00e5 semester eller p\u00e5 utbildning vilket g\u00f6r dem till ett kostnadseffektivt s\u00e4tt att ge tillg\u00e5ng till v\u00e5rd.<\/p>\n\n\n\n<p>Att sluta anlita konsulter kommer d\u00e4rf\u00f6r inte att ge en tryggare v\u00e5rd till patienterna i Uppsala.&nbsp;Det \u00e4r dessutom direkt o\u00e4rligt att antyda att den inhyrda personalen inte ger samma trygghet som fast anst\u00e4lld personal.&nbsp;S\u00e4rskilt som man samtidigt s\u00e4ger sig vilja anst\u00e4lla de inhyrda i egen regi.<\/p>\n\n\n\n<h3 class=\"wp-block-heading\" id=\"h-regionens-kampanj-loser-inga-problem\">Regionens kampanj l\u00f6ser inga problem<\/h3>\n\n\n\n<p>Sj\u00e4lvklart ska Region Uppsala i f\u00f6rsta hand bedriva sina verksamheter med fastanst\u00e4lld personal. Det \u00e4r dock sv\u00e5rt att se en snar l\u00f6sning p\u00e5 den skriande kompetensbrist som r\u00e5der i m\u00e5nga delar av landet.&nbsp;&nbsp;Behovet av medarbetare som kan \u00e5ta sig vikariat p\u00e5 kortare eller l\u00e4ngre tid kommer att finnas kvar under \u00f6versk\u00e5dlig tid.<\/p>\n\n\n\n<p>Vi som representerar <a href=\"https:\/\/www.kompetensforetagen.se\/auktorisationsvillkor-2\/\">auktoriserade<\/a> kompetensf\u00f6retag vill vara en l\u00e5ngsiktig strategisk partner till sjukv\u00e5rden.\u00a0M\u00e5nga av de problemomr\u00e5den som v\u00e5rden har i dag \u00e4r de omr\u00e5den som kompetensbranschens \u00e4r experter inom.\u00a0Det handlar till exempel om l\u00e5ngsiktig, strategisk planering av kompetensf\u00f6rs\u00f6rjning, rekrytering, smartare och flexiblare schemal\u00e4ggning samt st\u00f6rre lyh\u00f6rdhet mot befintliga medarbetare.\u00a0Tillsammans kan vi \u00e4ven ta fram vassa, relevanta upphandlingar, anpassade till de olika regionernas behov. Det \u00e4r n\u00e4r vi samarbetar som vi kan f\u00e5 ordning och reda i v\u00e5rden.<\/p>\n\n\n\n<p>Det h\u00f6ga tonl\u00e4ge som Region Uppsala nu har kommer inte att l\u00f6sa n\u00e5gra av regionens problem. D\u00e4remot riskerar patienterna att drabbas om v\u00e5ra medarbetare inte l\u00e4ngre upplever att regionen kan erbjuda en acceptabel arbetsmilj\u00f6.<\/p>\n\n\n\n<blockquote class=\"wp-block-quote is-layout-flow wp-block-quote-is-layout-flow\">\n<p>Tillsammans kan vi \u00e4ven ta fram vassa, relevanta upphandlingar<\/p>\n<\/blockquote>\n\n\n\n<p>Det \u00e4r h\u00f6g tid att regionledningen ser att ett b\u00e4ttre samarbete \u00e4r vad som gynnar patienterna &#8211; inte plakatpolitik som b\u00e5de s\u00e5rar och delar de medarbetare som \u00e4r p\u00e5 plats f\u00f6r att f\u00f6rb\u00e4ttra tillg\u00e4nglighet och kvalitet.<\/p>\n\n\n\n<p>Patrik Eidfelt, f\u00f6rbundsdirekt\u00f6r Kompetensf\u00f6retagen<br>Eva Domanders, styrelseordf\u00f6rande Kompetensf\u00f6retagen<\/p>\n\n\n\n<p>Debattartikeln publicerades i UNT 2019-02-21.<\/p>\n","protected":false},"excerpt":{"rendered":"<p>Med hj\u00e4lp av broschyrer, reklamskyltar och annonser i sociala medier bl\u00e5ser Region Uppsala till strid mot inhyrd sjukv\u00e5rdspersonal under parollen &#8221;f\u00f6r att du ska k\u00e4nna dig trygg&#8221;.&nbsp;&nbsp;Tonl\u00e4get \u00e4r s\u00e5 h\u00f6gt att de inhyrda medarbetarna k\u00e4nner &hellip;<\/p>\n","protected":false},"author":216,"featured_media":5322,"comment_status":"closed","ping_status":"closed","sticky":false,"template":"","format":"standard","meta":{"_acf_changed":false,"footnotes":""},"categories":[5],"tags":[],"article_type":[32],"agreement":[],"for-members":[],"class_list":["post-3066","post","type-post","status-publish","format-standard","has-post-thumbnail","hentry","category-vard","type-debattartiklar"],"acf":[],"yoast_head":"<!-- This site is optimized with the Yoast SEO Premium plugin v26.8 (Yoast SEO v26.8) - https:\/\/yoast.com\/product\/yoast-seo-premium-wordpress\/ -->\n<title>Regionens kampanj mot inhyrning l\u00f6ser inga problem<\/title>\n<meta name=\"description\" content=\"Regionens kampanj l\u00f6ser inga problem.\u00a0Utan bemannings- och kompetensf\u00f6retag skulle m\u00e5nga patienter i Uppsala drabbas av s\u00e4mre tillg\u00e4nglighet.\u00a0\" \/>\n<meta name=\"robots\" content=\"index, follow, max-snippet:-1, max-image-preview:large, max-video-preview:-1\" \/>\n<link rel=\"canonical\" href=\"https:\/\/www.kompetensforetagen.se\/2019\/02\/debatt-i-unt-regionens-kampanj-loser-inte-problemen\/\" \/>\n<meta property=\"og:locale\" content=\"sv_SE\" \/>\n<meta property=\"og:type\" content=\"article\" \/>\n<meta property=\"og:title\" content=\"Debatt i UNT - Regionens kampanj l\u00f6ser inte problemen\" \/>\n<meta property=\"og:description\" content=\"Regionens kampanj l\u00f6ser inga problem.\u00a0Utan bemannings- och kompetensf\u00f6retag skulle m\u00e5nga patienter i Uppsala drabbas av s\u00e4mre tillg\u00e4nglighet.\u00a0\" \/>\n<meta property=\"og:url\" content=\"https:\/\/www.kompetensforetagen.se\/2019\/02\/debatt-i-unt-regionens-kampanj-loser-inte-problemen\/\" \/>\n<meta property=\"og:site_name\" content=\"Kompetensf\u00f6retagen\" \/>\n<meta property=\"article:published_time\" content=\"2019-02-21T09:50:46+00:00\" \/>\n<meta property=\"article:modified_time\" content=\"2024-03-11T10:24:05+00:00\" \/>\n<meta property=\"og:image\" content=\"https:\/\/www.kompetensforetagen.se\/app\/uploads\/sites\/5\/2020\/09\/evaochpatrik-2.png\" \/>\n\t<meta property=\"og:image:width\" content=\"1073\" \/>\n\t<meta property=\"og:image:height\" content=\"757\" \/>\n\t<meta property=\"og:image:type\" content=\"image\/png\" \/>\n<meta name=\"author\" content=\"Carina Kit\" \/>\n<meta name=\"twitter:card\" content=\"summary_large_image\" \/>\n<meta name=\"twitter:label1\" content=\"Skriven av\" \/>\n\t<meta name=\"twitter:data1\" content=\"Carina Kit\" \/>\n\t<meta name=\"twitter:label2\" content=\"Ber\u00e4knad l\u00e4stid\" \/>\n\t<meta name=\"twitter:data2\" content=\"3 minuter\" \/>\n<!-- \/ Yoast SEO Premium plugin. -->","yoast_head_json":{"title":"Regionens kampanj mot inhyrning l\u00f6ser inga problem","description":"Regionens kampanj l\u00f6ser inga problem.\u00a0Utan bemannings- och kompetensf\u00f6retag skulle m\u00e5nga patienter i Uppsala drabbas av s\u00e4mre tillg\u00e4nglighet.\u00a0","robots":{"index":"index","follow":"follow","max-snippet":"max-snippet:-1","max-image-preview":"max-image-preview:large","max-video-preview":"max-video-preview:-1"},"canonical":"https:\/\/www.kompetensforetagen.se\/2019\/02\/debatt-i-unt-regionens-kampanj-loser-inte-problemen\/","og_locale":"sv_SE","og_type":"article","og_title":"Debatt i UNT - Regionens kampanj l\u00f6ser inte problemen","og_description":"Regionens kampanj l\u00f6ser inga problem.\u00a0Utan bemannings- och kompetensf\u00f6retag skulle m\u00e5nga patienter i Uppsala drabbas av s\u00e4mre tillg\u00e4nglighet.\u00a0","og_url":"https:\/\/www.kompetensforetagen.se\/2019\/02\/debatt-i-unt-regionens-kampanj-loser-inte-problemen\/","og_site_name":"Kompetensf\u00f6retagen","article_published_time":"2019-02-21T09:50:46+00:00","article_modified_time":"2024-03-11T10:24:05+00:00","og_image":[{"width":1073,"height":757,"url":"https:\/\/www.kompetensforetagen.se\/app\/uploads\/sites\/5\/2020\/09\/evaochpatrik-2.png","type":"image\/png"}],"author":"Carina Kit","twitter_card":"summary_large_image","twitter_misc":{"Skriven av":"Carina Kit","Ber\u00e4knad l\u00e4stid":"3 minuter"},"schema":{"@context":"https:\/\/schema.org","@graph":[{"@type":"Article","@id":"https:\/\/www.kompetensforetagen.se\/2019\/02\/debatt-i-unt-regionens-kampanj-loser-inte-problemen\/#article","isPartOf":{"@id":"https:\/\/www.kompetensforetagen.se\/2019\/02\/debatt-i-unt-regionens-kampanj-loser-inte-problemen\/"},"author":{"name":"Carina Kit","@id":"https:\/\/www.kompetensforetagen.se\/#\/schema\/person\/289c2139959d8ed9536a46aa74479571"},"headline":"Debatt i UNT &#8211; Regionens kampanj l\u00f6ser inte problemen","datePublished":"2019-02-21T09:50:46+00:00","dateModified":"2024-03-11T10:24:05+00:00","mainEntityOfPage":{"@id":"https:\/\/www.kompetensforetagen.se\/2019\/02\/debatt-i-unt-regionens-kampanj-loser-inte-problemen\/"},"wordCount":591,"publisher":{"@id":"https:\/\/www.kompetensforetagen.se\/#organization"},"image":{"@id":"https:\/\/www.kompetensforetagen.se\/2019\/02\/debatt-i-unt-regionens-kampanj-loser-inte-problemen\/#primaryimage"},"thumbnailUrl":"https:\/\/www.kompetensforetagen.se\/app\/uploads\/sites\/5\/2020\/09\/evaochpatrik-2.png","articleSection":["V\u00e5rdbemanning"],"inLanguage":"sv-SE"},{"@type":"WebPage","@id":"https:\/\/www.kompetensforetagen.se\/2019\/02\/debatt-i-unt-regionens-kampanj-loser-inte-problemen\/","url":"https:\/\/www.kompetensforetagen.se\/2019\/02\/debatt-i-unt-regionens-kampanj-loser-inte-problemen\/","name":"Regionens kampanj mot inhyrning l\u00f6ser inga problem","isPartOf":{"@id":"https:\/\/www.kompetensforetagen.se\/#website"},"primaryImageOfPage":{"@id":"https:\/\/www.kompetensforetagen.se\/2019\/02\/debatt-i-unt-regionens-kampanj-loser-inte-problemen\/#primaryimage"},"image":{"@id":"https:\/\/www.kompetensforetagen.se\/2019\/02\/debatt-i-unt-regionens-kampanj-loser-inte-problemen\/#primaryimage"},"thumbnailUrl":"https:\/\/www.kompetensforetagen.se\/app\/uploads\/sites\/5\/2020\/09\/evaochpatrik-2.png","datePublished":"2019-02-21T09:50:46+00:00","dateModified":"2024-03-11T10:24:05+00:00","description":"Regionens kampanj l\u00f6ser inga problem.\u00a0Utan bemannings- och kompetensf\u00f6retag skulle m\u00e5nga patienter i Uppsala drabbas av s\u00e4mre tillg\u00e4nglighet.\u00a0","breadcrumb":{"@id":"https:\/\/www.kompetensforetagen.se\/2019\/02\/debatt-i-unt-regionens-kampanj-loser-inte-problemen\/#breadcrumb"},"inLanguage":"sv-SE","potentialAction":[{"@type":"ReadAction","target":["https:\/\/www.kompetensforetagen.se\/2019\/02\/debatt-i-unt-regionens-kampanj-loser-inte-problemen\/"]}]},{"@type":"ImageObject","inLanguage":"sv-SE","@id":"https:\/\/www.kompetensforetagen.se\/2019\/02\/debatt-i-unt-regionens-kampanj-loser-inte-problemen\/#primaryimage","url":"https:\/\/www.kompetensforetagen.se\/app\/uploads\/sites\/5\/2020\/09\/evaochpatrik-2.png","contentUrl":"https:\/\/www.kompetensforetagen.se\/app\/uploads\/sites\/5\/2020\/09\/evaochpatrik-2.png","width":1073,"height":757,"caption":"Debatt\u00f6rerna Eva Domanders och Patrik Eidfelt"},{"@type":"BreadcrumbList","@id":"https:\/\/www.kompetensforetagen.se\/2019\/02\/debatt-i-unt-regionens-kampanj-loser-inte-problemen\/#breadcrumb","itemListElement":[{"@type":"ListItem","position":1,"name":"Home","item":"https:\/\/www.kompetensforetagen.se\/"},{"@type":"ListItem","position":2,"name":"Debatt i UNT &#8211; Regionens kampanj l\u00f6ser inte problemen"}]},{"@type":"WebSite","@id":"https:\/\/www.kompetensforetagen.se\/#website","url":"https:\/\/www.kompetensforetagen.se\/","name":"Kompetensf\u00f6retagen","description":"R\u00e4tt person p\u00e5 r\u00e4tt plats kan f\u00f6r\u00e4ndra v\u00e4rlden","publisher":{"@id":"https:\/\/www.kompetensforetagen.se\/#organization"},"potentialAction":[{"@type":"SearchAction","target":{"@type":"EntryPoint","urlTemplate":"https:\/\/www.kompetensforetagen.se\/?s={search_term_string}"},"query-input":{"@type":"PropertyValueSpecification","valueRequired":true,"valueName":"search_term_string"}}],"inLanguage":"sv-SE"},{"@type":"Organization","@id":"https:\/\/www.kompetensforetagen.se\/#organization","name":"Kompetensf\u00f6retagen","url":"https:\/\/www.kompetensforetagen.se\/","logo":{"@type":"ImageObject","inLanguage":"sv-SE","@id":"https:\/\/www.kompetensforetagen.se\/#\/schema\/logo\/image\/","url":"https:\/\/www.kompetensforetagen.se\/app\/uploads\/sites\/5\/2022\/10\/logga_svart.png","contentUrl":"https:\/\/www.kompetensforetagen.se\/app\/uploads\/sites\/5\/2022\/10\/logga_svart.png","width":752,"height":64,"caption":"Kompetensf\u00f6retagen"},"image":{"@id":"https:\/\/www.kompetensforetagen.se\/#\/schema\/logo\/image\/"},"sameAs":["https:\/\/www.linkedin.com\/company\/10540032\/"]},{"@type":"Person","@id":"https:\/\/www.kompetensforetagen.se\/#\/schema\/person\/289c2139959d8ed9536a46aa74479571","name":"Carina Kit","image":{"@type":"ImageObject","inLanguage":"sv-SE","@id":"https:\/\/www.kompetensforetagen.se\/#\/schema\/person\/image\/","url":"https:\/\/secure.gravatar.com\/avatar\/9accc2e15089a6454d09e74efc78d237028a142d5a6f3102bc573dfbdc202317?s=96&d=mm&r=g","contentUrl":"https:\/\/secure.gravatar.com\/avatar\/9accc2e15089a6454d09e74efc78d237028a142d5a6f3102bc573dfbdc202317?s=96&d=mm&r=g","caption":"Carina Kit"},"description":"Carina Kit \u00e4r kommunikationschef p\u00e5 Kompetensf\u00f6retagen.","url":"https:\/\/www.kompetensforetagen.se\/person\/carinakit\/"}]}},"_links":{"self":[{"href":"https:\/\/www.kompetensforetagen.se\/api\/wp\/v2\/posts\/3066","targetHints":{"allow":["GET"]}}],"collection":[{"href":"https:\/\/www.kompetensforetagen.se\/api\/wp\/v2\/posts"}],"about":[{"href":"https:\/\/www.kompetensforetagen.se\/api\/wp\/v2\/types\/post"}],"author":[{"embeddable":true,"href":"https:\/\/www.kompetensforetagen.se\/api\/wp\/v2\/users\/216"}],"replies":[{"embeddable":true,"href":"https:\/\/www.kompetensforetagen.se\/api\/wp\/v2\/comments?post=3066"}],"version-history":[{"count":3,"href":"https:\/\/www.kompetensforetagen.se\/api\/wp\/v2\/posts\/3066\/revisions"}],"predecessor-version":[{"id":16866,"href":"https:\/\/www.kompetensforetagen.se\/api\/wp\/v2\/posts\/3066\/revisions\/16866"}],"wp:featuredmedia":[{"embeddable":true,"href":"https:\/\/www.kompetensforetagen.se\/api\/wp\/v2\/media\/5322"}],"wp:attachment":[{"href":"https:\/\/www.kompetensforetagen.se\/api\/wp\/v2\/media?parent=3066"}],"wp:term":[{"taxonomy":"category","embeddable":true,"href":"https:\/\/www.kompetensforetagen.se\/api\/wp\/v2\/categories?post=3066"},{"taxonomy":"post_tag","embeddable":true,"href":"https:\/\/www.kompetensforetagen.se\/api\/wp\/v2\/tags?post=3066"},{"taxonomy":"type","embeddable":true,"href":"https:\/\/www.kompetensforetagen.se\/api\/wp\/v2\/article_type?post=3066"},{"taxonomy":"agreement","embeddable":true,"href":"https:\/\/www.kompetensforetagen.se\/api\/wp\/v2\/agreement?post=3066"},{"taxonomy":"for-members","embeddable":true,"href":"https:\/\/www.kompetensforetagen.se\/api\/wp\/v2\/for-members?post=3066"}],"curies":[{"name":"wp","href":"https:\/\/api.w.org\/{rel}","templated":true}]}}