{"id":3044,"date":"2019-02-13T15:35:23","date_gmt":"2019-02-13T14:35:23","guid":{"rendered":"https:\/\/www.kompetensforetagen.se\/?p=3044"},"modified":"2025-12-15T11:07:09","modified_gmt":"2025-12-15T10:07:09","slug":"kompetensforetagens-remissvar-pa-mojligt-tillatet-och-tillgangligt-sou-201844","status":"publish","type":"post","link":"https:\/\/www.kompetensforetagen.se\/2019\/02\/kompetensforetagens-remissvar-pa-mojligt-tillatet-och-tillgangligt-sou-201844\/","title":{"rendered":"Kompetens&shy;f\u00f6retagens remissvar p\u00e5 \u201dM\u00f6jligt, till\u00e5tet och tillg\u00e4ngligt\u201d (SOU 2018:44):"},"content":{"rendered":"\n<p>Regeringen har tillsatt en utredning f\u00f6r att f\u00f6renkla upphandlingsreglerna (SOU 2018:44). M\u00e5nga av Kompetensf\u00f6retagens medlemsf\u00f6retag vill vara med och konkurrera om offentliga kontrakt men de hindras m\u00e5nga g\u00e5nger av byr\u00e5kratiska regler och komplicerade processer. D\u00e4rf\u00f6r \u00e4r det bra att utredningen nu g\u00e5r igenom vilka delar i lagstiftningen som kan tas bort.<\/p>\n\n\n\n<p>Utredningen har \u00e4ven lagt f\u00f6rslag om att det ska kosta att f\u00e5 en upphandling pr\u00f6vad i domstol. Det vill s\u00e4ga ett hinder f\u00f6r de f\u00f6retag som vill f\u00e5 en upphandling pr\u00f6vad i domstol. F\u00f6rslaget kommer fr\u00e4mst att drabba de minsta f\u00f6retagen, men \u00e4ven domstolen som kommer f\u00e5 en \u00f6kad administrativ b\u00f6rda. F\u00f6r de medelstora och de stora f\u00f6retagen kommer inte kostnaden att vara ett tillr\u00e4ckligt hinder.<\/p>\n\n\n\n<p>F\u00f6r att ytterligare hindra f\u00f6retagen fr\u00e5n att driva \u00f6verpr\u00f6vningar i domstol f\u00f6resl\u00e5r utredningen att hela kostnad ska kunna l\u00e4ggas p\u00e5 den f\u00f6rlorande parten i m\u00e5let. Detta kommer med stor s\u00e4kerhet att minska p\u00e5 \u00f6verpr\u00f6vningsm\u00e5len men det kommer inneb\u00e4ra hinder f\u00f6r alla. Vi vill att myndigheterna blir b\u00e4ttre p\u00e5 dialog och att de v\u00e5gar driva innovation \u00e4ven i sina processer. Men om myndigheterna skulle riskera att f\u00e5 \u00f6kade kostnader blir det troligen mindre av dialog och fler l\u00e4gsta pris-upphandlingar.<\/p>\n\n\n\n<p>Ist\u00e4llet f\u00f6r att skapa hinder i lagstiftningen borde regeringen se till s\u00e5 att myndigheterna blir \u00e4nnu b\u00e4ttre p\u00e5 att genomf\u00f6ra sina upphandlingar. Det finns n\u00e4mligen flera goda exempel som visar att n\u00e4r dialogen fungerar v\u00e4l s\u00e5 minskar \u00e4ven \u00f6verpr\u00f6vningarna.<\/p>\n","protected":false},"excerpt":{"rendered":"<p>Regeringen har tillsatt en utredning f\u00f6r att f\u00f6renkla upphandlingsreglerna (SOU 2018:44). M\u00e5nga av Kompetensf\u00f6retagens medlemsf\u00f6retag vill vara med och konkurrera om offentliga kontrakt men de hindras m\u00e5nga g\u00e5nger av byr\u00e5kratiska regler och komplicerade processer. D\u00e4rf\u00f6r &hellip;<\/p>\n","protected":false},"author":216,"featured_media":0,"comment_status":"closed","ping_status":"closed","sticky":false,"template":"","format":"standard","meta":{"_acf_changed":false,"footnotes":""},"categories":[21],"tags":[],"article_type":[221],"agreement":[],"for-members":[],"class_list":["post-3044","post","type-post","status-publish","format-standard","hentry","category-offentlig-upphandling","type-remisser"],"acf":[],"yoast_head":"<!-- This site is optimized with the Yoast SEO Premium plugin v26.8 (Yoast SEO v26.8) - https:\/\/yoast.com\/product\/yoast-seo-premium-wordpress\/ -->\n<title>Kompetensf\u00f6retagens remissvar p\u00e5 \u201dM\u00f6jligt, till\u00e5tet och tillg\u00e4ngligt\u201d (SOU 2018:44): - Kompetensf\u00f6retagen<\/title>\n<meta name=\"description\" content=\"Remissvar: M\u00f6jligt, till\u00e5tet och tillg\u00e4ngligt (SOU 2018:44). L\u00e4s Kompetensf\u00f6retagens synpunkter p\u00e5 utredningen.\" \/>\n<meta name=\"robots\" content=\"index, follow, max-snippet:-1, max-image-preview:large, max-video-preview:-1\" \/>\n<link rel=\"canonical\" href=\"https:\/\/www.kompetensforetagen.se\/2019\/02\/kompetensforetagens-remissvar-pa-mojligt-tillatet-och-tillgangligt-sou-201844\/\" \/>\n<meta property=\"og:locale\" content=\"sv_SE\" \/>\n<meta property=\"og:type\" content=\"article\" \/>\n<meta property=\"og:title\" content=\"Kompetensf\u00f6retagens remissvar p\u00e5 \u201dM\u00f6jligt, till\u00e5tet och tillg\u00e4ngligt\u201d (SOU 2018:44):\" \/>\n<meta property=\"og:description\" content=\"Remissvar: M\u00f6jligt, till\u00e5tet och tillg\u00e4ngligt (SOU 2018:44). L\u00e4s Kompetensf\u00f6retagens synpunkter p\u00e5 utredningen.\" \/>\n<meta property=\"og:url\" content=\"https:\/\/www.kompetensforetagen.se\/2019\/02\/kompetensforetagens-remissvar-pa-mojligt-tillatet-och-tillgangligt-sou-201844\/\" \/>\n<meta property=\"og:site_name\" content=\"Kompetensf\u00f6retagen\" \/>\n<meta property=\"article:published_time\" content=\"2019-02-13T14:35:23+00:00\" \/>\n<meta property=\"article:modified_time\" content=\"2025-12-15T10:07:09+00:00\" \/>\n<meta name=\"author\" content=\"Carina Kit\" \/>\n<meta name=\"twitter:card\" content=\"summary_large_image\" \/>\n<meta name=\"twitter:label1\" content=\"Skriven av\" \/>\n\t<meta name=\"twitter:data1\" content=\"Carina Kit\" \/>\n\t<meta name=\"twitter:label2\" content=\"Ber\u00e4knad l\u00e4stid\" \/>\n\t<meta name=\"twitter:data2\" content=\"2 minuter\" \/>\n<!-- \/ Yoast SEO Premium plugin. -->","yoast_head_json":{"title":"Kompetensf\u00f6retagens remissvar p\u00e5 \u201dM\u00f6jligt, till\u00e5tet och tillg\u00e4ngligt\u201d (SOU 2018:44): - Kompetensf\u00f6retagen","description":"Remissvar: M\u00f6jligt, till\u00e5tet och tillg\u00e4ngligt (SOU 2018:44). L\u00e4s Kompetensf\u00f6retagens synpunkter p\u00e5 utredningen.","robots":{"index":"index","follow":"follow","max-snippet":"max-snippet:-1","max-image-preview":"max-image-preview:large","max-video-preview":"max-video-preview:-1"},"canonical":"https:\/\/www.kompetensforetagen.se\/2019\/02\/kompetensforetagens-remissvar-pa-mojligt-tillatet-och-tillgangligt-sou-201844\/","og_locale":"sv_SE","og_type":"article","og_title":"Kompetensf\u00f6retagens remissvar p\u00e5 \u201dM\u00f6jligt, till\u00e5tet och tillg\u00e4ngligt\u201d (SOU 2018:44):","og_description":"Remissvar: M\u00f6jligt, till\u00e5tet och tillg\u00e4ngligt (SOU 2018:44). L\u00e4s Kompetensf\u00f6retagens synpunkter p\u00e5 utredningen.","og_url":"https:\/\/www.kompetensforetagen.se\/2019\/02\/kompetensforetagens-remissvar-pa-mojligt-tillatet-och-tillgangligt-sou-201844\/","og_site_name":"Kompetensf\u00f6retagen","article_published_time":"2019-02-13T14:35:23+00:00","article_modified_time":"2025-12-15T10:07:09+00:00","author":"Carina Kit","twitter_card":"summary_large_image","twitter_misc":{"Skriven av":"Carina Kit","Ber\u00e4knad l\u00e4stid":"2 minuter"},"schema":{"@context":"https:\/\/schema.org","@graph":[{"@type":"Article","@id":"https:\/\/www.kompetensforetagen.se\/2019\/02\/kompetensforetagens-remissvar-pa-mojligt-tillatet-och-tillgangligt-sou-201844\/#article","isPartOf":{"@id":"https:\/\/www.kompetensforetagen.se\/2019\/02\/kompetensforetagens-remissvar-pa-mojligt-tillatet-och-tillgangligt-sou-201844\/"},"author":{"name":"Carina Kit","@id":"https:\/\/www.kompetensforetagen.se\/#\/schema\/person\/289c2139959d8ed9536a46aa74479571"},"headline":"Kompetens&shy;f\u00f6retagens remissvar p\u00e5 \u201dM\u00f6jligt, till\u00e5tet och tillg\u00e4ngligt\u201d (SOU 2018:44):","datePublished":"2019-02-13T14:35:23+00:00","dateModified":"2025-12-15T10:07:09+00:00","mainEntityOfPage":{"@id":"https:\/\/www.kompetensforetagen.se\/2019\/02\/kompetensforetagens-remissvar-pa-mojligt-tillatet-och-tillgangligt-sou-201844\/"},"wordCount":294,"publisher":{"@id":"https:\/\/www.kompetensforetagen.se\/#organization"},"articleSection":["Offentlig upphandling"],"inLanguage":"sv-SE"},{"@type":"WebPage","@id":"https:\/\/www.kompetensforetagen.se\/2019\/02\/kompetensforetagens-remissvar-pa-mojligt-tillatet-och-tillgangligt-sou-201844\/","url":"https:\/\/www.kompetensforetagen.se\/2019\/02\/kompetensforetagens-remissvar-pa-mojligt-tillatet-och-tillgangligt-sou-201844\/","name":"Kompetensf\u00f6retagens remissvar p\u00e5 \u201dM\u00f6jligt, till\u00e5tet och tillg\u00e4ngligt\u201d (SOU 2018:44): - Kompetensf\u00f6retagen","isPartOf":{"@id":"https:\/\/www.kompetensforetagen.se\/#website"},"datePublished":"2019-02-13T14:35:23+00:00","dateModified":"2025-12-15T10:07:09+00:00","description":"Remissvar: M\u00f6jligt, till\u00e5tet och tillg\u00e4ngligt (SOU 2018:44). L\u00e4s Kompetensf\u00f6retagens synpunkter p\u00e5 utredningen.","breadcrumb":{"@id":"https:\/\/www.kompetensforetagen.se\/2019\/02\/kompetensforetagens-remissvar-pa-mojligt-tillatet-och-tillgangligt-sou-201844\/#breadcrumb"},"inLanguage":"sv-SE","potentialAction":[{"@type":"ReadAction","target":["https:\/\/www.kompetensforetagen.se\/2019\/02\/kompetensforetagens-remissvar-pa-mojligt-tillatet-och-tillgangligt-sou-201844\/"]}]},{"@type":"BreadcrumbList","@id":"https:\/\/www.kompetensforetagen.se\/2019\/02\/kompetensforetagens-remissvar-pa-mojligt-tillatet-och-tillgangligt-sou-201844\/#breadcrumb","itemListElement":[{"@type":"ListItem","position":1,"name":"Home","item":"https:\/\/www.kompetensforetagen.se\/"},{"@type":"ListItem","position":2,"name":"Kompetens&shy;f\u00f6retagens remissvar p\u00e5 \u201dM\u00f6jligt, till\u00e5tet och tillg\u00e4ngligt\u201d (SOU 2018:44):"}]},{"@type":"WebSite","@id":"https:\/\/www.kompetensforetagen.se\/#website","url":"https:\/\/www.kompetensforetagen.se\/","name":"Kompetensf\u00f6retagen","description":"R\u00e4tt person p\u00e5 r\u00e4tt plats kan f\u00f6r\u00e4ndra v\u00e4rlden","publisher":{"@id":"https:\/\/www.kompetensforetagen.se\/#organization"},"potentialAction":[{"@type":"SearchAction","target":{"@type":"EntryPoint","urlTemplate":"https:\/\/www.kompetensforetagen.se\/?s={search_term_string}"},"query-input":{"@type":"PropertyValueSpecification","valueRequired":true,"valueName":"search_term_string"}}],"inLanguage":"sv-SE"},{"@type":"Organization","@id":"https:\/\/www.kompetensforetagen.se\/#organization","name":"Kompetensf\u00f6retagen","url":"https:\/\/www.kompetensforetagen.se\/","logo":{"@type":"ImageObject","inLanguage":"sv-SE","@id":"https:\/\/www.kompetensforetagen.se\/#\/schema\/logo\/image\/","url":"https:\/\/www.kompetensforetagen.se\/app\/uploads\/sites\/5\/2022\/10\/logga_svart.png","contentUrl":"https:\/\/www.kompetensforetagen.se\/app\/uploads\/sites\/5\/2022\/10\/logga_svart.png","width":752,"height":64,"caption":"Kompetensf\u00f6retagen"},"image":{"@id":"https:\/\/www.kompetensforetagen.se\/#\/schema\/logo\/image\/"},"sameAs":["https:\/\/www.linkedin.com\/company\/10540032\/"]},{"@type":"Person","@id":"https:\/\/www.kompetensforetagen.se\/#\/schema\/person\/289c2139959d8ed9536a46aa74479571","name":"Carina Kit","image":{"@type":"ImageObject","inLanguage":"sv-SE","@id":"https:\/\/www.kompetensforetagen.se\/#\/schema\/person\/image\/","url":"https:\/\/secure.gravatar.com\/avatar\/9accc2e15089a6454d09e74efc78d237028a142d5a6f3102bc573dfbdc202317?s=96&d=mm&r=g","contentUrl":"https:\/\/secure.gravatar.com\/avatar\/9accc2e15089a6454d09e74efc78d237028a142d5a6f3102bc573dfbdc202317?s=96&d=mm&r=g","caption":"Carina Kit"},"description":"Carina Kit \u00e4r kommunikationschef p\u00e5 Kompetensf\u00f6retagen.","url":"https:\/\/www.kompetensforetagen.se\/person\/carinakit\/"}]}},"_links":{"self":[{"href":"https:\/\/www.kompetensforetagen.se\/api\/wp\/v2\/posts\/3044","targetHints":{"allow":["GET"]}}],"collection":[{"href":"https:\/\/www.kompetensforetagen.se\/api\/wp\/v2\/posts"}],"about":[{"href":"https:\/\/www.kompetensforetagen.se\/api\/wp\/v2\/types\/post"}],"author":[{"embeddable":true,"href":"https:\/\/www.kompetensforetagen.se\/api\/wp\/v2\/users\/216"}],"replies":[{"embeddable":true,"href":"https:\/\/www.kompetensforetagen.se\/api\/wp\/v2\/comments?post=3044"}],"version-history":[{"count":1,"href":"https:\/\/www.kompetensforetagen.se\/api\/wp\/v2\/posts\/3044\/revisions"}],"predecessor-version":[{"id":12016,"href":"https:\/\/www.kompetensforetagen.se\/api\/wp\/v2\/posts\/3044\/revisions\/12016"}],"wp:attachment":[{"href":"https:\/\/www.kompetensforetagen.se\/api\/wp\/v2\/media?parent=3044"}],"wp:term":[{"taxonomy":"category","embeddable":true,"href":"https:\/\/www.kompetensforetagen.se\/api\/wp\/v2\/categories?post=3044"},{"taxonomy":"post_tag","embeddable":true,"href":"https:\/\/www.kompetensforetagen.se\/api\/wp\/v2\/tags?post=3044"},{"taxonomy":"type","embeddable":true,"href":"https:\/\/www.kompetensforetagen.se\/api\/wp\/v2\/article_type?post=3044"},{"taxonomy":"agreement","embeddable":true,"href":"https:\/\/www.kompetensforetagen.se\/api\/wp\/v2\/agreement?post=3044"},{"taxonomy":"for-members","embeddable":true,"href":"https:\/\/www.kompetensforetagen.se\/api\/wp\/v2\/for-members?post=3044"}],"curies":[{"name":"wp","href":"https:\/\/api.w.org\/{rel}","templated":true}]}}