{"id":2914,"date":"2019-01-10T11:59:09","date_gmt":"2019-01-10T10:59:09","guid":{"rendered":"https:\/\/www.kompetensforetagen.se\/?p=2914"},"modified":"2024-03-11T11:23:08","modified_gmt":"2024-03-11T10:23:08","slug":"varden-klarar-sig-inte-utan-hyrlakare","status":"publish","type":"post","link":"https:\/\/www.kompetensforetagen.se\/2019\/01\/varden-klarar-sig-inte-utan-hyrlakare\/","title":{"rendered":"V\u00e5rden klarar sig inte utan hyrl\u00e4kare"},"content":{"rendered":"\n<p>SKL:s m\u00e5l att f\u00e5 bort hyrl\u00e4karna n\u00e4sta \u00e5r \u00e4r b\u00e5de orealistiskt och felt\u00e4nkt. V\u00e5rden klarar sig inte utan hyrl\u00e4kare. F\u00f6r patienten \u00e4r det b\u00e4ttre att f\u00e5 tr\u00e4ffa en hyrl\u00e4kare \u00e4n ingen alls. Inhyrning \u00e4r en effektiv strategi f\u00f6r att \u00f6ka v\u00e5rdens kapacitet, effektivitet och kvalitet. S\u00e5 debatterar Eva Domanders och Patrik Eidfelt.<\/p>\n\n\n\n<p>Riksdagspolitiker, ministrar och andra ansvariga uttalar sig ofta kritiskt mot hyrl\u00e4kare, men ofta mot b\u00e4ttre vetande. Som ett resultat har Sveriges kommuner och landsting (SKL) inf\u00f6rt ett m\u00e5l om \u201doberoende av hyrl\u00e4kare\u201d fr\u00e5n 1 januari 2019. Oberoendet \u00e4r definierat som att h\u00f6gst 2 procent av de totala l\u00f6nekostnaderna f\u00e5r g\u00e5 till inhyrd personal. Men vad menas egentligen med \u201doberoende\u201d? Och har m\u00e5let n\u00e5gon verklighetsf\u00f6rankring?<\/p>\n\n\n\n<h3 class=\"wp-block-heading\" id=\"h-varden-klarar-sig-inte-utan-hyrlakare\">V\u00e5rden klarar sig inte utan hyrl\u00e4kare<\/h3>\n\n\n\n<p>Det finns inga&nbsp;klara samband mellan brister i patients\u00e4kerhet, kontinuitet och inhyrning. Det samband som dock \u00e4r tydligt \u00e4r hur vakanser p\u00e5verkar patients\u00e4kerheten (IVO, 2017). F\u00f6r patientens s\u00e4kerhet \u00e4r det mycket viktigare att f\u00e5 tr\u00e4ffa en inhyrd l\u00e4kare \u00e4n ingen l\u00e4kare alls. Det \u00e4r ocks\u00e5 viktigt att v\u00e5rdens medarbetare inte \u00e4r s\u00f6nderstressade och utmattade.<\/p>\n\n\n\n<p>F\u00f6r att balansera&nbsp;dessa behov beh\u00f6ver v\u00e5rden ha en del r\u00f6rlig arbetskraft \u2013 ofta \u00e4r det inhyrda konsulter, l\u00e4kare och sjuksk\u00f6terskor som t\u00e4cker upp vid vakanser, varierande v\u00e5rdbehov och tillf\u00e4llig fr\u00e5nvaro. Konsulter ger n\u00e4r de \u00e4r r\u00e4tt upphandlade en v\u00e4rdefull avlastning som \u00e4r kostnadseffektiv och ser till att patienter f\u00e5r sina v\u00e5rdbehov tillgodosedda. Inhyrda l\u00e4kare tr\u00e4ffar i snitt 2\u20133 g\u00e5nger fler patienter \u00e4n l\u00e4kare som \u00e4r anst\u00e4llda av landstinget.<\/p>\n\n\n\n<h3 class=\"wp-block-heading\" id=\"h-orimligt-mal-for-kompetensforsorjningen\">Orimligt m\u00e5l f\u00f6r kompetensf\u00f6rs\u00f6rjningen<\/h3>\n\n\n\n<p>SKL har nu&nbsp;satt ett m\u00e5l om att max&nbsp;2 procent av kostnaderna f\u00f6r arbetskraft f\u00e5r g\u00e5 till konsulter i v\u00e5rden. Om det m\u00e5let ska h\u00e5lla samtidigt som arbetsmilj\u00f6n f\u00f6r den fasta personalen \u00e4r fullgod kr\u00e4vs det att kommuner och regioner internt tillhandah\u00e5ller stora m\u00e4ngder egna vikarier eftersom det inte finns n\u00e5gra arbetsl\u00f6sa att rekrytera. Historiskt har vikariepooler haft h\u00f6gre kostnader, l\u00e4gre attraktivitet bland s\u00f6kande och l\u00e4gre leveranss\u00e4kerhet \u00e4n kompetensf\u00f6retag. Det \u00e4r anledningen till att privata l\u00f6sningar vuxit fram och tagit \u00f6ver m\u00e5nga regioners vikariepooler. Att leverera r\u00e4tt konsult, vid r\u00e4tt tillf\u00e4lle med n\u00f6jda medarbetare till rimlig kostnad \u00e4r ett kr\u00e4vande arbete som f\u00f6rfinats av f\u00f6retag som \u00e4r specialister p\u00e5 kompetensf\u00f6rs\u00f6rjning.<\/p>\n\n\n\n<p>Inom andra\u00a0delar av arbetsmarknaden d\u00e4r kompetensbrist r\u00e5der \u00e4r det vanligt med en konsultandel p\u00e5 10\u201330 procent. V\u00e5rden har ett s\u00e4rskilt inneh\u00e5ll som g\u00f6r att niv\u00e5erna p\u00e5 konsulter b\u00f6r h\u00e5llas nere. Men en konsultanv\u00e4ndning p\u00e5 5-10 procent p\u00e5 nationell niv\u00e5 \u2013 d\u00e4r ink\u00f6pen sker genom ordnad upphandling med <a href=\"https:\/\/www.kompetensforetagen.se\/auktorisationsvillkor-2\/\" target=\"_blank\" rel=\"noreferrer noopener\">auktoriserade f\u00f6retag<\/a> \u2013 \u00e4r en mer rimlig m\u00e5ls\u00e4ttning f\u00f6r regionerna att efterstr\u00e4va l\u00e5ngsiktigt.<\/p>\n\n\n\n<p>F\u00f6r att v\u00e5rden&nbsp;ska bli \u201doberoende\u201d av konsulter kr\u00e4vs det att kommuner och regioner har f\u00f6r m\u00e5nga anst\u00e4llda hela tiden \u2013 endast d\u00e5 kan s\u00e5v\u00e4l korta som l\u00e5nga vakanser t\u00e4ckas och specialister finnas till hands d\u00e5 de eventuellt beh\u00f6vs. Detta skulle dock inneb\u00e4ra ett resurssl\u00f6seri som ingen vill ta ansvar f\u00f6r, \u00e4n mindre betala f\u00f6r. Om dessa personer ens finns att tillg\u00e5 (utbildade, legitimerade, erfarna, specialiserade) s\u00e5 finns det f\u00f6r stora brister hos arbetsgivarna f\u00f6r att de ska vilja vara direktanst\u00e4llda vikarier.<\/p>\n\n\n\n<p>Det beh\u00f6vs&nbsp;ett b\u00e4ttre m\u00e5l f\u00f6r kompetensf\u00f6rs\u00f6rjning i svensk v\u00e5rd och det kr\u00e4ver samverkan ocks\u00e5 med kompetensf\u00f6retag, som \u00e4r specialister p\u00e5 kompetensf\u00f6rs\u00f6rjning. Inhyrning \u00e4r en effektiv strategi om man vill \u00f6ka v\u00e5rdens kapacitet, effektivitet och kvalitet. Om m\u00e5let \u00e4r att s\u00e4kra kontinuitet m\u00e5ste v\u00e5rden styras mot dessa m\u00e5l och inhyrningen vara mer l\u00e5ngsiktig.<\/p>\n\n\n\n<p>Ta hj\u00e4lp av&nbsp;experter och bygg l\u00e5ngsiktiga samarbeten som s\u00e4krar v\u00e5rdens kompetensf\u00f6rs\u00f6rjning i&nbsp;st\u00e4llet f\u00f6r att blint styra mot ett m\u00e5l som redan i&nbsp;dag framst\u00e5r som felt\u00e4nkt och orealistiskt.<\/p>\n\n\n\n<p>Eva Domanders,&nbsp;styrelseordf\u00f6rande Kompetensf\u00f6retagen<br>Patrik Eidfelt, f\u00f6rbundsdirekt\u00f6r Kompetensf\u00f6retagen<\/p>\n\n\n\n<p><a href=\"https:\/\/www.dagenssamhalle.se\/debatt\/varden-klarar-sig-inte-utan-hyrlakare-25620\" target=\"_blank\" rel=\"noreferrer noopener\">L\u00e4s texten p\u00e5 Dagens Samh\u00e4lle h\u00e4r<\/a><\/p>\n","protected":false},"excerpt":{"rendered":"<p>SKL:s m\u00e5l att f\u00e5 bort hyrl\u00e4karna n\u00e4sta \u00e5r \u00e4r b\u00e5de orealistiskt och felt\u00e4nkt. V\u00e5rden klarar sig inte utan hyrl\u00e4kare. F\u00f6r patienten \u00e4r det b\u00e4ttre att f\u00e5 tr\u00e4ffa en hyrl\u00e4kare \u00e4n ingen alls. Inhyrning \u00e4r en &hellip;<\/p>\n","protected":false},"author":216,"featured_media":5322,"comment_status":"closed","ping_status":"closed","sticky":false,"template":"","format":"standard","meta":{"_acf_changed":false,"footnotes":""},"categories":[5],"tags":[],"article_type":[8,32],"agreement":[],"for-members":[],"class_list":["post-2914","post","type-post","status-publish","format-standard","has-post-thumbnail","hentry","category-vard","type-aktuellt","type-debattartiklar"],"acf":[],"yoast_head":"<!-- This site is optimized with the Yoast SEO Premium plugin v26.8 (Yoast SEO v26.8) - https:\/\/yoast.com\/product\/yoast-seo-premium-wordpress\/ -->\n<title>V\u00e5rden klarar sig inte utan hyrl\u00e4kare, de \u00f6kar v\u00e5rdens kapacitet<\/title>\n<meta name=\"description\" content=\"V\u00e5rden klarar sig inte utan hyrl\u00e4kare debatterar Kompetensf\u00f6retagen i Dagens Samh\u00e4lle. Inhyrning \u00e4r effektivt f\u00f6r att \u00f6ka v\u00e5rdens kapacitet,\" \/>\n<meta name=\"robots\" content=\"index, follow, max-snippet:-1, max-image-preview:large, max-video-preview:-1\" \/>\n<link rel=\"canonical\" href=\"https:\/\/www.kompetensforetagen.se\/2019\/01\/varden-klarar-sig-inte-utan-hyrlakare\/\" \/>\n<meta property=\"og:locale\" content=\"sv_SE\" \/>\n<meta property=\"og:type\" content=\"article\" \/>\n<meta property=\"og:title\" content=\"V\u00e5rden klarar sig inte utan hyrl\u00e4kare\" \/>\n<meta property=\"og:description\" content=\"V\u00e5rden klarar sig inte utan hyrl\u00e4kare debatterar Kompetensf\u00f6retagen i Dagens Samh\u00e4lle. Inhyrning \u00e4r effektivt f\u00f6r att \u00f6ka v\u00e5rdens kapacitet,\" \/>\n<meta property=\"og:url\" content=\"https:\/\/www.kompetensforetagen.se\/2019\/01\/varden-klarar-sig-inte-utan-hyrlakare\/\" \/>\n<meta property=\"og:site_name\" content=\"Kompetensf\u00f6retagen\" \/>\n<meta property=\"article:published_time\" content=\"2019-01-10T10:59:09+00:00\" \/>\n<meta property=\"article:modified_time\" content=\"2024-03-11T10:23:08+00:00\" \/>\n<meta property=\"og:image\" content=\"https:\/\/www.kompetensforetagen.se\/app\/uploads\/sites\/5\/2020\/09\/evaochpatrik-2.png\" \/>\n\t<meta property=\"og:image:width\" content=\"1073\" \/>\n\t<meta property=\"og:image:height\" content=\"757\" \/>\n\t<meta property=\"og:image:type\" content=\"image\/png\" \/>\n<meta name=\"author\" content=\"Carina Kit\" \/>\n<meta name=\"twitter:card\" content=\"summary_large_image\" \/>\n<meta name=\"twitter:label1\" content=\"Skriven av\" \/>\n\t<meta name=\"twitter:data1\" content=\"Carina Kit\" \/>\n\t<meta name=\"twitter:label2\" content=\"Ber\u00e4knad l\u00e4stid\" \/>\n\t<meta name=\"twitter:data2\" content=\"3 minuter\" \/>\n<!-- \/ Yoast SEO Premium plugin. -->","yoast_head_json":{"title":"V\u00e5rden klarar sig inte utan hyrl\u00e4kare, de \u00f6kar v\u00e5rdens kapacitet","description":"V\u00e5rden klarar sig inte utan hyrl\u00e4kare debatterar Kompetensf\u00f6retagen i Dagens Samh\u00e4lle. Inhyrning \u00e4r effektivt f\u00f6r att \u00f6ka v\u00e5rdens kapacitet,","robots":{"index":"index","follow":"follow","max-snippet":"max-snippet:-1","max-image-preview":"max-image-preview:large","max-video-preview":"max-video-preview:-1"},"canonical":"https:\/\/www.kompetensforetagen.se\/2019\/01\/varden-klarar-sig-inte-utan-hyrlakare\/","og_locale":"sv_SE","og_type":"article","og_title":"V\u00e5rden klarar sig inte utan hyrl\u00e4kare","og_description":"V\u00e5rden klarar sig inte utan hyrl\u00e4kare debatterar Kompetensf\u00f6retagen i Dagens Samh\u00e4lle. Inhyrning \u00e4r effektivt f\u00f6r att \u00f6ka v\u00e5rdens kapacitet,","og_url":"https:\/\/www.kompetensforetagen.se\/2019\/01\/varden-klarar-sig-inte-utan-hyrlakare\/","og_site_name":"Kompetensf\u00f6retagen","article_published_time":"2019-01-10T10:59:09+00:00","article_modified_time":"2024-03-11T10:23:08+00:00","og_image":[{"width":1073,"height":757,"url":"https:\/\/www.kompetensforetagen.se\/app\/uploads\/sites\/5\/2020\/09\/evaochpatrik-2.png","type":"image\/png"}],"author":"Carina Kit","twitter_card":"summary_large_image","twitter_misc":{"Skriven av":"Carina Kit","Ber\u00e4knad l\u00e4stid":"3 minuter"},"schema":{"@context":"https:\/\/schema.org","@graph":[{"@type":"Article","@id":"https:\/\/www.kompetensforetagen.se\/2019\/01\/varden-klarar-sig-inte-utan-hyrlakare\/#article","isPartOf":{"@id":"https:\/\/www.kompetensforetagen.se\/2019\/01\/varden-klarar-sig-inte-utan-hyrlakare\/"},"author":{"name":"Carina Kit","@id":"https:\/\/www.kompetensforetagen.se\/#\/schema\/person\/289c2139959d8ed9536a46aa74479571"},"headline":"V\u00e5rden klarar sig inte utan hyrl\u00e4kare","datePublished":"2019-01-10T10:59:09+00:00","dateModified":"2024-03-11T10:23:08+00:00","mainEntityOfPage":{"@id":"https:\/\/www.kompetensforetagen.se\/2019\/01\/varden-klarar-sig-inte-utan-hyrlakare\/"},"wordCount":771,"publisher":{"@id":"https:\/\/www.kompetensforetagen.se\/#organization"},"image":{"@id":"https:\/\/www.kompetensforetagen.se\/2019\/01\/varden-klarar-sig-inte-utan-hyrlakare\/#primaryimage"},"thumbnailUrl":"https:\/\/www.kompetensforetagen.se\/app\/uploads\/sites\/5\/2020\/09\/evaochpatrik-2.png","articleSection":["V\u00e5rdbemanning"],"inLanguage":"sv-SE"},{"@type":"WebPage","@id":"https:\/\/www.kompetensforetagen.se\/2019\/01\/varden-klarar-sig-inte-utan-hyrlakare\/","url":"https:\/\/www.kompetensforetagen.se\/2019\/01\/varden-klarar-sig-inte-utan-hyrlakare\/","name":"V\u00e5rden klarar sig inte utan hyrl\u00e4kare, de \u00f6kar v\u00e5rdens kapacitet","isPartOf":{"@id":"https:\/\/www.kompetensforetagen.se\/#website"},"primaryImageOfPage":{"@id":"https:\/\/www.kompetensforetagen.se\/2019\/01\/varden-klarar-sig-inte-utan-hyrlakare\/#primaryimage"},"image":{"@id":"https:\/\/www.kompetensforetagen.se\/2019\/01\/varden-klarar-sig-inte-utan-hyrlakare\/#primaryimage"},"thumbnailUrl":"https:\/\/www.kompetensforetagen.se\/app\/uploads\/sites\/5\/2020\/09\/evaochpatrik-2.png","datePublished":"2019-01-10T10:59:09+00:00","dateModified":"2024-03-11T10:23:08+00:00","description":"V\u00e5rden klarar sig inte utan hyrl\u00e4kare debatterar Kompetensf\u00f6retagen i Dagens Samh\u00e4lle. Inhyrning \u00e4r effektivt f\u00f6r att \u00f6ka v\u00e5rdens kapacitet,","breadcrumb":{"@id":"https:\/\/www.kompetensforetagen.se\/2019\/01\/varden-klarar-sig-inte-utan-hyrlakare\/#breadcrumb"},"inLanguage":"sv-SE","potentialAction":[{"@type":"ReadAction","target":["https:\/\/www.kompetensforetagen.se\/2019\/01\/varden-klarar-sig-inte-utan-hyrlakare\/"]}]},{"@type":"ImageObject","inLanguage":"sv-SE","@id":"https:\/\/www.kompetensforetagen.se\/2019\/01\/varden-klarar-sig-inte-utan-hyrlakare\/#primaryimage","url":"https:\/\/www.kompetensforetagen.se\/app\/uploads\/sites\/5\/2020\/09\/evaochpatrik-2.png","contentUrl":"https:\/\/www.kompetensforetagen.se\/app\/uploads\/sites\/5\/2020\/09\/evaochpatrik-2.png","width":1073,"height":757,"caption":"Debatt\u00f6rerna Eva Domanders och Patrik Eidfelt"},{"@type":"BreadcrumbList","@id":"https:\/\/www.kompetensforetagen.se\/2019\/01\/varden-klarar-sig-inte-utan-hyrlakare\/#breadcrumb","itemListElement":[{"@type":"ListItem","position":1,"name":"Home","item":"https:\/\/www.kompetensforetagen.se\/"},{"@type":"ListItem","position":2,"name":"V\u00e5rden klarar sig inte utan hyrl\u00e4kare"}]},{"@type":"WebSite","@id":"https:\/\/www.kompetensforetagen.se\/#website","url":"https:\/\/www.kompetensforetagen.se\/","name":"Kompetensf\u00f6retagen","description":"R\u00e4tt person p\u00e5 r\u00e4tt plats kan f\u00f6r\u00e4ndra v\u00e4rlden","publisher":{"@id":"https:\/\/www.kompetensforetagen.se\/#organization"},"potentialAction":[{"@type":"SearchAction","target":{"@type":"EntryPoint","urlTemplate":"https:\/\/www.kompetensforetagen.se\/?s={search_term_string}"},"query-input":{"@type":"PropertyValueSpecification","valueRequired":true,"valueName":"search_term_string"}}],"inLanguage":"sv-SE"},{"@type":"Organization","@id":"https:\/\/www.kompetensforetagen.se\/#organization","name":"Kompetensf\u00f6retagen","url":"https:\/\/www.kompetensforetagen.se\/","logo":{"@type":"ImageObject","inLanguage":"sv-SE","@id":"https:\/\/www.kompetensforetagen.se\/#\/schema\/logo\/image\/","url":"https:\/\/www.kompetensforetagen.se\/app\/uploads\/sites\/5\/2022\/10\/logga_svart.png","contentUrl":"https:\/\/www.kompetensforetagen.se\/app\/uploads\/sites\/5\/2022\/10\/logga_svart.png","width":752,"height":64,"caption":"Kompetensf\u00f6retagen"},"image":{"@id":"https:\/\/www.kompetensforetagen.se\/#\/schema\/logo\/image\/"},"sameAs":["https:\/\/www.linkedin.com\/company\/10540032\/"]},{"@type":"Person","@id":"https:\/\/www.kompetensforetagen.se\/#\/schema\/person\/289c2139959d8ed9536a46aa74479571","name":"Carina Kit","image":{"@type":"ImageObject","inLanguage":"sv-SE","@id":"https:\/\/www.kompetensforetagen.se\/#\/schema\/person\/image\/","url":"https:\/\/secure.gravatar.com\/avatar\/9accc2e15089a6454d09e74efc78d237028a142d5a6f3102bc573dfbdc202317?s=96&d=mm&r=g","contentUrl":"https:\/\/secure.gravatar.com\/avatar\/9accc2e15089a6454d09e74efc78d237028a142d5a6f3102bc573dfbdc202317?s=96&d=mm&r=g","caption":"Carina Kit"},"description":"Carina Kit \u00e4r kommunikationschef p\u00e5 Kompetensf\u00f6retagen.","url":"https:\/\/www.kompetensforetagen.se\/person\/carinakit\/"}]}},"_links":{"self":[{"href":"https:\/\/www.kompetensforetagen.se\/api\/wp\/v2\/posts\/2914","targetHints":{"allow":["GET"]}}],"collection":[{"href":"https:\/\/www.kompetensforetagen.se\/api\/wp\/v2\/posts"}],"about":[{"href":"https:\/\/www.kompetensforetagen.se\/api\/wp\/v2\/types\/post"}],"author":[{"embeddable":true,"href":"https:\/\/www.kompetensforetagen.se\/api\/wp\/v2\/users\/216"}],"replies":[{"embeddable":true,"href":"https:\/\/www.kompetensforetagen.se\/api\/wp\/v2\/comments?post=2914"}],"version-history":[{"count":6,"href":"https:\/\/www.kompetensforetagen.se\/api\/wp\/v2\/posts\/2914\/revisions"}],"predecessor-version":[{"id":16863,"href":"https:\/\/www.kompetensforetagen.se\/api\/wp\/v2\/posts\/2914\/revisions\/16863"}],"wp:featuredmedia":[{"embeddable":true,"href":"https:\/\/www.kompetensforetagen.se\/api\/wp\/v2\/media\/5322"}],"wp:attachment":[{"href":"https:\/\/www.kompetensforetagen.se\/api\/wp\/v2\/media?parent=2914"}],"wp:term":[{"taxonomy":"category","embeddable":true,"href":"https:\/\/www.kompetensforetagen.se\/api\/wp\/v2\/categories?post=2914"},{"taxonomy":"post_tag","embeddable":true,"href":"https:\/\/www.kompetensforetagen.se\/api\/wp\/v2\/tags?post=2914"},{"taxonomy":"type","embeddable":true,"href":"https:\/\/www.kompetensforetagen.se\/api\/wp\/v2\/article_type?post=2914"},{"taxonomy":"agreement","embeddable":true,"href":"https:\/\/www.kompetensforetagen.se\/api\/wp\/v2\/agreement?post=2914"},{"taxonomy":"for-members","embeddable":true,"href":"https:\/\/www.kompetensforetagen.se\/api\/wp\/v2\/for-members?post=2914"}],"curies":[{"name":"wp","href":"https:\/\/api.w.org\/{rel}","templated":true}]}}