{"id":2134,"date":"2018-05-31T11:06:33","date_gmt":"2018-05-31T09:06:33","guid":{"rendered":"https:\/\/www.kompetensforetagen.se\/?p=2134"},"modified":"2025-10-16T12:19:32","modified_gmt":"2025-10-16T10:19:32","slug":"kompetensrebellerna-boken-om-var-historia","status":"publish","type":"post","link":"https:\/\/www.kompetensforetagen.se\/2018\/05\/kompetensrebellerna-boken-om-var-historia\/","title":{"rendered":"Kompetensrebellerna &#8211; boken om v\u00e5r historia"},"content":{"rendered":"\n<p><strong>I \u00e5r fyller Kompetensf\u00f6retagen 15 \u00e5r som branschorganisation. Branschens historia och n\u00e5gra av dess entrepren\u00f6rer portr\u00e4tteras i boken &#8221;Kompetensrebellerna&#8221; som ges ut i samband med att vi fyller \u00e5r och byter namn.<\/strong><\/p>\n\n\n\n<p>Fram till i b\u00f6rjan av 1990-talet omg\u00e4rdades kompetensbranschen av h\u00e5rda politiska regleringar. Det politiska motst\u00e5nd som branschen genom \u00e5ren blivit m\u00e5ltavla f\u00f6r har gett upphov till en p\u00e5taglig k\u00e4mparanda hos dess f\u00f6retr\u00e4dare.<\/p>\n\n\n\n<p>Boken Kompetensrebellerna lyfter fram kompetensbranschens sp\u00e4nnande historia och rebeller i ljuset \u2013 inte minst de f\u00e4rgstarka kvinnor, med<a href=\"https:\/\/sv.wikipedia.org\/wiki\/Ulla_Murman\" target=\"_blank\" rel=\"noopener noreferrer\"> Ulla Murman<\/a> i spetsen, som tagit strid och brutit nya v\u00e4gar p\u00e5 den svenska arbetsmarknaden. Den inneh\u00e5ller ocks\u00e5 intervjuer med entrepren\u00f6rer och personer som \u00e4r framtr\u00e4dande och driver p\u00e5 branschens utveckling i dag. Boken \u00e4r skriven av Anders Johnson, f\u00f6rfattare till&nbsp; ett stort antal b\u00f6cker om svensk n\u00e4ringslivshistoria.<\/p>\n\n\n\n<blockquote class=\"wp-block-quote is-layout-flow wp-block-quote-is-layout-flow\">\n<p>&#8221;Kompetensf\u00f6retagen verkar p\u00e5 en arbetsmarknad i f\u00f6r\u00e4ndring. Formerna f\u00f6r arbete, traditionella arbetsplatser och anst\u00e4llningar bryts upp. Stora delar av arbetsmarknaden fungerar inte i dag. Vi ser det i h\u00f6g arbetsl\u00f6shet,&nbsp; &nbsp; &nbsp; &nbsp;\u00e4ven mitt i h\u00f6gkonjunkturen. Vi ser det n\u00e4r m\u00e4nniskor vantrivs p\u00e5 jobbet och inte kommer till sin r\u00e4tt. Vi ser det n\u00e4r det inte g\u00e5r att rekrytera r\u00e4tt kompetens till centrala samh\u00e4llsfunktioner. Det finns med andra ord mycket&nbsp; kvar att g\u00f6ra f\u00f6r kompetensrebellerna.&#8221;<br>&#8211; <em>Ur<\/em> Kompetensrebellernas <em>f\u00f6rord<\/em><\/p>\n<\/blockquote>\n\n\n\n<h3 class=\"wp-block-heading\" id=\"h-i-boken-intervjuas\">I boken intervjuas:<\/h3>\n\n\n\n<p><a href=\"https:\/\/www.kompetensforetagen.se\/2018\/04\/vi-gar-mot-bemanningsforetagens-epok\/\" target=\"_blank\" rel=\"noopener noreferrer\">Benjamin von Jahf, VD EHRAB<\/a><br><a href=\"https:\/\/www.kompetensforetagen.se\/2018\/04\/lisa-schuman\/\" target=\"_blank\" rel=\"noopener noreferrer\">Lisa Schuman, Stockholmschef Store Support<\/a><br>Anki Elken, Head of Sustainability and Public Affairs Randstad Sweden Group<br><span style=\"background-color: transparent;font-size: 1rem\">Johnny Gunnarsson, VD Palm &amp; Partners<br><\/span>Maria Mattsson M\u00e4hl, Grundare och VD AlphaCE<br>Lars Forseth, VD Manpower Group<br>Charlotte Norling, HR-chef Work for You<br>Eva Domanders, VD Klara<\/p>\n\n\n\n<p><a href=\"https:\/\/www.almega.se\/app\/uploads\/sites\/5\/2018\/05\/kompetensrebellerna_webb.pdf\" target=\"_blank\" rel=\"noopener noreferrer\">H\u00e4r kan du ladda ner boken Kompetensrebellerna<\/a><\/p>\n","protected":false},"excerpt":{"rendered":"<p>I \u00e5r fyller Kompetensf\u00f6retagen 15 \u00e5r som branschorganisation. Branschens historia och n\u00e5gra av dess entrepren\u00f6rer portr\u00e4tteras i boken &#8221;Kompetensrebellerna&#8221; som ges ut i samband med att vi fyller \u00e5r och byter namn. Fram till i &hellip;<\/p>\n","protected":false},"author":216,"featured_media":2136,"comment_status":"open","ping_status":"open","sticky":false,"template":"","format":"standard","meta":{"_acf_changed":false,"footnotes":""},"categories":[199],"tags":[],"article_type":[219],"agreement":[],"for-members":[],"class_list":["post-2134","post","type-post","status-publish","format-standard","has-post-thumbnail","hentry","category-historia","type-nyhet"],"acf":[],"yoast_head":"<!-- This site is optimized with the Yoast SEO Premium plugin v26.8 (Yoast SEO v26.8) - https:\/\/yoast.com\/product\/yoast-seo-premium-wordpress\/ -->\n<title>Kompetensrebellerna - boken om v\u00e5r historia<\/title>\n<meta name=\"description\" content=\"Kompetensrebellerna, boken om v\u00e5r historia, port\u00e4tterar branschens historia och n\u00e5gra av dess entrepren\u00f6rer, som pionj\u00e4ren Ulla Murman.\" \/>\n<meta name=\"robots\" content=\"index, follow, max-snippet:-1, max-image-preview:large, max-video-preview:-1\" \/>\n<link rel=\"canonical\" href=\"https:\/\/www.kompetensforetagen.se\/2018\/05\/kompetensrebellerna-boken-om-var-historia\/\" \/>\n<meta property=\"og:locale\" content=\"sv_SE\" \/>\n<meta property=\"og:type\" content=\"article\" \/>\n<meta property=\"og:title\" content=\"Kompetensrebellerna - boken om v\u00e5r historia\" \/>\n<meta property=\"og:description\" content=\"Kompetensrebellerna, boken om v\u00e5r historia, port\u00e4tterar branschens historia och n\u00e5gra av dess entrepren\u00f6rer, som pionj\u00e4ren Ulla Murman.\" \/>\n<meta property=\"og:url\" content=\"https:\/\/www.kompetensforetagen.se\/2018\/05\/kompetensrebellerna-boken-om-var-historia\/\" \/>\n<meta property=\"og:site_name\" content=\"Kompetensf\u00f6retagen\" \/>\n<meta property=\"article:published_time\" content=\"2018-05-31T09:06:33+00:00\" \/>\n<meta property=\"article:modified_time\" content=\"2025-10-16T10:19:32+00:00\" \/>\n<meta property=\"og:image\" content=\"https:\/\/www.kompetensforetagen.se\/app\/uploads\/sites\/5\/2018\/05\/boken-e1546937079671.jpg\" \/>\n\t<meta property=\"og:image:width\" content=\"337\" \/>\n\t<meta property=\"og:image:height\" content=\"500\" \/>\n\t<meta property=\"og:image:type\" content=\"image\/jpeg\" \/>\n<meta name=\"author\" content=\"Carina Kit\" \/>\n<meta name=\"twitter:card\" content=\"summary_large_image\" \/>\n<meta name=\"twitter:label1\" content=\"Skriven av\" \/>\n\t<meta name=\"twitter:data1\" content=\"Carina Kit\" \/>\n\t<meta name=\"twitter:label2\" content=\"Ber\u00e4knad l\u00e4stid\" \/>\n\t<meta name=\"twitter:data2\" content=\"2 minuter\" \/>\n<!-- \/ Yoast SEO Premium plugin. -->","yoast_head_json":{"title":"Kompetensrebellerna - boken om v\u00e5r historia","description":"Kompetensrebellerna, boken om v\u00e5r historia, port\u00e4tterar branschens historia och n\u00e5gra av dess entrepren\u00f6rer, som pionj\u00e4ren Ulla Murman.","robots":{"index":"index","follow":"follow","max-snippet":"max-snippet:-1","max-image-preview":"max-image-preview:large","max-video-preview":"max-video-preview:-1"},"canonical":"https:\/\/www.kompetensforetagen.se\/2018\/05\/kompetensrebellerna-boken-om-var-historia\/","og_locale":"sv_SE","og_type":"article","og_title":"Kompetensrebellerna - boken om v\u00e5r historia","og_description":"Kompetensrebellerna, boken om v\u00e5r historia, port\u00e4tterar branschens historia och n\u00e5gra av dess entrepren\u00f6rer, som pionj\u00e4ren Ulla Murman.","og_url":"https:\/\/www.kompetensforetagen.se\/2018\/05\/kompetensrebellerna-boken-om-var-historia\/","og_site_name":"Kompetensf\u00f6retagen","article_published_time":"2018-05-31T09:06:33+00:00","article_modified_time":"2025-10-16T10:19:32+00:00","og_image":[{"width":337,"height":500,"url":"https:\/\/www.kompetensforetagen.se\/app\/uploads\/sites\/5\/2018\/05\/boken-e1546937079671.jpg","type":"image\/jpeg"}],"author":"Carina Kit","twitter_card":"summary_large_image","twitter_misc":{"Skriven av":"Carina Kit","Ber\u00e4knad l\u00e4stid":"2 minuter"},"schema":{"@context":"https:\/\/schema.org","@graph":[{"@type":"Article","@id":"https:\/\/www.kompetensforetagen.se\/2018\/05\/kompetensrebellerna-boken-om-var-historia\/#article","isPartOf":{"@id":"https:\/\/www.kompetensforetagen.se\/2018\/05\/kompetensrebellerna-boken-om-var-historia\/"},"author":{"name":"Carina Kit","@id":"https:\/\/www.kompetensforetagen.se\/#\/schema\/person\/289c2139959d8ed9536a46aa74479571"},"headline":"Kompetensrebellerna &#8211; boken om v\u00e5r historia","datePublished":"2018-05-31T09:06:33+00:00","dateModified":"2025-10-16T10:19:32+00:00","mainEntityOfPage":{"@id":"https:\/\/www.kompetensforetagen.se\/2018\/05\/kompetensrebellerna-boken-om-var-historia\/"},"wordCount":317,"commentCount":0,"publisher":{"@id":"https:\/\/www.kompetensforetagen.se\/#organization"},"image":{"@id":"https:\/\/www.kompetensforetagen.se\/2018\/05\/kompetensrebellerna-boken-om-var-historia\/#primaryimage"},"thumbnailUrl":"https:\/\/www.kompetensforetagen.se\/app\/uploads\/sites\/5\/2018\/05\/boken-e1546937079671.jpg","articleSection":["Historia"],"inLanguage":"sv-SE","potentialAction":[{"@type":"CommentAction","name":"Comment","target":["https:\/\/www.kompetensforetagen.se\/2018\/05\/kompetensrebellerna-boken-om-var-historia\/#respond"]}]},{"@type":"WebPage","@id":"https:\/\/www.kompetensforetagen.se\/2018\/05\/kompetensrebellerna-boken-om-var-historia\/","url":"https:\/\/www.kompetensforetagen.se\/2018\/05\/kompetensrebellerna-boken-om-var-historia\/","name":"Kompetensrebellerna - boken om v\u00e5r historia","isPartOf":{"@id":"https:\/\/www.kompetensforetagen.se\/#website"},"primaryImageOfPage":{"@id":"https:\/\/www.kompetensforetagen.se\/2018\/05\/kompetensrebellerna-boken-om-var-historia\/#primaryimage"},"image":{"@id":"https:\/\/www.kompetensforetagen.se\/2018\/05\/kompetensrebellerna-boken-om-var-historia\/#primaryimage"},"thumbnailUrl":"https:\/\/www.kompetensforetagen.se\/app\/uploads\/sites\/5\/2018\/05\/boken-e1546937079671.jpg","datePublished":"2018-05-31T09:06:33+00:00","dateModified":"2025-10-16T10:19:32+00:00","description":"Kompetensrebellerna, boken om v\u00e5r historia, port\u00e4tterar branschens historia och n\u00e5gra av dess entrepren\u00f6rer, som pionj\u00e4ren Ulla Murman.","breadcrumb":{"@id":"https:\/\/www.kompetensforetagen.se\/2018\/05\/kompetensrebellerna-boken-om-var-historia\/#breadcrumb"},"inLanguage":"sv-SE","potentialAction":[{"@type":"ReadAction","target":["https:\/\/www.kompetensforetagen.se\/2018\/05\/kompetensrebellerna-boken-om-var-historia\/"]}]},{"@type":"ImageObject","inLanguage":"sv-SE","@id":"https:\/\/www.kompetensforetagen.se\/2018\/05\/kompetensrebellerna-boken-om-var-historia\/#primaryimage","url":"https:\/\/www.kompetensforetagen.se\/app\/uploads\/sites\/5\/2018\/05\/boken-e1546937079671.jpg","contentUrl":"https:\/\/www.kompetensforetagen.se\/app\/uploads\/sites\/5\/2018\/05\/boken-e1546937079671.jpg","width":337,"height":500,"caption":"Boken Kompetensrebellerna inneh\u00e5ller branschens historia och ett flertal intervjuer,"},{"@type":"BreadcrumbList","@id":"https:\/\/www.kompetensforetagen.se\/2018\/05\/kompetensrebellerna-boken-om-var-historia\/#breadcrumb","itemListElement":[{"@type":"ListItem","position":1,"name":"Home","item":"https:\/\/www.kompetensforetagen.se\/"},{"@type":"ListItem","position":2,"name":"Kompetensrebellerna &#8211; boken om v\u00e5r historia"}]},{"@type":"WebSite","@id":"https:\/\/www.kompetensforetagen.se\/#website","url":"https:\/\/www.kompetensforetagen.se\/","name":"Kompetensf\u00f6retagen","description":"R\u00e4tt person p\u00e5 r\u00e4tt plats kan f\u00f6r\u00e4ndra v\u00e4rlden","publisher":{"@id":"https:\/\/www.kompetensforetagen.se\/#organization"},"potentialAction":[{"@type":"SearchAction","target":{"@type":"EntryPoint","urlTemplate":"https:\/\/www.kompetensforetagen.se\/?s={search_term_string}"},"query-input":{"@type":"PropertyValueSpecification","valueRequired":true,"valueName":"search_term_string"}}],"inLanguage":"sv-SE"},{"@type":"Organization","@id":"https:\/\/www.kompetensforetagen.se\/#organization","name":"Kompetensf\u00f6retagen","url":"https:\/\/www.kompetensforetagen.se\/","logo":{"@type":"ImageObject","inLanguage":"sv-SE","@id":"https:\/\/www.kompetensforetagen.se\/#\/schema\/logo\/image\/","url":"https:\/\/www.kompetensforetagen.se\/app\/uploads\/sites\/5\/2022\/10\/logga_svart.png","contentUrl":"https:\/\/www.kompetensforetagen.se\/app\/uploads\/sites\/5\/2022\/10\/logga_svart.png","width":752,"height":64,"caption":"Kompetensf\u00f6retagen"},"image":{"@id":"https:\/\/www.kompetensforetagen.se\/#\/schema\/logo\/image\/"},"sameAs":["https:\/\/www.linkedin.com\/company\/10540032\/"]},{"@type":"Person","@id":"https:\/\/www.kompetensforetagen.se\/#\/schema\/person\/289c2139959d8ed9536a46aa74479571","name":"Carina Kit","image":{"@type":"ImageObject","inLanguage":"sv-SE","@id":"https:\/\/www.kompetensforetagen.se\/#\/schema\/person\/image\/","url":"https:\/\/secure.gravatar.com\/avatar\/9accc2e15089a6454d09e74efc78d237028a142d5a6f3102bc573dfbdc202317?s=96&d=mm&r=g","contentUrl":"https:\/\/secure.gravatar.com\/avatar\/9accc2e15089a6454d09e74efc78d237028a142d5a6f3102bc573dfbdc202317?s=96&d=mm&r=g","caption":"Carina Kit"},"description":"Carina Kit \u00e4r kommunikationschef p\u00e5 Kompetensf\u00f6retagen.","url":"https:\/\/www.kompetensforetagen.se\/person\/carinakit\/"}]}},"_links":{"self":[{"href":"https:\/\/www.kompetensforetagen.se\/api\/wp\/v2\/posts\/2134","targetHints":{"allow":["GET"]}}],"collection":[{"href":"https:\/\/www.kompetensforetagen.se\/api\/wp\/v2\/posts"}],"about":[{"href":"https:\/\/www.kompetensforetagen.se\/api\/wp\/v2\/types\/post"}],"author":[{"embeddable":true,"href":"https:\/\/www.kompetensforetagen.se\/api\/wp\/v2\/users\/216"}],"replies":[{"embeddable":true,"href":"https:\/\/www.kompetensforetagen.se\/api\/wp\/v2\/comments?post=2134"}],"version-history":[{"count":5,"href":"https:\/\/www.kompetensforetagen.se\/api\/wp\/v2\/posts\/2134\/revisions"}],"predecessor-version":[{"id":20998,"href":"https:\/\/www.kompetensforetagen.se\/api\/wp\/v2\/posts\/2134\/revisions\/20998"}],"wp:featuredmedia":[{"embeddable":true,"href":"https:\/\/www.kompetensforetagen.se\/api\/wp\/v2\/media\/2136"}],"wp:attachment":[{"href":"https:\/\/www.kompetensforetagen.se\/api\/wp\/v2\/media?parent=2134"}],"wp:term":[{"taxonomy":"category","embeddable":true,"href":"https:\/\/www.kompetensforetagen.se\/api\/wp\/v2\/categories?post=2134"},{"taxonomy":"post_tag","embeddable":true,"href":"https:\/\/www.kompetensforetagen.se\/api\/wp\/v2\/tags?post=2134"},{"taxonomy":"type","embeddable":true,"href":"https:\/\/www.kompetensforetagen.se\/api\/wp\/v2\/article_type?post=2134"},{"taxonomy":"agreement","embeddable":true,"href":"https:\/\/www.kompetensforetagen.se\/api\/wp\/v2\/agreement?post=2134"},{"taxonomy":"for-members","embeddable":true,"href":"https:\/\/www.kompetensforetagen.se\/api\/wp\/v2\/for-members?post=2134"}],"curies":[{"name":"wp","href":"https:\/\/api.w.org\/{rel}","templated":true}]}}