{"id":21255,"date":"2026-01-23T09:57:33","date_gmt":"2026-01-23T08:57:33","guid":{"rendered":"https:\/\/www.kompetensforetagen.se\/?p=21255"},"modified":"2026-01-23T09:57:34","modified_gmt":"2026-01-23T08:57:34","slug":"sagt-och-gjort","status":"publish","type":"post","link":"https:\/\/www.kompetensforetagen.se\/2026\/01\/sagt-och-gjort\/","title":{"rendered":"Sagt och gjort"},"content":{"rendered":"<p class=\"intro\">Under december och januari har Kompetensf\u00f6retagens n\u00e4ringspolitiska experter tr\u00e4ffat regeringsf\u00f6retr\u00e4dare och myndigheter. I samtalen har fr\u00e5gor om kompetensbranschens roll i ekonomin och om tillv\u00e4xthinder f\u00f6r medlemsf\u00f6retag st\u00e5tt i fokus.<\/p>\n\n<p>Den 14 januari tr\u00e4ffade f\u00f6retr\u00e4dare f\u00f6r Kompetensf\u00f6retagen statssekreteraren Jesper Ahlgren vid Finansdepartementet f\u00f6r att diskutera etableringsjobben och kompetensbranschens roll p\u00e5 arbetsmarknaden. Den 17 januari arrangerades ett rundabordssamtal med statssekreterare Erik Scheller om Fr\u00e4mjandelagen. \u00c4ven f\u00f6retr\u00e4dare f\u00f6r Almega och Servicef\u00f6retagen deltog i samtalet, som handlade om hur regelverket p\u00e5verkar tj\u00e4nstesektorn.<\/p>\n\n\n\n<p>Den 21 januari arrangerades ett studiebes\u00f6k f\u00f6r Arbetsf\u00f6rmedlingen hos medlemsf\u00f6retagen Lernia och Hello Lilly. Under bes\u00f6ket fick myndigheten ta del av hur matchningsf\u00f6retag arbetar i praktiken, m\u00f6ta jobbcoacher och deltagare samt delta i en gemensam workshop. Fr\u00e5n Kompetensf\u00f6retagens styrelse deltog Rikard Westerlund. Samma dag medverkade Kompetensf\u00f6retagens upphandlingsexpert Anna L\u00f6nnerberg som talare vid Upphandlingsdagarna, d\u00e4r fr\u00e5gor om offentlig upphandling och leverant\u00f6rsvillkor stod i fokus.<\/p>\n\n\n\n<p>Den 22 januari h\u00f6lls ytterligare ett m\u00f6te med statssekreterare Erik Scheller. Samtalet r\u00f6rde matchningsleverant\u00f6rernas villkor och regeringens inriktning inom arbetsmarknadspolitiken. \u00c4ven vid detta tillf\u00e4lle deltog Rikard Westerlund fr\u00e5n styrelsen.<\/p>\n\n\n\n<p>Under v\u00e5ren forts\u00e4tter Kompetensf\u00f6retagen sitt n\u00e4ringspolitiska arbete genom deltagande i politiska forum, seminarier och branschm\u00f6ten. Vi medverkar bland annat vid Centerpartiets och Kristdemokraternas kommundagar, Liberalernas riksm\u00f6te och Moderaternas Sverigem\u00f6te. D\u00e4rut\u00f6ver arrangeras frukostseminarier, webbinarier och medlemstr\u00e4ffar samt Kompetensdagen den 21 april.<\/p>\n\n\n\n<p>Parallellt har Kompetensf\u00f6retagen uppm\u00e4rksammats i flera medier. Under december omn\u00e4mndes organisationens kvartalsstatistik i Fokus och Finanstidningen. Patrik Eidfelt intervjuades i Dagens Arbete om konsultregeln, och Jessica Forss Katz medverkade med en debattartikel i Altinget om arbetsmarknadspolitiken. Fredric Sk\u00e4lstad intervjuades i Sveriges Radio Ekot, med inslag som \u00e4ven s\u00e4ndes i P4, med anledning av den aktuella statistiken.<\/p>\n","protected":false},"excerpt":{"rendered":"<p>Den 14 januari tr\u00e4ffade f\u00f6retr\u00e4dare f\u00f6r Kompetensf\u00f6retagen statssekreteraren Jesper Ahlgren vid Finansdepartementet f\u00f6r att diskutera etableringsjobben och kompetensbranschens roll p\u00e5 arbetsmarknaden. Den 17 januari arrangerades ett rundabordssamtal med statssekreterare Erik Scheller om Fr\u00e4mjandelagen. \u00c4ven f\u00f6retr\u00e4dare &hellip;<\/p>\n","protected":false},"author":222,"featured_media":21256,"comment_status":"closed","ping_status":"closed","sticky":false,"template":"","format":"standard","meta":{"_acf_changed":false,"footnotes":""},"categories":[1],"tags":[],"article_type":[],"agreement":[],"for-members":[],"class_list":["post-21255","post","type-post","status-publish","format-standard","has-post-thumbnail","hentry","category-okategoriserade"],"acf":[],"yoast_head":"<!-- This site is optimized with the Yoast SEO Premium plugin v26.8 (Yoast SEO v26.8) - https:\/\/yoast.com\/product\/yoast-seo-premium-wordpress\/ -->\n<title>Sagt och gjort - Kompetensf\u00f6retagen<\/title>\n<meta name=\"description\" content=\"Kompetensf\u00f6retagen arbetar f\u00f6r att f\u00f6rb\u00e4ttra medlemsf\u00f6retagens villkor genom att tr\u00e4ffa regeringsf\u00f6retr\u00e4dare och myndigheter.\" \/>\n<meta name=\"robots\" content=\"index, follow, max-snippet:-1, max-image-preview:large, max-video-preview:-1\" \/>\n<link rel=\"canonical\" href=\"https:\/\/www.kompetensforetagen.se\/2026\/01\/sagt-och-gjort\/\" \/>\n<meta property=\"og:locale\" content=\"sv_SE\" \/>\n<meta property=\"og:type\" content=\"article\" \/>\n<meta property=\"og:title\" content=\"Sagt och gjort\" \/>\n<meta property=\"og:description\" content=\"Kompetensf\u00f6retagen arbetar f\u00f6r att f\u00f6rb\u00e4ttra medlemsf\u00f6retagens villkor genom att tr\u00e4ffa regeringsf\u00f6retr\u00e4dare och myndigheter.\" \/>\n<meta property=\"og:url\" content=\"https:\/\/www.kompetensforetagen.se\/2026\/01\/sagt-och-gjort\/\" \/>\n<meta property=\"og:site_name\" content=\"Kompetensf\u00f6retagen\" \/>\n<meta property=\"article:published_time\" content=\"2026-01-23T08:57:33+00:00\" \/>\n<meta property=\"article:modified_time\" content=\"2026-01-23T08:57:34+00:00\" \/>\n<meta property=\"og:image\" content=\"https:\/\/www.kompetensforetagen.se\/app\/uploads\/sites\/5\/2026\/01\/Rekryteringsbranschen-3.jpg\" \/>\n\t<meta property=\"og:image:width\" content=\"940\" \/>\n\t<meta property=\"og:image:height\" content=\"788\" \/>\n\t<meta property=\"og:image:type\" content=\"image\/jpeg\" \/>\n<meta name=\"author\" content=\"Fredric Sk\u00e4lstad\" \/>\n<meta name=\"twitter:card\" content=\"summary_large_image\" \/>\n<meta name=\"twitter:label1\" content=\"Skriven av\" \/>\n\t<meta name=\"twitter:data1\" content=\"Fredric Sk\u00e4lstad\" \/>\n\t<meta name=\"twitter:label2\" content=\"Ber\u00e4knad l\u00e4stid\" \/>\n\t<meta name=\"twitter:data2\" content=\"2 minuter\" \/>\n<!-- \/ Yoast SEO Premium plugin. -->","yoast_head_json":{"title":"Sagt och gjort - Kompetensf\u00f6retagen","description":"Kompetensf\u00f6retagen arbetar f\u00f6r att f\u00f6rb\u00e4ttra medlemsf\u00f6retagens villkor genom att tr\u00e4ffa regeringsf\u00f6retr\u00e4dare och myndigheter.","robots":{"index":"index","follow":"follow","max-snippet":"max-snippet:-1","max-image-preview":"max-image-preview:large","max-video-preview":"max-video-preview:-1"},"canonical":"https:\/\/www.kompetensforetagen.se\/2026\/01\/sagt-och-gjort\/","og_locale":"sv_SE","og_type":"article","og_title":"Sagt och gjort","og_description":"Kompetensf\u00f6retagen arbetar f\u00f6r att f\u00f6rb\u00e4ttra medlemsf\u00f6retagens villkor genom att tr\u00e4ffa regeringsf\u00f6retr\u00e4dare och myndigheter.","og_url":"https:\/\/www.kompetensforetagen.se\/2026\/01\/sagt-och-gjort\/","og_site_name":"Kompetensf\u00f6retagen","article_published_time":"2026-01-23T08:57:33+00:00","article_modified_time":"2026-01-23T08:57:34+00:00","og_image":[{"width":940,"height":788,"url":"https:\/\/www.kompetensforetagen.se\/app\/uploads\/sites\/5\/2026\/01\/Rekryteringsbranschen-3.jpg","type":"image\/jpeg"}],"author":"Fredric Sk\u00e4lstad","twitter_card":"summary_large_image","twitter_misc":{"Skriven av":"Fredric Sk\u00e4lstad","Ber\u00e4knad l\u00e4stid":"2 minuter"},"schema":{"@context":"https:\/\/schema.org","@graph":[{"@type":"Article","@id":"https:\/\/www.kompetensforetagen.se\/2026\/01\/sagt-och-gjort\/#article","isPartOf":{"@id":"https:\/\/www.kompetensforetagen.se\/2026\/01\/sagt-och-gjort\/"},"author":{"name":"Fredric Sk\u00e4lstad","@id":"https:\/\/www.kompetensforetagen.se\/#\/schema\/person\/72cd48bb411dea15e40f11d726e9eeeb"},"headline":"Sagt och gjort","datePublished":"2026-01-23T08:57:33+00:00","dateModified":"2026-01-23T08:57:34+00:00","mainEntityOfPage":{"@id":"https:\/\/www.kompetensforetagen.se\/2026\/01\/sagt-och-gjort\/"},"wordCount":283,"publisher":{"@id":"https:\/\/www.kompetensforetagen.se\/#organization"},"image":{"@id":"https:\/\/www.kompetensforetagen.se\/2026\/01\/sagt-och-gjort\/#primaryimage"},"thumbnailUrl":"https:\/\/www.kompetensforetagen.se\/app\/uploads\/sites\/5\/2026\/01\/Rekryteringsbranschen-3.jpg","inLanguage":"sv-SE"},{"@type":"WebPage","@id":"https:\/\/www.kompetensforetagen.se\/2026\/01\/sagt-och-gjort\/","url":"https:\/\/www.kompetensforetagen.se\/2026\/01\/sagt-och-gjort\/","name":"Sagt och gjort - Kompetensf\u00f6retagen","isPartOf":{"@id":"https:\/\/www.kompetensforetagen.se\/#website"},"primaryImageOfPage":{"@id":"https:\/\/www.kompetensforetagen.se\/2026\/01\/sagt-och-gjort\/#primaryimage"},"image":{"@id":"https:\/\/www.kompetensforetagen.se\/2026\/01\/sagt-och-gjort\/#primaryimage"},"thumbnailUrl":"https:\/\/www.kompetensforetagen.se\/app\/uploads\/sites\/5\/2026\/01\/Rekryteringsbranschen-3.jpg","datePublished":"2026-01-23T08:57:33+00:00","dateModified":"2026-01-23T08:57:34+00:00","description":"Kompetensf\u00f6retagen arbetar f\u00f6r att f\u00f6rb\u00e4ttra medlemsf\u00f6retagens villkor genom att tr\u00e4ffa regeringsf\u00f6retr\u00e4dare och myndigheter.","breadcrumb":{"@id":"https:\/\/www.kompetensforetagen.se\/2026\/01\/sagt-och-gjort\/#breadcrumb"},"inLanguage":"sv-SE","potentialAction":[{"@type":"ReadAction","target":["https:\/\/www.kompetensforetagen.se\/2026\/01\/sagt-och-gjort\/"]}]},{"@type":"ImageObject","inLanguage":"sv-SE","@id":"https:\/\/www.kompetensforetagen.se\/2026\/01\/sagt-och-gjort\/#primaryimage","url":"https:\/\/www.kompetensforetagen.se\/app\/uploads\/sites\/5\/2026\/01\/Rekryteringsbranschen-3.jpg","contentUrl":"https:\/\/www.kompetensforetagen.se\/app\/uploads\/sites\/5\/2026\/01\/Rekryteringsbranschen-3.jpg","width":940,"height":788},{"@type":"BreadcrumbList","@id":"https:\/\/www.kompetensforetagen.se\/2026\/01\/sagt-och-gjort\/#breadcrumb","itemListElement":[{"@type":"ListItem","position":1,"name":"Home","item":"https:\/\/www.kompetensforetagen.se\/"},{"@type":"ListItem","position":2,"name":"Sagt och gjort"}]},{"@type":"WebSite","@id":"https:\/\/www.kompetensforetagen.se\/#website","url":"https:\/\/www.kompetensforetagen.se\/","name":"Kompetensf\u00f6retagen","description":"R\u00e4tt person p\u00e5 r\u00e4tt plats kan f\u00f6r\u00e4ndra v\u00e4rlden","publisher":{"@id":"https:\/\/www.kompetensforetagen.se\/#organization"},"potentialAction":[{"@type":"SearchAction","target":{"@type":"EntryPoint","urlTemplate":"https:\/\/www.kompetensforetagen.se\/?s={search_term_string}"},"query-input":{"@type":"PropertyValueSpecification","valueRequired":true,"valueName":"search_term_string"}}],"inLanguage":"sv-SE"},{"@type":"Organization","@id":"https:\/\/www.kompetensforetagen.se\/#organization","name":"Kompetensf\u00f6retagen","url":"https:\/\/www.kompetensforetagen.se\/","logo":{"@type":"ImageObject","inLanguage":"sv-SE","@id":"https:\/\/www.kompetensforetagen.se\/#\/schema\/logo\/image\/","url":"https:\/\/www.kompetensforetagen.se\/app\/uploads\/sites\/5\/2022\/10\/logga_svart.png","contentUrl":"https:\/\/www.kompetensforetagen.se\/app\/uploads\/sites\/5\/2022\/10\/logga_svart.png","width":752,"height":64,"caption":"Kompetensf\u00f6retagen"},"image":{"@id":"https:\/\/www.kompetensforetagen.se\/#\/schema\/logo\/image\/"},"sameAs":["https:\/\/www.linkedin.com\/company\/10540032\/"]},{"@type":"Person","@id":"https:\/\/www.kompetensforetagen.se\/#\/schema\/person\/72cd48bb411dea15e40f11d726e9eeeb","name":"Fredric Sk\u00e4lstad","image":{"@type":"ImageObject","inLanguage":"sv-SE","@id":"https:\/\/www.kompetensforetagen.se\/#\/schema\/person\/image\/","url":"https:\/\/secure.gravatar.com\/avatar\/64f20bf3ac13c78aedd6054f495d1a00b38234d6bf532fa3b1cb3ff0bcc24f8d?s=96&d=mm&r=g","contentUrl":"https:\/\/secure.gravatar.com\/avatar\/64f20bf3ac13c78aedd6054f495d1a00b38234d6bf532fa3b1cb3ff0bcc24f8d?s=96&d=mm&r=g","caption":"Fredric Sk\u00e4lstad"},"description":"Fredric \u00e4r n\u00e4ringspolitisk chef p\u00e5 Kompetensf\u00f6retagen.","url":"https:\/\/www.kompetensforetagen.se\/person\/fredricskalstad\/"}]}},"_links":{"self":[{"href":"https:\/\/www.kompetensforetagen.se\/api\/wp\/v2\/posts\/21255","targetHints":{"allow":["GET"]}}],"collection":[{"href":"https:\/\/www.kompetensforetagen.se\/api\/wp\/v2\/posts"}],"about":[{"href":"https:\/\/www.kompetensforetagen.se\/api\/wp\/v2\/types\/post"}],"author":[{"embeddable":true,"href":"https:\/\/www.kompetensforetagen.se\/api\/wp\/v2\/users\/222"}],"replies":[{"embeddable":true,"href":"https:\/\/www.kompetensforetagen.se\/api\/wp\/v2\/comments?post=21255"}],"version-history":[{"count":1,"href":"https:\/\/www.kompetensforetagen.se\/api\/wp\/v2\/posts\/21255\/revisions"}],"predecessor-version":[{"id":21257,"href":"https:\/\/www.kompetensforetagen.se\/api\/wp\/v2\/posts\/21255\/revisions\/21257"}],"wp:featuredmedia":[{"embeddable":true,"href":"https:\/\/www.kompetensforetagen.se\/api\/wp\/v2\/media\/21256"}],"wp:attachment":[{"href":"https:\/\/www.kompetensforetagen.se\/api\/wp\/v2\/media?parent=21255"}],"wp:term":[{"taxonomy":"category","embeddable":true,"href":"https:\/\/www.kompetensforetagen.se\/api\/wp\/v2\/categories?post=21255"},{"taxonomy":"post_tag","embeddable":true,"href":"https:\/\/www.kompetensforetagen.se\/api\/wp\/v2\/tags?post=21255"},{"taxonomy":"type","embeddable":true,"href":"https:\/\/www.kompetensforetagen.se\/api\/wp\/v2\/article_type?post=21255"},{"taxonomy":"agreement","embeddable":true,"href":"https:\/\/www.kompetensforetagen.se\/api\/wp\/v2\/agreement?post=21255"},{"taxonomy":"for-members","embeddable":true,"href":"https:\/\/www.kompetensforetagen.se\/api\/wp\/v2\/for-members?post=21255"}],"curies":[{"name":"wp","href":"https:\/\/api.w.org\/{rel}","templated":true}]}}