{"id":21252,"date":"2026-01-21T10:09:30","date_gmt":"2026-01-21T09:09:30","guid":{"rendered":"https:\/\/www.kompetensforetagen.se\/?p=21252"},"modified":"2026-01-21T10:09:32","modified_gmt":"2026-01-21T09:09:32","slug":"nominera-till-styrelsen","status":"publish","type":"post","link":"https:\/\/www.kompetensforetagen.se\/2026\/01\/nominera-till-styrelsen\/","title":{"rendered":"Nominera till styrelsen"},"content":{"rendered":"<p class=\"intro\">\u00c4r du intresserad av att kandidera till Kompetensf\u00f6retagens styrelse eller har du f\u00f6rslag p\u00e5 l\u00e4mplig kandidat? D\u00e5 ska du kontakta valberedningen inf\u00f6r \u00e5rsm\u00f6tet den 20 maj 2026.<\/p>\n\n<p>Som <a href=\"https:\/\/www.kompetensforetagen.se\/amne\/styrelsen\/\">styrelseledamot <\/a>har du stora m\u00f6jligheter att p\u00e5verka verksamheten och styrelsens arbete samtidigt som du breddar ditt kontaktn\u00e4t och \u00f6kar din egen kompetens. Eftersom det \u00e4ven \u00e4r val i \u00e5r beh\u00f6vs engagemang och tid f\u00f6r fr\u00e5gorna.<\/p>\n\n\n<a class='Share__link Share__link--url copy-text' href='#' rel='nofollow' data-text='vem-soker-vi?' title='Dela url' data-confirmation='L\u00e4nken kopierades till urklipp'><svg class='icon icon--link'  width='18' height='18' viewBox='0 0 18 18' fill='none' xmlns='http:\/\/www.w3.org\/2000\/svg'>\n            <path d='M10.4142 0.514721L6.87868 4.05025L8.29289 5.46447L11.1213 2.63604L15.364 6.87868L12.5355 9.70711L13.9497 11.1213L17.4853 7.58579C17.8763 7.19476 17.8763 6.5626 17.4853 6.17158L11.8284 0.514721C11.4374 0.123691 10.8052 0.123691 10.4142 0.514721Z' fill='black'\/>\n            <path d='M9.7071 12.5355L6.87868 15.364L2.63604 11.1213L5.46446 8.2929L4.05025 6.87868L0.514716 10.4142C0.123686 10.8052 0.123686 11.4374 0.514716 11.8284L6.17157 17.4853C6.5626 17.8763 7.19475 17.8763 7.58578 17.4853L11.1213 13.9497L9.7071 12.5355Z' fill='black'\/>\n            <path d='M6.17157 11.8284C6.5626 12.2195 7.19475 12.2195 7.58578 11.8284L11.8284 7.58579C12.2195 7.19476 12.2195 6.56261 11.8284 6.17158C11.4374 5.78055 10.8052 5.78055 10.4142 6.17158L6.17157 10.4142C5.78054 10.8052 5.78054 11.4374 6.17157 11.8284Z' fill='black'\/>\n            <\/svg> <\/a>\n<h2 class=\"wp-block-heading\" id=\"h-vem-soker-vi\">Vem s\u00f6ker vi?<\/h2>\n\n\n\n<p>Styrelseledam\u00f6terna ska vara VD eller annan person i ledande st\u00e4llning inom medlemsf\u00f6retag.<br><br>\u00c4r du, eller k\u00e4nner du, en s\u00e5dan person?\u00a0D\u00e5 ska du kontakta valberedningen (<a href=\"mailto:linn.abo.reslan@kompetensforetagen.se\">linn.abo.reslan@kompetensforetagen.se<\/a>) senast den 5 februari 2026.<br><br>Mejla namn, titel, CV, f\u00f6retag och kontaktuppgifter tillsammans med en motivering till varf\u00f6r denna person skulle passa som styrelseledamot i Kompetensf\u00f6retagen.<\/p>\n\n\n<a class='Share__link Share__link--url copy-text' href='#' rel='nofollow' data-text='om-valberedningen' title='Dela url' data-confirmation='L\u00e4nken kopierades till urklipp'><svg class='icon icon--link'  width='18' height='18' viewBox='0 0 18 18' fill='none' xmlns='http:\/\/www.w3.org\/2000\/svg'>\n            <path d='M10.4142 0.514721L6.87868 4.05025L8.29289 5.46447L11.1213 2.63604L15.364 6.87868L12.5355 9.70711L13.9497 11.1213L17.4853 7.58579C17.8763 7.19476 17.8763 6.5626 17.4853 6.17158L11.8284 0.514721C11.4374 0.123691 10.8052 0.123691 10.4142 0.514721Z' fill='black'\/>\n            <path d='M9.7071 12.5355L6.87868 15.364L2.63604 11.1213L5.46446 8.2929L4.05025 6.87868L0.514716 10.4142C0.123686 10.8052 0.123686 11.4374 0.514716 11.8284L6.17157 17.4853C6.5626 17.8763 7.19475 17.8763 7.58578 17.4853L11.1213 13.9497L9.7071 12.5355Z' fill='black'\/>\n            <path d='M6.17157 11.8284C6.5626 12.2195 7.19475 12.2195 7.58578 11.8284L11.8284 7.58579C12.2195 7.19476 12.2195 6.56261 11.8284 6.17158C11.4374 5.78055 10.8052 5.78055 10.4142 6.17158L6.17157 10.4142C5.78054 10.8052 5.78054 11.4374 6.17157 11.8284Z' fill='black'\/>\n            <\/svg> <\/a>\n<h2 class=\"wp-block-heading\" id=\"h-om-valberedningen\">Om valberedningen<\/h2>\n\n\n\n<p>\u00c5rsm\u00f6tet utser en valberedning som har till uppgift att f\u00f6resl\u00e5 styrelseledam\u00f6ter till \u00e5rsm\u00f6tet. Enligt stadgarna ska valberedningen str\u00e4va efter att ge Kompetensf\u00f6retagens styrelse en representativ sammans\u00e4ttning. Valberedningen har fritt mandat att f\u00f6resl\u00e5 valfri sammans\u00e4ttning av styrelsen, men har ocks\u00e5 tydliga riktlinjer att f\u00f6rh\u00e5lla sig till (l\u00e4nka).<br><br>Valberedningen best\u00e5r i \u00e5r av <a href=\"https:\/\/www.linkedin.com\/in\/desir%C3%A9e-harkn%C3%A4s-a2451a27\/\">Desir\u00e9e Harkn\u00e4s<\/a>, <a href=\"https:\/\/www.linkedin.com\/in\/magnus-nordkvist-0a707a20\/\">Magnus Nordkvist<\/a>, <a href=\"https:\/\/www.linkedin.com\/in\/lisa-schuman-a843319\/\">Lisa Schuman<\/a> och <a href=\"https:\/\/www.linkedin.com\/in\/charlotte-jareby-hellman-b6276221\/\">Charlotte Jareby-Hellman<\/a>.<\/p>\n","protected":false},"excerpt":{"rendered":"<p>Som styrelseledamot har du stora m\u00f6jligheter att p\u00e5verka verksamheten och styrelsens arbete samtidigt som du breddar ditt kontaktn\u00e4t och \u00f6kar din egen kompetens. Eftersom det \u00e4ven \u00e4r val i \u00e5r beh\u00f6vs engagemang och tid f\u00f6r &hellip;<\/p>\n","protected":false},"author":222,"featured_media":16817,"comment_status":"closed","ping_status":"closed","sticky":false,"template":"","format":"standard","meta":{"_acf_changed":false,"footnotes":""},"categories":[251],"tags":[],"article_type":[8],"agreement":[],"for-members":[],"class_list":["post-21252","post","type-post","status-publish","format-standard","has-post-thumbnail","hentry","category-styrelsen","type-aktuellt"],"acf":[],"yoast_head":"<!-- This site is optimized with the Yoast SEO Premium plugin v26.8 (Yoast SEO v26.8) - https:\/\/yoast.com\/product\/yoast-seo-premium-wordpress\/ -->\n<title>Nominera till styrelsen - Kompetensf\u00f6retagen<\/title>\n<meta name=\"description\" content=\"\u00c4r du intresserad av att kandidera till Kompetensf\u00f6retagens styrelse eller har du f\u00f6rslag p\u00e5 l\u00e4mplig kandidat? D\u00e5 ska du kontakta valberedningen inf\u00f6r \u00e5rsm\u00f6tet den 20 maj 2026.\" \/>\n<meta name=\"robots\" content=\"index, follow, max-snippet:-1, max-image-preview:large, max-video-preview:-1\" \/>\n<link rel=\"canonical\" href=\"https:\/\/www.kompetensforetagen.se\/2026\/01\/nominera-till-styrelsen\/\" \/>\n<meta property=\"og:locale\" content=\"sv_SE\" \/>\n<meta property=\"og:type\" content=\"article\" \/>\n<meta property=\"og:title\" content=\"Nominera till styrelsen\" \/>\n<meta property=\"og:description\" content=\"\u00c4r du intresserad av att kandidera till Kompetensf\u00f6retagens styrelse eller har du f\u00f6rslag p\u00e5 l\u00e4mplig kandidat? D\u00e5 ska du kontakta valberedningen inf\u00f6r \u00e5rsm\u00f6tet den 20 maj 2026.\" \/>\n<meta property=\"og:url\" content=\"https:\/\/www.kompetensforetagen.se\/2026\/01\/nominera-till-styrelsen\/\" \/>\n<meta property=\"og:site_name\" content=\"Kompetensf\u00f6retagen\" \/>\n<meta property=\"article:published_time\" content=\"2026-01-21T09:09:30+00:00\" \/>\n<meta property=\"article:modified_time\" content=\"2026-01-21T09:09:32+00:00\" \/>\n<meta property=\"og:image\" content=\"https:\/\/www.kompetensforetagen.se\/app\/uploads\/sites\/5\/2024\/03\/Desiree-Harknas-valberedning-1.png\" \/>\n\t<meta property=\"og:image:width\" content=\"1920\" \/>\n\t<meta property=\"og:image:height\" content=\"1080\" \/>\n\t<meta property=\"og:image:type\" content=\"image\/png\" \/>\n<meta name=\"author\" content=\"Fredric Sk\u00e4lstad\" \/>\n<meta name=\"twitter:card\" content=\"summary_large_image\" \/>\n<meta name=\"twitter:label1\" content=\"Skriven av\" \/>\n\t<meta name=\"twitter:data1\" content=\"Fredric Sk\u00e4lstad\" \/>\n\t<meta name=\"twitter:label2\" content=\"Ber\u00e4knad l\u00e4stid\" \/>\n\t<meta name=\"twitter:data2\" content=\"1 minut\" \/>\n<!-- \/ Yoast SEO Premium plugin. -->","yoast_head_json":{"title":"Nominera till styrelsen - Kompetensf\u00f6retagen","description":"\u00c4r du intresserad av att kandidera till Kompetensf\u00f6retagens styrelse eller har du f\u00f6rslag p\u00e5 l\u00e4mplig kandidat? D\u00e5 ska du kontakta valberedningen inf\u00f6r \u00e5rsm\u00f6tet den 20 maj 2026.","robots":{"index":"index","follow":"follow","max-snippet":"max-snippet:-1","max-image-preview":"max-image-preview:large","max-video-preview":"max-video-preview:-1"},"canonical":"https:\/\/www.kompetensforetagen.se\/2026\/01\/nominera-till-styrelsen\/","og_locale":"sv_SE","og_type":"article","og_title":"Nominera till styrelsen","og_description":"\u00c4r du intresserad av att kandidera till Kompetensf\u00f6retagens styrelse eller har du f\u00f6rslag p\u00e5 l\u00e4mplig kandidat? D\u00e5 ska du kontakta valberedningen inf\u00f6r \u00e5rsm\u00f6tet den 20 maj 2026.","og_url":"https:\/\/www.kompetensforetagen.se\/2026\/01\/nominera-till-styrelsen\/","og_site_name":"Kompetensf\u00f6retagen","article_published_time":"2026-01-21T09:09:30+00:00","article_modified_time":"2026-01-21T09:09:32+00:00","og_image":[{"width":1920,"height":1080,"url":"https:\/\/www.kompetensforetagen.se\/app\/uploads\/sites\/5\/2024\/03\/Desiree-Harknas-valberedning-1.png","type":"image\/png"}],"author":"Fredric Sk\u00e4lstad","twitter_card":"summary_large_image","twitter_misc":{"Skriven av":"Fredric Sk\u00e4lstad","Ber\u00e4knad l\u00e4stid":"1 minut"},"schema":{"@context":"https:\/\/schema.org","@graph":[{"@type":"Article","@id":"https:\/\/www.kompetensforetagen.se\/2026\/01\/nominera-till-styrelsen\/#article","isPartOf":{"@id":"https:\/\/www.kompetensforetagen.se\/2026\/01\/nominera-till-styrelsen\/"},"author":{"name":"Fredric Sk\u00e4lstad","@id":"https:\/\/www.kompetensforetagen.se\/#\/schema\/person\/72cd48bb411dea15e40f11d726e9eeeb"},"headline":"Nominera till styrelsen","datePublished":"2026-01-21T09:09:30+00:00","dateModified":"2026-01-21T09:09:32+00:00","mainEntityOfPage":{"@id":"https:\/\/www.kompetensforetagen.se\/2026\/01\/nominera-till-styrelsen\/"},"wordCount":188,"publisher":{"@id":"https:\/\/www.kompetensforetagen.se\/#organization"},"image":{"@id":"https:\/\/www.kompetensforetagen.se\/2026\/01\/nominera-till-styrelsen\/#primaryimage"},"thumbnailUrl":"https:\/\/www.kompetensforetagen.se\/app\/uploads\/sites\/5\/2024\/03\/Desiree-Harknas-valberedning-1.png","articleSection":["Styrelsen"],"inLanguage":"sv-SE"},{"@type":"WebPage","@id":"https:\/\/www.kompetensforetagen.se\/2026\/01\/nominera-till-styrelsen\/","url":"https:\/\/www.kompetensforetagen.se\/2026\/01\/nominera-till-styrelsen\/","name":"Nominera till styrelsen - Kompetensf\u00f6retagen","isPartOf":{"@id":"https:\/\/www.kompetensforetagen.se\/#website"},"primaryImageOfPage":{"@id":"https:\/\/www.kompetensforetagen.se\/2026\/01\/nominera-till-styrelsen\/#primaryimage"},"image":{"@id":"https:\/\/www.kompetensforetagen.se\/2026\/01\/nominera-till-styrelsen\/#primaryimage"},"thumbnailUrl":"https:\/\/www.kompetensforetagen.se\/app\/uploads\/sites\/5\/2024\/03\/Desiree-Harknas-valberedning-1.png","datePublished":"2026-01-21T09:09:30+00:00","dateModified":"2026-01-21T09:09:32+00:00","description":"\u00c4r du intresserad av att kandidera till Kompetensf\u00f6retagens styrelse eller har du f\u00f6rslag p\u00e5 l\u00e4mplig kandidat? D\u00e5 ska du kontakta valberedningen inf\u00f6r \u00e5rsm\u00f6tet den 20 maj 2026.","breadcrumb":{"@id":"https:\/\/www.kompetensforetagen.se\/2026\/01\/nominera-till-styrelsen\/#breadcrumb"},"inLanguage":"sv-SE","potentialAction":[{"@type":"ReadAction","target":["https:\/\/www.kompetensforetagen.se\/2026\/01\/nominera-till-styrelsen\/"]}]},{"@type":"ImageObject","inLanguage":"sv-SE","@id":"https:\/\/www.kompetensforetagen.se\/2026\/01\/nominera-till-styrelsen\/#primaryimage","url":"https:\/\/www.kompetensforetagen.se\/app\/uploads\/sites\/5\/2024\/03\/Desiree-Harknas-valberedning-1.png","contentUrl":"https:\/\/www.kompetensforetagen.se\/app\/uploads\/sites\/5\/2024\/03\/Desiree-Harknas-valberedning-1.png","width":1920,"height":1080,"caption":"Nominera till styrelsen"},{"@type":"BreadcrumbList","@id":"https:\/\/www.kompetensforetagen.se\/2026\/01\/nominera-till-styrelsen\/#breadcrumb","itemListElement":[{"@type":"ListItem","position":1,"name":"Home","item":"https:\/\/www.kompetensforetagen.se\/"},{"@type":"ListItem","position":2,"name":"Nominera till styrelsen"}]},{"@type":"WebSite","@id":"https:\/\/www.kompetensforetagen.se\/#website","url":"https:\/\/www.kompetensforetagen.se\/","name":"Kompetensf\u00f6retagen","description":"R\u00e4tt person p\u00e5 r\u00e4tt plats kan f\u00f6r\u00e4ndra v\u00e4rlden","publisher":{"@id":"https:\/\/www.kompetensforetagen.se\/#organization"},"potentialAction":[{"@type":"SearchAction","target":{"@type":"EntryPoint","urlTemplate":"https:\/\/www.kompetensforetagen.se\/?s={search_term_string}"},"query-input":{"@type":"PropertyValueSpecification","valueRequired":true,"valueName":"search_term_string"}}],"inLanguage":"sv-SE"},{"@type":"Organization","@id":"https:\/\/www.kompetensforetagen.se\/#organization","name":"Kompetensf\u00f6retagen","url":"https:\/\/www.kompetensforetagen.se\/","logo":{"@type":"ImageObject","inLanguage":"sv-SE","@id":"https:\/\/www.kompetensforetagen.se\/#\/schema\/logo\/image\/","url":"https:\/\/www.kompetensforetagen.se\/app\/uploads\/sites\/5\/2022\/10\/logga_svart.png","contentUrl":"https:\/\/www.kompetensforetagen.se\/app\/uploads\/sites\/5\/2022\/10\/logga_svart.png","width":752,"height":64,"caption":"Kompetensf\u00f6retagen"},"image":{"@id":"https:\/\/www.kompetensforetagen.se\/#\/schema\/logo\/image\/"},"sameAs":["https:\/\/www.linkedin.com\/company\/10540032\/"]},{"@type":"Person","@id":"https:\/\/www.kompetensforetagen.se\/#\/schema\/person\/72cd48bb411dea15e40f11d726e9eeeb","name":"Fredric Sk\u00e4lstad","image":{"@type":"ImageObject","inLanguage":"sv-SE","@id":"https:\/\/www.kompetensforetagen.se\/#\/schema\/person\/image\/","url":"https:\/\/secure.gravatar.com\/avatar\/64f20bf3ac13c78aedd6054f495d1a00b38234d6bf532fa3b1cb3ff0bcc24f8d?s=96&d=mm&r=g","contentUrl":"https:\/\/secure.gravatar.com\/avatar\/64f20bf3ac13c78aedd6054f495d1a00b38234d6bf532fa3b1cb3ff0bcc24f8d?s=96&d=mm&r=g","caption":"Fredric Sk\u00e4lstad"},"description":"Fredric \u00e4r n\u00e4ringspolitisk chef p\u00e5 Kompetensf\u00f6retagen.","url":"https:\/\/www.kompetensforetagen.se\/person\/fredricskalstad\/"}]}},"_links":{"self":[{"href":"https:\/\/www.kompetensforetagen.se\/api\/wp\/v2\/posts\/21252","targetHints":{"allow":["GET"]}}],"collection":[{"href":"https:\/\/www.kompetensforetagen.se\/api\/wp\/v2\/posts"}],"about":[{"href":"https:\/\/www.kompetensforetagen.se\/api\/wp\/v2\/types\/post"}],"author":[{"embeddable":true,"href":"https:\/\/www.kompetensforetagen.se\/api\/wp\/v2\/users\/222"}],"replies":[{"embeddable":true,"href":"https:\/\/www.kompetensforetagen.se\/api\/wp\/v2\/comments?post=21252"}],"version-history":[{"count":1,"href":"https:\/\/www.kompetensforetagen.se\/api\/wp\/v2\/posts\/21252\/revisions"}],"predecessor-version":[{"id":21253,"href":"https:\/\/www.kompetensforetagen.se\/api\/wp\/v2\/posts\/21252\/revisions\/21253"}],"wp:featuredmedia":[{"embeddable":true,"href":"https:\/\/www.kompetensforetagen.se\/api\/wp\/v2\/media\/16817"}],"wp:attachment":[{"href":"https:\/\/www.kompetensforetagen.se\/api\/wp\/v2\/media?parent=21252"}],"wp:term":[{"taxonomy":"category","embeddable":true,"href":"https:\/\/www.kompetensforetagen.se\/api\/wp\/v2\/categories?post=21252"},{"taxonomy":"post_tag","embeddable":true,"href":"https:\/\/www.kompetensforetagen.se\/api\/wp\/v2\/tags?post=21252"},{"taxonomy":"type","embeddable":true,"href":"https:\/\/www.kompetensforetagen.se\/api\/wp\/v2\/article_type?post=21252"},{"taxonomy":"agreement","embeddable":true,"href":"https:\/\/www.kompetensforetagen.se\/api\/wp\/v2\/agreement?post=21252"},{"taxonomy":"for-members","embeddable":true,"href":"https:\/\/www.kompetensforetagen.se\/api\/wp\/v2\/for-members?post=21252"}],"curies":[{"name":"wp","href":"https:\/\/api.w.org\/{rel}","templated":true}]}}