{"id":21223,"date":"2026-01-19T08:17:00","date_gmt":"2026-01-19T07:17:00","guid":{"rendered":"https:\/\/www.kompetensforetagen.se\/?p=21223"},"modified":"2026-01-08T15:26:54","modified_gmt":"2026-01-08T14:26:54","slug":"ny-upphandlingsexpert","status":"publish","type":"post","link":"https:\/\/www.kompetensforetagen.se\/2026\/01\/ny-upphandlingsexpert\/","title":{"rendered":"Anna L\u00f6nnerberg ny upphandlingsexpert"},"content":{"rendered":"<p class=\"intro\">Varmt v\u00e4lkommen Anna L\u00f6nnerberg som \u00e4r ny upphandlingsexpert p\u00e5 Kompetensf\u00f6retagen.<\/p>\n\n<p><strong>Vad lockade dig till rollen som <a href=\"https:\/\/www.kompetensforetagen.se\/aktivitetskategori\/upphandling\/\" target=\"_blank\" rel=\"noreferrer noopener\">upphandlingsexpert <\/a>p\u00e5 Kompetensf\u00f6retagen?<\/strong><br>\u2013\u00a0Jag brinner f\u00f6r att skapa m\u00f6jligheter f\u00f6r leverant\u00f6rer att delta i upphandlingar och vill underl\u00e4tta processen f\u00f6r dem.<\/p>\n\n\n\n<p><strong>Vad ser du som ditt viktigaste uppdrag i rollen?<\/strong><br>\u2013\u00a0Mitt fr\u00e4msta m\u00e5l \u00e4r just att g\u00f6ra upphandlingar mer tillg\u00e4ngliga och tydliga, s\u00e5 att fler f\u00f6retag v\u00e5gar delta och k\u00e4nner sig trygga i processen.<\/p>\n\n\n\n<p><strong>Vilka utmaningar ser du i dagens upphandlingsklimat f\u00f6r kompetensf\u00f6retag?<\/strong><br>\u2013\u00a0Att det ofta \u00e4r kr\u00e5ngligt att l\u00e4mna anbud, villkor som inte \u00e4r anpassade efter branschen och brister i avtalsuppf\u00f6ljning. M\u00e5nga \u00e4r ocks\u00e5 r\u00e4dda f\u00f6r offentlig upphandling, f\u00f6rst\u00e5r inte regelverket och drar sig d\u00e4rf\u00f6r f\u00f6r att l\u00e4mna anbud.<\/p>\n\n\n\n<p><strong>Hur kan medlemsf\u00f6retagen dra nytta av ditt st\u00f6d i upphandlingsfr\u00e5gor?<\/strong><br>\u2013\u00a0Jag har l\u00e5ng erfarenhet av upphandling, b\u00e5de fr\u00e5n offentlig sektor och\u00a0som st\u00f6d vid anbudsgivning, och har erfarenhet fr\u00e5n b\u00e5da sidor i processen. Medlemsf\u00f6retag som har fr\u00e5gor kring upphandling kan alltid v\u00e4nda sig till mig f\u00f6r v\u00e4gledning.<\/p>\n\n\n\n<p><strong>Finns det n\u00e5gra nya trender eller f\u00f6r\u00e4ndringar inom upphandling som f\u00f6retag b\u00f6r k\u00e4nna till?<\/strong><br>\u2013\u00a0Ett <a href=\"https:\/\/www.svensktnaringsliv.se\/sakomraden\/foretagsjuridik\/nodvandig-oversyn-av-eus-upphandlingsregler_1242311.html\" target=\"_blank\" rel=\"noreferrer noopener\">nytt regelverk \u00e4r p\u00e5 g\u00e5ng inom EU<\/a>\u00a0som kommer att p\u00e5verka upphandlingsreglerna p\u00e5 sikt.\u00a0AI kommer\u00a0mer och mer\u00a0in\u00a0i\u00a0upphandling och upphandlingssystem,\u00a0\u00e4ven om utvecklingen g\u00e5r lite l\u00e5ngsamt. F\u00f6rhandling.<\/p>\n\n\n\n<p><strong>Vad \u00e4r ditt b\u00e4sta r\u00e5d till f\u00f6retag som vill bli mer framg\u00e5ngsrika i offentliga upphandlingar?<\/strong><br>\u2013\u00a0F\u00f6lj f\u00f6rfr\u00e5gningsunderlagen noggrant\u00a0och svara bara p\u00e5 det som efterfr\u00e5gas. Det \u00e4r grunden f\u00f6r att lyckas.\u00a0Dra dig inte f\u00f6r att fr\u00e5ga om n\u00e5got \u00e4r otydligt.<\/p>\n\n\n\n      <a href=\"https:\/\/www.kompetensforetagen.se\/rapport\/upphandlingsguide\/#inledning\" target=\"_blank\" class=\"Button is-button is-fullwidth is-style-fill has-black-background-color has-black-border-color has-white-color Button--arrow-tip\">\n      \n        L\u00e4s v\u00e5r upphandlingsguide\n      \n      \n                \n                <svg class='icon icon--arrow-tip'  width=\"11\" height=\"16\" viewBox=\"0 0 11 16\" fill=\"none\" xmlns=\"http:\/\/www.w3.org\/2000\/svg\">\n<path d=\"M0.858398 15L9.2304 7.99664L0.967732 1.00001\" stroke=\"black\" stroke-width=\"2\" stroke-miterlimit=\"10\"\/>\n<\/svg>\n\n        \n    <\/a>\n  \n","protected":false},"excerpt":{"rendered":"<p>Vad lockade dig till rollen som upphandlingsexpert p\u00e5 Kompetensf\u00f6retagen?\u2013\u00a0Jag brinner f\u00f6r att skapa m\u00f6jligheter f\u00f6r leverant\u00f6rer att delta i upphandlingar och vill underl\u00e4tta processen f\u00f6r dem. Vad ser du som ditt viktigaste uppdrag i rollen?\u2013\u00a0Mitt &hellip;<\/p>\n","protected":false},"author":222,"featured_media":21224,"comment_status":"closed","ping_status":"closed","sticky":false,"template":"","format":"standard","meta":{"_acf_changed":false,"footnotes":""},"categories":[21],"tags":[],"article_type":[8],"agreement":[],"for-members":[],"class_list":["post-21223","post","type-post","status-publish","format-standard","has-post-thumbnail","hentry","category-offentlig-upphandling","type-aktuellt"],"acf":[],"yoast_head":"<!-- This site is optimized with the Yoast SEO Premium plugin v26.8 (Yoast SEO v26.8) - https:\/\/yoast.com\/product\/yoast-seo-premium-wordpress\/ -->\n<title>Anna L\u00f6nnerberg ny upphandlingsexpert - Kompetensf\u00f6retagen<\/title>\n<meta name=\"description\" content=\"Anna L\u00f6nnerberg \u00e4r ny upphandlingsexpert p\u00e5 Kompetensf\u00f6retagen. Du kan kontakta Anna om du beh\u00f6ver hj\u00e4lp med upphandlingsfr\u00e5gor\" \/>\n<meta name=\"robots\" content=\"index, follow, max-snippet:-1, max-image-preview:large, max-video-preview:-1\" \/>\n<link rel=\"canonical\" href=\"https:\/\/www.kompetensforetagen.se\/2026\/01\/ny-upphandlingsexpert\/\" \/>\n<meta property=\"og:locale\" content=\"sv_SE\" \/>\n<meta property=\"og:type\" content=\"article\" \/>\n<meta property=\"og:title\" content=\"Anna L\u00f6nnerberg ny upphandlingsexpert\" \/>\n<meta property=\"og:description\" content=\"Anna L\u00f6nnerberg \u00e4r ny upphandlingsexpert p\u00e5 Kompetensf\u00f6retagen. Du kan kontakta Anna om du beh\u00f6ver hj\u00e4lp med upphandlingsfr\u00e5gor\" \/>\n<meta property=\"og:url\" content=\"https:\/\/www.kompetensforetagen.se\/2026\/01\/ny-upphandlingsexpert\/\" \/>\n<meta property=\"og:site_name\" content=\"Kompetensf\u00f6retagen\" \/>\n<meta property=\"article:published_time\" content=\"2026-01-19T07:17:00+00:00\" \/>\n<meta property=\"og:image\" content=\"https:\/\/www.kompetensforetagen.se\/app\/uploads\/sites\/5\/2026\/01\/Anna-Lonnerberg.jpg\" \/>\n\t<meta property=\"og:image:width\" content=\"2048\" \/>\n\t<meta property=\"og:image:height\" content=\"1536\" \/>\n\t<meta property=\"og:image:type\" content=\"image\/jpeg\" \/>\n<meta name=\"author\" content=\"Fredric Sk\u00e4lstad\" \/>\n<meta name=\"twitter:card\" content=\"summary_large_image\" \/>\n<meta name=\"twitter:label1\" content=\"Skriven av\" \/>\n\t<meta name=\"twitter:data1\" content=\"Fredric Sk\u00e4lstad\" \/>\n\t<meta name=\"twitter:label2\" content=\"Ber\u00e4knad l\u00e4stid\" \/>\n\t<meta name=\"twitter:data2\" content=\"2 minuter\" \/>\n<!-- \/ Yoast SEO Premium plugin. -->","yoast_head_json":{"title":"Anna L\u00f6nnerberg ny upphandlingsexpert - Kompetensf\u00f6retagen","description":"Anna L\u00f6nnerberg \u00e4r ny upphandlingsexpert p\u00e5 Kompetensf\u00f6retagen. Du kan kontakta Anna om du beh\u00f6ver hj\u00e4lp med upphandlingsfr\u00e5gor","robots":{"index":"index","follow":"follow","max-snippet":"max-snippet:-1","max-image-preview":"max-image-preview:large","max-video-preview":"max-video-preview:-1"},"canonical":"https:\/\/www.kompetensforetagen.se\/2026\/01\/ny-upphandlingsexpert\/","og_locale":"sv_SE","og_type":"article","og_title":"Anna L\u00f6nnerberg ny upphandlingsexpert","og_description":"Anna L\u00f6nnerberg \u00e4r ny upphandlingsexpert p\u00e5 Kompetensf\u00f6retagen. Du kan kontakta Anna om du beh\u00f6ver hj\u00e4lp med upphandlingsfr\u00e5gor","og_url":"https:\/\/www.kompetensforetagen.se\/2026\/01\/ny-upphandlingsexpert\/","og_site_name":"Kompetensf\u00f6retagen","article_published_time":"2026-01-19T07:17:00+00:00","og_image":[{"width":2048,"height":1536,"url":"https:\/\/www.kompetensforetagen.se\/app\/uploads\/sites\/5\/2026\/01\/Anna-Lonnerberg.jpg","type":"image\/jpeg"}],"author":"Fredric Sk\u00e4lstad","twitter_card":"summary_large_image","twitter_misc":{"Skriven av":"Fredric Sk\u00e4lstad","Ber\u00e4knad l\u00e4stid":"2 minuter"},"schema":{"@context":"https:\/\/schema.org","@graph":[{"@type":"Article","@id":"https:\/\/www.kompetensforetagen.se\/2026\/01\/ny-upphandlingsexpert\/#article","isPartOf":{"@id":"https:\/\/www.kompetensforetagen.se\/2026\/01\/ny-upphandlingsexpert\/"},"author":{"name":"Fredric Sk\u00e4lstad","@id":"https:\/\/www.kompetensforetagen.se\/#\/schema\/person\/72cd48bb411dea15e40f11d726e9eeeb"},"headline":"Anna L\u00f6nnerberg ny upphandlingsexpert","datePublished":"2026-01-19T07:17:00+00:00","mainEntityOfPage":{"@id":"https:\/\/www.kompetensforetagen.se\/2026\/01\/ny-upphandlingsexpert\/"},"wordCount":310,"publisher":{"@id":"https:\/\/www.kompetensforetagen.se\/#organization"},"image":{"@id":"https:\/\/www.kompetensforetagen.se\/2026\/01\/ny-upphandlingsexpert\/#primaryimage"},"thumbnailUrl":"https:\/\/www.kompetensforetagen.se\/app\/uploads\/sites\/5\/2026\/01\/Anna-Lonnerberg.jpg","articleSection":["Offentlig upphandling"],"inLanguage":"sv-SE"},{"@type":"WebPage","@id":"https:\/\/www.kompetensforetagen.se\/2026\/01\/ny-upphandlingsexpert\/","url":"https:\/\/www.kompetensforetagen.se\/2026\/01\/ny-upphandlingsexpert\/","name":"Anna L\u00f6nnerberg ny upphandlingsexpert - Kompetensf\u00f6retagen","isPartOf":{"@id":"https:\/\/www.kompetensforetagen.se\/#website"},"primaryImageOfPage":{"@id":"https:\/\/www.kompetensforetagen.se\/2026\/01\/ny-upphandlingsexpert\/#primaryimage"},"image":{"@id":"https:\/\/www.kompetensforetagen.se\/2026\/01\/ny-upphandlingsexpert\/#primaryimage"},"thumbnailUrl":"https:\/\/www.kompetensforetagen.se\/app\/uploads\/sites\/5\/2026\/01\/Anna-Lonnerberg.jpg","datePublished":"2026-01-19T07:17:00+00:00","description":"Anna L\u00f6nnerberg \u00e4r ny upphandlingsexpert p\u00e5 Kompetensf\u00f6retagen. Du kan kontakta Anna om du beh\u00f6ver hj\u00e4lp med upphandlingsfr\u00e5gor","breadcrumb":{"@id":"https:\/\/www.kompetensforetagen.se\/2026\/01\/ny-upphandlingsexpert\/#breadcrumb"},"inLanguage":"sv-SE","potentialAction":[{"@type":"ReadAction","target":["https:\/\/www.kompetensforetagen.se\/2026\/01\/ny-upphandlingsexpert\/"]}]},{"@type":"ImageObject","inLanguage":"sv-SE","@id":"https:\/\/www.kompetensforetagen.se\/2026\/01\/ny-upphandlingsexpert\/#primaryimage","url":"https:\/\/www.kompetensforetagen.se\/app\/uploads\/sites\/5\/2026\/01\/Anna-Lonnerberg.jpg","contentUrl":"https:\/\/www.kompetensforetagen.se\/app\/uploads\/sites\/5\/2026\/01\/Anna-Lonnerberg.jpg","width":2048,"height":1536,"caption":"Anna L\u00f6nnerberg, ny upphandlingsexpert"},{"@type":"BreadcrumbList","@id":"https:\/\/www.kompetensforetagen.se\/2026\/01\/ny-upphandlingsexpert\/#breadcrumb","itemListElement":[{"@type":"ListItem","position":1,"name":"Home","item":"https:\/\/www.kompetensforetagen.se\/"},{"@type":"ListItem","position":2,"name":"Anna L\u00f6nnerberg ny upphandlingsexpert"}]},{"@type":"WebSite","@id":"https:\/\/www.kompetensforetagen.se\/#website","url":"https:\/\/www.kompetensforetagen.se\/","name":"Kompetensf\u00f6retagen","description":"R\u00e4tt person p\u00e5 r\u00e4tt plats kan f\u00f6r\u00e4ndra v\u00e4rlden","publisher":{"@id":"https:\/\/www.kompetensforetagen.se\/#organization"},"potentialAction":[{"@type":"SearchAction","target":{"@type":"EntryPoint","urlTemplate":"https:\/\/www.kompetensforetagen.se\/?s={search_term_string}"},"query-input":{"@type":"PropertyValueSpecification","valueRequired":true,"valueName":"search_term_string"}}],"inLanguage":"sv-SE"},{"@type":"Organization","@id":"https:\/\/www.kompetensforetagen.se\/#organization","name":"Kompetensf\u00f6retagen","url":"https:\/\/www.kompetensforetagen.se\/","logo":{"@type":"ImageObject","inLanguage":"sv-SE","@id":"https:\/\/www.kompetensforetagen.se\/#\/schema\/logo\/image\/","url":"https:\/\/www.kompetensforetagen.se\/app\/uploads\/sites\/5\/2022\/10\/logga_svart.png","contentUrl":"https:\/\/www.kompetensforetagen.se\/app\/uploads\/sites\/5\/2022\/10\/logga_svart.png","width":752,"height":64,"caption":"Kompetensf\u00f6retagen"},"image":{"@id":"https:\/\/www.kompetensforetagen.se\/#\/schema\/logo\/image\/"},"sameAs":["https:\/\/www.linkedin.com\/company\/10540032\/"]},{"@type":"Person","@id":"https:\/\/www.kompetensforetagen.se\/#\/schema\/person\/72cd48bb411dea15e40f11d726e9eeeb","name":"Fredric Sk\u00e4lstad","image":{"@type":"ImageObject","inLanguage":"sv-SE","@id":"https:\/\/www.kompetensforetagen.se\/#\/schema\/person\/image\/","url":"https:\/\/secure.gravatar.com\/avatar\/64f20bf3ac13c78aedd6054f495d1a00b38234d6bf532fa3b1cb3ff0bcc24f8d?s=96&d=mm&r=g","contentUrl":"https:\/\/secure.gravatar.com\/avatar\/64f20bf3ac13c78aedd6054f495d1a00b38234d6bf532fa3b1cb3ff0bcc24f8d?s=96&d=mm&r=g","caption":"Fredric Sk\u00e4lstad"},"description":"Fredric \u00e4r n\u00e4ringspolitisk chef p\u00e5 Kompetensf\u00f6retagen.","url":"https:\/\/www.kompetensforetagen.se\/person\/fredricskalstad\/"}]}},"_links":{"self":[{"href":"https:\/\/www.kompetensforetagen.se\/api\/wp\/v2\/posts\/21223","targetHints":{"allow":["GET"]}}],"collection":[{"href":"https:\/\/www.kompetensforetagen.se\/api\/wp\/v2\/posts"}],"about":[{"href":"https:\/\/www.kompetensforetagen.se\/api\/wp\/v2\/types\/post"}],"author":[{"embeddable":true,"href":"https:\/\/www.kompetensforetagen.se\/api\/wp\/v2\/users\/222"}],"replies":[{"embeddable":true,"href":"https:\/\/www.kompetensforetagen.se\/api\/wp\/v2\/comments?post=21223"}],"version-history":[{"count":1,"href":"https:\/\/www.kompetensforetagen.se\/api\/wp\/v2\/posts\/21223\/revisions"}],"predecessor-version":[{"id":21226,"href":"https:\/\/www.kompetensforetagen.se\/api\/wp\/v2\/posts\/21223\/revisions\/21226"}],"wp:featuredmedia":[{"embeddable":true,"href":"https:\/\/www.kompetensforetagen.se\/api\/wp\/v2\/media\/21224"}],"wp:attachment":[{"href":"https:\/\/www.kompetensforetagen.se\/api\/wp\/v2\/media?parent=21223"}],"wp:term":[{"taxonomy":"category","embeddable":true,"href":"https:\/\/www.kompetensforetagen.se\/api\/wp\/v2\/categories?post=21223"},{"taxonomy":"post_tag","embeddable":true,"href":"https:\/\/www.kompetensforetagen.se\/api\/wp\/v2\/tags?post=21223"},{"taxonomy":"type","embeddable":true,"href":"https:\/\/www.kompetensforetagen.se\/api\/wp\/v2\/article_type?post=21223"},{"taxonomy":"agreement","embeddable":true,"href":"https:\/\/www.kompetensforetagen.se\/api\/wp\/v2\/agreement?post=21223"},{"taxonomy":"for-members","embeddable":true,"href":"https:\/\/www.kompetensforetagen.se\/api\/wp\/v2\/for-members?post=21223"}],"curies":[{"name":"wp","href":"https:\/\/api.w.org\/{rel}","templated":true}]}}