{"id":21139,"date":"2025-12-09T09:38:09","date_gmt":"2025-12-09T08:38:09","guid":{"rendered":"https:\/\/www.kompetensforetagen.se\/?p=21139"},"modified":"2025-12-09T10:00:07","modified_gmt":"2025-12-09T09:00:07","slug":"etableringsjobb-allt-du-behover-veta","status":"publish","type":"post","link":"https:\/\/www.kompetensforetagen.se\/2025\/12\/etableringsjobb-allt-du-behover-veta\/","title":{"rendered":"Etableringsjobb &#8211; allt du beh\u00f6ver veta"},"content":{"rendered":"<p class=\"intro\">Etableringsjobb \u00e4r en partsdriven reform som \u00f6ppnar d\u00f6rrar till arbetsmarknaden f\u00f6r nyanl\u00e4nda och l\u00e5ngtidsarbetsl\u00f6sa. V\u00e5r n\u00e4ringspolitiska expert Jessica Forss Katz f\u00f6rklarar hur det fungerar, varf\u00f6r det \u00e4r viktigt och hur ditt f\u00f6retag kan dra nytta av m\u00f6jligheten.<\/p>\n<a class='Share__link Share__link--url copy-text' href='#' rel='nofollow' data-text='vad-ar-etableringsjobb?' title='Dela url' data-confirmation='L\u00e4nken kopierades till urklipp'><svg class='icon icon--link'  width='18' height='18' viewBox='0 0 18 18' fill='none' xmlns='http:\/\/www.w3.org\/2000\/svg'>\n            <path d='M10.4142 0.514721L6.87868 4.05025L8.29289 5.46447L11.1213 2.63604L15.364 6.87868L12.5355 9.70711L13.9497 11.1213L17.4853 7.58579C17.8763 7.19476 17.8763 6.5626 17.4853 6.17158L11.8284 0.514721C11.4374 0.123691 10.8052 0.123691 10.4142 0.514721Z' fill='black'\/>\n            <path d='M9.7071 12.5355L6.87868 15.364L2.63604 11.1213L5.46446 8.2929L4.05025 6.87868L0.514716 10.4142C0.123686 10.8052 0.123686 11.4374 0.514716 11.8284L6.17157 17.4853C6.5626 17.8763 7.19475 17.8763 7.58578 17.4853L11.1213 13.9497L9.7071 12.5355Z' fill='black'\/>\n            <path d='M6.17157 11.8284C6.5626 12.2195 7.19475 12.2195 7.58578 11.8284L11.8284 7.58579C12.2195 7.19476 12.2195 6.56261 11.8284 6.17158C11.4374 5.78055 10.8052 5.78055 10.4142 6.17158L6.17157 10.4142C5.78054 10.8052 5.78054 11.4374 6.17157 11.8284Z' fill='black'\/>\n            <\/svg> <\/a>\n<h2 class=\"wp-block-heading\" id=\"h-vad-ar-etableringsjobb\">Vad \u00e4r etableringsjobb?<\/h2>\n\n\n\n<p>Etableringsjobb \u00e4r en visstidsanst\u00e4llning p\u00e5 upp till tv\u00e5 \u00e5r hos kollektivavtalsanslutna f\u00f6retag. Anst\u00e4llningsformen \u00e4r anpassad till personer som st\u00e5r l\u00e5ngt ifr\u00e5n arbetsmarknaden. Staten subventionerar l\u00f6nen, och den anst\u00e4llde f\u00e5r m\u00f6jlighet till utbildning p\u00e5 betald arbetstid. M\u00e5let \u00e4r att skapa en v\u00e4g till tillsvidareanst\u00e4llning och l\u00e5ngsiktig integration.<\/p>\n\n\n\n<p>I parts\u00f6verenskommelsen\u202ffr\u00e5n 2022 finns en begr\u00e4nsning som riktar sig mot bemanningsf\u00f6retag. Det st\u00e5r n\u00e4mligen i \u00a7 1 att &#8221;Den anst\u00e4llde f\u00e5r inte st\u00e5 under arbetsledning av annan \u00e4n arbetsgivaren&#8221;.\u202f D\u00e4rmed kan inte bemanningsf\u00f6retag anst\u00e4lla p\u00e5 denna subventionerade anst\u00e4llningsform.<\/p>\n\n\n\n<p><a href=\"https:\/\/www.kompetensforetagen.se\/etableringsjobben\/\">Detta \u00e4r ett stort hinder f\u00f6r reformens framg\u00e5ng.<\/a> Bemanningsf\u00f6retag \u00e4r nyckelakt\u00f6rer f\u00f6r att s\u00e4nka tr\u00f6sklarna till arbetsmarknaden. De anst\u00e4ller fler utrikesf\u00f6dda, unga och arbetsl\u00f6sa \u00e4n \u00f6vriga n\u00e4ringslivet och har l\u00e5ng erfarenhet av matchning. D\u00e4rf\u00f6r \u00e4r det viktigt att <a href=\"https:\/\/www.kompetensforetagen.se\/2021\/09\/anmarkningsvart-att-kompetensforetag-utesluts-ur-satsningen-pa-etableringsjobben\/\">branschen inkluderas<\/a> i etableringsjobben.<\/p>\n\n\n\n<p><\/p>\n\n\n<a class='Share__link Share__link--url copy-text' href='#' rel='nofollow' data-text='vilka-kan-fa-etableringsjobb?' title='Dela url' data-confirmation='L\u00e4nken kopierades till urklipp'><svg class='icon icon--link'  width='18' height='18' viewBox='0 0 18 18' fill='none' xmlns='http:\/\/www.w3.org\/2000\/svg'>\n            <path d='M10.4142 0.514721L6.87868 4.05025L8.29289 5.46447L11.1213 2.63604L15.364 6.87868L12.5355 9.70711L13.9497 11.1213L17.4853 7.58579C17.8763 7.19476 17.8763 6.5626 17.4853 6.17158L11.8284 0.514721C11.4374 0.123691 10.8052 0.123691 10.4142 0.514721Z' fill='black'\/>\n            <path d='M9.7071 12.5355L6.87868 15.364L2.63604 11.1213L5.46446 8.2929L4.05025 6.87868L0.514716 10.4142C0.123686 10.8052 0.123686 11.4374 0.514716 11.8284L6.17157 17.4853C6.5626 17.8763 7.19475 17.8763 7.58578 17.4853L11.1213 13.9497L9.7071 12.5355Z' fill='black'\/>\n            <path d='M6.17157 11.8284C6.5626 12.2195 7.19475 12.2195 7.58578 11.8284L11.8284 7.58579C12.2195 7.19476 12.2195 6.56261 11.8284 6.17158C11.4374 5.78055 10.8052 5.78055 10.4142 6.17158L6.17157 10.4142C5.78054 10.8052 5.78054 11.4374 6.17157 11.8284Z' fill='black'\/>\n            <\/svg> <\/a>\n<h2 class=\"wp-block-heading\" id=\"h-vilka-kan-fa-etableringsjobb\">Vilka kan f\u00e5 etableringsjobb?<\/h2>\n\n\n\n<ul class=\"wp-block-list\">\n<li>nyanl\u00e4nda som fyllt 20 \u00e5r och beviljats uppeh\u00e5llstillst\u00e5nd de senaste 36 m\u00e5nader<\/li>\n\n\n\n<li>personer som fyllt 20 \u00e5r och har varit inskrivna som arbetss\u00f6kande hos Arbetsf\u00f6rmedlingen i minst 24 av de senaste 27 m\u00e5naderna<\/li>\n\n\n\n<li>personer som \u00e4r anvisade till det arbetsmarknadspolitiska programmet etableringsinsatser<\/li>\n<\/ul>\n\n\n<a class='Share__link Share__link--url copy-text' href='#' rel='nofollow' data-text='varfor-ar-etableringsjobb-viktigt?' title='Dela url' data-confirmation='L\u00e4nken kopierades till urklipp'><svg class='icon icon--link'  width='18' height='18' viewBox='0 0 18 18' fill='none' xmlns='http:\/\/www.w3.org\/2000\/svg'>\n            <path d='M10.4142 0.514721L6.87868 4.05025L8.29289 5.46447L11.1213 2.63604L15.364 6.87868L12.5355 9.70711L13.9497 11.1213L17.4853 7.58579C17.8763 7.19476 17.8763 6.5626 17.4853 6.17158L11.8284 0.514721C11.4374 0.123691 10.8052 0.123691 10.4142 0.514721Z' fill='black'\/>\n            <path d='M9.7071 12.5355L6.87868 15.364L2.63604 11.1213L5.46446 8.2929L4.05025 6.87868L0.514716 10.4142C0.123686 10.8052 0.123686 11.4374 0.514716 11.8284L6.17157 17.4853C6.5626 17.8763 7.19475 17.8763 7.58578 17.4853L11.1213 13.9497L9.7071 12.5355Z' fill='black'\/>\n            <path d='M6.17157 11.8284C6.5626 12.2195 7.19475 12.2195 7.58578 11.8284L11.8284 7.58579C12.2195 7.19476 12.2195 6.56261 11.8284 6.17158C11.4374 5.78055 10.8052 5.78055 10.4142 6.17158L6.17157 10.4142C5.78054 10.8052 5.78054 11.4374 6.17157 11.8284Z' fill='black'\/>\n            <\/svg> <\/a>\n<h2 class=\"wp-block-heading\" id=\"h-varfor-ar-etableringsjobb-viktigt\">Varf\u00f6r \u00e4r etableringsjobb viktigt?<\/h2>\n\n\n\n<p>S\u00e4nker tr\u00f6sklar och underl\u00e4ttar etablering p\u00e5 arbetsmarknaden f\u00f6r personer som st\u00e5r l\u00e5ngt ifr\u00e5n den svenska arbetsmarknaden.<\/p>\n\n\n\n<p>Ger individen trygghet och arbetslivserfarenhet hos kollektivavtalsanslutna f\u00f6retag.<\/p>\n\n\n\n<p>Hj\u00e4lper f\u00f6retag att hitta kompetens och bidra till samh\u00e4llsansvar.<\/p>\n\n\n<a class='Share__link Share__link--url copy-text' href='#' rel='nofollow' data-text='hur-fungerar-det-i-praktiken?' title='Dela url' data-confirmation='L\u00e4nken kopierades till urklipp'><svg class='icon icon--link'  width='18' height='18' viewBox='0 0 18 18' fill='none' xmlns='http:\/\/www.w3.org\/2000\/svg'>\n            <path d='M10.4142 0.514721L6.87868 4.05025L8.29289 5.46447L11.1213 2.63604L15.364 6.87868L12.5355 9.70711L13.9497 11.1213L17.4853 7.58579C17.8763 7.19476 17.8763 6.5626 17.4853 6.17158L11.8284 0.514721C11.4374 0.123691 10.8052 0.123691 10.4142 0.514721Z' fill='black'\/>\n            <path d='M9.7071 12.5355L6.87868 15.364L2.63604 11.1213L5.46446 8.2929L4.05025 6.87868L0.514716 10.4142C0.123686 10.8052 0.123686 11.4374 0.514716 11.8284L6.17157 17.4853C6.5626 17.8763 7.19475 17.8763 7.58578 17.4853L11.1213 13.9497L9.7071 12.5355Z' fill='black'\/>\n            <path d='M6.17157 11.8284C6.5626 12.2195 7.19475 12.2195 7.58578 11.8284L11.8284 7.58579C12.2195 7.19476 12.2195 6.56261 11.8284 6.17158C11.4374 5.78055 10.8052 5.78055 10.4142 6.17158L6.17157 10.4142C5.78054 10.8052 5.78054 11.4374 6.17157 11.8284Z' fill='black'\/>\n            <\/svg> <\/a>\n<h2 class=\"wp-block-heading\" id=\"h-hur-fungerar-det-i-praktiken\">Hur fungerar det i praktiken?<\/h2>\n\n\n\n<p><strong>Villkor:<\/strong> F\u00f6r att kunna erbjuda etableringsjobb kr\u00e4vs att arbetsmarknadens parter inom en viss bransch har tecknat ett centralt avtal. Vidare m\u00e5ste den lokala fackklubben ocks\u00e5 teckna avtal med arbetsgivaren. <a href=\"https:\/\/view.officeapps.live.com\/op\/view.aspx?src=https%3A%2F%2Farbetsformedlingen.se%2Fdownload%2F18.7901fd42190b98b705e3ec2%2F1759491867237%2Fkollektivavtal-etableringsjobb.xlsx&amp;wdOrigin=BROWSELINK\" target=\"_blank\" rel=\"noreferrer noopener\">H\u00e4r finns listan \u00f6ver de avtal som hittills tecknats f\u00f6r etableringsjobb.<\/a><\/p>\n\n\n\n<p><strong>L\u00f6n:<\/strong> Arbetsgivaren betalar en del av l\u00f6nen, staten resten.<\/p>\n\n\n\n<p><strong>Utbildning: <\/strong>Relevant utbildning under arbetstid, finansierad av staten.<\/p>\n\n\n\n<p><strong>Tidsram:<\/strong> Max tv\u00e5 \u00e5r, med ambitionen att \u00f6verg\u00e5 till fast anst\u00e4llning.<\/p>\n\n\n<a class='Share__link Share__link--url copy-text' href='#' rel='nofollow' data-text='sa-har-gor-du-som-arbetsgivare' title='Dela url' data-confirmation='L\u00e4nken kopierades till urklipp'><svg class='icon icon--link'  width='18' height='18' viewBox='0 0 18 18' fill='none' xmlns='http:\/\/www.w3.org\/2000\/svg'>\n            <path d='M10.4142 0.514721L6.87868 4.05025L8.29289 5.46447L11.1213 2.63604L15.364 6.87868L12.5355 9.70711L13.9497 11.1213L17.4853 7.58579C17.8763 7.19476 17.8763 6.5626 17.4853 6.17158L11.8284 0.514721C11.4374 0.123691 10.8052 0.123691 10.4142 0.514721Z' fill='black'\/>\n            <path d='M9.7071 12.5355L6.87868 15.364L2.63604 11.1213L5.46446 8.2929L4.05025 6.87868L0.514716 10.4142C0.123686 10.8052 0.123686 11.4374 0.514716 11.8284L6.17157 17.4853C6.5626 17.8763 7.19475 17.8763 7.58578 17.4853L11.1213 13.9497L9.7071 12.5355Z' fill='black'\/>\n            <path d='M6.17157 11.8284C6.5626 12.2195 7.19475 12.2195 7.58578 11.8284L11.8284 7.58579C12.2195 7.19476 12.2195 6.56261 11.8284 6.17158C11.4374 5.78055 10.8052 5.78055 10.4142 6.17158L6.17157 10.4142C5.78054 10.8052 5.78054 11.4374 6.17157 11.8284Z' fill='black'\/>\n            <\/svg> <\/a>\n<h2 class=\"wp-block-heading\" id=\"h-sa-har-gor-du-som-arbetsgivare\">S\u00e5 h\u00e4r g\u00f6r du som arbetsgivare<\/h2>\n\n\n\n<p>Kontrollera beh\u00f6righet: S\u00e4kerst\u00e4ll att kandidaten uppfyller kraven (nyanl\u00e4nd eller l\u00e5ngtidsarbetsl\u00f6s) och att det finns ett centralt avtal.<\/p>\n\n\n\n<p>Kontakta Arbetsf\u00f6rmedlingen: Ans\u00f6k om etableringsjobb och f\u00e5 st\u00f6d i processen.<\/p>\n\n\n\n<p>Planera utbildning: Utforma en plan f\u00f6r utbildning under anst\u00e4llningen.<\/p>\n\n\n\n<p>Skriv avtal: F\u00f6lj kollektivavtalets villkor och inkludera statens subvention.<\/p>\n\n\n\n<p>F\u00f6lj upp: Utv\u00e4rdera utvecklingen och planera f\u00f6r eventuell tillsvidareanst\u00e4llning.<\/p>\n\n\n<a class='Share__link Share__link--url copy-text' href='#' rel='nofollow' data-text='faq' title='Dela url' data-confirmation='L\u00e4nken kopierades till urklipp'><svg class='icon icon--link'  width='18' height='18' viewBox='0 0 18 18' fill='none' xmlns='http:\/\/www.w3.org\/2000\/svg'>\n            <path d='M10.4142 0.514721L6.87868 4.05025L8.29289 5.46447L11.1213 2.63604L15.364 6.87868L12.5355 9.70711L13.9497 11.1213L17.4853 7.58579C17.8763 7.19476 17.8763 6.5626 17.4853 6.17158L11.8284 0.514721C11.4374 0.123691 10.8052 0.123691 10.4142 0.514721Z' fill='black'\/>\n            <path d='M9.7071 12.5355L6.87868 15.364L2.63604 11.1213L5.46446 8.2929L4.05025 6.87868L0.514716 10.4142C0.123686 10.8052 0.123686 11.4374 0.514716 11.8284L6.17157 17.4853C6.5626 17.8763 7.19475 17.8763 7.58578 17.4853L11.1213 13.9497L9.7071 12.5355Z' fill='black'\/>\n            <path d='M6.17157 11.8284C6.5626 12.2195 7.19475 12.2195 7.58578 11.8284L11.8284 7.58579C12.2195 7.19476 12.2195 6.56261 11.8284 6.17158C11.4374 5.78055 10.8052 5.78055 10.4142 6.17158L6.17157 10.4142C5.78054 10.8052 5.78054 11.4374 6.17157 11.8284Z' fill='black'\/>\n            <\/svg> <\/a>\n<h2 class=\"wp-block-heading\" id=\"h-faq\">FAQ<\/h2>\n\n\n\n<p><strong>Vem kan f\u00e5 ett etableringsjobb?<\/strong><br><em>Personer som \u00e4r nyanl\u00e4nda eller l\u00e5ngtidsarbetsl\u00f6sa och uppfyller kriterierna fr\u00e5n Arbetsf\u00f6rmedlingen.<\/em><\/p>\n\n\n\n<p><strong>Hur mycket kostar det f\u00f6r arbetsgivaren?<\/strong><br><em>Du betalar en del av l\u00f6nen, staten st\u00e5r f\u00f6r resten s\u00e5 att den n\u00e5r kollektivavtalets niv\u00e5.<\/em><\/p>\n\n\n\n<p><em>Du betalar en l\u00f6n p\u00e5 7 999 kr i m\u00e5naden (2025 \u00e5rs niv\u00e5). Inf\u00f6r varje \u00e5rsskifte uppdaterar Arbetsf\u00f6rmedlingen kommande \u00e5rs l\u00f6n.<\/em><\/p>\n\n\n\n<p><em>F\u00f6rs\u00e4kringskassan betalar ut ers\u00e4ttning utifr\u00e5n referensl\u00f6nen i kollektivavtalet f\u00f6r etableringsjobb, med ett tak p\u00e5 16 448 kr i m\u00e5naden (2025 \u00e5rs niv\u00e5).<\/em><\/p>\n\n\n\n<p><em>Den h\u00f6gsta m\u00f6jliga inkomsten (l\u00f6n och ers\u00e4ttning) f\u00f6r ett etableringsjobb \u00e4r 24 447 kr i m\u00e5naden (2025 \u00e5rs niv\u00e5). Detta inneb\u00e4r att inom vissa avtalsomr\u00e5den \u00e4r inkomsten f\u00f6r ett etableringsjobb l\u00e4gre \u00e4n avtalsenlig l\u00e4gstal\u00f6n enligt ordinarie kollektivavtal.<\/em><\/p>\n\n\n\n<p><em>Ett etableringsjobb \u00e4r sjukpenning-, pensions- och a-kassegrundande.<\/em><\/p>\n\n\n\n<p><strong>Kan bemanningsf\u00f6retag anv\u00e4nda etableringsjobb?<\/strong><br><em>I dagsl\u00e4get \u00e4r bemanningsbranschen inte inkluderad, men Kompetensf\u00f6retagen driver fr\u00e5gan f\u00f6r att \u00e4ndra detta.<\/em><\/p>\n\n\n\n<p><strong>Hur l\u00e4nge g\u00e4ller etableringsjobbet?<br><\/strong><em>Max tv\u00e5 \u00e5r, med m\u00e5let att \u00f6verg\u00e5 till en fast anst\u00e4llning.<\/em><\/p>\n\n\n\n<p>H\u00e4r hittar du mer information p\u00e5 Arbetsf\u00f6rmedlingen: <a href=\"https:\/\/arbetsformedlingen.se\/for-arbetsgivare\/anstallningsstod\/stod-nar-en-person-varit-arbetslos-lange-eller-ar-nyanland\/etableringsjobb\">Etableringsjobb &#8211; Arbetsf\u00f6rmedlingen <\/a> <a href=\"https:\/\/arbetsformedlingen.se\/for-arbetssokande\/extra-stod\/stod-a-o\/etableringsjobb#:~:text=Etableringsjobb%20riktar%20sig%20till%20dig%20som%20varit%20arbetsl%C3%B6s,l%C3%A4nge%20eller%20%C3%A4r%20nyanl%C3%A4nd%20m%C3%B6jlighet%20att%20f%C3%A5%20arbete.\" target=\"_blank\" rel=\"noreferrer noopener\">Etableringsjobb &#8211; Arbetsf\u00f6rmedlingen<\/a>. H\u00e4r hittar du <a href=\"https:\/\/www.regeringen.se\/pressmeddelanden\/2024\/01\/nu-kan-manniskor-anstallas-med-etableringsjobb\/\">information fr\u00e5n regeringen<\/a>.<\/p>\n\n\n\n<p><\/p>\n","protected":false},"excerpt":{"rendered":"<p>Vad \u00e4r etableringsjobb? Etableringsjobb \u00e4r en visstidsanst\u00e4llning p\u00e5 upp till tv\u00e5 \u00e5r hos kollektivavtalsanslutna f\u00f6retag. Anst\u00e4llningsformen \u00e4r anpassad till personer som st\u00e5r l\u00e5ngt ifr\u00e5n arbetsmarknaden. Staten subventionerar l\u00f6nen, och den anst\u00e4llde f\u00e5r m\u00f6jlighet till utbildning &hellip;<\/p>\n","protected":false},"author":222,"featured_media":20873,"comment_status":"closed","ping_status":"closed","sticky":false,"template":"","format":"standard","meta":{"_acf_changed":false,"footnotes":""},"categories":[1],"tags":[],"article_type":[],"agreement":[],"for-members":[],"class_list":["post-21139","post","type-post","status-publish","format-standard","has-post-thumbnail","hentry","category-okategoriserade"],"acf":[],"yoast_head":"<!-- This site is optimized with the Yoast SEO Premium plugin v26.8 (Yoast SEO v26.8) - https:\/\/yoast.com\/product\/yoast-seo-premium-wordpress\/ -->\n<title>Etableringsjobb - allt du beh\u00f6ver veta - Kompetensf\u00f6retagen<\/title>\n<meta name=\"description\" content=\"Etableringsjobb ger l\u00e5ngtidsarbetsl\u00f6sa en v\u00e4g in p\u00e5 arbetsmarknaden. L\u00e4s hur det fungerar och hur ditt f\u00f6retag kan dra nytta av reformen.\" \/>\n<meta name=\"robots\" content=\"index, follow, max-snippet:-1, max-image-preview:large, max-video-preview:-1\" \/>\n<link rel=\"canonical\" href=\"https:\/\/www.kompetensforetagen.se\/2025\/12\/etableringsjobb-allt-du-behover-veta\/\" \/>\n<meta property=\"og:locale\" content=\"sv_SE\" \/>\n<meta property=\"og:type\" content=\"article\" \/>\n<meta property=\"og:title\" content=\"Etableringsjobb - allt du beh\u00f6ver veta\" \/>\n<meta property=\"og:description\" content=\"Etableringsjobb ger l\u00e5ngtidsarbetsl\u00f6sa en v\u00e4g in p\u00e5 arbetsmarknaden. L\u00e4s hur det fungerar och hur ditt f\u00f6retag kan dra nytta av reformen.\" \/>\n<meta property=\"og:url\" content=\"https:\/\/www.kompetensforetagen.se\/2025\/12\/etableringsjobb-allt-du-behover-veta\/\" \/>\n<meta property=\"og:site_name\" content=\"Kompetensf\u00f6retagen\" \/>\n<meta property=\"article:published_time\" content=\"2025-12-09T08:38:09+00:00\" \/>\n<meta property=\"article:modified_time\" content=\"2025-12-09T09:00:07+00:00\" \/>\n<meta property=\"og:image\" content=\"https:\/\/www.kompetensforetagen.se\/app\/uploads\/sites\/5\/2025\/09\/Kopia-av-Charlotte-Magnus-ikael-4.png\" \/>\n\t<meta property=\"og:image:width\" content=\"1080\" \/>\n\t<meta property=\"og:image:height\" content=\"540\" \/>\n\t<meta property=\"og:image:type\" content=\"image\/png\" \/>\n<meta name=\"author\" content=\"Fredric Sk\u00e4lstad\" \/>\n<meta name=\"twitter:card\" content=\"summary_large_image\" \/>\n<meta name=\"twitter:label1\" content=\"Skriven av\" \/>\n\t<meta name=\"twitter:data1\" content=\"Fredric Sk\u00e4lstad\" \/>\n\t<meta name=\"twitter:label2\" content=\"Ber\u00e4knad l\u00e4stid\" \/>\n\t<meta name=\"twitter:data2\" content=\"3 minuter\" \/>\n<!-- \/ Yoast SEO Premium plugin. -->","yoast_head_json":{"title":"Etableringsjobb - allt du beh\u00f6ver veta - Kompetensf\u00f6retagen","description":"Etableringsjobb ger l\u00e5ngtidsarbetsl\u00f6sa en v\u00e4g in p\u00e5 arbetsmarknaden. L\u00e4s hur det fungerar och hur ditt f\u00f6retag kan dra nytta av reformen.","robots":{"index":"index","follow":"follow","max-snippet":"max-snippet:-1","max-image-preview":"max-image-preview:large","max-video-preview":"max-video-preview:-1"},"canonical":"https:\/\/www.kompetensforetagen.se\/2025\/12\/etableringsjobb-allt-du-behover-veta\/","og_locale":"sv_SE","og_type":"article","og_title":"Etableringsjobb - allt du beh\u00f6ver veta","og_description":"Etableringsjobb ger l\u00e5ngtidsarbetsl\u00f6sa en v\u00e4g in p\u00e5 arbetsmarknaden. L\u00e4s hur det fungerar och hur ditt f\u00f6retag kan dra nytta av reformen.","og_url":"https:\/\/www.kompetensforetagen.se\/2025\/12\/etableringsjobb-allt-du-behover-veta\/","og_site_name":"Kompetensf\u00f6retagen","article_published_time":"2025-12-09T08:38:09+00:00","article_modified_time":"2025-12-09T09:00:07+00:00","og_image":[{"width":1080,"height":540,"url":"https:\/\/www.kompetensforetagen.se\/app\/uploads\/sites\/5\/2025\/09\/Kopia-av-Charlotte-Magnus-ikael-4.png","type":"image\/png"}],"author":"Fredric Sk\u00e4lstad","twitter_card":"summary_large_image","twitter_misc":{"Skriven av":"Fredric Sk\u00e4lstad","Ber\u00e4knad l\u00e4stid":"3 minuter"},"schema":{"@context":"https:\/\/schema.org","@graph":[{"@type":"Article","@id":"https:\/\/www.kompetensforetagen.se\/2025\/12\/etableringsjobb-allt-du-behover-veta\/#article","isPartOf":{"@id":"https:\/\/www.kompetensforetagen.se\/2025\/12\/etableringsjobb-allt-du-behover-veta\/"},"author":{"name":"Fredric Sk\u00e4lstad","@id":"https:\/\/www.kompetensforetagen.se\/#\/schema\/person\/72cd48bb411dea15e40f11d726e9eeeb"},"headline":"Etableringsjobb &#8211; allt du beh\u00f6ver veta","datePublished":"2025-12-09T08:38:09+00:00","dateModified":"2025-12-09T09:00:07+00:00","mainEntityOfPage":{"@id":"https:\/\/www.kompetensforetagen.se\/2025\/12\/etableringsjobb-allt-du-behover-veta\/"},"wordCount":649,"publisher":{"@id":"https:\/\/www.kompetensforetagen.se\/#organization"},"image":{"@id":"https:\/\/www.kompetensforetagen.se\/2025\/12\/etableringsjobb-allt-du-behover-veta\/#primaryimage"},"thumbnailUrl":"https:\/\/www.kompetensforetagen.se\/app\/uploads\/sites\/5\/2025\/09\/Kopia-av-Charlotte-Magnus-ikael-4.png","inLanguage":"sv-SE"},{"@type":"WebPage","@id":"https:\/\/www.kompetensforetagen.se\/2025\/12\/etableringsjobb-allt-du-behover-veta\/","url":"https:\/\/www.kompetensforetagen.se\/2025\/12\/etableringsjobb-allt-du-behover-veta\/","name":"Etableringsjobb - allt du beh\u00f6ver veta - Kompetensf\u00f6retagen","isPartOf":{"@id":"https:\/\/www.kompetensforetagen.se\/#website"},"primaryImageOfPage":{"@id":"https:\/\/www.kompetensforetagen.se\/2025\/12\/etableringsjobb-allt-du-behover-veta\/#primaryimage"},"image":{"@id":"https:\/\/www.kompetensforetagen.se\/2025\/12\/etableringsjobb-allt-du-behover-veta\/#primaryimage"},"thumbnailUrl":"https:\/\/www.kompetensforetagen.se\/app\/uploads\/sites\/5\/2025\/09\/Kopia-av-Charlotte-Magnus-ikael-4.png","datePublished":"2025-12-09T08:38:09+00:00","dateModified":"2025-12-09T09:00:07+00:00","description":"Etableringsjobb ger l\u00e5ngtidsarbetsl\u00f6sa en v\u00e4g in p\u00e5 arbetsmarknaden. L\u00e4s hur det fungerar och hur ditt f\u00f6retag kan dra nytta av reformen.","breadcrumb":{"@id":"https:\/\/www.kompetensforetagen.se\/2025\/12\/etableringsjobb-allt-du-behover-veta\/#breadcrumb"},"inLanguage":"sv-SE","potentialAction":[{"@type":"ReadAction","target":["https:\/\/www.kompetensforetagen.se\/2025\/12\/etableringsjobb-allt-du-behover-veta\/"]}]},{"@type":"ImageObject","inLanguage":"sv-SE","@id":"https:\/\/www.kompetensforetagen.se\/2025\/12\/etableringsjobb-allt-du-behover-veta\/#primaryimage","url":"https:\/\/www.kompetensforetagen.se\/app\/uploads\/sites\/5\/2025\/09\/Kopia-av-Charlotte-Magnus-ikael-4.png","contentUrl":"https:\/\/www.kompetensforetagen.se\/app\/uploads\/sites\/5\/2025\/09\/Kopia-av-Charlotte-Magnus-ikael-4.png","width":1080,"height":540,"caption":"Jessica Forss Katz, expert p\u00e5 etableringsjobb"},{"@type":"BreadcrumbList","@id":"https:\/\/www.kompetensforetagen.se\/2025\/12\/etableringsjobb-allt-du-behover-veta\/#breadcrumb","itemListElement":[{"@type":"ListItem","position":1,"name":"Home","item":"https:\/\/www.kompetensforetagen.se\/"},{"@type":"ListItem","position":2,"name":"Etableringsjobb &#8211; allt du beh\u00f6ver veta"}]},{"@type":"WebSite","@id":"https:\/\/www.kompetensforetagen.se\/#website","url":"https:\/\/www.kompetensforetagen.se\/","name":"Kompetensf\u00f6retagen","description":"R\u00e4tt person p\u00e5 r\u00e4tt plats kan f\u00f6r\u00e4ndra v\u00e4rlden","publisher":{"@id":"https:\/\/www.kompetensforetagen.se\/#organization"},"potentialAction":[{"@type":"SearchAction","target":{"@type":"EntryPoint","urlTemplate":"https:\/\/www.kompetensforetagen.se\/?s={search_term_string}"},"query-input":{"@type":"PropertyValueSpecification","valueRequired":true,"valueName":"search_term_string"}}],"inLanguage":"sv-SE"},{"@type":"Organization","@id":"https:\/\/www.kompetensforetagen.se\/#organization","name":"Kompetensf\u00f6retagen","url":"https:\/\/www.kompetensforetagen.se\/","logo":{"@type":"ImageObject","inLanguage":"sv-SE","@id":"https:\/\/www.kompetensforetagen.se\/#\/schema\/logo\/image\/","url":"https:\/\/www.kompetensforetagen.se\/app\/uploads\/sites\/5\/2022\/10\/logga_svart.png","contentUrl":"https:\/\/www.kompetensforetagen.se\/app\/uploads\/sites\/5\/2022\/10\/logga_svart.png","width":752,"height":64,"caption":"Kompetensf\u00f6retagen"},"image":{"@id":"https:\/\/www.kompetensforetagen.se\/#\/schema\/logo\/image\/"},"sameAs":["https:\/\/www.linkedin.com\/company\/10540032\/"]},{"@type":"Person","@id":"https:\/\/www.kompetensforetagen.se\/#\/schema\/person\/72cd48bb411dea15e40f11d726e9eeeb","name":"Fredric Sk\u00e4lstad","image":{"@type":"ImageObject","inLanguage":"sv-SE","@id":"https:\/\/www.kompetensforetagen.se\/#\/schema\/person\/image\/","url":"https:\/\/secure.gravatar.com\/avatar\/64f20bf3ac13c78aedd6054f495d1a00b38234d6bf532fa3b1cb3ff0bcc24f8d?s=96&d=mm&r=g","contentUrl":"https:\/\/secure.gravatar.com\/avatar\/64f20bf3ac13c78aedd6054f495d1a00b38234d6bf532fa3b1cb3ff0bcc24f8d?s=96&d=mm&r=g","caption":"Fredric Sk\u00e4lstad"},"description":"Fredric \u00e4r n\u00e4ringspolitisk chef p\u00e5 Kompetensf\u00f6retagen.","url":"https:\/\/www.kompetensforetagen.se\/person\/fredricskalstad\/"}]}},"_links":{"self":[{"href":"https:\/\/www.kompetensforetagen.se\/api\/wp\/v2\/posts\/21139","targetHints":{"allow":["GET"]}}],"collection":[{"href":"https:\/\/www.kompetensforetagen.se\/api\/wp\/v2\/posts"}],"about":[{"href":"https:\/\/www.kompetensforetagen.se\/api\/wp\/v2\/types\/post"}],"author":[{"embeddable":true,"href":"https:\/\/www.kompetensforetagen.se\/api\/wp\/v2\/users\/222"}],"replies":[{"embeddable":true,"href":"https:\/\/www.kompetensforetagen.se\/api\/wp\/v2\/comments?post=21139"}],"version-history":[{"count":3,"href":"https:\/\/www.kompetensforetagen.se\/api\/wp\/v2\/posts\/21139\/revisions"}],"predecessor-version":[{"id":21143,"href":"https:\/\/www.kompetensforetagen.se\/api\/wp\/v2\/posts\/21139\/revisions\/21143"}],"wp:featuredmedia":[{"embeddable":true,"href":"https:\/\/www.kompetensforetagen.se\/api\/wp\/v2\/media\/20873"}],"wp:attachment":[{"href":"https:\/\/www.kompetensforetagen.se\/api\/wp\/v2\/media?parent=21139"}],"wp:term":[{"taxonomy":"category","embeddable":true,"href":"https:\/\/www.kompetensforetagen.se\/api\/wp\/v2\/categories?post=21139"},{"taxonomy":"post_tag","embeddable":true,"href":"https:\/\/www.kompetensforetagen.se\/api\/wp\/v2\/tags?post=21139"},{"taxonomy":"type","embeddable":true,"href":"https:\/\/www.kompetensforetagen.se\/api\/wp\/v2\/article_type?post=21139"},{"taxonomy":"agreement","embeddable":true,"href":"https:\/\/www.kompetensforetagen.se\/api\/wp\/v2\/agreement?post=21139"},{"taxonomy":"for-members","embeddable":true,"href":"https:\/\/www.kompetensforetagen.se\/api\/wp\/v2\/for-members?post=21139"}],"curies":[{"name":"wp","href":"https:\/\/api.w.org\/{rel}","templated":true}]}}