{"id":21017,"date":"2025-10-17T09:29:10","date_gmt":"2025-10-17T07:29:10","guid":{"rendered":"https:\/\/www.kompetensforetagen.se\/?p=21017"},"modified":"2025-12-12T10:07:17","modified_gmt":"2025-12-12T09:07:17","slug":"arets-konsulter-ar-utsedda","status":"publish","type":"post","link":"https:\/\/www.kompetensforetagen.se\/2025\/10\/arets-konsulter-ar-utsedda\/","title":{"rendered":"\u00c5rets konsulter \u00e4r utsedda"},"content":{"rendered":"<p class=\"intro\">Nu kan Kompetensf\u00f6retagen presentera \u00e5rets pristagare p\u00e5 Kompetensbranschens dag 2025. Totalt delades fem priser ut till konsulter som har gjort extraordin\u00e4ra insatser inom kompetensbranschen. Priserna gick till medarbetare p\u00e5 f\u00f6retagen Adecco, Simplex, Experis, Aventus och Miljonbemanning.<\/p>\n\n<p>Kompetensf\u00f6retagen arrangerar \u00e5rligen kompetensbanschens dag d\u00e4r vi hyllar stj\u00e4rnorna inom den svenska bemannings-, rekryterings- och omst\u00e4llningsbranschen. Den 15 oktober samlades branschen i N\u00e4ringslivets hus i Stockholm f\u00f6r att diskutera trenderna som formar branschen och utse vinnare i totalt fem priskategorier.<\/p>\n\n\n\n<p>\u2013 Utan kompetensbranschen stannar den svenska arbetsmarkaden. V\u00e5ra medlemsf\u00f6retag \u00e4r den viktigaste rekryteringsv\u00e4gen f\u00f6r stora delen av n\u00e4ringslivet. De \u00f6ppnar arbetsmarknaden f\u00f6r unga och personer f\u00f6dda utomlands. D\u00e4rf\u00f6r \u00e4r det fantastiskt att vi tillsammans f\u00e5r hylla de medarbetare som g\u00f6r detta m\u00f6jligt, s\u00e4ger&nbsp;<strong>Eva Domanders<\/strong>, ordf\u00f6rande Kompetensf\u00f6retagen.<\/p>\n\n\n\n<h3 class=\"wp-block-heading\" id=\"h-arets-vinnare-ar\"><strong>\u00c5rets vinnare \u00e4r:<\/strong><\/h3>\n\n\n\n<ul class=\"wp-block-list\">\n<li>\u00c5rets konsult, white collar:&nbsp;<strong>Lina Bengthagen<\/strong>, Experis<\/li>\n<\/ul>\n\n\n\n<blockquote class=\"wp-block-quote is-layout-flow wp-block-quote-is-layout-flow\">\n<p><em>Lina visar enast\u00e5ende professionalism, stark drivkraft och kreativt t\u00e4nkande i allt hon tar sig an. Hon \u00e4r initiativrik, l\u00f6sningsorienterad och har snabbt gjort avtryck i sin roll genom att ta sig an utmaningar och driva egna projekt. Med stort engagemang och ansvar har Lina dessutom bidragit till h\u00e5llbarhet och effektivitet genom egna initiativ f\u00f6r \u00e5terbruk och f\u00f6rb\u00e4ttring av IT-processer. Hennes respektfulla och empatiska bem\u00f6tande har gjort henne till en uppskattad kollega och f\u00f6rebild, k\u00e4nd f\u00f6r sin vilja att hj\u00e4lpa andra och t\u00e4nka utanf\u00f6r boxen f\u00f6r att hitta nya v\u00e4gar fram\u00e5t.<\/em><\/p>\n<\/blockquote>\n\n\n\n<p>\u00c5rets konsult, blue collar:&nbsp;<strong>Karima Torrejon<\/strong>, Simplex<\/p>\n\n\n\n<blockquote class=\"wp-block-quote is-layout-flow wp-block-quote-is-layout-flow\">\n<p><em>Karima utm\u00e4rker sig som en n\u00e4rvarande och trygg ledare med h\u00f6g professionalism och stark ansvarsk\u00e4nsla. Hon st\u00f6ttar sitt team i vardagen, skapar struktur \u00e4ven under press och ser alltid till att arbetet flyter smidigt med kundens behov i fokus. Med empati, t\u00e5lamod och lyh\u00f6rdhet bygger Karima tillit och sammanh\u00e5llning i gruppen. Hon t\u00e4nker innovativt, kommer med konkreta f\u00f6rb\u00e4ttringsf\u00f6rslag och hittar l\u00f6sningar \u00e4ven n\u00e4r f\u00f6ruts\u00e4ttningarna \u00e4r tuffa \u2013 ett ledarskap som inspirerar och g\u00f6r henne till en ov\u00e4rderlig del av teamet.<\/em><\/p>\n<\/blockquote>\n\n\n\n<p>\u00c5rets rekryterare:<strong>&nbsp;Wilma Lindstam<\/strong>, Adecco<\/p>\n\n\n\n<blockquote class=\"wp-block-quote is-layout-flow wp-block-quote-is-layout-flow\">\n<p><em>Wilma har p\u00e5 kort tid visat exceptionell f\u00f6rm\u00e5ga att skapa tillv\u00e4xt och resultat genom att tills\u00e4tta hundratals positioner i ett snabbt v\u00e4xande Sk\u00f6vde. Med aff\u00e4rsdriv, kundf\u00f6rst\u00e5else och strategiskt fokus levererar hon b\u00e5de operativ framg\u00e5ng och l\u00e5ngsiktig utveckling. Hon bygger starka och respektfulla relationer med kandidater genom lyh\u00f6rdhet och professionalism, och s\u00e4tter kandidatupplevelsen i centrum. Genom innovativa och inkluderande metoder skapar Wilma en tr\u00e4ffs\u00e4ker och effektiv rekryteringsprocess med imponerande resultat.<\/em><\/p>\n<\/blockquote>\n\n\n\n<p>\u00c5rets konsultchef:<strong>&nbsp;Michel Rizk<\/strong>, Miljonbemanning<\/p>\n\n\n\n<blockquote class=\"wp-block-quote is-layout-flow wp-block-quote-is-layout-flow\">\n<p><em>Michel Rizk har med sin gedigna erfarenhet och sitt v\u00e4rderingsdrivna ledarskap bidragit starkt till f\u00f6retagets framg\u00e5ng. Genom att f\u00f6rena m\u00e5ngfald, inkludering och innovation har han skapat arbetsplatser d\u00e4r b\u00e5de m\u00e4nniskor och verksamheter v\u00e4xer. Michel har inf\u00f6rt AI-baserade matchningsl\u00f6sningar som effektiviserat rekryteringen och utvecklat program som kortar v\u00e4gen in f\u00f6r internationella talanger. Med lyh\u00f6rdhet, empati och genuint engagemang bygger han tillit och inspirerar sitt team till att n\u00e5 nya niv\u00e5er av prestation och trivsel.<\/em><\/p>\n<\/blockquote>\n\n\n\n<p>\u00c5rets omst\u00e4llningscoach:<strong>&nbsp;Jonas Gr\u00e5nsten<\/strong>, Aventus<\/p>\n\n\n\n<blockquote class=\"wp-block-quote is-layout-flow wp-block-quote-is-layout-flow\">\n<blockquote class=\"wp-block-quote is-layout-flow wp-block-quote-is-layout-flow\">\n<p><em>Jonas har en enast\u00e5ende f\u00f6rm\u00e5ga att hj\u00e4lpa m\u00e4nniskor att n\u00e5 sina m\u00e5l och skapa verklig f\u00f6r\u00e4ndring i sina liv. Genom strukturerad coachning, lyh\u00f6rdhet och individanpassade metoder har han st\u00f6ttat m\u00e5nga klienter fr\u00e5n os\u00e4kerhet till h\u00e5llbar syssels\u00e4ttning och ny motivation. Jonas m\u00f6ter varje person med empati och respekt, vilket skapar trygghet och f\u00f6rtroende \u00e4ven i utmanande situationer. Han kombinerar modern metodik med genuint engagemang och utvecklar st\u00e4ndigt sina arbetss\u00e4tt \u2013 ett professionellt och m\u00e4nskligt ledarskap som g\u00f6r verklig skillnad.<\/em><\/p>\n<\/blockquote>\n<\/blockquote>\n\n\n\n<p>Pristagarna uts\u00e5gs efter noggrann utv\u00e4rdering av juryn som bestod av:<\/p>\n\n\n\n<ul class=\"wp-block-list\">\n<li><strong>Ann Hallsenius<\/strong>, ansvarig kommunikation Almega<\/li>\n\n\n\n<li><strong>Charlotta Stern<\/strong>, vd Ratio<\/li>\n\n\n\n<li><strong>Fredric Sk\u00e4lstad<\/strong>, n\u00e4ringspolitisk chef Kompetensf\u00f6retagen<\/li>\n\n\n\n<li><strong>G\u00f6ran H\u00e4gglund<\/strong>, ordf\u00f6rande auktorisationsn\u00e4mnden<\/li>\n\n\n\n<li><strong>Henrik B\u00e4ckstr\u00f6m<\/strong>, direkt\u00f6r NIVA Helsingfors, tillika tidigare f\u00f6rbundsdirekt\u00f6r Bemanningsf\u00f6retagen<\/li>\n\n\n\n<li><strong>Patrik Eidfelt<\/strong>, f\u00f6rbundsdirekt\u00f6r Kompetensf\u00f6retagen<\/li>\n<\/ul>\n","protected":false},"excerpt":{"rendered":"<p>Kompetensf\u00f6retagen arrangerar \u00e5rligen kompetensbanschens dag d\u00e4r vi hyllar stj\u00e4rnorna inom den svenska bemannings-, rekryterings- och omst\u00e4llningsbranschen. Den 15 oktober samlades branschen i N\u00e4ringslivets hus i Stockholm f\u00f6r att diskutera trenderna som formar branschen och utse &hellip;<\/p>\n","protected":false},"author":222,"featured_media":21019,"comment_status":"closed","ping_status":"closed","sticky":false,"template":"","format":"standard","meta":{"_acf_changed":false,"footnotes":""},"categories":[253,204],"tags":[],"article_type":[8],"agreement":[],"for-members":[],"class_list":["post-21017","post","type-post","status-publish","format-standard","has-post-thumbnail","hentry","category-kompetensbranschen","category-konsult","type-aktuellt"],"acf":[],"yoast_head":"<!-- This site is optimized with the Yoast SEO Premium plugin v26.8 (Yoast SEO v26.8) - https:\/\/yoast.com\/product\/yoast-seo-premium-wordpress\/ -->\n<title>\u00c5rets konsulter \u00e4r utsedda - Kompetensf\u00f6retagen<\/title>\n<meta name=\"description\" content=\"\u00c5rets Konsulter \u00e4r utsedda! L\u00e4s om vinnarna som gjort extraordin\u00e4ra insatser och lyfter branschen med sin kompetens och professionalism.\" \/>\n<meta name=\"robots\" content=\"index, follow, max-snippet:-1, max-image-preview:large, max-video-preview:-1\" \/>\n<link rel=\"canonical\" href=\"https:\/\/www.kompetensforetagen.se\/2025\/10\/arets-konsulter-ar-utsedda\/\" \/>\n<meta property=\"og:locale\" content=\"sv_SE\" \/>\n<meta property=\"og:type\" content=\"article\" \/>\n<meta property=\"og:title\" content=\"\u00c5rets konsulter \u00e4r utsedda\" \/>\n<meta property=\"og:description\" content=\"\u00c5rets Konsulter \u00e4r utsedda! L\u00e4s om vinnarna som gjort extraordin\u00e4ra insatser och lyfter branschen med sin kompetens och professionalism.\" \/>\n<meta property=\"og:url\" content=\"https:\/\/www.kompetensforetagen.se\/2025\/10\/arets-konsulter-ar-utsedda\/\" \/>\n<meta property=\"og:site_name\" content=\"Kompetensf\u00f6retagen\" \/>\n<meta property=\"article:published_time\" content=\"2025-10-17T07:29:10+00:00\" \/>\n<meta property=\"article:modified_time\" content=\"2025-12-12T09:07:17+00:00\" \/>\n<meta property=\"og:image\" content=\"https:\/\/www.kompetensforetagen.se\/app\/uploads\/sites\/5\/2025\/10\/DSC2368-scaled.jpg\" \/>\n\t<meta property=\"og:image:width\" content=\"2560\" \/>\n\t<meta property=\"og:image:height\" content=\"1708\" \/>\n\t<meta property=\"og:image:type\" content=\"image\/jpeg\" \/>\n<meta name=\"author\" content=\"Fredric Sk\u00e4lstad\" \/>\n<meta name=\"twitter:card\" content=\"summary_large_image\" \/>\n<meta name=\"twitter:label1\" content=\"Skriven av\" \/>\n\t<meta name=\"twitter:data1\" content=\"Fredric Sk\u00e4lstad\" \/>\n\t<meta name=\"twitter:label2\" content=\"Ber\u00e4knad l\u00e4stid\" \/>\n\t<meta name=\"twitter:data2\" content=\"1 minut\" \/>\n<!-- \/ Yoast SEO Premium plugin. -->","yoast_head_json":{"title":"\u00c5rets konsulter \u00e4r utsedda - Kompetensf\u00f6retagen","description":"\u00c5rets Konsulter \u00e4r utsedda! L\u00e4s om vinnarna som gjort extraordin\u00e4ra insatser och lyfter branschen med sin kompetens och professionalism.","robots":{"index":"index","follow":"follow","max-snippet":"max-snippet:-1","max-image-preview":"max-image-preview:large","max-video-preview":"max-video-preview:-1"},"canonical":"https:\/\/www.kompetensforetagen.se\/2025\/10\/arets-konsulter-ar-utsedda\/","og_locale":"sv_SE","og_type":"article","og_title":"\u00c5rets konsulter \u00e4r utsedda","og_description":"\u00c5rets Konsulter \u00e4r utsedda! L\u00e4s om vinnarna som gjort extraordin\u00e4ra insatser och lyfter branschen med sin kompetens och professionalism.","og_url":"https:\/\/www.kompetensforetagen.se\/2025\/10\/arets-konsulter-ar-utsedda\/","og_site_name":"Kompetensf\u00f6retagen","article_published_time":"2025-10-17T07:29:10+00:00","article_modified_time":"2025-12-12T09:07:17+00:00","og_image":[{"width":2560,"height":1708,"url":"https:\/\/www.kompetensforetagen.se\/app\/uploads\/sites\/5\/2025\/10\/DSC2368-scaled.jpg","type":"image\/jpeg"}],"author":"Fredric Sk\u00e4lstad","twitter_card":"summary_large_image","twitter_misc":{"Skriven av":"Fredric Sk\u00e4lstad","Ber\u00e4knad l\u00e4stid":"1 minut"},"schema":{"@context":"https:\/\/schema.org","@graph":[{"@type":"Article","@id":"https:\/\/www.kompetensforetagen.se\/2025\/10\/arets-konsulter-ar-utsedda\/#article","isPartOf":{"@id":"https:\/\/www.kompetensforetagen.se\/2025\/10\/arets-konsulter-ar-utsedda\/"},"author":{"name":"Fredric Sk\u00e4lstad","@id":"https:\/\/www.kompetensforetagen.se\/#\/schema\/person\/72cd48bb411dea15e40f11d726e9eeeb"},"headline":"\u00c5rets konsulter \u00e4r utsedda","datePublished":"2025-10-17T07:29:10+00:00","dateModified":"2025-12-12T09:07:17+00:00","mainEntityOfPage":{"@id":"https:\/\/www.kompetensforetagen.se\/2025\/10\/arets-konsulter-ar-utsedda\/"},"wordCount":684,"publisher":{"@id":"https:\/\/www.kompetensforetagen.se\/#organization"},"image":{"@id":"https:\/\/www.kompetensforetagen.se\/2025\/10\/arets-konsulter-ar-utsedda\/#primaryimage"},"thumbnailUrl":"https:\/\/www.kompetensforetagen.se\/app\/uploads\/sites\/5\/2025\/10\/DSC2368-scaled.jpg","articleSection":["Kompetensbranschen","Konsult"],"inLanguage":"sv-SE"},{"@type":"WebPage","@id":"https:\/\/www.kompetensforetagen.se\/2025\/10\/arets-konsulter-ar-utsedda\/","url":"https:\/\/www.kompetensforetagen.se\/2025\/10\/arets-konsulter-ar-utsedda\/","name":"\u00c5rets konsulter \u00e4r utsedda - Kompetensf\u00f6retagen","isPartOf":{"@id":"https:\/\/www.kompetensforetagen.se\/#website"},"primaryImageOfPage":{"@id":"https:\/\/www.kompetensforetagen.se\/2025\/10\/arets-konsulter-ar-utsedda\/#primaryimage"},"image":{"@id":"https:\/\/www.kompetensforetagen.se\/2025\/10\/arets-konsulter-ar-utsedda\/#primaryimage"},"thumbnailUrl":"https:\/\/www.kompetensforetagen.se\/app\/uploads\/sites\/5\/2025\/10\/DSC2368-scaled.jpg","datePublished":"2025-10-17T07:29:10+00:00","dateModified":"2025-12-12T09:07:17+00:00","description":"\u00c5rets Konsulter \u00e4r utsedda! L\u00e4s om vinnarna som gjort extraordin\u00e4ra insatser och lyfter branschen med sin kompetens och professionalism.","breadcrumb":{"@id":"https:\/\/www.kompetensforetagen.se\/2025\/10\/arets-konsulter-ar-utsedda\/#breadcrumb"},"inLanguage":"sv-SE","potentialAction":[{"@type":"ReadAction","target":["https:\/\/www.kompetensforetagen.se\/2025\/10\/arets-konsulter-ar-utsedda\/"]}]},{"@type":"ImageObject","inLanguage":"sv-SE","@id":"https:\/\/www.kompetensforetagen.se\/2025\/10\/arets-konsulter-ar-utsedda\/#primaryimage","url":"https:\/\/www.kompetensforetagen.se\/app\/uploads\/sites\/5\/2025\/10\/DSC2368-scaled.jpg","contentUrl":"https:\/\/www.kompetensforetagen.se\/app\/uploads\/sites\/5\/2025\/10\/DSC2368-scaled.jpg","width":2560,"height":1708,"caption":"Bild fr\u00e5n Kompetensf\u00f6retagens Skills awards 2025."},{"@type":"BreadcrumbList","@id":"https:\/\/www.kompetensforetagen.se\/2025\/10\/arets-konsulter-ar-utsedda\/#breadcrumb","itemListElement":[{"@type":"ListItem","position":1,"name":"Home","item":"https:\/\/www.kompetensforetagen.se\/"},{"@type":"ListItem","position":2,"name":"\u00c5rets konsulter \u00e4r utsedda"}]},{"@type":"WebSite","@id":"https:\/\/www.kompetensforetagen.se\/#website","url":"https:\/\/www.kompetensforetagen.se\/","name":"Kompetensf\u00f6retagen","description":"R\u00e4tt person p\u00e5 r\u00e4tt plats kan f\u00f6r\u00e4ndra v\u00e4rlden","publisher":{"@id":"https:\/\/www.kompetensforetagen.se\/#organization"},"potentialAction":[{"@type":"SearchAction","target":{"@type":"EntryPoint","urlTemplate":"https:\/\/www.kompetensforetagen.se\/?s={search_term_string}"},"query-input":{"@type":"PropertyValueSpecification","valueRequired":true,"valueName":"search_term_string"}}],"inLanguage":"sv-SE"},{"@type":"Organization","@id":"https:\/\/www.kompetensforetagen.se\/#organization","name":"Kompetensf\u00f6retagen","url":"https:\/\/www.kompetensforetagen.se\/","logo":{"@type":"ImageObject","inLanguage":"sv-SE","@id":"https:\/\/www.kompetensforetagen.se\/#\/schema\/logo\/image\/","url":"https:\/\/www.kompetensforetagen.se\/app\/uploads\/sites\/5\/2022\/10\/logga_svart.png","contentUrl":"https:\/\/www.kompetensforetagen.se\/app\/uploads\/sites\/5\/2022\/10\/logga_svart.png","width":752,"height":64,"caption":"Kompetensf\u00f6retagen"},"image":{"@id":"https:\/\/www.kompetensforetagen.se\/#\/schema\/logo\/image\/"},"sameAs":["https:\/\/www.linkedin.com\/company\/10540032\/"]},{"@type":"Person","@id":"https:\/\/www.kompetensforetagen.se\/#\/schema\/person\/72cd48bb411dea15e40f11d726e9eeeb","name":"Fredric Sk\u00e4lstad","image":{"@type":"ImageObject","inLanguage":"sv-SE","@id":"https:\/\/www.kompetensforetagen.se\/#\/schema\/person\/image\/","url":"https:\/\/secure.gravatar.com\/avatar\/64f20bf3ac13c78aedd6054f495d1a00b38234d6bf532fa3b1cb3ff0bcc24f8d?s=96&d=mm&r=g","contentUrl":"https:\/\/secure.gravatar.com\/avatar\/64f20bf3ac13c78aedd6054f495d1a00b38234d6bf532fa3b1cb3ff0bcc24f8d?s=96&d=mm&r=g","caption":"Fredric Sk\u00e4lstad"},"description":"Fredric \u00e4r n\u00e4ringspolitisk chef p\u00e5 Kompetensf\u00f6retagen.","url":"https:\/\/www.kompetensforetagen.se\/person\/fredricskalstad\/"}]}},"_links":{"self":[{"href":"https:\/\/www.kompetensforetagen.se\/api\/wp\/v2\/posts\/21017","targetHints":{"allow":["GET"]}}],"collection":[{"href":"https:\/\/www.kompetensforetagen.se\/api\/wp\/v2\/posts"}],"about":[{"href":"https:\/\/www.kompetensforetagen.se\/api\/wp\/v2\/types\/post"}],"author":[{"embeddable":true,"href":"https:\/\/www.kompetensforetagen.se\/api\/wp\/v2\/users\/222"}],"replies":[{"embeddable":true,"href":"https:\/\/www.kompetensforetagen.se\/api\/wp\/v2\/comments?post=21017"}],"version-history":[{"count":2,"href":"https:\/\/www.kompetensforetagen.se\/api\/wp\/v2\/posts\/21017\/revisions"}],"predecessor-version":[{"id":21020,"href":"https:\/\/www.kompetensforetagen.se\/api\/wp\/v2\/posts\/21017\/revisions\/21020"}],"wp:featuredmedia":[{"embeddable":true,"href":"https:\/\/www.kompetensforetagen.se\/api\/wp\/v2\/media\/21019"}],"wp:attachment":[{"href":"https:\/\/www.kompetensforetagen.se\/api\/wp\/v2\/media?parent=21017"}],"wp:term":[{"taxonomy":"category","embeddable":true,"href":"https:\/\/www.kompetensforetagen.se\/api\/wp\/v2\/categories?post=21017"},{"taxonomy":"post_tag","embeddable":true,"href":"https:\/\/www.kompetensforetagen.se\/api\/wp\/v2\/tags?post=21017"},{"taxonomy":"type","embeddable":true,"href":"https:\/\/www.kompetensforetagen.se\/api\/wp\/v2\/article_type?post=21017"},{"taxonomy":"agreement","embeddable":true,"href":"https:\/\/www.kompetensforetagen.se\/api\/wp\/v2\/agreement?post=21017"},{"taxonomy":"for-members","embeddable":true,"href":"https:\/\/www.kompetensforetagen.se\/api\/wp\/v2\/for-members?post=21017"}],"curies":[{"name":"wp","href":"https:\/\/api.w.org\/{rel}","templated":true}]}}