{"id":20895,"date":"2025-09-23T12:59:40","date_gmt":"2025-09-23T10:59:40","guid":{"rendered":"https:\/\/www.kompetensforetagen.se\/?p=20895"},"modified":"2025-12-12T10:31:35","modified_gmt":"2025-12-12T09:31:35","slug":"fler-arbetslosa-farre-insatser-budgeten-som-sviker-langtidsarbetslosa","status":"publish","type":"post","link":"https:\/\/www.kompetensforetagen.se\/2025\/09\/fler-arbetslosa-farre-insatser-budgeten-som-sviker-langtidsarbetslosa\/","title":{"rendered":"Fler arbetsl\u00f6sa \u2013 f\u00e4rre insatser: Budgeten som sviker l\u00e5ngtidsarbetsl\u00f6sa\u00a0"},"content":{"rendered":"<p class=\"intro\">Budgeten f\u00f6r arbetsmarknadspolitiken 2026 \u00e4r full av paradoxer. Arbetsl\u00f6sheten stiger i alla grupper \u2013 \u00e4nd\u00e5 minskar regeringen anslagen till aktiva insatser. Arbetsf\u00f6rmedlingen l\u00e4mnar tillbaka miljarder, samtidigt f\u00e5r f\u00e4rre delta i programmen. Logiken \u00e4r sv\u00e5r att f\u00f6rst\u00e5, skriver Jessica Forss Katz, n\u00e4ringspolitisk expert Kompetensf\u00f6retagen.<\/p>\n\n<p>Mandatperiodens sista arbetsmarknadspolitiska h\u00f6stbudget var full av paradoxer. \u00c5 ena sidan har vi under flera \u00e5rs tid sett en brant stigande arbetsl\u00f6shet. N\u00e4rmare 24\u202f000 fler inskrivna arbetsl\u00f6sa p\u00e5 Arbetsf\u00f6rmedlingen under 2024 j\u00e4mf\u00f6rt med 2023 och l\u00e5ngtidsarbetsl\u00f6sheten beskrivs ha \u00f6kat i alla grupper, oavsett konkurrensf\u00f6rm\u00e5ga.&nbsp;&nbsp;&nbsp;<\/p>\n\n\n\n<p>\u00c5 andra sidan avs\u00e4tts och anv\u00e4nds mindre medel f\u00f6r den aktiva arbetsmarknadspolitiken. Budgeten f\u00f6r 2026 f\u00f6resl\u00e5s ytterligare minskas med 5,9 miljarder kronor j\u00e4mf\u00f6rt med 2025. D\u00e4rtill blir 2025 \u00e4nnu ett \u00e5r d\u00e5 Arbetsf\u00f6rmedlingen l\u00e4mnar tillbaka medel, denna g\u00e5ng motsvarande 4,2 miljarder kronor. F\u00f6rklaringen till de \u00e5terl\u00e4mnade medlen lyder: <em>\u201dDetta beror delvis p\u00e5 att l\u00e5ngtidsarbetsl\u00f6sheten och antalet personer inom jobb- och utvecklingsgarantin samt jobbgarantin f\u00f6r ungdomar varit l\u00e4gre \u00e4n ber\u00e4knat.\u201d<\/em>&nbsp;<\/p>\n\n\n\n<p>F\u00f6r en utomst\u00e5ende \u00e4r det sv\u00e5rt att f\u00f6rst\u00e5 logiken bakom fler inskrivna och fler l\u00e5ngtidsarbetsl\u00f6sa, samtidigt som f\u00e4rre f\u00e5r delta i Arbetsf\u00f6rmedlingens ramprogram. Ett \u00e5terkommande, om \u00e4n haltande, tema.&nbsp;<\/p>\n\n\n\n<p><strong>N\u00e5gra nedslag i budgeten:&nbsp;<\/strong>&nbsp;<\/p>\n\n\n\n<ul class=\"wp-block-list\">\n<li>Arbetsf\u00f6rmedlingens f\u00f6rvaltningskostnader \u00f6kas med 250 miljoner till 2026, med stadiga \u00f6kningar f\u00f6r 2027 och 2028. Medels\u00f6kningen bland annat med fler matchnings- och kontrolluppdrag samt inf\u00f6randet av aktivitetskrav i f\u00f6rs\u00f6rjningsst\u00f6det.\u00a0<\/li>\n<\/ul>\n\n\n\n<ul class=\"wp-block-list\">\n<li>Bidragen till arbetsl\u00f6shetsers\u00e4ttning \u00f6kas med 700 miljoner f\u00f6r 2026, men ber\u00e4knas sjunka under 2027 och 2028.\u00a0<\/li>\n<\/ul>\n\n\n\n<ul class=\"wp-block-list\">\n<li>Kostnaderna f\u00f6r arbetsmarknadspolitiska program ska minska med drygt 900 miljoner f\u00f6r 2026, och forts\u00e4tta p\u00e5 l\u00e4gre niv\u00e5er under 2027 och 2028. F\u00f6rklaringen kan t\u00e4nkas ligga i fler insatser p\u00e5 Arbetsf\u00f6rmedlingen, p\u00e5 bekostnad av upphandlade tj\u00e4nster.\u00a0<\/li>\n<\/ul>\n\n\n<a class='Share__link Share__link--url copy-text' href='#' rel='nofollow' data-text='utvecklingen-inom-rusta-och-matcha&nbsp;' title='Dela url' data-confirmation='L\u00e4nken kopierades till urklipp'><svg class='icon icon--link'  width='18' height='18' viewBox='0 0 18 18' fill='none' xmlns='http:\/\/www.w3.org\/2000\/svg'>\n            <path d='M10.4142 0.514721L6.87868 4.05025L8.29289 5.46447L11.1213 2.63604L15.364 6.87868L12.5355 9.70711L13.9497 11.1213L17.4853 7.58579C17.8763 7.19476 17.8763 6.5626 17.4853 6.17158L11.8284 0.514721C11.4374 0.123691 10.8052 0.123691 10.4142 0.514721Z' fill='black'\/>\n            <path d='M9.7071 12.5355L6.87868 15.364L2.63604 11.1213L5.46446 8.2929L4.05025 6.87868L0.514716 10.4142C0.123686 10.8052 0.123686 11.4374 0.514716 11.8284L6.17157 17.4853C6.5626 17.8763 7.19475 17.8763 7.58578 17.4853L11.1213 13.9497L9.7071 12.5355Z' fill='black'\/>\n            <path d='M6.17157 11.8284C6.5626 12.2195 7.19475 12.2195 7.58578 11.8284L11.8284 7.58579C12.2195 7.19476 12.2195 6.56261 11.8284 6.17158C11.4374 5.78055 10.8052 5.78055 10.4142 6.17158L6.17157 10.4142C5.78054 10.8052 5.78054 11.4374 6.17157 11.8284Z' fill='black'\/>\n            <\/svg> <\/a>\n<h2 class=\"wp-block-heading\" id=\"h-utvecklingen-inom-rusta-och-matcha-nbsp\"><strong>Utvecklingen inom Rusta och matcha<\/strong>&nbsp;<\/h2>\n\n\n\n<p>Det \u00e4r ingen hemlighet att matchningstj\u00e4nsten varit f\u00f6rem\u00e5l f\u00f6r ing\u00e5ende granskningar det senaste \u00e5ret, s\u00e5v\u00e4l fr\u00e5n forskningsh\u00e5ll som Arbetsf\u00f6rmedlingen och politiken. Kritik som lyfts har haft fog, \u00e4ven om en relativt stor andel fortsatt kommer i resultat (jobb eller utbildning) tack vare tj\u00e4nsten \u2013 uppemot en tredjedel efter 90 dagar, och \u00f6ver en fj\u00e4rdedel stannar i resultat 6 m\u00e5nader efter tj\u00e4nstens avslut. Samtidigt kan vi se betydande, och p\u00e5 m\u00e5nga s\u00e4tt avg\u00f6rande, f\u00f6r\u00e4ndringar i tj\u00e4nstens funktionss\u00e4tt. Sedan \u00e5rsskiftet publiceras kontinuerliga betyg. Arbetsf\u00f6rmedlingen har ocks\u00e5 genomf\u00f6rt en f\u00f6rsta h\u00e4vning av l\u00e5gpresterande leverant\u00f6rer.&nbsp;&nbsp;<\/p>\n\n\n\n<p>Med dessa f\u00f6r\u00e4ndringar kan en b\u00e4ttre fungerande marknad komma p\u00e5 plats, d\u00e4r h\u00f6gpresterande leverant\u00f6rer premieras och fler arbetss\u00f6kande f\u00e5r ett \u00e4ndam\u00e5lsenligt matchningsst\u00f6d.&nbsp;&nbsp;<\/p>\n\n\n\n<p>Men dessa f\u00f6rb\u00e4ttringar kan inte \u00e5tg\u00e4rda tidigare brister p\u00e5 marknaden eller i tj\u00e4nsten. Nu m\u00e5ste fokus ligga p\u00e5 att forts\u00e4tta utveckla tj\u00e4nsten, genomf\u00f6ra fler h\u00e4vningar och f\u00f6rb\u00e4ttra kontrollen och uppf\u00f6ljningen av leverant\u00f6rer och deltagare.&nbsp;&nbsp;<\/p>\n\n\n\n<p>Likafullt v\u00e4ljer regeringen och Arbetsf\u00f6rmedlingen att forts\u00e4tta minskningen av antalet deltagare i matchningstj\u00e4nsten (fr\u00e5n drygt 65\u202f000 per m\u00e5nad under 2022 till 2025 \u00e5rs niv\u00e5er omkring 40\u202f000 deltagare). Detta i ett l\u00e4ge n\u00e4r insatser beh\u00f6ver erbjudas fler, inte f\u00e4rre.&nbsp;&nbsp;<\/p>\n\n\n<a class='Share__link Share__link--url copy-text' href='#' rel='nofollow' data-text='arbetsformedlingens-atergang-till-egen-regi-uppdrag&nbsp;' title='Dela url' data-confirmation='L\u00e4nken kopierades till urklipp'><svg class='icon icon--link'  width='18' height='18' viewBox='0 0 18 18' fill='none' xmlns='http:\/\/www.w3.org\/2000\/svg'>\n            <path d='M10.4142 0.514721L6.87868 4.05025L8.29289 5.46447L11.1213 2.63604L15.364 6.87868L12.5355 9.70711L13.9497 11.1213L17.4853 7.58579C17.8763 7.19476 17.8763 6.5626 17.4853 6.17158L11.8284 0.514721C11.4374 0.123691 10.8052 0.123691 10.4142 0.514721Z' fill='black'\/>\n            <path d='M9.7071 12.5355L6.87868 15.364L2.63604 11.1213L5.46446 8.2929L4.05025 6.87868L0.514716 10.4142C0.123686 10.8052 0.123686 11.4374 0.514716 11.8284L6.17157 17.4853C6.5626 17.8763 7.19475 17.8763 7.58578 17.4853L11.1213 13.9497L9.7071 12.5355Z' fill='black'\/>\n            <path d='M6.17157 11.8284C6.5626 12.2195 7.19475 12.2195 7.58578 11.8284L11.8284 7.58579C12.2195 7.19476 12.2195 6.56261 11.8284 6.17158C11.4374 5.78055 10.8052 5.78055 10.4142 6.17158L6.17157 10.4142C5.78054 10.8052 5.78054 11.4374 6.17157 11.8284Z' fill='black'\/>\n            <\/svg> <\/a>\n<h2 class=\"wp-block-heading\" id=\"h-arbetsformedlingens-atergang-till-egen-regi-uppdrag-nbsp\"><strong>Arbetsf\u00f6rmedlingens \u00e5terg\u00e5ng till egen regi-uppdrag<\/strong>&nbsp;<\/h2>\n\n\n\n<p>Arbetsf\u00f6rmedlingens \u201dtrack record\u201d belyses delvis i propositionen. Ut\u00f6ver Statskontorets rapport, som n\u00e4mns i budgetpropositionen, har \u00e5ret ocks\u00e5 bjudit p\u00e5 rapporter fr\u00e5n Riksrevisionen, IAF och JO. Samtliga har pekat p\u00e5 brister i Arbetsf\u00f6rmedlingens verksamheter, vare sig det handlat om tillg\u00e4nglighet och service, tillsyn av arbetss\u00f6kande och leverant\u00f6rer eller resursanv\u00e4ndning. \u00c4nd\u00e5 ger regeringen myndigheten f\u00f6rnyat f\u00f6rtroende i arbetsmarknadspolitiska insatser. Inte minst ska Arbetsf\u00f6rmedlingen bygga ut det egna matchningsst\u00f6det som hittills producerat l\u00e5ga resultat.&nbsp;&nbsp;<\/p>\n\n\n<a class='Share__link Share__link--url copy-text' href='#' rel='nofollow' data-text='nasta-steg-mot-kommunala-aktivitetskravet&nbsp;' title='Dela url' data-confirmation='L\u00e4nken kopierades till urklipp'><svg class='icon icon--link'  width='18' height='18' viewBox='0 0 18 18' fill='none' xmlns='http:\/\/www.w3.org\/2000\/svg'>\n            <path d='M10.4142 0.514721L6.87868 4.05025L8.29289 5.46447L11.1213 2.63604L15.364 6.87868L12.5355 9.70711L13.9497 11.1213L17.4853 7.58579C17.8763 7.19476 17.8763 6.5626 17.4853 6.17158L11.8284 0.514721C11.4374 0.123691 10.8052 0.123691 10.4142 0.514721Z' fill='black'\/>\n            <path d='M9.7071 12.5355L6.87868 15.364L2.63604 11.1213L5.46446 8.2929L4.05025 6.87868L0.514716 10.4142C0.123686 10.8052 0.123686 11.4374 0.514716 11.8284L6.17157 17.4853C6.5626 17.8763 7.19475 17.8763 7.58578 17.4853L11.1213 13.9497L9.7071 12.5355Z' fill='black'\/>\n            <path d='M6.17157 11.8284C6.5626 12.2195 7.19475 12.2195 7.58578 11.8284L11.8284 7.58579C12.2195 7.19476 12.2195 6.56261 11.8284 6.17158C11.4374 5.78055 10.8052 5.78055 10.4142 6.17158L6.17157 10.4142C5.78054 10.8052 5.78054 11.4374 6.17157 11.8284Z' fill='black'\/>\n            <\/svg> <\/a>\n<h2 class=\"wp-block-heading\" id=\"h-nasta-steg-mot-kommunala-aktivitetskravet-nbsp\"><strong>N\u00e4sta steg mot kommunala aktivitetskravet<\/strong>&nbsp;<\/h2>\n\n\n\n<p>Regeringen avs\u00e4tter 38 miljoner f\u00f6r Arbetsf\u00f6rmedlingens handl\u00e4ggning av aktivitetskravet under 2026. D\u00e4refter \u00f6kas medlen med omkring 60 miljoner \u00e5rligen 2027 och 2028. Vad det kommer inneb\u00e4ra f\u00f6r den statliga arbetsmarknadspolitiken \u00e4r sv\u00e5rt att f\u00f6rutsp\u00e5, s\u00e5 \u00e4ven n\u00e4r det g\u00e4ller utvecklingen f\u00f6r upphandlade arbetsmarknadstj\u00e4nster p\u00e5 statlig respektive kommunal niv\u00e5.&nbsp;&nbsp;<\/p>\n\n\n<a class='Share__link Share__link--url copy-text' href='#' rel='nofollow' data-text='ocksa-vart-att-notera&nbsp;' title='Dela url' data-confirmation='L\u00e4nken kopierades till urklipp'><svg class='icon icon--link'  width='18' height='18' viewBox='0 0 18 18' fill='none' xmlns='http:\/\/www.w3.org\/2000\/svg'>\n            <path d='M10.4142 0.514721L6.87868 4.05025L8.29289 5.46447L11.1213 2.63604L15.364 6.87868L12.5355 9.70711L13.9497 11.1213L17.4853 7.58579C17.8763 7.19476 17.8763 6.5626 17.4853 6.17158L11.8284 0.514721C11.4374 0.123691 10.8052 0.123691 10.4142 0.514721Z' fill='black'\/>\n            <path d='M9.7071 12.5355L6.87868 15.364L2.63604 11.1213L5.46446 8.2929L4.05025 6.87868L0.514716 10.4142C0.123686 10.8052 0.123686 11.4374 0.514716 11.8284L6.17157 17.4853C6.5626 17.8763 7.19475 17.8763 7.58578 17.4853L11.1213 13.9497L9.7071 12.5355Z' fill='black'\/>\n            <path d='M6.17157 11.8284C6.5626 12.2195 7.19475 12.2195 7.58578 11.8284L11.8284 7.58579C12.2195 7.19476 12.2195 6.56261 11.8284 6.17158C11.4374 5.78055 10.8052 5.78055 10.4142 6.17158L6.17157 10.4142C5.78054 10.8052 5.78054 11.4374 6.17157 11.8284Z' fill='black'\/>\n            <\/svg> <\/a>\n<h2 class=\"wp-block-heading\" id=\"h-ocksa-vart-att-notera-nbsp\"><strong>Ocks\u00e5 v\u00e4rt att notera<\/strong>&nbsp;<\/h2>\n\n\n\n<ul class=\"wp-block-list\">\n<li>Arbetet f\u00f6r att st\u00e4nga ute kriminella och oseri\u00f6sa leverant\u00f6rer fr\u00e5n att delta i valfrihetssystem \u00e4r konstruktivt och v\u00e4lbeh\u00f6vligt. Konkurrensverket har getts i uppdrag att l\u00e4mna f\u00f6rslag som motverkar kriminella och oseri\u00f6sa leverant\u00f6rer i valfrihetssystem.\u00a0\u00a0<\/li>\n<\/ul>\n\n\n\n<ul class=\"wp-block-list\">\n<li>Av dryga fyra miljarder till nystarts- och etableringsjobb utnyttjades endast 2,5 miljarder under 2025. Men regeringen v\u00e4ljer att f\u00f6rl\u00e4nga reformen f\u00f6r etableringsjobben till och med 2034, med f\u00f6rhoppningen att fler ska kunna ta del av st\u00f6det. Fr\u00e5n v\u00e5r sida \u00e4r det glasklart: utan kompetensbranschen kommer reformen inte kunna flyga.\u00a0\u00a0<\/li>\n<\/ul>\n\n\n<a class='Share__link Share__link--url copy-text' href='#' rel='nofollow' data-text='slutligen\u2026&nbsp;' title='Dela url' data-confirmation='L\u00e4nken kopierades till urklipp'><svg class='icon icon--link'  width='18' height='18' viewBox='0 0 18 18' fill='none' xmlns='http:\/\/www.w3.org\/2000\/svg'>\n            <path d='M10.4142 0.514721L6.87868 4.05025L8.29289 5.46447L11.1213 2.63604L15.364 6.87868L12.5355 9.70711L13.9497 11.1213L17.4853 7.58579C17.8763 7.19476 17.8763 6.5626 17.4853 6.17158L11.8284 0.514721C11.4374 0.123691 10.8052 0.123691 10.4142 0.514721Z' fill='black'\/>\n            <path d='M9.7071 12.5355L6.87868 15.364L2.63604 11.1213L5.46446 8.2929L4.05025 6.87868L0.514716 10.4142C0.123686 10.8052 0.123686 11.4374 0.514716 11.8284L6.17157 17.4853C6.5626 17.8763 7.19475 17.8763 7.58578 17.4853L11.1213 13.9497L9.7071 12.5355Z' fill='black'\/>\n            <path d='M6.17157 11.8284C6.5626 12.2195 7.19475 12.2195 7.58578 11.8284L11.8284 7.58579C12.2195 7.19476 12.2195 6.56261 11.8284 6.17158C11.4374 5.78055 10.8052 5.78055 10.4142 6.17158L6.17157 10.4142C5.78054 10.8052 5.78054 11.4374 6.17157 11.8284Z' fill='black'\/>\n            <\/svg> <\/a>\n<h2 class=\"wp-block-heading\" id=\"h-slutligen-nbsp\"><strong>Slutligen\u2026<\/strong>&nbsp;<\/h2>\n\n\n\n<p>Regeringens satsningar p\u00e5 Arbetsf\u00f6rmedlingen b\u00e4ddar f\u00f6r minskad insyn i arbetsmarknadspolitiska insatser och en minskad f\u00f6ljsamhet i arbetsmarknadspolitiken. Att inte satsa p\u00e5 skalbara upphandlade tj\u00e4nster riskerar leda till l\u00e4gre effektivitet i arbetsmarknadspolitiska insatser.&nbsp;&nbsp;<\/p>\n\n\n\n<p>\u00c4ven om det finns n\u00e5gra ljusningar s\u00e5 pekar arbetsmarknadsprognoser fortsatt p\u00e5 ett anstr\u00e4ngt l\u00e4ge, vilket borde b\u00e4dda f\u00f6r \u00f6kade politiska krav p\u00e5 fler deltagare i fungerande insatser som leder till varaktiga jobb.&nbsp;&nbsp;<\/p>\n\n\n\n<p>Kommande veckor ska vi tr\u00e4ffa flertalet politiker och representanter fr\u00e5n Arbetsf\u00f6rmedlingen, f\u00f6r att diskutera dessa fr\u00e5gor.&nbsp;<\/p>\n\n\n\n<p>P\u00e5 \u00e5terseende!&nbsp;&nbsp;<\/p>\n\n\n\n<p>Jessica&nbsp;<\/p>\n\n\n\n      <a href=\"https:\/\/www.kompetensforetagen.se\/arbetsmarknadspolitik\/\" target=\"\" class=\"Button is-button is-fullwidth is-style-fill has-black-background-color has-black-border-color has-white-color Button--arrow-tip\">\n      \n        L\u00e4s mer om v\u00e5rt arbete med arbetsmarknadspolitiken\n      \n      \n                \n                <svg class='icon icon--arrow-tip'  width=\"11\" height=\"16\" viewBox=\"0 0 11 16\" fill=\"none\" xmlns=\"http:\/\/www.w3.org\/2000\/svg\">\n<path d=\"M0.858398 15L9.2304 7.99664L0.967732 1.00001\" stroke=\"black\" stroke-width=\"2\" stroke-miterlimit=\"10\"\/>\n<\/svg>\n\n        \n    <\/a>\n  \n","protected":false},"excerpt":{"rendered":"<p>Mandatperiodens sista arbetsmarknadspolitiska h\u00f6stbudget var full av paradoxer. \u00c5 ena sidan har vi under flera \u00e5rs tid sett en brant stigande arbetsl\u00f6shet. N\u00e4rmare 24\u202f000 fler inskrivna arbetsl\u00f6sa p\u00e5 Arbetsf\u00f6rmedlingen under 2024 j\u00e4mf\u00f6rt med 2023 och &hellip;<\/p>\n","protected":false},"author":222,"featured_media":20873,"comment_status":"closed","ping_status":"closed","sticky":false,"template":"","format":"standard","meta":{"_acf_changed":false,"footnotes":""},"categories":[192,10],"tags":[],"article_type":[8,211],"agreement":[],"for-members":[],"class_list":["post-20895","post","type-post","status-publish","format-standard","has-post-thumbnail","hentry","category-arbetsformedlingen","category-arbetsmarknad","type-aktuellt","type-blogg"],"acf":[],"yoast_head":"<!-- This site is optimized with the Yoast SEO Premium plugin v26.8 (Yoast SEO v26.8) - https:\/\/yoast.com\/product\/yoast-seo-premium-wordpress\/ -->\n<title>Fler arbetsl\u00f6sa \u2013 f\u00e4rre insatser: Budgeten som sviker l\u00e5ngtidsarbetsl\u00f6sa\u00a0 - Kompetensf\u00f6retagen<\/title>\n<meta name=\"description\" content=\"Fler arbetsl\u00f6sa men f\u00e4rre insatser? L\u00e4s v\u00e5r analys av budgeten och hur neddragningar riskerar att svika l\u00e5ngtidsarbetsl\u00f6sa.\" \/>\n<meta name=\"robots\" content=\"index, follow, max-snippet:-1, max-image-preview:large, max-video-preview:-1\" \/>\n<link rel=\"canonical\" href=\"https:\/\/www.kompetensforetagen.se\/2025\/09\/fler-arbetslosa-farre-insatser-budgeten-som-sviker-langtidsarbetslosa\/\" \/>\n<meta property=\"og:locale\" content=\"sv_SE\" \/>\n<meta property=\"og:type\" content=\"article\" \/>\n<meta property=\"og:title\" content=\"Fler arbetsl\u00f6sa \u2013 f\u00e4rre insatser: Budgeten som sviker l\u00e5ngtidsarbetsl\u00f6sa\u00a0\" \/>\n<meta property=\"og:description\" content=\"Fler arbetsl\u00f6sa men f\u00e4rre insatser? L\u00e4s v\u00e5r analys av budgeten och hur neddragningar riskerar att svika l\u00e5ngtidsarbetsl\u00f6sa.\" \/>\n<meta property=\"og:url\" content=\"https:\/\/www.kompetensforetagen.se\/2025\/09\/fler-arbetslosa-farre-insatser-budgeten-som-sviker-langtidsarbetslosa\/\" \/>\n<meta property=\"og:site_name\" content=\"Kompetensf\u00f6retagen\" \/>\n<meta property=\"article:published_time\" content=\"2025-09-23T10:59:40+00:00\" \/>\n<meta property=\"article:modified_time\" content=\"2025-12-12T09:31:35+00:00\" \/>\n<meta property=\"og:image\" content=\"https:\/\/www.kompetensforetagen.se\/app\/uploads\/sites\/5\/2025\/09\/Kopia-av-Charlotte-Magnus-ikael-4.png\" \/>\n\t<meta property=\"og:image:width\" content=\"1080\" \/>\n\t<meta property=\"og:image:height\" content=\"540\" \/>\n\t<meta property=\"og:image:type\" content=\"image\/png\" \/>\n<meta name=\"author\" content=\"Fredric Sk\u00e4lstad\" \/>\n<meta name=\"twitter:card\" content=\"summary_large_image\" \/>\n<meta name=\"twitter:label1\" content=\"Skriven av\" \/>\n\t<meta name=\"twitter:data1\" content=\"Fredric Sk\u00e4lstad\" \/>\n\t<meta name=\"twitter:label2\" content=\"Ber\u00e4knad l\u00e4stid\" \/>\n\t<meta name=\"twitter:data2\" content=\"4 minuter\" \/>\n<!-- \/ Yoast SEO Premium plugin. -->","yoast_head_json":{"title":"Fler arbetsl\u00f6sa \u2013 f\u00e4rre insatser: Budgeten som sviker l\u00e5ngtidsarbetsl\u00f6sa\u00a0 - Kompetensf\u00f6retagen","description":"Fler arbetsl\u00f6sa men f\u00e4rre insatser? L\u00e4s v\u00e5r analys av budgeten och hur neddragningar riskerar att svika l\u00e5ngtidsarbetsl\u00f6sa.","robots":{"index":"index","follow":"follow","max-snippet":"max-snippet:-1","max-image-preview":"max-image-preview:large","max-video-preview":"max-video-preview:-1"},"canonical":"https:\/\/www.kompetensforetagen.se\/2025\/09\/fler-arbetslosa-farre-insatser-budgeten-som-sviker-langtidsarbetslosa\/","og_locale":"sv_SE","og_type":"article","og_title":"Fler arbetsl\u00f6sa \u2013 f\u00e4rre insatser: Budgeten som sviker l\u00e5ngtidsarbetsl\u00f6sa\u00a0","og_description":"Fler arbetsl\u00f6sa men f\u00e4rre insatser? L\u00e4s v\u00e5r analys av budgeten och hur neddragningar riskerar att svika l\u00e5ngtidsarbetsl\u00f6sa.","og_url":"https:\/\/www.kompetensforetagen.se\/2025\/09\/fler-arbetslosa-farre-insatser-budgeten-som-sviker-langtidsarbetslosa\/","og_site_name":"Kompetensf\u00f6retagen","article_published_time":"2025-09-23T10:59:40+00:00","article_modified_time":"2025-12-12T09:31:35+00:00","og_image":[{"width":1080,"height":540,"url":"https:\/\/www.kompetensforetagen.se\/app\/uploads\/sites\/5\/2025\/09\/Kopia-av-Charlotte-Magnus-ikael-4.png","type":"image\/png"}],"author":"Fredric Sk\u00e4lstad","twitter_card":"summary_large_image","twitter_misc":{"Skriven av":"Fredric Sk\u00e4lstad","Ber\u00e4knad l\u00e4stid":"4 minuter"},"schema":{"@context":"https:\/\/schema.org","@graph":[{"@type":"Article","@id":"https:\/\/www.kompetensforetagen.se\/2025\/09\/fler-arbetslosa-farre-insatser-budgeten-som-sviker-langtidsarbetslosa\/#article","isPartOf":{"@id":"https:\/\/www.kompetensforetagen.se\/2025\/09\/fler-arbetslosa-farre-insatser-budgeten-som-sviker-langtidsarbetslosa\/"},"author":{"name":"Fredric Sk\u00e4lstad","@id":"https:\/\/www.kompetensforetagen.se\/#\/schema\/person\/72cd48bb411dea15e40f11d726e9eeeb"},"headline":"Fler arbetsl\u00f6sa \u2013 f\u00e4rre insatser: Budgeten som sviker l\u00e5ngtidsarbetsl\u00f6sa\u00a0","datePublished":"2025-09-23T10:59:40+00:00","dateModified":"2025-12-12T09:31:35+00:00","mainEntityOfPage":{"@id":"https:\/\/www.kompetensforetagen.se\/2025\/09\/fler-arbetslosa-farre-insatser-budgeten-som-sviker-langtidsarbetslosa\/"},"wordCount":911,"publisher":{"@id":"https:\/\/www.kompetensforetagen.se\/#organization"},"image":{"@id":"https:\/\/www.kompetensforetagen.se\/2025\/09\/fler-arbetslosa-farre-insatser-budgeten-som-sviker-langtidsarbetslosa\/#primaryimage"},"thumbnailUrl":"https:\/\/www.kompetensforetagen.se\/app\/uploads\/sites\/5\/2025\/09\/Kopia-av-Charlotte-Magnus-ikael-4.png","articleSection":["Arbetsf\u00f6rmedlingen","Arbetsmarknad"],"inLanguage":"sv-SE"},{"@type":"WebPage","@id":"https:\/\/www.kompetensforetagen.se\/2025\/09\/fler-arbetslosa-farre-insatser-budgeten-som-sviker-langtidsarbetslosa\/","url":"https:\/\/www.kompetensforetagen.se\/2025\/09\/fler-arbetslosa-farre-insatser-budgeten-som-sviker-langtidsarbetslosa\/","name":"Fler arbetsl\u00f6sa \u2013 f\u00e4rre insatser: Budgeten som sviker l\u00e5ngtidsarbetsl\u00f6sa\u00a0 - Kompetensf\u00f6retagen","isPartOf":{"@id":"https:\/\/www.kompetensforetagen.se\/#website"},"primaryImageOfPage":{"@id":"https:\/\/www.kompetensforetagen.se\/2025\/09\/fler-arbetslosa-farre-insatser-budgeten-som-sviker-langtidsarbetslosa\/#primaryimage"},"image":{"@id":"https:\/\/www.kompetensforetagen.se\/2025\/09\/fler-arbetslosa-farre-insatser-budgeten-som-sviker-langtidsarbetslosa\/#primaryimage"},"thumbnailUrl":"https:\/\/www.kompetensforetagen.se\/app\/uploads\/sites\/5\/2025\/09\/Kopia-av-Charlotte-Magnus-ikael-4.png","datePublished":"2025-09-23T10:59:40+00:00","dateModified":"2025-12-12T09:31:35+00:00","description":"Fler arbetsl\u00f6sa men f\u00e4rre insatser? L\u00e4s v\u00e5r analys av budgeten och hur neddragningar riskerar att svika l\u00e5ngtidsarbetsl\u00f6sa.","breadcrumb":{"@id":"https:\/\/www.kompetensforetagen.se\/2025\/09\/fler-arbetslosa-farre-insatser-budgeten-som-sviker-langtidsarbetslosa\/#breadcrumb"},"inLanguage":"sv-SE","potentialAction":[{"@type":"ReadAction","target":["https:\/\/www.kompetensforetagen.se\/2025\/09\/fler-arbetslosa-farre-insatser-budgeten-som-sviker-langtidsarbetslosa\/"]}]},{"@type":"ImageObject","inLanguage":"sv-SE","@id":"https:\/\/www.kompetensforetagen.se\/2025\/09\/fler-arbetslosa-farre-insatser-budgeten-som-sviker-langtidsarbetslosa\/#primaryimage","url":"https:\/\/www.kompetensforetagen.se\/app\/uploads\/sites\/5\/2025\/09\/Kopia-av-Charlotte-Magnus-ikael-4.png","contentUrl":"https:\/\/www.kompetensforetagen.se\/app\/uploads\/sites\/5\/2025\/09\/Kopia-av-Charlotte-Magnus-ikael-4.png","width":1080,"height":540,"caption":"Jessica Forss Katz, expert p\u00e5 etableringsjobb"},{"@type":"BreadcrumbList","@id":"https:\/\/www.kompetensforetagen.se\/2025\/09\/fler-arbetslosa-farre-insatser-budgeten-som-sviker-langtidsarbetslosa\/#breadcrumb","itemListElement":[{"@type":"ListItem","position":1,"name":"Home","item":"https:\/\/www.kompetensforetagen.se\/"},{"@type":"ListItem","position":2,"name":"Fler arbetsl\u00f6sa \u2013 f\u00e4rre insatser: Budgeten som sviker l\u00e5ngtidsarbetsl\u00f6sa\u00a0"}]},{"@type":"WebSite","@id":"https:\/\/www.kompetensforetagen.se\/#website","url":"https:\/\/www.kompetensforetagen.se\/","name":"Kompetensf\u00f6retagen","description":"R\u00e4tt person p\u00e5 r\u00e4tt plats kan f\u00f6r\u00e4ndra v\u00e4rlden","publisher":{"@id":"https:\/\/www.kompetensforetagen.se\/#organization"},"potentialAction":[{"@type":"SearchAction","target":{"@type":"EntryPoint","urlTemplate":"https:\/\/www.kompetensforetagen.se\/?s={search_term_string}"},"query-input":{"@type":"PropertyValueSpecification","valueRequired":true,"valueName":"search_term_string"}}],"inLanguage":"sv-SE"},{"@type":"Organization","@id":"https:\/\/www.kompetensforetagen.se\/#organization","name":"Kompetensf\u00f6retagen","url":"https:\/\/www.kompetensforetagen.se\/","logo":{"@type":"ImageObject","inLanguage":"sv-SE","@id":"https:\/\/www.kompetensforetagen.se\/#\/schema\/logo\/image\/","url":"https:\/\/www.kompetensforetagen.se\/app\/uploads\/sites\/5\/2022\/10\/logga_svart.png","contentUrl":"https:\/\/www.kompetensforetagen.se\/app\/uploads\/sites\/5\/2022\/10\/logga_svart.png","width":752,"height":64,"caption":"Kompetensf\u00f6retagen"},"image":{"@id":"https:\/\/www.kompetensforetagen.se\/#\/schema\/logo\/image\/"},"sameAs":["https:\/\/www.linkedin.com\/company\/10540032\/"]},{"@type":"Person","@id":"https:\/\/www.kompetensforetagen.se\/#\/schema\/person\/72cd48bb411dea15e40f11d726e9eeeb","name":"Fredric Sk\u00e4lstad","image":{"@type":"ImageObject","inLanguage":"sv-SE","@id":"https:\/\/www.kompetensforetagen.se\/#\/schema\/person\/image\/","url":"https:\/\/secure.gravatar.com\/avatar\/64f20bf3ac13c78aedd6054f495d1a00b38234d6bf532fa3b1cb3ff0bcc24f8d?s=96&d=mm&r=g","contentUrl":"https:\/\/secure.gravatar.com\/avatar\/64f20bf3ac13c78aedd6054f495d1a00b38234d6bf532fa3b1cb3ff0bcc24f8d?s=96&d=mm&r=g","caption":"Fredric Sk\u00e4lstad"},"description":"Fredric \u00e4r n\u00e4ringspolitisk chef p\u00e5 Kompetensf\u00f6retagen.","url":"https:\/\/www.kompetensforetagen.se\/person\/fredricskalstad\/"}]}},"_links":{"self":[{"href":"https:\/\/www.kompetensforetagen.se\/api\/wp\/v2\/posts\/20895","targetHints":{"allow":["GET"]}}],"collection":[{"href":"https:\/\/www.kompetensforetagen.se\/api\/wp\/v2\/posts"}],"about":[{"href":"https:\/\/www.kompetensforetagen.se\/api\/wp\/v2\/types\/post"}],"author":[{"embeddable":true,"href":"https:\/\/www.kompetensforetagen.se\/api\/wp\/v2\/users\/222"}],"replies":[{"embeddable":true,"href":"https:\/\/www.kompetensforetagen.se\/api\/wp\/v2\/comments?post=20895"}],"version-history":[{"count":2,"href":"https:\/\/www.kompetensforetagen.se\/api\/wp\/v2\/posts\/20895\/revisions"}],"predecessor-version":[{"id":20898,"href":"https:\/\/www.kompetensforetagen.se\/api\/wp\/v2\/posts\/20895\/revisions\/20898"}],"wp:featuredmedia":[{"embeddable":true,"href":"https:\/\/www.kompetensforetagen.se\/api\/wp\/v2\/media\/20873"}],"wp:attachment":[{"href":"https:\/\/www.kompetensforetagen.se\/api\/wp\/v2\/media?parent=20895"}],"wp:term":[{"taxonomy":"category","embeddable":true,"href":"https:\/\/www.kompetensforetagen.se\/api\/wp\/v2\/categories?post=20895"},{"taxonomy":"post_tag","embeddable":true,"href":"https:\/\/www.kompetensforetagen.se\/api\/wp\/v2\/tags?post=20895"},{"taxonomy":"type","embeddable":true,"href":"https:\/\/www.kompetensforetagen.se\/api\/wp\/v2\/article_type?post=20895"},{"taxonomy":"agreement","embeddable":true,"href":"https:\/\/www.kompetensforetagen.se\/api\/wp\/v2\/agreement?post=20895"},{"taxonomy":"for-members","embeddable":true,"href":"https:\/\/www.kompetensforetagen.se\/api\/wp\/v2\/for-members?post=20895"}],"curies":[{"name":"wp","href":"https:\/\/api.w.org\/{rel}","templated":true}]}}