{"id":20872,"date":"2025-09-08T08:35:29","date_gmt":"2025-09-08T06:35:29","guid":{"rendered":"https:\/\/www.kompetensforetagen.se\/?p=20872"},"modified":"2025-12-12T11:26:15","modified_gmt":"2025-12-12T10:26:15","slug":"fran-britz-till-blitz","status":"publish","type":"post","link":"https:\/\/www.kompetensforetagen.se\/2025\/09\/fran-britz-till-blitz\/","title":{"rendered":"Fr\u00e5n Britz till blitz"},"content":{"rendered":"<p class=\"intro\">Med en ny arbetsmarknadsminister p\u00e5 plats och mandatperiodens slut i sikte \u00e4r det dags att s\u00e4tta kicka i g\u00e5ng h\u00f6sten och val\u00e5rsplanering. H\u00e4r kommer en snabb sammanfattning av vad som h\u00e4nt h\u00e4romsistens \u2013 och vad som v\u00e4ntar runt h\u00f6rnet, skriver Jessica Forss Katz.<\/p>\n\n<p id=\"ember263\"><\/p>\n\n\n\n<h3 class=\"wp-block-heading\" id=\"ember264\">Budgetsnack med Arbetsf\u00f6rmedlingen<\/h3>\n\n\n\n<p id=\"ember265\">Vi inledde terminen med ett webbinarium om Arbetsf\u00f6rmedlingens utgiftsprognos, tillsammans med Petter Carolusson, chef arbetsmarknadstj\u00e4nster p\u00e5 Arbetsf\u00f6rmedlingen. Prognosen visar:<\/p>\n\n\n\n<ul class=\"wp-block-list\">\n<li>Minskade utgifter f\u00f6r Rusta och matcha (fr\u00e5n ca 1,9 till 1,4 miljarder)<\/li>\n\n\n\n<li>L\u00e4gre volymer \u2013 ner mot 38 000 deltagare per \u00e5r<\/li>\n\n\n\n<li>N\u00e4ra en miljard \u00e5terl\u00e4mnas p\u00e5 programanslaget<\/li>\n\n\n\n<li>N\u00e4ra tv\u00e5 miljarder som kunde ha g\u00e5tt till aktivitetsst\u00f6d blir kvar i statskassan<\/li>\n<\/ul>\n\n\n\n<p id=\"ember267\">Vill du se hela dragningen? Klicka <a href=\"https:\/\/www.youtube.com\/watch?v=EV_ko2pV8E4\">h\u00e4r<\/a>.<\/p>\n\n\n\n<h3 class=\"wp-block-heading\" id=\"ember268\">Konkurrensverket p\u00e5 spaning efter fuskare<\/h3>\n\n\n\n<p id=\"ember269\">Under sommaren fick Konkurrensverket ett <a href=\"https:\/\/www.regeringen.se\/pressmeddelanden\/2025\/06\/regeringen-vill-stoppa-kriminella-och-oseriosa-leverantorer-fran-att-delta-i-valfrihetssystem\/\">regeringsuppdrag<\/a> att f\u00f6resl\u00e5 hur kriminella och oseri\u00f6sa leverant\u00f6rer kan stoppas fr\u00e5n att delta i valfrihetssystem. Vi har f\u00e5tt tr\u00e4ffa utredarna och fick d\u00e5 tillf\u00e4lle att inkomma med f\u00f6rslag till utredningen. Bland annat tryckte vi p\u00e5 behovet av en \u00e4gar- och ledningspr\u00f6vning i samband med ans\u00f6kan som leverant\u00f6r till matchningstj\u00e4nsten, samt att det b\u00f6r st\u00e4llas samma krav p\u00e5 huvud- och underleverant\u00f6rer oavsett n\u00e4r de anlitas. Vi \u00e4r fortsatt i dialog med myndigheten kring deras arbete.<\/p>\n\n\n\n<h3 class=\"wp-block-heading\" id=\"ember270\">M\u00f6te med IFAU om kommande studie<\/h3>\n\n\n\n<p id=\"ember271\">Jag och Per Hammar har ocks\u00e5 pratat med utredare och forskare p\u00e5 IFAU om deras kommande studie. IFAU vill unders\u00f6ka hur de privata leverant\u00f6rerna upplever Arbetsf\u00f6rmedlingens granskningsarbete. De kommer under h\u00f6sten g\u00f6ra en st\u00f6rre enk\u00e4tunders\u00f6kning och intervjuer till leverant\u00f6rer i Rusta och matcha-tj\u00e4nsten. Under m\u00f6tet fick vi m\u00f6jlighet att trycka p\u00e5 f\u00f6rdelarna med att tj\u00e4nsten genomf\u00f6rs i LOV, att r\u00e4tt saker kontrolleras och att det f\u00f6rst sedan \u00e5rsskiftet blivit m\u00f6jligt att utv\u00e4rdera tj\u00e4nsten p\u00e5 rimliga grunder.<\/p>\n\n\n\n<h3 class=\"wp-block-heading\" id=\"ember272\">Ny minister, nya m\u00f6jligheter<\/h3>\n\n\n\n<p id=\"ember273\">Tillsammans med Per Hammar skickade vi en v\u00e4lkomsth\u00e4lsning till nya arbetsmarknadsministern Johan Britz (L) p\u00e5 <a href=\"https:\/\/www.gp.se\/debatt\/dags-att-kavla-upp-armarna-for-att-fa-fart-pa-sverige.58b5baec-af86-4665-b548-0a4f6fa8394d\">GP Debatt<\/a>. Vi lyfte tre nyckelbudskap fr\u00e5n v\u00e5rt reformprogram:<\/p>\n\n\n\n<ol class=\"wp-block-list\">\n<li>L\u00e5ngsiktighet och effektivitet i arbetsmarknadsinsatser<\/li>\n\n\n\n<li>N\u00e4ringslivets behov m\u00e5ste styra utformningen av insatser<\/li>\n\n\n\n<li>Tidiga och individanpassade insatser beh\u00f6vs<\/li>\n<\/ol>\n\n\n\n<p id=\"ember275\">D\u00e4rut\u00f6ver har vi tr\u00e4ffat Erik Scheller, statssekreterare hos arbetsmarknadsministern, i veckan. Under m\u00f6tet fick vi tillf\u00e4lle att ber\u00e4tta om utvecklingen sedan betygssystemet och resultatuppf\u00f6ljningen i matchningstj\u00e4nsten kommit p\u00e5 plats, diskutera IFAU:s effektutv\u00e4rderingar och presentera v\u00e5rt reformprogram.<\/p>\n\n\n\n<h3 class=\"wp-block-heading\" id=\"ember276\">\ud83d\udcc5 Vad h\u00e4nder fram\u00f6ver?<\/h3>\n\n\n\n<p id=\"ember277\"><strong>22\/9<\/strong> M\u00f6te med Roy Melchert, sektionschef arbetsmarknad SKR<\/p>\n\n\n\n<p id=\"ember278\"><strong>24\/9<\/strong> M\u00f6te med Oliver Rosengren (M)<\/p>\n\n\n\n<p id=\"ember279\"><strong>26\/9<\/strong> Reformarbetsgruppen g\u00e4stas av Lili Andr\u00e9 (KD)<\/p>\n\n\n\n<p id=\"ember280\">Och mer kommer\u2026 s\u00e5 h\u00e5ll i hatten!<\/p>\n\n\n\n<h3 class=\"wp-block-heading\" id=\"ember281\">Avslutningsvis<\/h3>\n\n\n\n<p id=\"ember282\">H\u00f6sten \u00e4r full av m\u00f6jligheter, och vi ser fram emot att forts\u00e4tta driva arbetsmarknadspolitiken fram\u00e5t \u2013 med b\u00e5de hj\u00e4rta och hj\u00e4rna.<\/p>\n\n\n\n<p id=\"ember283\">P\u00e5 \u00e5terh\u00f6rande!&nbsp; \/Jessica<\/p>\n","protected":false},"excerpt":{"rendered":"<p>Budgetsnack med Arbetsf\u00f6rmedlingen Vi inledde terminen med ett webbinarium om Arbetsf\u00f6rmedlingens utgiftsprognos, tillsammans med Petter Carolusson, chef arbetsmarknadstj\u00e4nster p\u00e5 Arbetsf\u00f6rmedlingen. Prognosen visar: Vill du se hela dragningen? Klicka h\u00e4r. Konkurrensverket p\u00e5 spaning efter fuskare Under &hellip;<\/p>\n","protected":false},"author":222,"featured_media":20873,"comment_status":"closed","ping_status":"closed","sticky":false,"template":"","format":"standard","meta":{"_acf_changed":false,"footnotes":""},"categories":[192],"tags":[],"article_type":[8,211],"agreement":[],"for-members":[],"class_list":["post-20872","post","type-post","status-publish","format-standard","has-post-thumbnail","hentry","category-arbetsformedlingen","type-aktuellt","type-blogg"],"acf":[],"yoast_head":"<!-- This site is optimized with the Yoast SEO Premium plugin v26.8 (Yoast SEO v26.8) - https:\/\/yoast.com\/product\/yoast-seo-premium-wordpress\/ -->\n<title>Fr\u00e5n Britz till blitz - Kompetensf\u00f6retagen<\/title>\n<meta name=\"description\" content=\"Fr\u00e5n Britz till Blitz. En spaning om hastiga f\u00f6r\u00e4ndringar p\u00e5 arbetsmarknaden och behovet av snabbare omst\u00e4llning.\" \/>\n<meta name=\"robots\" content=\"index, follow, max-snippet:-1, max-image-preview:large, max-video-preview:-1\" \/>\n<link rel=\"canonical\" href=\"https:\/\/www.kompetensforetagen.se\/2025\/09\/fran-britz-till-blitz\/\" \/>\n<meta property=\"og:locale\" content=\"sv_SE\" \/>\n<meta property=\"og:type\" content=\"article\" \/>\n<meta property=\"og:title\" content=\"Fr\u00e5n Britz till blitz\" \/>\n<meta property=\"og:description\" content=\"Fr\u00e5n Britz till Blitz. En spaning om hastiga f\u00f6r\u00e4ndringar p\u00e5 arbetsmarknaden och behovet av snabbare omst\u00e4llning.\" \/>\n<meta property=\"og:url\" content=\"https:\/\/www.kompetensforetagen.se\/2025\/09\/fran-britz-till-blitz\/\" \/>\n<meta property=\"og:site_name\" content=\"Kompetensf\u00f6retagen\" \/>\n<meta property=\"article:published_time\" content=\"2025-09-08T06:35:29+00:00\" \/>\n<meta property=\"article:modified_time\" content=\"2025-12-12T10:26:15+00:00\" \/>\n<meta property=\"og:image\" content=\"https:\/\/www.kompetensforetagen.se\/app\/uploads\/sites\/5\/2025\/09\/Kopia-av-Charlotte-Magnus-ikael-4.png\" \/>\n\t<meta property=\"og:image:width\" content=\"1080\" \/>\n\t<meta property=\"og:image:height\" content=\"540\" \/>\n\t<meta property=\"og:image:type\" content=\"image\/png\" \/>\n<meta name=\"author\" content=\"Fredric Sk\u00e4lstad\" \/>\n<meta name=\"twitter:card\" content=\"summary_large_image\" \/>\n<meta name=\"twitter:label1\" content=\"Skriven av\" \/>\n\t<meta name=\"twitter:data1\" content=\"Fredric Sk\u00e4lstad\" \/>\n\t<meta name=\"twitter:label2\" content=\"Ber\u00e4knad l\u00e4stid\" \/>\n\t<meta name=\"twitter:data2\" content=\"3 minuter\" \/>\n<!-- \/ Yoast SEO Premium plugin. -->","yoast_head_json":{"title":"Fr\u00e5n Britz till blitz - Kompetensf\u00f6retagen","description":"Fr\u00e5n Britz till Blitz. En spaning om hastiga f\u00f6r\u00e4ndringar p\u00e5 arbetsmarknaden och behovet av snabbare omst\u00e4llning.","robots":{"index":"index","follow":"follow","max-snippet":"max-snippet:-1","max-image-preview":"max-image-preview:large","max-video-preview":"max-video-preview:-1"},"canonical":"https:\/\/www.kompetensforetagen.se\/2025\/09\/fran-britz-till-blitz\/","og_locale":"sv_SE","og_type":"article","og_title":"Fr\u00e5n Britz till blitz","og_description":"Fr\u00e5n Britz till Blitz. En spaning om hastiga f\u00f6r\u00e4ndringar p\u00e5 arbetsmarknaden och behovet av snabbare omst\u00e4llning.","og_url":"https:\/\/www.kompetensforetagen.se\/2025\/09\/fran-britz-till-blitz\/","og_site_name":"Kompetensf\u00f6retagen","article_published_time":"2025-09-08T06:35:29+00:00","article_modified_time":"2025-12-12T10:26:15+00:00","og_image":[{"width":1080,"height":540,"url":"https:\/\/www.kompetensforetagen.se\/app\/uploads\/sites\/5\/2025\/09\/Kopia-av-Charlotte-Magnus-ikael-4.png","type":"image\/png"}],"author":"Fredric Sk\u00e4lstad","twitter_card":"summary_large_image","twitter_misc":{"Skriven av":"Fredric Sk\u00e4lstad","Ber\u00e4knad l\u00e4stid":"3 minuter"},"schema":{"@context":"https:\/\/schema.org","@graph":[{"@type":"Article","@id":"https:\/\/www.kompetensforetagen.se\/2025\/09\/fran-britz-till-blitz\/#article","isPartOf":{"@id":"https:\/\/www.kompetensforetagen.se\/2025\/09\/fran-britz-till-blitz\/"},"author":{"name":"Fredric Sk\u00e4lstad","@id":"https:\/\/www.kompetensforetagen.se\/#\/schema\/person\/72cd48bb411dea15e40f11d726e9eeeb"},"headline":"Fr\u00e5n Britz till blitz","datePublished":"2025-09-08T06:35:29+00:00","dateModified":"2025-12-12T10:26:15+00:00","mainEntityOfPage":{"@id":"https:\/\/www.kompetensforetagen.se\/2025\/09\/fran-britz-till-blitz\/"},"wordCount":454,"publisher":{"@id":"https:\/\/www.kompetensforetagen.se\/#organization"},"image":{"@id":"https:\/\/www.kompetensforetagen.se\/2025\/09\/fran-britz-till-blitz\/#primaryimage"},"thumbnailUrl":"https:\/\/www.kompetensforetagen.se\/app\/uploads\/sites\/5\/2025\/09\/Kopia-av-Charlotte-Magnus-ikael-4.png","articleSection":["Arbetsf\u00f6rmedlingen"],"inLanguage":"sv-SE"},{"@type":"WebPage","@id":"https:\/\/www.kompetensforetagen.se\/2025\/09\/fran-britz-till-blitz\/","url":"https:\/\/www.kompetensforetagen.se\/2025\/09\/fran-britz-till-blitz\/","name":"Fr\u00e5n Britz till blitz - Kompetensf\u00f6retagen","isPartOf":{"@id":"https:\/\/www.kompetensforetagen.se\/#website"},"primaryImageOfPage":{"@id":"https:\/\/www.kompetensforetagen.se\/2025\/09\/fran-britz-till-blitz\/#primaryimage"},"image":{"@id":"https:\/\/www.kompetensforetagen.se\/2025\/09\/fran-britz-till-blitz\/#primaryimage"},"thumbnailUrl":"https:\/\/www.kompetensforetagen.se\/app\/uploads\/sites\/5\/2025\/09\/Kopia-av-Charlotte-Magnus-ikael-4.png","datePublished":"2025-09-08T06:35:29+00:00","dateModified":"2025-12-12T10:26:15+00:00","description":"Fr\u00e5n Britz till Blitz. En spaning om hastiga f\u00f6r\u00e4ndringar p\u00e5 arbetsmarknaden och behovet av snabbare omst\u00e4llning.","breadcrumb":{"@id":"https:\/\/www.kompetensforetagen.se\/2025\/09\/fran-britz-till-blitz\/#breadcrumb"},"inLanguage":"sv-SE","potentialAction":[{"@type":"ReadAction","target":["https:\/\/www.kompetensforetagen.se\/2025\/09\/fran-britz-till-blitz\/"]}]},{"@type":"ImageObject","inLanguage":"sv-SE","@id":"https:\/\/www.kompetensforetagen.se\/2025\/09\/fran-britz-till-blitz\/#primaryimage","url":"https:\/\/www.kompetensforetagen.se\/app\/uploads\/sites\/5\/2025\/09\/Kopia-av-Charlotte-Magnus-ikael-4.png","contentUrl":"https:\/\/www.kompetensforetagen.se\/app\/uploads\/sites\/5\/2025\/09\/Kopia-av-Charlotte-Magnus-ikael-4.png","width":1080,"height":540,"caption":"Jessica Forss Katz, expert p\u00e5 etableringsjobb"},{"@type":"BreadcrumbList","@id":"https:\/\/www.kompetensforetagen.se\/2025\/09\/fran-britz-till-blitz\/#breadcrumb","itemListElement":[{"@type":"ListItem","position":1,"name":"Home","item":"https:\/\/www.kompetensforetagen.se\/"},{"@type":"ListItem","position":2,"name":"Fr\u00e5n Britz till blitz"}]},{"@type":"WebSite","@id":"https:\/\/www.kompetensforetagen.se\/#website","url":"https:\/\/www.kompetensforetagen.se\/","name":"Kompetensf\u00f6retagen","description":"R\u00e4tt person p\u00e5 r\u00e4tt plats kan f\u00f6r\u00e4ndra v\u00e4rlden","publisher":{"@id":"https:\/\/www.kompetensforetagen.se\/#organization"},"potentialAction":[{"@type":"SearchAction","target":{"@type":"EntryPoint","urlTemplate":"https:\/\/www.kompetensforetagen.se\/?s={search_term_string}"},"query-input":{"@type":"PropertyValueSpecification","valueRequired":true,"valueName":"search_term_string"}}],"inLanguage":"sv-SE"},{"@type":"Organization","@id":"https:\/\/www.kompetensforetagen.se\/#organization","name":"Kompetensf\u00f6retagen","url":"https:\/\/www.kompetensforetagen.se\/","logo":{"@type":"ImageObject","inLanguage":"sv-SE","@id":"https:\/\/www.kompetensforetagen.se\/#\/schema\/logo\/image\/","url":"https:\/\/www.kompetensforetagen.se\/app\/uploads\/sites\/5\/2022\/10\/logga_svart.png","contentUrl":"https:\/\/www.kompetensforetagen.se\/app\/uploads\/sites\/5\/2022\/10\/logga_svart.png","width":752,"height":64,"caption":"Kompetensf\u00f6retagen"},"image":{"@id":"https:\/\/www.kompetensforetagen.se\/#\/schema\/logo\/image\/"},"sameAs":["https:\/\/www.linkedin.com\/company\/10540032\/"]},{"@type":"Person","@id":"https:\/\/www.kompetensforetagen.se\/#\/schema\/person\/72cd48bb411dea15e40f11d726e9eeeb","name":"Fredric Sk\u00e4lstad","image":{"@type":"ImageObject","inLanguage":"sv-SE","@id":"https:\/\/www.kompetensforetagen.se\/#\/schema\/person\/image\/","url":"https:\/\/secure.gravatar.com\/avatar\/64f20bf3ac13c78aedd6054f495d1a00b38234d6bf532fa3b1cb3ff0bcc24f8d?s=96&d=mm&r=g","contentUrl":"https:\/\/secure.gravatar.com\/avatar\/64f20bf3ac13c78aedd6054f495d1a00b38234d6bf532fa3b1cb3ff0bcc24f8d?s=96&d=mm&r=g","caption":"Fredric Sk\u00e4lstad"},"description":"Fredric \u00e4r n\u00e4ringspolitisk chef p\u00e5 Kompetensf\u00f6retagen.","url":"https:\/\/www.kompetensforetagen.se\/person\/fredricskalstad\/"}]}},"_links":{"self":[{"href":"https:\/\/www.kompetensforetagen.se\/api\/wp\/v2\/posts\/20872","targetHints":{"allow":["GET"]}}],"collection":[{"href":"https:\/\/www.kompetensforetagen.se\/api\/wp\/v2\/posts"}],"about":[{"href":"https:\/\/www.kompetensforetagen.se\/api\/wp\/v2\/types\/post"}],"author":[{"embeddable":true,"href":"https:\/\/www.kompetensforetagen.se\/api\/wp\/v2\/users\/222"}],"replies":[{"embeddable":true,"href":"https:\/\/www.kompetensforetagen.se\/api\/wp\/v2\/comments?post=20872"}],"version-history":[{"count":1,"href":"https:\/\/www.kompetensforetagen.se\/api\/wp\/v2\/posts\/20872\/revisions"}],"predecessor-version":[{"id":20874,"href":"https:\/\/www.kompetensforetagen.se\/api\/wp\/v2\/posts\/20872\/revisions\/20874"}],"wp:featuredmedia":[{"embeddable":true,"href":"https:\/\/www.kompetensforetagen.se\/api\/wp\/v2\/media\/20873"}],"wp:attachment":[{"href":"https:\/\/www.kompetensforetagen.se\/api\/wp\/v2\/media?parent=20872"}],"wp:term":[{"taxonomy":"category","embeddable":true,"href":"https:\/\/www.kompetensforetagen.se\/api\/wp\/v2\/categories?post=20872"},{"taxonomy":"post_tag","embeddable":true,"href":"https:\/\/www.kompetensforetagen.se\/api\/wp\/v2\/tags?post=20872"},{"taxonomy":"type","embeddable":true,"href":"https:\/\/www.kompetensforetagen.se\/api\/wp\/v2\/article_type?post=20872"},{"taxonomy":"agreement","embeddable":true,"href":"https:\/\/www.kompetensforetagen.se\/api\/wp\/v2\/agreement?post=20872"},{"taxonomy":"for-members","embeddable":true,"href":"https:\/\/www.kompetensforetagen.se\/api\/wp\/v2\/for-members?post=20872"}],"curies":[{"name":"wp","href":"https:\/\/api.w.org\/{rel}","templated":true}]}}