{"id":20720,"date":"2025-08-13T14:16:12","date_gmt":"2025-08-13T12:16:12","guid":{"rendered":"https:\/\/www.kompetensforetagen.se\/?p=20720"},"modified":"2025-12-12T10:17:21","modified_gmt":"2025-12-12T09:17:21","slug":"bakgrundskontroller-ar-viktiga-for-naringslivet","status":"publish","type":"post","link":"https:\/\/www.kompetensforetagen.se\/2025\/08\/bakgrundskontroller-ar-viktiga-for-naringslivet\/","title":{"rendered":"Bakgrundskontroller \u00e4r viktiga f\u00f6r n\u00e4ringslivet"},"content":{"rendered":"<p class=\"intro\">De senaste \u00e5rens utveckling av organiserad brottslighet, arbetslivskriminalitet och infiltration av f\u00f6retag \u00e4r skadlig f\u00f6r Sverige. Alla seri\u00f6sa arbetsgivare vill skydda sin verksamhet och personal. Behovet av bakgrundskontroller har d\u00e4rf\u00f6r aldrig varit st\u00f6rre.<\/p>\n\n<p>Under Almedalsveckan presenterade v\u00e5r n\u00e4ringspolitiske expert Christoffer Nilsson, tillsammans med Almega och S\u00e4kerhetsf\u00f6retagen, ett positionspapper p\u00e5 omr\u00e5det.<\/p>\n\n\n\n<p>Det \u00e4r en sammanfattning av v\u00e5ra f\u00f6rslag till l\u00f6sningar och rekommendationer i s\u00e4rskilda fr\u00e5gor med stor b\u00e4ring p\u00e5 arbetslivet. Genom detta positionspapper v\u00e4nder vi oss till beslutsfattare och andra intressenter som deltar i utformandet och p\u00e5verkansarbetet i arbetsmarknadsfr\u00e5gor.<\/p>\n\n\n\n      <a href=\"https:\/\/www.almega.se\/app\/uploads\/2025\/06\/Almegas-positionspapper-bakgrundskontroller-i-arbetslivet-juni-2025.pdf\" target=\"_blank\" class=\"Button is-button is-fullwidth is-style-fill has-black-background-color has-black-border-color has-white-color Button--arrow-tip\">\n      \n        L\u00e4s positionspappret h\u00e4r\n      \n      \n                \n                <svg class='icon icon--arrow-tip'  width=\"11\" height=\"16\" viewBox=\"0 0 11 16\" fill=\"none\" xmlns=\"http:\/\/www.w3.org\/2000\/svg\">\n<path d=\"M0.858398 15L9.2304 7.99664L0.967732 1.00001\" stroke=\"black\" stroke-width=\"2\" stroke-miterlimit=\"10\"\/>\n<\/svg>\n\n        \n    <\/a>\n  \n","protected":false},"excerpt":{"rendered":"<p>Under Almedalsveckan presenterade v\u00e5r n\u00e4ringspolitiske expert Christoffer Nilsson, tillsammans med Almega och S\u00e4kerhetsf\u00f6retagen, ett positionspapper p\u00e5 omr\u00e5det. Det \u00e4r en sammanfattning av v\u00e5ra f\u00f6rslag till l\u00f6sningar och rekommendationer i s\u00e4rskilda fr\u00e5gor med stor b\u00e4ring p\u00e5 &hellip;<\/p>\n","protected":false},"author":222,"featured_media":18437,"comment_status":"closed","ping_status":"closed","sticky":false,"template":"","format":"standard","meta":{"_acf_changed":false,"footnotes":""},"categories":[265],"tags":[],"article_type":[8,16],"agreement":[],"for-members":[],"class_list":["post-20720","post","type-post","status-publish","format-standard","has-post-thumbnail","hentry","category-bakgrundskontroll","type-aktuellt","type-rapporter"],"acf":[],"yoast_head":"<!-- This site is optimized with the Yoast SEO Premium plugin v26.8 (Yoast SEO v26.8) - https:\/\/yoast.com\/product\/yoast-seo-premium-wordpress\/ -->\n<title>Bakgrundskontroller \u00e4r viktiga f\u00f6r n\u00e4ringslivet - Kompetensf\u00f6retagen<\/title>\n<meta name=\"description\" content=\"Bakgrundskontroller \u00e4r avg\u00f6rande f\u00f6r n\u00e4ringslivet. L\u00e4s om vikten av s\u00e4kerhet, integritet och riskhantering vid rekrytering.\" \/>\n<meta name=\"robots\" content=\"index, follow, max-snippet:-1, max-image-preview:large, max-video-preview:-1\" \/>\n<link rel=\"canonical\" href=\"https:\/\/www.kompetensforetagen.se\/2025\/08\/bakgrundskontroller-ar-viktiga-for-naringslivet\/\" \/>\n<meta property=\"og:locale\" content=\"sv_SE\" \/>\n<meta property=\"og:type\" content=\"article\" \/>\n<meta property=\"og:title\" content=\"Bakgrundskontroller \u00e4r viktiga f\u00f6r n\u00e4ringslivet\" \/>\n<meta property=\"og:description\" content=\"Bakgrundskontroller \u00e4r avg\u00f6rande f\u00f6r n\u00e4ringslivet. L\u00e4s om vikten av s\u00e4kerhet, integritet och riskhantering vid rekrytering.\" \/>\n<meta property=\"og:url\" content=\"https:\/\/www.kompetensforetagen.se\/2025\/08\/bakgrundskontroller-ar-viktiga-for-naringslivet\/\" \/>\n<meta property=\"og:site_name\" content=\"Kompetensf\u00f6retagen\" \/>\n<meta property=\"article:published_time\" content=\"2025-08-13T12:16:12+00:00\" \/>\n<meta property=\"article:modified_time\" content=\"2025-12-12T09:17:21+00:00\" \/>\n<meta property=\"og:image\" content=\"https:\/\/www.kompetensforetagen.se\/app\/uploads\/sites\/5\/2024\/09\/Medlemscase-hemsida.png\" \/>\n\t<meta property=\"og:image:width\" content=\"1900\" \/>\n\t<meta property=\"og:image:height\" content=\"1000\" \/>\n\t<meta property=\"og:image:type\" content=\"image\/png\" \/>\n<meta name=\"author\" content=\"Fredric Sk\u00e4lstad\" \/>\n<meta name=\"twitter:card\" content=\"summary_large_image\" \/>\n<meta name=\"twitter:label1\" content=\"Skriven av\" \/>\n\t<meta name=\"twitter:data1\" content=\"Fredric Sk\u00e4lstad\" \/>\n\t<meta name=\"twitter:label2\" content=\"Ber\u00e4knad l\u00e4stid\" \/>\n\t<meta name=\"twitter:data2\" content=\"1 minut\" \/>\n<!-- \/ Yoast SEO Premium plugin. -->","yoast_head_json":{"title":"Bakgrundskontroller \u00e4r viktiga f\u00f6r n\u00e4ringslivet - Kompetensf\u00f6retagen","description":"Bakgrundskontroller \u00e4r avg\u00f6rande f\u00f6r n\u00e4ringslivet. L\u00e4s om vikten av s\u00e4kerhet, integritet och riskhantering vid rekrytering.","robots":{"index":"index","follow":"follow","max-snippet":"max-snippet:-1","max-image-preview":"max-image-preview:large","max-video-preview":"max-video-preview:-1"},"canonical":"https:\/\/www.kompetensforetagen.se\/2025\/08\/bakgrundskontroller-ar-viktiga-for-naringslivet\/","og_locale":"sv_SE","og_type":"article","og_title":"Bakgrundskontroller \u00e4r viktiga f\u00f6r n\u00e4ringslivet","og_description":"Bakgrundskontroller \u00e4r avg\u00f6rande f\u00f6r n\u00e4ringslivet. L\u00e4s om vikten av s\u00e4kerhet, integritet och riskhantering vid rekrytering.","og_url":"https:\/\/www.kompetensforetagen.se\/2025\/08\/bakgrundskontroller-ar-viktiga-for-naringslivet\/","og_site_name":"Kompetensf\u00f6retagen","article_published_time":"2025-08-13T12:16:12+00:00","article_modified_time":"2025-12-12T09:17:21+00:00","og_image":[{"width":1900,"height":1000,"url":"https:\/\/www.kompetensforetagen.se\/app\/uploads\/sites\/5\/2024\/09\/Medlemscase-hemsida.png","type":"image\/png"}],"author":"Fredric Sk\u00e4lstad","twitter_card":"summary_large_image","twitter_misc":{"Skriven av":"Fredric Sk\u00e4lstad","Ber\u00e4knad l\u00e4stid":"1 minut"},"schema":{"@context":"https:\/\/schema.org","@graph":[{"@type":"Article","@id":"https:\/\/www.kompetensforetagen.se\/2025\/08\/bakgrundskontroller-ar-viktiga-for-naringslivet\/#article","isPartOf":{"@id":"https:\/\/www.kompetensforetagen.se\/2025\/08\/bakgrundskontroller-ar-viktiga-for-naringslivet\/"},"author":{"name":"Fredric Sk\u00e4lstad","@id":"https:\/\/www.kompetensforetagen.se\/#\/schema\/person\/72cd48bb411dea15e40f11d726e9eeeb"},"headline":"Bakgrundskontroller \u00e4r viktiga f\u00f6r n\u00e4ringslivet","datePublished":"2025-08-13T12:16:12+00:00","dateModified":"2025-12-12T09:17:21+00:00","mainEntityOfPage":{"@id":"https:\/\/www.kompetensforetagen.se\/2025\/08\/bakgrundskontroller-ar-viktiga-for-naringslivet\/"},"wordCount":76,"publisher":{"@id":"https:\/\/www.kompetensforetagen.se\/#organization"},"image":{"@id":"https:\/\/www.kompetensforetagen.se\/2025\/08\/bakgrundskontroller-ar-viktiga-for-naringslivet\/#primaryimage"},"thumbnailUrl":"https:\/\/www.kompetensforetagen.se\/app\/uploads\/sites\/5\/2024\/09\/Medlemscase-hemsida.png","articleSection":["Bakgrundskontroll"],"inLanguage":"sv-SE"},{"@type":"WebPage","@id":"https:\/\/www.kompetensforetagen.se\/2025\/08\/bakgrundskontroller-ar-viktiga-for-naringslivet\/","url":"https:\/\/www.kompetensforetagen.se\/2025\/08\/bakgrundskontroller-ar-viktiga-for-naringslivet\/","name":"Bakgrundskontroller \u00e4r viktiga f\u00f6r n\u00e4ringslivet - Kompetensf\u00f6retagen","isPartOf":{"@id":"https:\/\/www.kompetensforetagen.se\/#website"},"primaryImageOfPage":{"@id":"https:\/\/www.kompetensforetagen.se\/2025\/08\/bakgrundskontroller-ar-viktiga-for-naringslivet\/#primaryimage"},"image":{"@id":"https:\/\/www.kompetensforetagen.se\/2025\/08\/bakgrundskontroller-ar-viktiga-for-naringslivet\/#primaryimage"},"thumbnailUrl":"https:\/\/www.kompetensforetagen.se\/app\/uploads\/sites\/5\/2024\/09\/Medlemscase-hemsida.png","datePublished":"2025-08-13T12:16:12+00:00","dateModified":"2025-12-12T09:17:21+00:00","description":"Bakgrundskontroller \u00e4r avg\u00f6rande f\u00f6r n\u00e4ringslivet. L\u00e4s om vikten av s\u00e4kerhet, integritet och riskhantering vid rekrytering.","breadcrumb":{"@id":"https:\/\/www.kompetensforetagen.se\/2025\/08\/bakgrundskontroller-ar-viktiga-for-naringslivet\/#breadcrumb"},"inLanguage":"sv-SE","potentialAction":[{"@type":"ReadAction","target":["https:\/\/www.kompetensforetagen.se\/2025\/08\/bakgrundskontroller-ar-viktiga-for-naringslivet\/"]}]},{"@type":"ImageObject","inLanguage":"sv-SE","@id":"https:\/\/www.kompetensforetagen.se\/2025\/08\/bakgrundskontroller-ar-viktiga-for-naringslivet\/#primaryimage","url":"https:\/\/www.kompetensforetagen.se\/app\/uploads\/sites\/5\/2024\/09\/Medlemscase-hemsida.png","contentUrl":"https:\/\/www.kompetensforetagen.se\/app\/uploads\/sites\/5\/2024\/09\/Medlemscase-hemsida.png","width":1900,"height":1000,"caption":"Grafik f\u00f6r artikel om medlemscase och framg\u00e5ngsrik bemanning. Inhyrd v\u00e5rdpersonal viktig f\u00f6r v\u00e5rden."},{"@type":"BreadcrumbList","@id":"https:\/\/www.kompetensforetagen.se\/2025\/08\/bakgrundskontroller-ar-viktiga-for-naringslivet\/#breadcrumb","itemListElement":[{"@type":"ListItem","position":1,"name":"Home","item":"https:\/\/www.kompetensforetagen.se\/"},{"@type":"ListItem","position":2,"name":"Bakgrundskontroller \u00e4r viktiga f\u00f6r n\u00e4ringslivet"}]},{"@type":"WebSite","@id":"https:\/\/www.kompetensforetagen.se\/#website","url":"https:\/\/www.kompetensforetagen.se\/","name":"Kompetensf\u00f6retagen","description":"R\u00e4tt person p\u00e5 r\u00e4tt plats kan f\u00f6r\u00e4ndra v\u00e4rlden","publisher":{"@id":"https:\/\/www.kompetensforetagen.se\/#organization"},"potentialAction":[{"@type":"SearchAction","target":{"@type":"EntryPoint","urlTemplate":"https:\/\/www.kompetensforetagen.se\/?s={search_term_string}"},"query-input":{"@type":"PropertyValueSpecification","valueRequired":true,"valueName":"search_term_string"}}],"inLanguage":"sv-SE"},{"@type":"Organization","@id":"https:\/\/www.kompetensforetagen.se\/#organization","name":"Kompetensf\u00f6retagen","url":"https:\/\/www.kompetensforetagen.se\/","logo":{"@type":"ImageObject","inLanguage":"sv-SE","@id":"https:\/\/www.kompetensforetagen.se\/#\/schema\/logo\/image\/","url":"https:\/\/www.kompetensforetagen.se\/app\/uploads\/sites\/5\/2022\/10\/logga_svart.png","contentUrl":"https:\/\/www.kompetensforetagen.se\/app\/uploads\/sites\/5\/2022\/10\/logga_svart.png","width":752,"height":64,"caption":"Kompetensf\u00f6retagen"},"image":{"@id":"https:\/\/www.kompetensforetagen.se\/#\/schema\/logo\/image\/"},"sameAs":["https:\/\/www.linkedin.com\/company\/10540032\/"]},{"@type":"Person","@id":"https:\/\/www.kompetensforetagen.se\/#\/schema\/person\/72cd48bb411dea15e40f11d726e9eeeb","name":"Fredric Sk\u00e4lstad","image":{"@type":"ImageObject","inLanguage":"sv-SE","@id":"https:\/\/www.kompetensforetagen.se\/#\/schema\/person\/image\/","url":"https:\/\/secure.gravatar.com\/avatar\/64f20bf3ac13c78aedd6054f495d1a00b38234d6bf532fa3b1cb3ff0bcc24f8d?s=96&d=mm&r=g","contentUrl":"https:\/\/secure.gravatar.com\/avatar\/64f20bf3ac13c78aedd6054f495d1a00b38234d6bf532fa3b1cb3ff0bcc24f8d?s=96&d=mm&r=g","caption":"Fredric Sk\u00e4lstad"},"description":"Fredric \u00e4r n\u00e4ringspolitisk chef p\u00e5 Kompetensf\u00f6retagen.","url":"https:\/\/www.kompetensforetagen.se\/person\/fredricskalstad\/"}]}},"_links":{"self":[{"href":"https:\/\/www.kompetensforetagen.se\/api\/wp\/v2\/posts\/20720","targetHints":{"allow":["GET"]}}],"collection":[{"href":"https:\/\/www.kompetensforetagen.se\/api\/wp\/v2\/posts"}],"about":[{"href":"https:\/\/www.kompetensforetagen.se\/api\/wp\/v2\/types\/post"}],"author":[{"embeddable":true,"href":"https:\/\/www.kompetensforetagen.se\/api\/wp\/v2\/users\/222"}],"replies":[{"embeddable":true,"href":"https:\/\/www.kompetensforetagen.se\/api\/wp\/v2\/comments?post=20720"}],"version-history":[{"count":1,"href":"https:\/\/www.kompetensforetagen.se\/api\/wp\/v2\/posts\/20720\/revisions"}],"predecessor-version":[{"id":20721,"href":"https:\/\/www.kompetensforetagen.se\/api\/wp\/v2\/posts\/20720\/revisions\/20721"}],"wp:featuredmedia":[{"embeddable":true,"href":"https:\/\/www.kompetensforetagen.se\/api\/wp\/v2\/media\/18437"}],"wp:attachment":[{"href":"https:\/\/www.kompetensforetagen.se\/api\/wp\/v2\/media?parent=20720"}],"wp:term":[{"taxonomy":"category","embeddable":true,"href":"https:\/\/www.kompetensforetagen.se\/api\/wp\/v2\/categories?post=20720"},{"taxonomy":"post_tag","embeddable":true,"href":"https:\/\/www.kompetensforetagen.se\/api\/wp\/v2\/tags?post=20720"},{"taxonomy":"type","embeddable":true,"href":"https:\/\/www.kompetensforetagen.se\/api\/wp\/v2\/article_type?post=20720"},{"taxonomy":"agreement","embeddable":true,"href":"https:\/\/www.kompetensforetagen.se\/api\/wp\/v2\/agreement?post=20720"},{"taxonomy":"for-members","embeddable":true,"href":"https:\/\/www.kompetensforetagen.se\/api\/wp\/v2\/for-members?post=20720"}],"curies":[{"name":"wp","href":"https:\/\/api.w.org\/{rel}","templated":true}]}}