{"id":20714,"date":"2025-06-24T13:57:00","date_gmt":"2025-06-24T11:57:00","guid":{"rendered":"https:\/\/www.kompetensforetagen.se\/?p=20714"},"modified":"2025-12-12T10:17:58","modified_gmt":"2025-12-12T09:17:58","slug":"10-reformer-for-en-battre-arbetsmarknadspolitik","status":"publish","type":"post","link":"https:\/\/www.kompetensforetagen.se\/2025\/06\/10-reformer-for-en-battre-arbetsmarknadspolitik\/","title":{"rendered":"10 reformer f\u00f6r en b\u00e4ttre arbetsmarknadspolitik"},"content":{"rendered":"<p class=\"intro\">En historiskt h\u00f6g arbetsl\u00f6shet kr\u00e4ver en aktiv arbetsmarknadspolitik. Vi vill bidra med konstruktiva f\u00f6rslag f\u00f6r att l\u00f6sa problemen. D\u00e4rf\u00f6r har vi tillsammans med <a href=\"https:\/\/www.linkedin.com\/company\/almega\/\">Almega<\/a> <a href=\"https:\/\/www.linkedin.com\/company\/utbildningsf%C3%B6retagen\/\">Utbildningsf\u00f6retagen<\/a> tagit fram 10 reformer som skulle f\u00f6rb\u00e4ttra matchningen och hj\u00e4lpa fler arbetsl\u00f6sa att hitta ett jobb<\/p>\n\n<p>Arbetsl\u00f6sheten i Sverige \u00e4r historiskt h\u00f6g \u2013 i april 2025 l\u00e5g den p\u00e5 8,9 % med 365 000 personer inskrivna p\u00e5 Arbetsf\u00f6rmedlingen. Trots h\u00f6ga satsningar p\u00e5 aktiv arbetsmarknadspolitik kvarst\u00e5r stora matchningsproblem och bristen p\u00e5 \u201denkla\u201d jobb \u00e4r p\u00e5taglig. Endast knappt h\u00e4lften av de arbetss\u00f6kande f\u00e5r del av insatser.<\/p>\n\n\n\n<p>I ett nytt program, framtaget av en reformgrupp med medlemsf\u00f6retag, f\u00f6resl\u00e5r Kompetensf\u00f6retagen och Utbildningsf\u00f6retagen f\u00f6ljande reformer f\u00f6r en mer effektiv arbetsmarknadspolitik:<br><br>1\ufe0f\u20e3 L\u00e5ngsiktighet och resultatfokus<br>2\ufe0f\u20e3 Utg\u00e5 ifr\u00e5n n\u00e4ringslivets behov<br>3\ufe0f\u20e3Fokus p\u00e5 individens behov av st\u00f6ttning<br>4\ufe0f\u20e3Tydlig roll- och ansvarsf\u00f6rdelning<br>5\ufe0f\u20e3Transparens och utv\u00e4rdering p\u00e5 lika villkor<br>6\ufe0f\u20e3En modern och \u00e4ndam\u00e5lsenlig Arbetsf\u00f6rmedling<br>7\ufe0f\u20e3B\u00e4ttre kontroll och uppf\u00f6ljning<br>8\ufe0f\u20e3R\u00e4tt st\u00f6d till arbetsgivare<br>9\ufe0f\u20e3R\u00e4tt anpassade utbildningar<br>\ud83d\udd1fRiktiga jobb, inte s\u00e4rl\u00f6sningar<br><br>Kontakta v\u00e5r n\u00e4ringspolitiska expert <a href=\"https:\/\/www.linkedin.com\/in\/katz-jessica\/\">Jessica Forss Katz<\/a> om du vill veta mera.<\/p>\n\n\n\n      <a href=\"https:\/\/www.kompetensforetagen.se\/app\/uploads\/sites\/5\/2025\/06\/10-reformer.pdf\" target=\"_blank\" class=\"Button is-button is-fullwidth is-style-fill has-black-background-color has-black-border-color has-white-color Button--arrow-tip\">\n      \n        L\u00e4s rapporten h\u00e4r\n      \n      \n                \n                <svg class='icon icon--arrow-tip'  width=\"11\" height=\"16\" viewBox=\"0 0 11 16\" fill=\"none\" xmlns=\"http:\/\/www.w3.org\/2000\/svg\">\n<path d=\"M0.858398 15L9.2304 7.99664L0.967732 1.00001\" stroke=\"black\" stroke-width=\"2\" stroke-miterlimit=\"10\"\/>\n<\/svg>\n\n        \n    <\/a>\n  \n\n\n\n<p><\/p>\n","protected":false},"excerpt":{"rendered":"<p>Arbetsl\u00f6sheten i Sverige \u00e4r historiskt h\u00f6g \u2013 i april 2025 l\u00e5g den p\u00e5 8,9 % med 365 000 personer inskrivna p\u00e5 Arbetsf\u00f6rmedlingen. Trots h\u00f6ga satsningar p\u00e5 aktiv arbetsmarknadspolitik kvarst\u00e5r stora matchningsproblem och bristen p\u00e5 \u201denkla\u201d &hellip;<\/p>\n","protected":false},"author":222,"featured_media":19396,"comment_status":"closed","ping_status":"closed","sticky":false,"template":"","format":"standard","meta":{"_acf_changed":false,"footnotes":""},"categories":[192,10],"tags":[],"article_type":[8,16],"agreement":[],"for-members":[],"class_list":["post-20714","post","type-post","status-publish","format-standard","has-post-thumbnail","hentry","category-arbetsformedlingen","category-arbetsmarknad","type-aktuellt","type-rapporter"],"acf":[],"yoast_head":"<!-- This site is optimized with the Yoast SEO Premium plugin v26.8 (Yoast SEO v26.8) - https:\/\/yoast.com\/product\/yoast-seo-premium-wordpress\/ -->\n<title>10 reformer f\u00f6r en b\u00e4ttre arbetsmarknadspolitik - Kompetensf\u00f6retagen<\/title>\n<meta name=\"description\" content=\"10 reformer f\u00f6r en b\u00e4ttre arbetsmarknad. H\u00e4r presenterar vi v\u00e5ra viktigaste politiska f\u00f6rslag f\u00f6r fler jobb och enklare kompetensf\u00f6rs\u00f6rjning.\" \/>\n<meta name=\"robots\" content=\"index, follow, max-snippet:-1, max-image-preview:large, max-video-preview:-1\" \/>\n<link rel=\"canonical\" href=\"https:\/\/www.kompetensforetagen.se\/2025\/06\/10-reformer-for-en-battre-arbetsmarknadspolitik\/\" \/>\n<meta property=\"og:locale\" content=\"sv_SE\" \/>\n<meta property=\"og:type\" content=\"article\" \/>\n<meta property=\"og:title\" content=\"10 reformer f\u00f6r en b\u00e4ttre arbetsmarknadspolitik\" \/>\n<meta property=\"og:description\" content=\"10 reformer f\u00f6r en b\u00e4ttre arbetsmarknad. H\u00e4r presenterar vi v\u00e5ra viktigaste politiska f\u00f6rslag f\u00f6r fler jobb och enklare kompetensf\u00f6rs\u00f6rjning.\" \/>\n<meta property=\"og:url\" content=\"https:\/\/www.kompetensforetagen.se\/2025\/06\/10-reformer-for-en-battre-arbetsmarknadspolitik\/\" \/>\n<meta property=\"og:site_name\" content=\"Kompetensf\u00f6retagen\" \/>\n<meta property=\"article:published_time\" content=\"2025-06-24T11:57:00+00:00\" \/>\n<meta property=\"article:modified_time\" content=\"2025-12-12T09:17:58+00:00\" \/>\n<meta property=\"og:image\" content=\"https:\/\/www.kompetensforetagen.se\/app\/uploads\/sites\/5\/2025\/02\/Kopia-av-Charlotte-Magnus-ikael-1.png\" \/>\n\t<meta property=\"og:image:width\" content=\"1080\" \/>\n\t<meta property=\"og:image:height\" content=\"540\" \/>\n\t<meta property=\"og:image:type\" content=\"image\/png\" \/>\n<meta name=\"author\" content=\"Fredric Sk\u00e4lstad\" \/>\n<meta name=\"twitter:card\" content=\"summary_large_image\" \/>\n<meta name=\"twitter:label1\" content=\"Skriven av\" \/>\n\t<meta name=\"twitter:data1\" content=\"Fredric Sk\u00e4lstad\" \/>\n\t<meta name=\"twitter:label2\" content=\"Ber\u00e4knad l\u00e4stid\" \/>\n\t<meta name=\"twitter:data2\" content=\"1 minut\" \/>\n<!-- \/ Yoast SEO Premium plugin. -->","yoast_head_json":{"title":"10 reformer f\u00f6r en b\u00e4ttre arbetsmarknadspolitik - Kompetensf\u00f6retagen","description":"10 reformer f\u00f6r en b\u00e4ttre arbetsmarknad. H\u00e4r presenterar vi v\u00e5ra viktigaste politiska f\u00f6rslag f\u00f6r fler jobb och enklare kompetensf\u00f6rs\u00f6rjning.","robots":{"index":"index","follow":"follow","max-snippet":"max-snippet:-1","max-image-preview":"max-image-preview:large","max-video-preview":"max-video-preview:-1"},"canonical":"https:\/\/www.kompetensforetagen.se\/2025\/06\/10-reformer-for-en-battre-arbetsmarknadspolitik\/","og_locale":"sv_SE","og_type":"article","og_title":"10 reformer f\u00f6r en b\u00e4ttre arbetsmarknadspolitik","og_description":"10 reformer f\u00f6r en b\u00e4ttre arbetsmarknad. H\u00e4r presenterar vi v\u00e5ra viktigaste politiska f\u00f6rslag f\u00f6r fler jobb och enklare kompetensf\u00f6rs\u00f6rjning.","og_url":"https:\/\/www.kompetensforetagen.se\/2025\/06\/10-reformer-for-en-battre-arbetsmarknadspolitik\/","og_site_name":"Kompetensf\u00f6retagen","article_published_time":"2025-06-24T11:57:00+00:00","article_modified_time":"2025-12-12T09:17:58+00:00","og_image":[{"width":1080,"height":540,"url":"https:\/\/www.kompetensforetagen.se\/app\/uploads\/sites\/5\/2025\/02\/Kopia-av-Charlotte-Magnus-ikael-1.png","type":"image\/png"}],"author":"Fredric Sk\u00e4lstad","twitter_card":"summary_large_image","twitter_misc":{"Skriven av":"Fredric Sk\u00e4lstad","Ber\u00e4knad l\u00e4stid":"1 minut"},"schema":{"@context":"https:\/\/schema.org","@graph":[{"@type":"Article","@id":"https:\/\/www.kompetensforetagen.se\/2025\/06\/10-reformer-for-en-battre-arbetsmarknadspolitik\/#article","isPartOf":{"@id":"https:\/\/www.kompetensforetagen.se\/2025\/06\/10-reformer-for-en-battre-arbetsmarknadspolitik\/"},"author":{"name":"Fredric Sk\u00e4lstad","@id":"https:\/\/www.kompetensforetagen.se\/#\/schema\/person\/72cd48bb411dea15e40f11d726e9eeeb"},"headline":"10 reformer f\u00f6r en b\u00e4ttre arbetsmarknadspolitik","datePublished":"2025-06-24T11:57:00+00:00","dateModified":"2025-12-12T09:17:58+00:00","mainEntityOfPage":{"@id":"https:\/\/www.kompetensforetagen.se\/2025\/06\/10-reformer-for-en-battre-arbetsmarknadspolitik\/"},"wordCount":159,"publisher":{"@id":"https:\/\/www.kompetensforetagen.se\/#organization"},"image":{"@id":"https:\/\/www.kompetensforetagen.se\/2025\/06\/10-reformer-for-en-battre-arbetsmarknadspolitik\/#primaryimage"},"thumbnailUrl":"https:\/\/www.kompetensforetagen.se\/app\/uploads\/sites\/5\/2025\/02\/Kopia-av-Charlotte-Magnus-ikael-1.png","articleSection":["Arbetsf\u00f6rmedlingen","Arbetsmarknad"],"inLanguage":"sv-SE"},{"@type":"WebPage","@id":"https:\/\/www.kompetensforetagen.se\/2025\/06\/10-reformer-for-en-battre-arbetsmarknadspolitik\/","url":"https:\/\/www.kompetensforetagen.se\/2025\/06\/10-reformer-for-en-battre-arbetsmarknadspolitik\/","name":"10 reformer f\u00f6r en b\u00e4ttre arbetsmarknadspolitik - Kompetensf\u00f6retagen","isPartOf":{"@id":"https:\/\/www.kompetensforetagen.se\/#website"},"primaryImageOfPage":{"@id":"https:\/\/www.kompetensforetagen.se\/2025\/06\/10-reformer-for-en-battre-arbetsmarknadspolitik\/#primaryimage"},"image":{"@id":"https:\/\/www.kompetensforetagen.se\/2025\/06\/10-reformer-for-en-battre-arbetsmarknadspolitik\/#primaryimage"},"thumbnailUrl":"https:\/\/www.kompetensforetagen.se\/app\/uploads\/sites\/5\/2025\/02\/Kopia-av-Charlotte-Magnus-ikael-1.png","datePublished":"2025-06-24T11:57:00+00:00","dateModified":"2025-12-12T09:17:58+00:00","description":"10 reformer f\u00f6r en b\u00e4ttre arbetsmarknad. H\u00e4r presenterar vi v\u00e5ra viktigaste politiska f\u00f6rslag f\u00f6r fler jobb och enklare kompetensf\u00f6rs\u00f6rjning.","breadcrumb":{"@id":"https:\/\/www.kompetensforetagen.se\/2025\/06\/10-reformer-for-en-battre-arbetsmarknadspolitik\/#breadcrumb"},"inLanguage":"sv-SE","potentialAction":[{"@type":"ReadAction","target":["https:\/\/www.kompetensforetagen.se\/2025\/06\/10-reformer-for-en-battre-arbetsmarknadspolitik\/"]}]},{"@type":"ImageObject","inLanguage":"sv-SE","@id":"https:\/\/www.kompetensforetagen.se\/2025\/06\/10-reformer-for-en-battre-arbetsmarknadspolitik\/#primaryimage","url":"https:\/\/www.kompetensforetagen.se\/app\/uploads\/sites\/5\/2025\/02\/Kopia-av-Charlotte-Magnus-ikael-1.png","contentUrl":"https:\/\/www.kompetensforetagen.se\/app\/uploads\/sites\/5\/2025\/02\/Kopia-av-Charlotte-Magnus-ikael-1.png","width":1080,"height":540,"caption":"Jessica Forss Katz: M\u00f6te med Socialdemokraternas arbetsmarknadspolitiker"},{"@type":"BreadcrumbList","@id":"https:\/\/www.kompetensforetagen.se\/2025\/06\/10-reformer-for-en-battre-arbetsmarknadspolitik\/#breadcrumb","itemListElement":[{"@type":"ListItem","position":1,"name":"Home","item":"https:\/\/www.kompetensforetagen.se\/"},{"@type":"ListItem","position":2,"name":"10 reformer f\u00f6r en b\u00e4ttre arbetsmarknadspolitik"}]},{"@type":"WebSite","@id":"https:\/\/www.kompetensforetagen.se\/#website","url":"https:\/\/www.kompetensforetagen.se\/","name":"Kompetensf\u00f6retagen","description":"R\u00e4tt person p\u00e5 r\u00e4tt plats kan f\u00f6r\u00e4ndra v\u00e4rlden","publisher":{"@id":"https:\/\/www.kompetensforetagen.se\/#organization"},"potentialAction":[{"@type":"SearchAction","target":{"@type":"EntryPoint","urlTemplate":"https:\/\/www.kompetensforetagen.se\/?s={search_term_string}"},"query-input":{"@type":"PropertyValueSpecification","valueRequired":true,"valueName":"search_term_string"}}],"inLanguage":"sv-SE"},{"@type":"Organization","@id":"https:\/\/www.kompetensforetagen.se\/#organization","name":"Kompetensf\u00f6retagen","url":"https:\/\/www.kompetensforetagen.se\/","logo":{"@type":"ImageObject","inLanguage":"sv-SE","@id":"https:\/\/www.kompetensforetagen.se\/#\/schema\/logo\/image\/","url":"https:\/\/www.kompetensforetagen.se\/app\/uploads\/sites\/5\/2022\/10\/logga_svart.png","contentUrl":"https:\/\/www.kompetensforetagen.se\/app\/uploads\/sites\/5\/2022\/10\/logga_svart.png","width":752,"height":64,"caption":"Kompetensf\u00f6retagen"},"image":{"@id":"https:\/\/www.kompetensforetagen.se\/#\/schema\/logo\/image\/"},"sameAs":["https:\/\/www.linkedin.com\/company\/10540032\/"]},{"@type":"Person","@id":"https:\/\/www.kompetensforetagen.se\/#\/schema\/person\/72cd48bb411dea15e40f11d726e9eeeb","name":"Fredric Sk\u00e4lstad","image":{"@type":"ImageObject","inLanguage":"sv-SE","@id":"https:\/\/www.kompetensforetagen.se\/#\/schema\/person\/image\/","url":"https:\/\/secure.gravatar.com\/avatar\/64f20bf3ac13c78aedd6054f495d1a00b38234d6bf532fa3b1cb3ff0bcc24f8d?s=96&d=mm&r=g","contentUrl":"https:\/\/secure.gravatar.com\/avatar\/64f20bf3ac13c78aedd6054f495d1a00b38234d6bf532fa3b1cb3ff0bcc24f8d?s=96&d=mm&r=g","caption":"Fredric Sk\u00e4lstad"},"description":"Fredric \u00e4r n\u00e4ringspolitisk chef p\u00e5 Kompetensf\u00f6retagen.","url":"https:\/\/www.kompetensforetagen.se\/person\/fredricskalstad\/"}]}},"_links":{"self":[{"href":"https:\/\/www.kompetensforetagen.se\/api\/wp\/v2\/posts\/20714","targetHints":{"allow":["GET"]}}],"collection":[{"href":"https:\/\/www.kompetensforetagen.se\/api\/wp\/v2\/posts"}],"about":[{"href":"https:\/\/www.kompetensforetagen.se\/api\/wp\/v2\/types\/post"}],"author":[{"embeddable":true,"href":"https:\/\/www.kompetensforetagen.se\/api\/wp\/v2\/users\/222"}],"replies":[{"embeddable":true,"href":"https:\/\/www.kompetensforetagen.se\/api\/wp\/v2\/comments?post=20714"}],"version-history":[{"count":2,"href":"https:\/\/www.kompetensforetagen.se\/api\/wp\/v2\/posts\/20714\/revisions"}],"predecessor-version":[{"id":20717,"href":"https:\/\/www.kompetensforetagen.se\/api\/wp\/v2\/posts\/20714\/revisions\/20717"}],"wp:featuredmedia":[{"embeddable":true,"href":"https:\/\/www.kompetensforetagen.se\/api\/wp\/v2\/media\/19396"}],"wp:attachment":[{"href":"https:\/\/www.kompetensforetagen.se\/api\/wp\/v2\/media?parent=20714"}],"wp:term":[{"taxonomy":"category","embeddable":true,"href":"https:\/\/www.kompetensforetagen.se\/api\/wp\/v2\/categories?post=20714"},{"taxonomy":"post_tag","embeddable":true,"href":"https:\/\/www.kompetensforetagen.se\/api\/wp\/v2\/tags?post=20714"},{"taxonomy":"type","embeddable":true,"href":"https:\/\/www.kompetensforetagen.se\/api\/wp\/v2\/article_type?post=20714"},{"taxonomy":"agreement","embeddable":true,"href":"https:\/\/www.kompetensforetagen.se\/api\/wp\/v2\/agreement?post=20714"},{"taxonomy":"for-members","embeddable":true,"href":"https:\/\/www.kompetensforetagen.se\/api\/wp\/v2\/for-members?post=20714"}],"curies":[{"name":"wp","href":"https:\/\/api.w.org\/{rel}","templated":true}]}}