{"id":20474,"date":"2025-06-30T12:30:40","date_gmt":"2025-06-30T10:30:40","guid":{"rendered":"https:\/\/www.kompetensforetagen.se\/?p=20474"},"modified":"2025-12-12T10:19:52","modified_gmt":"2025-12-12T09:19:52","slug":"91-foretag-beviljades-auktorisation-i-juni","status":"publish","type":"post","link":"https:\/\/www.kompetensforetagen.se\/2025\/06\/91-foretag-beviljades-auktorisation-i-juni\/","title":{"rendered":"91 f\u00f6retag beviljades auktorisation i juni"},"content":{"rendered":"<p class=\"intro\">Vid sammantr\u00e4det den 10 juni beslutade auktorisationsn\u00e4mnden att rekommendera Kompetensf\u00f6retagens styrelse att bevilja auktorisation f\u00f6r 91 medlemsf\u00f6retag. Beslutet g\u00e4ller fr\u00e5n den 1 juli.<\/p>\n\n<p>Vid sammantr\u00e4det den 10 juni beslutade auktorisationsn\u00e4mnden att rekommendera Kompetensf\u00f6retagens styrelse att bevilja auktorisation f\u00f6r 91 medlemsf\u00f6retag. Beslutet g\u00e4ller fr\u00e5n den 1 juli.<\/p>\n\n\n\n<p>Av dessa auktoriserades f\u00f6ljande f\u00f6retag f\u00f6r f\u00f6rsta g\u00e5ngen: Nordiska Bemanningsgruppen AB och The Finance Family Epsilon AB.<\/p>\n\n\n\n<p>Ett medlemsf\u00f6retag fr\u00e5ntogs auktorisationen d\u00e5 villkoren ej uppfylldes. Vilket f\u00f6retag detta g\u00e4ller, och grunderna f\u00f6r beslut \u00e4r inte offentligt. De \u00e4r dock v\u00e4lkomna tillbaka med ny auktorisationsans\u00f6kan efter sex m\u00e5nader<em>,<\/em> n\u00e4r de \u00e5ter uppfyller Kompetensf\u00f6retagens krav.<\/p>\n","protected":false},"excerpt":{"rendered":"<p>Vid sammantr\u00e4det den 10 juni beslutade auktorisationsn\u00e4mnden att rekommendera Kompetensf\u00f6retagens styrelse att bevilja auktorisation f\u00f6r 91 medlemsf\u00f6retag. Beslutet g\u00e4ller fr\u00e5n den 1 juli. Av dessa auktoriserades f\u00f6ljande f\u00f6retag f\u00f6r f\u00f6rsta g\u00e5ngen: Nordiska Bemanningsgruppen AB och &hellip;<\/p>\n","protected":false},"author":222,"featured_media":18617,"comment_status":"closed","ping_status":"closed","sticky":false,"template":"","format":"standard","meta":{"_acf_changed":false,"footnotes":""},"categories":[17],"tags":[],"article_type":[8,219],"agreement":[],"for-members":[],"class_list":["post-20474","post","type-post","status-publish","format-standard","has-post-thumbnail","hentry","category-auktorisation","type-aktuellt","type-nyhet"],"acf":[],"yoast_head":"<!-- This site is optimized with the Yoast SEO Premium plugin v26.8 (Yoast SEO v26.8) - https:\/\/yoast.com\/product\/yoast-seo-premium-wordpress\/ -->\n<title>91 f\u00f6retag beviljades auktorisation i juni - Kompetensf\u00f6retagen<\/title>\n<meta name=\"description\" content=\"91 f\u00f6retag beviljades auktorisation i juni. Vi forts\u00e4tter att kvalitetss\u00e4kra branschen \u2013 se vilka f\u00f6retag som f\u00e5tt f\u00f6rnyat f\u00f6rtroende.\" \/>\n<meta name=\"robots\" content=\"index, follow, max-snippet:-1, max-image-preview:large, max-video-preview:-1\" \/>\n<link rel=\"canonical\" href=\"https:\/\/www.kompetensforetagen.se\/2025\/06\/91-foretag-beviljades-auktorisation-i-juni\/\" \/>\n<meta property=\"og:locale\" content=\"sv_SE\" \/>\n<meta property=\"og:type\" content=\"article\" \/>\n<meta property=\"og:title\" content=\"91 f\u00f6retag beviljades auktorisation i juni\" \/>\n<meta property=\"og:description\" content=\"91 f\u00f6retag beviljades auktorisation i juni. Vi forts\u00e4tter att kvalitetss\u00e4kra branschen \u2013 se vilka f\u00f6retag som f\u00e5tt f\u00f6rnyat f\u00f6rtroende.\" \/>\n<meta property=\"og:url\" content=\"https:\/\/www.kompetensforetagen.se\/2025\/06\/91-foretag-beviljades-auktorisation-i-juni\/\" \/>\n<meta property=\"og:site_name\" content=\"Kompetensf\u00f6retagen\" \/>\n<meta property=\"article:published_time\" content=\"2025-06-30T10:30:40+00:00\" \/>\n<meta property=\"article:modified_time\" content=\"2025-12-12T09:19:52+00:00\" \/>\n<meta property=\"og:image\" content=\"https:\/\/www.kompetensforetagen.se\/app\/uploads\/sites\/5\/2024\/10\/marja.png\" \/>\n\t<meta property=\"og:image:width\" content=\"1900\" \/>\n\t<meta property=\"og:image:height\" content=\"1000\" \/>\n\t<meta property=\"og:image:type\" content=\"image\/png\" \/>\n<meta name=\"author\" content=\"Fredric Sk\u00e4lstad\" \/>\n<meta name=\"twitter:card\" content=\"summary_large_image\" \/>\n<meta name=\"twitter:label1\" content=\"Skriven av\" \/>\n\t<meta name=\"twitter:data1\" content=\"Fredric Sk\u00e4lstad\" \/>\n\t<meta name=\"twitter:label2\" content=\"Ber\u00e4knad l\u00e4stid\" \/>\n\t<meta name=\"twitter:data2\" content=\"1 minut\" \/>\n<!-- \/ Yoast SEO Premium plugin. -->","yoast_head_json":{"title":"91 f\u00f6retag beviljades auktorisation i juni - Kompetensf\u00f6retagen","description":"91 f\u00f6retag beviljades auktorisation i juni. Vi forts\u00e4tter att kvalitetss\u00e4kra branschen \u2013 se vilka f\u00f6retag som f\u00e5tt f\u00f6rnyat f\u00f6rtroende.","robots":{"index":"index","follow":"follow","max-snippet":"max-snippet:-1","max-image-preview":"max-image-preview:large","max-video-preview":"max-video-preview:-1"},"canonical":"https:\/\/www.kompetensforetagen.se\/2025\/06\/91-foretag-beviljades-auktorisation-i-juni\/","og_locale":"sv_SE","og_type":"article","og_title":"91 f\u00f6retag beviljades auktorisation i juni","og_description":"91 f\u00f6retag beviljades auktorisation i juni. Vi forts\u00e4tter att kvalitetss\u00e4kra branschen \u2013 se vilka f\u00f6retag som f\u00e5tt f\u00f6rnyat f\u00f6rtroende.","og_url":"https:\/\/www.kompetensforetagen.se\/2025\/06\/91-foretag-beviljades-auktorisation-i-juni\/","og_site_name":"Kompetensf\u00f6retagen","article_published_time":"2025-06-30T10:30:40+00:00","article_modified_time":"2025-12-12T09:19:52+00:00","og_image":[{"width":1900,"height":1000,"url":"https:\/\/www.kompetensforetagen.se\/app\/uploads\/sites\/5\/2024\/10\/marja.png","type":"image\/png"}],"author":"Fredric Sk\u00e4lstad","twitter_card":"summary_large_image","twitter_misc":{"Skriven av":"Fredric Sk\u00e4lstad","Ber\u00e4knad l\u00e4stid":"1 minut"},"schema":{"@context":"https:\/\/schema.org","@graph":[{"@type":"Article","@id":"https:\/\/www.kompetensforetagen.se\/2025\/06\/91-foretag-beviljades-auktorisation-i-juni\/#article","isPartOf":{"@id":"https:\/\/www.kompetensforetagen.se\/2025\/06\/91-foretag-beviljades-auktorisation-i-juni\/"},"author":{"name":"Fredric Sk\u00e4lstad","@id":"https:\/\/www.kompetensforetagen.se\/#\/schema\/person\/72cd48bb411dea15e40f11d726e9eeeb"},"headline":"91 f\u00f6retag beviljades auktorisation i juni","datePublished":"2025-06-30T10:30:40+00:00","dateModified":"2025-12-12T09:19:52+00:00","mainEntityOfPage":{"@id":"https:\/\/www.kompetensforetagen.se\/2025\/06\/91-foretag-beviljades-auktorisation-i-juni\/"},"wordCount":101,"publisher":{"@id":"https:\/\/www.kompetensforetagen.se\/#organization"},"image":{"@id":"https:\/\/www.kompetensforetagen.se\/2025\/06\/91-foretag-beviljades-auktorisation-i-juni\/#primaryimage"},"thumbnailUrl":"https:\/\/www.kompetensforetagen.se\/app\/uploads\/sites\/5\/2024\/10\/marja.png","articleSection":["Auktorisation"],"inLanguage":"sv-SE"},{"@type":"WebPage","@id":"https:\/\/www.kompetensforetagen.se\/2025\/06\/91-foretag-beviljades-auktorisation-i-juni\/","url":"https:\/\/www.kompetensforetagen.se\/2025\/06\/91-foretag-beviljades-auktorisation-i-juni\/","name":"91 f\u00f6retag beviljades auktorisation i juni - Kompetensf\u00f6retagen","isPartOf":{"@id":"https:\/\/www.kompetensforetagen.se\/#website"},"primaryImageOfPage":{"@id":"https:\/\/www.kompetensforetagen.se\/2025\/06\/91-foretag-beviljades-auktorisation-i-juni\/#primaryimage"},"image":{"@id":"https:\/\/www.kompetensforetagen.se\/2025\/06\/91-foretag-beviljades-auktorisation-i-juni\/#primaryimage"},"thumbnailUrl":"https:\/\/www.kompetensforetagen.se\/app\/uploads\/sites\/5\/2024\/10\/marja.png","datePublished":"2025-06-30T10:30:40+00:00","dateModified":"2025-12-12T09:19:52+00:00","description":"91 f\u00f6retag beviljades auktorisation i juni. Vi forts\u00e4tter att kvalitetss\u00e4kra branschen \u2013 se vilka f\u00f6retag som f\u00e5tt f\u00f6rnyat f\u00f6rtroende.","breadcrumb":{"@id":"https:\/\/www.kompetensforetagen.se\/2025\/06\/91-foretag-beviljades-auktorisation-i-juni\/#breadcrumb"},"inLanguage":"sv-SE","potentialAction":[{"@type":"ReadAction","target":["https:\/\/www.kompetensforetagen.se\/2025\/06\/91-foretag-beviljades-auktorisation-i-juni\/"]}]},{"@type":"ImageObject","inLanguage":"sv-SE","@id":"https:\/\/www.kompetensforetagen.se\/2025\/06\/91-foretag-beviljades-auktorisation-i-juni\/#primaryimage","url":"https:\/\/www.kompetensforetagen.se\/app\/uploads\/sites\/5\/2024\/10\/marja.png","contentUrl":"https:\/\/www.kompetensforetagen.se\/app\/uploads\/sites\/5\/2024\/10\/marja.png","width":1900,"height":1000,"caption":"Marja Holmer, auktorisationsansvarig, Nya auktorisationer i oktober och november 2024"},{"@type":"BreadcrumbList","@id":"https:\/\/www.kompetensforetagen.se\/2025\/06\/91-foretag-beviljades-auktorisation-i-juni\/#breadcrumb","itemListElement":[{"@type":"ListItem","position":1,"name":"Home","item":"https:\/\/www.kompetensforetagen.se\/"},{"@type":"ListItem","position":2,"name":"91 f\u00f6retag beviljades auktorisation i juni"}]},{"@type":"WebSite","@id":"https:\/\/www.kompetensforetagen.se\/#website","url":"https:\/\/www.kompetensforetagen.se\/","name":"Kompetensf\u00f6retagen","description":"R\u00e4tt person p\u00e5 r\u00e4tt plats kan f\u00f6r\u00e4ndra v\u00e4rlden","publisher":{"@id":"https:\/\/www.kompetensforetagen.se\/#organization"},"potentialAction":[{"@type":"SearchAction","target":{"@type":"EntryPoint","urlTemplate":"https:\/\/www.kompetensforetagen.se\/?s={search_term_string}"},"query-input":{"@type":"PropertyValueSpecification","valueRequired":true,"valueName":"search_term_string"}}],"inLanguage":"sv-SE"},{"@type":"Organization","@id":"https:\/\/www.kompetensforetagen.se\/#organization","name":"Kompetensf\u00f6retagen","url":"https:\/\/www.kompetensforetagen.se\/","logo":{"@type":"ImageObject","inLanguage":"sv-SE","@id":"https:\/\/www.kompetensforetagen.se\/#\/schema\/logo\/image\/","url":"https:\/\/www.kompetensforetagen.se\/app\/uploads\/sites\/5\/2022\/10\/logga_svart.png","contentUrl":"https:\/\/www.kompetensforetagen.se\/app\/uploads\/sites\/5\/2022\/10\/logga_svart.png","width":752,"height":64,"caption":"Kompetensf\u00f6retagen"},"image":{"@id":"https:\/\/www.kompetensforetagen.se\/#\/schema\/logo\/image\/"},"sameAs":["https:\/\/www.linkedin.com\/company\/10540032\/"]},{"@type":"Person","@id":"https:\/\/www.kompetensforetagen.se\/#\/schema\/person\/72cd48bb411dea15e40f11d726e9eeeb","name":"Fredric Sk\u00e4lstad","image":{"@type":"ImageObject","inLanguage":"sv-SE","@id":"https:\/\/www.kompetensforetagen.se\/#\/schema\/person\/image\/","url":"https:\/\/secure.gravatar.com\/avatar\/64f20bf3ac13c78aedd6054f495d1a00b38234d6bf532fa3b1cb3ff0bcc24f8d?s=96&d=mm&r=g","contentUrl":"https:\/\/secure.gravatar.com\/avatar\/64f20bf3ac13c78aedd6054f495d1a00b38234d6bf532fa3b1cb3ff0bcc24f8d?s=96&d=mm&r=g","caption":"Fredric Sk\u00e4lstad"},"description":"Fredric \u00e4r n\u00e4ringspolitisk chef p\u00e5 Kompetensf\u00f6retagen.","url":"https:\/\/www.kompetensforetagen.se\/person\/fredricskalstad\/"}]}},"_links":{"self":[{"href":"https:\/\/www.kompetensforetagen.se\/api\/wp\/v2\/posts\/20474","targetHints":{"allow":["GET"]}}],"collection":[{"href":"https:\/\/www.kompetensforetagen.se\/api\/wp\/v2\/posts"}],"about":[{"href":"https:\/\/www.kompetensforetagen.se\/api\/wp\/v2\/types\/post"}],"author":[{"embeddable":true,"href":"https:\/\/www.kompetensforetagen.se\/api\/wp\/v2\/users\/222"}],"replies":[{"embeddable":true,"href":"https:\/\/www.kompetensforetagen.se\/api\/wp\/v2\/comments?post=20474"}],"version-history":[{"count":1,"href":"https:\/\/www.kompetensforetagen.se\/api\/wp\/v2\/posts\/20474\/revisions"}],"predecessor-version":[{"id":20475,"href":"https:\/\/www.kompetensforetagen.se\/api\/wp\/v2\/posts\/20474\/revisions\/20475"}],"wp:featuredmedia":[{"embeddable":true,"href":"https:\/\/www.kompetensforetagen.se\/api\/wp\/v2\/media\/18617"}],"wp:attachment":[{"href":"https:\/\/www.kompetensforetagen.se\/api\/wp\/v2\/media?parent=20474"}],"wp:term":[{"taxonomy":"category","embeddable":true,"href":"https:\/\/www.kompetensforetagen.se\/api\/wp\/v2\/categories?post=20474"},{"taxonomy":"post_tag","embeddable":true,"href":"https:\/\/www.kompetensforetagen.se\/api\/wp\/v2\/tags?post=20474"},{"taxonomy":"type","embeddable":true,"href":"https:\/\/www.kompetensforetagen.se\/api\/wp\/v2\/article_type?post=20474"},{"taxonomy":"agreement","embeddable":true,"href":"https:\/\/www.kompetensforetagen.se\/api\/wp\/v2\/agreement?post=20474"},{"taxonomy":"for-members","embeddable":true,"href":"https:\/\/www.kompetensforetagen.se\/api\/wp\/v2\/for-members?post=20474"}],"curies":[{"name":"wp","href":"https:\/\/api.w.org\/{rel}","templated":true}]}}