{"id":20454,"date":"2025-06-30T08:53:00","date_gmt":"2025-06-30T06:53:00","guid":{"rendered":"https:\/\/www.kompetensforetagen.se\/?p=20454"},"modified":"2025-12-12T11:05:08","modified_gmt":"2025-12-12T10:05:08","slug":"medlemskapet-sjalvklart-for-fredrik-hillelson","status":"publish","type":"post","link":"https:\/\/www.kompetensforetagen.se\/2025\/06\/medlemskapet-sjalvklart-for-fredrik-hillelson\/","title":{"rendered":"Medlemskapet sj\u00e4lvklart f\u00f6r Fredrik Hillelson"},"content":{"rendered":"<p class=\"intro\"><!-- wp:paragraph --><\/p>\n<p class=\"intro\">2001 grundade <a href=\"https:\/\/www.linkedin.com\/company\/10540032\/admin\/page-posts\/published\/#\">Fredrik Hillelson<\/a> <a href=\"https:\/\/novare.se\/\">Novare<\/a> med uppdraget att st\u00f6tta Wallenbergsf\u00e4rens rekrytering.<br \/>\n\u2013\u00a0F\u00f6r oss \u00e4r medlemskapet i Kompetensf\u00f6retagen en sj\u00e4lvklarhet. Det ger branschen en samlad r\u00f6st och en m\u00f6jlighet att driva fr\u00e5gor som \u00e4r viktiga \u2013 inte bara f\u00f6r oss f\u00f6retagare, utan f\u00f6r hela arbetsmarknaden, s\u00e4ger Fredrik Hillelson.<\/p>\n<p class=\"intro\"><!-- \/wp:paragraph --><\/p>\n\n<p><strong>Du grundade Novare redan 2001 \u2013 ber\u00e4tta om bakgrunden och vad som drev dig?<\/strong><\/p>\n\n\n\n<p>\u2013&nbsp;Id\u00e9n att starta Novare var faktiskt inte min fr\u00e5n b\u00f6rjan. Det var Marcus Wallenberg och B\u00f6rje Ekholm, som vid den tiden var VD respektive vice VD p\u00e5 Investor. Investor hade runt 150 mindre bolag i sitt n\u00e4tverk, och en av de stora utmaningarna var att hitta r\u00e4tt personer. F\u00f6r att m\u00f6ta det behovet fick jag m\u00f6jligheten att starta Novare \u2013 med uppdraget att st\u00f6tta Wallenbergsf\u00e4rens bolag genom att bygga en egen verksamhet inom rekrytering.<\/p>\n\n\n\n<p><strong>Vad \u00e4r Novare f\u00f6r typ av bolag i dag?<\/strong><\/p>\n\n\n\n<p>\u2013\u00a0Vi \u00e4r en koncern inom kompetensf\u00f6rs\u00f6rjning och HR, best\u00e5ende av flera specialiserade bolag. Tillsammans arbetar vi med allt fr\u00e5n chefsrekrytering och interimsl\u00f6sningar till att utveckla ledare och hj\u00e4lpa unga med funktionsvariationer in i arbetslivet. V\u00e5ra uppdrag str\u00e4cker sig \u00f6ver b\u00e5de privat och offentlig sektor, och det som f\u00f6renar oss \u00e4r v\u00e5r tro om en arbetsmarknad som \u00e4r \u00f6ppen f\u00f6r alla och viljan att hj\u00e4lpa m\u00e4nniskor fram\u00e5t.<\/p>\n\n\n\n<blockquote class=\"wp-block-quote is-layout-flow wp-block-quote-is-layout-flow\">\n<p>Professionella, kunniga och dedikerade rekryteringsf\u00f6retag alltid kommer att ha en viktig roll att spela<\/p>\n<\/blockquote>\n\n\n\n<p><strong>Hur ser du p\u00e5 rekryteringsbranschens framtid?<\/strong><\/p>\n\n\n\n<p>\u2013&nbsp;Jag \u00e4r en obotlig optimist och \u00f6vertygad om att professionella, kunniga och dedikerade rekryteringsf\u00f6retag alltid kommer att ha en viktig roll att spela. Jag tillh\u00f6r inte dem som tror att AI kommer att ers\u00e4tta v\u00e5ra jobb \u2013 tv\u00e4rtom ser jag redan nu en motreaktion mot autogenererade CV:n och opersonliga rekryteringsf\u00f6retag som helt bygger p\u00e5 AI. Rekryteringsf\u00f6retag som arbetar n\u00e4ra b\u00e5de kunder och kandidater kommer, enligt mig, alltid att ha en framtid.<\/p>\n\n\n\n<p><strong>Vad \u00e4r du mest stolt \u00f6ver med Novare i dag?<\/strong><\/p>\n\n\n\n<p>\u2013&nbsp;Det jag \u00e4r mest stolt \u00f6ver \u00e4r att vi har lyckats kombinera aff\u00e4rsm\u00e4ssighet med idealism. Vi har byggt ett f\u00f6retag med sex olika dotterbolag, samtidigt som vi under \u00e5ren har startat bolag f\u00f6r att hj\u00e4lpa m\u00e4nniskor som st\u00e5r l\u00e5ngt ifr\u00e5n arbetsmarknaden. Vi tror p\u00e5 att kapitalism och samh\u00e4llsnytta kan g\u00e5 hand i hand.<\/p>\n\n\n\n<p><strong>Vad g\u00f6r du n\u00e4r du inte jobbar?<\/strong><\/p>\n\n\n\n<p>\u2013&nbsp;P\u00e5 helgerna f\u00f6rs\u00f6ker jag hinna med att umg\u00e5s med familjen och jobba i tr\u00e4dg\u00e5rden. Och varje l\u00f6rdag skickar jag ett mejl till 500 personer i n\u00e4ringslivet, d\u00e4r jag delar en uppdatering om vad vi arbetar med inom Beredskapslyftet. Beredskapslyftet \u00e4r en ideell f\u00f6rening som vi med och grundade under coronapandemin i syfte att mobilisera n\u00e4ringslivets krafter n\u00e4r civilsamh\u00e4llet beh\u00f6ver det som mest. Jag tror p\u00e5 att f\u00f6r\u00e4ndring kommer genom handling, inte bara ord.<\/p>\n\n\n\n<p><strong>Vad hoppas du p\u00e5 f\u00f6r 2025?<\/strong><\/p>\n\n\n\n<p>\u2013&nbsp;Att vi f\u00e5r fred i Ukraina.<\/p>\n","protected":false},"excerpt":{"rendered":"<p>Du grundade Novare redan 2001 \u2013 ber\u00e4tta om bakgrunden och vad som drev dig? \u2013&nbsp;Id\u00e9n att starta Novare var faktiskt inte min fr\u00e5n b\u00f6rjan. Det var Marcus Wallenberg och B\u00f6rje Ekholm, som vid den tiden &hellip;<\/p>\n","protected":false},"author":222,"featured_media":20455,"comment_status":"closed","ping_status":"closed","sticky":false,"template":"","format":"standard","meta":{"_acf_changed":false,"footnotes":""},"categories":[1],"tags":[],"article_type":[8,182],"agreement":[],"for-members":[],"class_list":["post-20454","post","type-post","status-publish","format-standard","has-post-thumbnail","hentry","category-okategoriserade","type-aktuellt","type-medlemsnyhet"],"acf":[],"yoast_head":"<!-- This site is optimized with the Yoast SEO Premium plugin v26.8 (Yoast SEO v26.8) - https:\/\/yoast.com\/product\/yoast-seo-premium-wordpress\/ -->\n<title>Medlemskapet sj\u00e4lvklart f\u00f6r Fredrik Hillelson - Kompetensf\u00f6retagen<\/title>\n<meta name=\"description\" content=\"&quot;Medlemskapet \u00e4r sj\u00e4lvklart&quot;. Fredrik Hillelson ber\u00e4ttar om varf\u00f6r engagemanget i Kompetensf\u00f6retagen \u00e4r viktigt f\u00f6r branschen.\" \/>\n<meta name=\"robots\" content=\"index, follow, max-snippet:-1, max-image-preview:large, max-video-preview:-1\" \/>\n<link rel=\"canonical\" href=\"https:\/\/www.kompetensforetagen.se\/2025\/06\/medlemskapet-sjalvklart-for-fredrik-hillelson\/\" \/>\n<meta property=\"og:locale\" content=\"sv_SE\" \/>\n<meta property=\"og:type\" content=\"article\" \/>\n<meta property=\"og:title\" content=\"Medlemskapet sj\u00e4lvklart f\u00f6r Fredrik Hillelson\" \/>\n<meta property=\"og:description\" content=\"&quot;Medlemskapet \u00e4r sj\u00e4lvklart&quot;. Fredrik Hillelson ber\u00e4ttar om varf\u00f6r engagemanget i Kompetensf\u00f6retagen \u00e4r viktigt f\u00f6r branschen.\" \/>\n<meta property=\"og:url\" content=\"https:\/\/www.kompetensforetagen.se\/2025\/06\/medlemskapet-sjalvklart-for-fredrik-hillelson\/\" \/>\n<meta property=\"og:site_name\" content=\"Kompetensf\u00f6retagen\" \/>\n<meta property=\"article:published_time\" content=\"2025-06-30T06:53:00+00:00\" \/>\n<meta property=\"article:modified_time\" content=\"2025-12-12T10:05:08+00:00\" \/>\n<meta property=\"og:image\" content=\"https:\/\/www.kompetensforetagen.se\/app\/uploads\/sites\/5\/2025\/06\/Fredrik_Hillelson_Novare-1.jpg\" \/>\n\t<meta property=\"og:image:width\" content=\"2560\" \/>\n\t<meta property=\"og:image:height\" content=\"1707\" \/>\n\t<meta property=\"og:image:type\" content=\"image\/jpeg\" \/>\n<meta name=\"author\" content=\"Fredric Sk\u00e4lstad\" \/>\n<meta name=\"twitter:card\" content=\"summary_large_image\" \/>\n<meta name=\"twitter:label1\" content=\"Skriven av\" \/>\n\t<meta name=\"twitter:data1\" content=\"Fredric Sk\u00e4lstad\" \/>\n\t<meta name=\"twitter:label2\" content=\"Ber\u00e4knad l\u00e4stid\" \/>\n\t<meta name=\"twitter:data2\" content=\"3 minuter\" \/>\n<!-- \/ Yoast SEO Premium plugin. -->","yoast_head_json":{"title":"Medlemskapet sj\u00e4lvklart f\u00f6r Fredrik Hillelson - Kompetensf\u00f6retagen","description":"\"Medlemskapet \u00e4r sj\u00e4lvklart\". Fredrik Hillelson ber\u00e4ttar om varf\u00f6r engagemanget i Kompetensf\u00f6retagen \u00e4r viktigt f\u00f6r branschen.","robots":{"index":"index","follow":"follow","max-snippet":"max-snippet:-1","max-image-preview":"max-image-preview:large","max-video-preview":"max-video-preview:-1"},"canonical":"https:\/\/www.kompetensforetagen.se\/2025\/06\/medlemskapet-sjalvklart-for-fredrik-hillelson\/","og_locale":"sv_SE","og_type":"article","og_title":"Medlemskapet sj\u00e4lvklart f\u00f6r Fredrik Hillelson","og_description":"\"Medlemskapet \u00e4r sj\u00e4lvklart\". Fredrik Hillelson ber\u00e4ttar om varf\u00f6r engagemanget i Kompetensf\u00f6retagen \u00e4r viktigt f\u00f6r branschen.","og_url":"https:\/\/www.kompetensforetagen.se\/2025\/06\/medlemskapet-sjalvklart-for-fredrik-hillelson\/","og_site_name":"Kompetensf\u00f6retagen","article_published_time":"2025-06-30T06:53:00+00:00","article_modified_time":"2025-12-12T10:05:08+00:00","og_image":[{"width":2560,"height":1707,"url":"https:\/\/www.kompetensforetagen.se\/app\/uploads\/sites\/5\/2025\/06\/Fredrik_Hillelson_Novare-1.jpg","type":"image\/jpeg"}],"author":"Fredric Sk\u00e4lstad","twitter_card":"summary_large_image","twitter_misc":{"Skriven av":"Fredric Sk\u00e4lstad","Ber\u00e4knad l\u00e4stid":"3 minuter"},"schema":{"@context":"https:\/\/schema.org","@graph":[{"@type":"Article","@id":"https:\/\/www.kompetensforetagen.se\/2025\/06\/medlemskapet-sjalvklart-for-fredrik-hillelson\/#article","isPartOf":{"@id":"https:\/\/www.kompetensforetagen.se\/2025\/06\/medlemskapet-sjalvklart-for-fredrik-hillelson\/"},"author":{"name":"Fredric Sk\u00e4lstad","@id":"https:\/\/www.kompetensforetagen.se\/#\/schema\/person\/72cd48bb411dea15e40f11d726e9eeeb"},"headline":"Medlemskapet sj\u00e4lvklart f\u00f6r Fredrik Hillelson","datePublished":"2025-06-30T06:53:00+00:00","dateModified":"2025-12-12T10:05:08+00:00","mainEntityOfPage":{"@id":"https:\/\/www.kompetensforetagen.se\/2025\/06\/medlemskapet-sjalvklart-for-fredrik-hillelson\/"},"wordCount":482,"publisher":{"@id":"https:\/\/www.kompetensforetagen.se\/#organization"},"image":{"@id":"https:\/\/www.kompetensforetagen.se\/2025\/06\/medlemskapet-sjalvklart-for-fredrik-hillelson\/#primaryimage"},"thumbnailUrl":"https:\/\/www.kompetensforetagen.se\/app\/uploads\/sites\/5\/2025\/06\/Fredrik_Hillelson_Novare-1.jpg","inLanguage":"sv-SE"},{"@type":"WebPage","@id":"https:\/\/www.kompetensforetagen.se\/2025\/06\/medlemskapet-sjalvklart-for-fredrik-hillelson\/","url":"https:\/\/www.kompetensforetagen.se\/2025\/06\/medlemskapet-sjalvklart-for-fredrik-hillelson\/","name":"Medlemskapet sj\u00e4lvklart f\u00f6r Fredrik Hillelson - Kompetensf\u00f6retagen","isPartOf":{"@id":"https:\/\/www.kompetensforetagen.se\/#website"},"primaryImageOfPage":{"@id":"https:\/\/www.kompetensforetagen.se\/2025\/06\/medlemskapet-sjalvklart-for-fredrik-hillelson\/#primaryimage"},"image":{"@id":"https:\/\/www.kompetensforetagen.se\/2025\/06\/medlemskapet-sjalvklart-for-fredrik-hillelson\/#primaryimage"},"thumbnailUrl":"https:\/\/www.kompetensforetagen.se\/app\/uploads\/sites\/5\/2025\/06\/Fredrik_Hillelson_Novare-1.jpg","datePublished":"2025-06-30T06:53:00+00:00","dateModified":"2025-12-12T10:05:08+00:00","description":"\"Medlemskapet \u00e4r sj\u00e4lvklart\". Fredrik Hillelson ber\u00e4ttar om varf\u00f6r engagemanget i Kompetensf\u00f6retagen \u00e4r viktigt f\u00f6r branschen.","breadcrumb":{"@id":"https:\/\/www.kompetensforetagen.se\/2025\/06\/medlemskapet-sjalvklart-for-fredrik-hillelson\/#breadcrumb"},"inLanguage":"sv-SE","potentialAction":[{"@type":"ReadAction","target":["https:\/\/www.kompetensforetagen.se\/2025\/06\/medlemskapet-sjalvklart-for-fredrik-hillelson\/"]}]},{"@type":"ImageObject","inLanguage":"sv-SE","@id":"https:\/\/www.kompetensforetagen.se\/2025\/06\/medlemskapet-sjalvklart-for-fredrik-hillelson\/#primaryimage","url":"https:\/\/www.kompetensforetagen.se\/app\/uploads\/sites\/5\/2025\/06\/Fredrik_Hillelson_Novare-1.jpg","contentUrl":"https:\/\/www.kompetensforetagen.se\/app\/uploads\/sites\/5\/2025\/06\/Fredrik_Hillelson_Novare-1.jpg","width":2560,"height":1707,"caption":"Foto: Raphael Stecks\u00e9n"},{"@type":"BreadcrumbList","@id":"https:\/\/www.kompetensforetagen.se\/2025\/06\/medlemskapet-sjalvklart-for-fredrik-hillelson\/#breadcrumb","itemListElement":[{"@type":"ListItem","position":1,"name":"Home","item":"https:\/\/www.kompetensforetagen.se\/"},{"@type":"ListItem","position":2,"name":"Medlemskapet sj\u00e4lvklart f\u00f6r Fredrik Hillelson"}]},{"@type":"WebSite","@id":"https:\/\/www.kompetensforetagen.se\/#website","url":"https:\/\/www.kompetensforetagen.se\/","name":"Kompetensf\u00f6retagen","description":"R\u00e4tt person p\u00e5 r\u00e4tt plats kan f\u00f6r\u00e4ndra v\u00e4rlden","publisher":{"@id":"https:\/\/www.kompetensforetagen.se\/#organization"},"potentialAction":[{"@type":"SearchAction","target":{"@type":"EntryPoint","urlTemplate":"https:\/\/www.kompetensforetagen.se\/?s={search_term_string}"},"query-input":{"@type":"PropertyValueSpecification","valueRequired":true,"valueName":"search_term_string"}}],"inLanguage":"sv-SE"},{"@type":"Organization","@id":"https:\/\/www.kompetensforetagen.se\/#organization","name":"Kompetensf\u00f6retagen","url":"https:\/\/www.kompetensforetagen.se\/","logo":{"@type":"ImageObject","inLanguage":"sv-SE","@id":"https:\/\/www.kompetensforetagen.se\/#\/schema\/logo\/image\/","url":"https:\/\/www.kompetensforetagen.se\/app\/uploads\/sites\/5\/2022\/10\/logga_svart.png","contentUrl":"https:\/\/www.kompetensforetagen.se\/app\/uploads\/sites\/5\/2022\/10\/logga_svart.png","width":752,"height":64,"caption":"Kompetensf\u00f6retagen"},"image":{"@id":"https:\/\/www.kompetensforetagen.se\/#\/schema\/logo\/image\/"},"sameAs":["https:\/\/www.linkedin.com\/company\/10540032\/"]},{"@type":"Person","@id":"https:\/\/www.kompetensforetagen.se\/#\/schema\/person\/72cd48bb411dea15e40f11d726e9eeeb","name":"Fredric Sk\u00e4lstad","image":{"@type":"ImageObject","inLanguage":"sv-SE","@id":"https:\/\/www.kompetensforetagen.se\/#\/schema\/person\/image\/","url":"https:\/\/secure.gravatar.com\/avatar\/64f20bf3ac13c78aedd6054f495d1a00b38234d6bf532fa3b1cb3ff0bcc24f8d?s=96&d=mm&r=g","contentUrl":"https:\/\/secure.gravatar.com\/avatar\/64f20bf3ac13c78aedd6054f495d1a00b38234d6bf532fa3b1cb3ff0bcc24f8d?s=96&d=mm&r=g","caption":"Fredric Sk\u00e4lstad"},"description":"Fredric \u00e4r n\u00e4ringspolitisk chef p\u00e5 Kompetensf\u00f6retagen.","url":"https:\/\/www.kompetensforetagen.se\/person\/fredricskalstad\/"}]}},"_links":{"self":[{"href":"https:\/\/www.kompetensforetagen.se\/api\/wp\/v2\/posts\/20454","targetHints":{"allow":["GET"]}}],"collection":[{"href":"https:\/\/www.kompetensforetagen.se\/api\/wp\/v2\/posts"}],"about":[{"href":"https:\/\/www.kompetensforetagen.se\/api\/wp\/v2\/types\/post"}],"author":[{"embeddable":true,"href":"https:\/\/www.kompetensforetagen.se\/api\/wp\/v2\/users\/222"}],"replies":[{"embeddable":true,"href":"https:\/\/www.kompetensforetagen.se\/api\/wp\/v2\/comments?post=20454"}],"version-history":[{"count":2,"href":"https:\/\/www.kompetensforetagen.se\/api\/wp\/v2\/posts\/20454\/revisions"}],"predecessor-version":[{"id":20466,"href":"https:\/\/www.kompetensforetagen.se\/api\/wp\/v2\/posts\/20454\/revisions\/20466"}],"wp:featuredmedia":[{"embeddable":true,"href":"https:\/\/www.kompetensforetagen.se\/api\/wp\/v2\/media\/20455"}],"wp:attachment":[{"href":"https:\/\/www.kompetensforetagen.se\/api\/wp\/v2\/media?parent=20454"}],"wp:term":[{"taxonomy":"category","embeddable":true,"href":"https:\/\/www.kompetensforetagen.se\/api\/wp\/v2\/categories?post=20454"},{"taxonomy":"post_tag","embeddable":true,"href":"https:\/\/www.kompetensforetagen.se\/api\/wp\/v2\/tags?post=20454"},{"taxonomy":"type","embeddable":true,"href":"https:\/\/www.kompetensforetagen.se\/api\/wp\/v2\/article_type?post=20454"},{"taxonomy":"agreement","embeddable":true,"href":"https:\/\/www.kompetensforetagen.se\/api\/wp\/v2\/agreement?post=20454"},{"taxonomy":"for-members","embeddable":true,"href":"https:\/\/www.kompetensforetagen.se\/api\/wp\/v2\/for-members?post=20454"}],"curies":[{"name":"wp","href":"https:\/\/api.w.org\/{rel}","templated":true}]}}