{"id":20429,"date":"2025-06-17T08:15:00","date_gmt":"2025-06-17T06:15:00","guid":{"rendered":"https:\/\/www.kompetensforetagen.se\/?p=20429"},"modified":"2025-12-12T11:33:04","modified_gmt":"2025-12-12T10:33:04","slug":"kommer-branschen-omdefinieras-av-havningarna","status":"publish","type":"post","link":"https:\/\/www.kompetensforetagen.se\/2025\/06\/kommer-branschen-omdefinieras-av-havningarna\/","title":{"rendered":"Kommer branschen omdefinieras av h\u00e4vningarna?"},"content":{"rendered":"<p class=\"intro\">Efter en h\u00e4ndelserik inledning av \u00e5ret \u00e4r det dags att g\u00f6ra bokslut. Politikerm\u00f6ten, seminarier och debattartiklar har pr\u00e4glat v\u00e5ren, men den viktigaste h\u00e4ndelsen \u00e4r \u00e4nd\u00e5 h\u00e4vningarna av l\u00e5gpresterande leverant\u00f6rer. F\u00f6r\u00e4ndringarna kommer p\u00e5 sikt (om)definiera branschen, skriver Jessica Forss Katz, n\u00e4ringspolitisk expert p\u00e5 Kompetensf\u00f6retagen.<\/p>\n\n<h3 class=\"wp-block-heading\" id=\"h-forandrade-forutsattningar-for-matchningsleverantorer\"><strong>\u00a0F\u00f6r\u00e4ndrade f\u00f6ruts\u00e4ttningar f\u00f6r matchningsleverant\u00f6rer<\/strong>\u00a0<\/h3>\n\n\n\n<p>Som ni k\u00e4nner till har det skett ett antal f\u00f6r\u00e4ndringar i avtalet f\u00f6r Rusta och matcha 2. Bland annat har Arbetsf\u00f6rmedlingen publicerat betyg, resultatuppf\u00f6ljningar och nu n\u00e4rmast har ett antal h\u00e4vningar av leverant\u00f6rer som underpresterat genomf\u00f6rts. Det handlar om 94 avtal, 54 leverant\u00f6rer och omkring 2100 deltagare. Likv\u00e4l \u00e4r det endast omkring en tiondel av avtalen som Arbetsf\u00f6rmedlingen har inom matchningstj\u00e4nsten.&nbsp;&nbsp;<\/p>\n\n\n\n<p>Som branschf\u00f6retr\u00e4dare \u00e4r vi v\u00e4ldigt positiva till utvecklingen, som kommer leda till b\u00e4ttre f\u00f6ruts\u00e4ttningar f\u00f6r h\u00f6gpresterande leverant\u00f6rer. I takt med att marknaden blir b\u00e4ttre fungerande kan ocks\u00e5 branschens anseende f\u00f6rb\u00e4ttras, vilket f\u00f6rhoppningsvis leder till h\u00f6gre legitimitet och l\u00e5ngsiktighet fr\u00e5n politiker.&nbsp;<\/p>\n\n\n\n<h3 class=\"wp-block-heading\" id=\"h-traffar-med-politiker-forskare-och-andra-beslutsfattare-nbsp\"><strong>Tr\u00e4ffar med politiker, forskare och andra beslutsfattare<\/strong>&nbsp;<\/h3>\n\n\n\n<p>Under \u00e5ret har vi satsat p\u00e5 att anordna studiebes\u00f6k f\u00f6r riksdagsledam\u00f6ter runt om i landet, f\u00f6r att visa upp hur matchningsbranschen arbetar med m\u00e5lgruppen. Hittills i \u00e5r har vi hunnit med 12 studiebes\u00f6k, fr\u00e5n Blekinge i s\u00f6der till Ume\u00e5 i norr. D\u00e4rut\u00f6ver har vi haft flertalet individuella m\u00f6ten med f\u00f6retr\u00e4dare f\u00f6r Arbetsf\u00f6rmedlingens ink\u00f6psavdelning och Arbetsmarknadsdepartementet, bland annat om \u201dkostnadseffektivitet\u201d i matchningstj\u00e4nsten.&nbsp;&nbsp;<\/p>\n\n\n\n<p>Vi har ocks\u00e5 hunnit med ett antal m\u00f6ten med Ardalan Shekarabi och Serkan K\u00f6se (S) samt \u00f6vriga socialdemokratiska representanter i arbetsmarknadsutskottet, och Martin \u00c5dahl (C), ekonomiskpolitisk talesperson. Under reformarbetsgruppsm\u00f6ten har vi haft dialog med Helena Dyrssen, d\u00e5varande ledamot i Arbetsf\u00f6rmedlingens styrelse, och Lars Calmfors, professor emeritus i nationalekonomi. D\u00e4rut\u00f6ver har vi inlett dialog med IFAU kring kommande forskningsprojekt.&nbsp;<\/p>\n\n\n\n<h3 class=\"wp-block-heading\" id=\"h-leverantorsforum-nbsp\"><strong>Leverant\u00f6rsforum<\/strong>&nbsp;<\/h3>\n\n\n\n<p>I b\u00f6rjan av juni hade Arbetsf\u00f6rmedlingen sitt senaste leverant\u00f6rsforum. Viktigaste medskicket fr\u00e5n m\u00f6tet var att Arbetsf\u00f6rmedlingen arbetar f\u00f6r att underl\u00e4tta <em>parallella insatser,<\/em> s\u00e5som praktik och f\u00f6rberedande utbildningar (inf\u00f6r arbetsmarknadsutbildning), som komplement till ROM2. \u00c4n s\u00e5 l\u00e4nge kan leverant\u00f6rer ha deltagare i parallella insatser, men det saknas m\u00f6jlighet till \u201d\u00f6verhoppningsbar\u201d tid f\u00f6r deltagare som inleder en praktik, som kan ha initierats av leverant\u00f6ren. I dagsl\u00e4get inneb\u00e4r en praktik, som inte p\u00e5g\u00e5r parallellt med matchningstj\u00e4nsten, ett avbrott i tj\u00e4nsten och utebliven resultaters\u00e4ttning f\u00f6r leverant\u00f6ren. Detta kommer ses \u00f6ver under h\u00f6sten p\u00e5 Arbetsf\u00f6rmedlingen.&nbsp;<\/p>\n\n\n\n<h3 class=\"wp-block-heading\" id=\"h-urval-av-aktiviteter-under-varen-nbsp\"><strong>Urval av aktiviteter under v\u00e5ren<\/strong>&nbsp;<\/h3>\n\n\n\n<ul class=\"wp-block-list\">\n<li>Seminariet <a href=\"https:\/\/www.kompetensforetagen.se\/2025\/02\/sa-utformar-vi-en-aktiv-arbetsmarknadspolitik\/\" target=\"_blank\" rel=\"noreferrer noopener\"><em>S\u00e5 utformar vi en aktiv arbetsmarknadspolitik<\/em><\/a><em>, <\/em>som samarrangerades mellan Almega, Kompetensf\u00f6retagen och Utbildningsf\u00f6retagen. Till seminariet kom bland andra ett antal riksdagsledam\u00f6ter i arbetsmarknadsutskottet.\u00a0\u00a0<\/li>\n<\/ul>\n\n\n\n<ul class=\"wp-block-list\">\n<li>Webbinarier om Arbetsf\u00f6rmedlingens utgiftsprognoser\u00a0<\/li>\n<\/ul>\n\n\n\n<ul class=\"wp-block-list\">\n<li>Debattartikeln <a href=\"https:\/\/www.altinget.se\/artikel\/kavla-upp-armarna-nu-mats-persson\" target=\"_blank\" rel=\"noreferrer noopener\">Kavla upp \u00e4rmarna nu, Mats Persson &#8211; Altinget<\/a>\u00a0<\/li>\n<\/ul>\n\n\n\n<h3 class=\"wp-block-heading\" id=\"h-hall-utkik-nbsp\"><strong>H\u00e5ll utkik!<\/strong>&nbsp;<\/h3>\n\n\n\n<ul class=\"wp-block-list\">\n<li>Under Almedalsveckan, n\u00e4rmare best\u00e4mt onsdagen den 25 juni, kommer vi lansera ett nytt reformprogram f\u00f6r en b\u00e4ttre aktiv arbetsmarknadspolitik, tillsammans med Utbildningsf\u00f6retagen och f\u00f6retr\u00e4dare f\u00f6r v\u00e5r gemensamma reformarbetsgrupp. Detta under ett rundabordssamtal med f\u00f6retr\u00e4dare fr\u00e5n politiken, IFAU och Arbetsf\u00f6rmedlingen. D\u00e4refter kommer en debattartikel p\u00e5 \u00e4mnet under torsdagen.\u00a0<\/li>\n<\/ul>\n\n\n\n<ul class=\"wp-block-list\">\n<li>Efter Almedalsveckan kommer jag summera samtalen vi haft d\u00e4r.\u00a0<\/li>\n<\/ul>\n\n\n\n<ul class=\"wp-block-list\">\n<li>I h\u00f6st kommer vi lansera en ny rapport om omst\u00e4llningssystemet, torsdagen den 4 september. Save the date skickas ut inom kort.\u00a0<\/li>\n<\/ul>\n\n\n\n<ul class=\"wp-block-list\">\n<li>D\u00e4rtill kommer en rapport om arbetsmarknadspolitikens faktiska kostnader lanseras under h\u00f6sten.\u00a0\u00a0<\/li>\n<\/ul>\n\n\n\n<ul class=\"wp-block-list\">\n<li>F\u00f6r medlemmar kommer ett utskick i mailen med mer kommentarer kring branschens utveckling. H\u00f6r av dig om du som medlem vill ta del av dessa mail.\u00a0\u00a0<\/li>\n<\/ul>\n\n\n\n<p>Med det \u00f6nskar jag er alla en h\u00e4rlig sommar!&nbsp;&nbsp;<\/p>\n\n\n\n<p>Soliga h\u00e4lsningar&nbsp;<\/p>\n\n\n\n<p>Jessica\u00a0<\/p>\n\n\n\n      <a href=\"https:\/\/www.kompetensforetagen.se\/arbetsmarknadspolitik\/\" target=\"\" class=\"Button is-button is-fullwidth is-style-fill has-black-background-color has-black-border-color has-white-color Button--squiggly-arrow-link\">\n      \n        H\u00e4r kan du l\u00e4sa mer om v\u00e5rt arbete\n      \n      \n                \n                <svg class='icon icon--squiggly-arrow-link'  width=\"114\" height=\"36\" viewBox=\"0 0 114 36\" fill=\"none\" xmlns=\"http:\/\/www.w3.org\/2000\/svg\">\n<path d=\"M0.591797 18.5C7.0918 18.5 11.5209 19.9081 13.4345 14.5C14.3308 11.9657 14.3461 11.9541 15.0839 9.38315C15.7735 6.97969 17.3449 4.54993 19.8345 3.93399C22.9224 3.16984 26.0805 5.67017 27.0204 8.62798C27.9603 11.5851 27.243 14.7829 26.3407 17.751C25.4378 20.719 24.34 23.7256 24.5322 26.8156C24.7244 29.9049 26.6162 33.154 29.7193 33.8559C33.0114 34.5995 36.3563 32.146 37.6741 29.1234C38.9912 26.0995 38.7745 22.6791 38.4839 19.4082C38.1926 16.1373 37.8656 12.7464 38.9918 9.65134C40.1187 6.55559 43.1657 3.84801 46.5259 4.19961C49.9434 4.55763 52.3227 7.90617 52.8134 11.2104C53.3042 14.5147 52.3993 17.8408 51.8259 21.1322C51.2526 24.4237 51.0624 28.0141 52.8029 30.8923C54.221 33.2393 56.8902 34.826 59.6869 34.9864C62.4836 35.1468 65.3259 33.8758 67.0188 31.7072C69.5136 28.5126 69.3227 24.0689 68.5255 20.1345C67.7289 16.1996 66.4369 12.2139 67.1225 8.2597C67.8081 4.30548 71.3849 0.426331 75.4597 1.0705C78.5034 1.55171 80.6627 4.37413 81.4078 7.28189C82.1528 10.189 81.8133 13.2366 81.7711 16.2323C81.7288 19.2279 82.0551 22.4052 83.8874 24.8144C86.657 28.4555 91.9762 29.2197 96.6072 28.7147C101.239 28.2098 105.813 25.7501 110.457 26.1383\" stroke=\"black\" stroke-width=\"2\" stroke-miterlimit=\"10\"\/>\n<path d=\"M105.097 35L111.68 25.3613L102.457 18.2063\" stroke=\"black\" stroke-width=\"2\" stroke-miterlimit=\"10\"\/>\n<\/svg>\n\n        \n    <\/a>\n  \n","protected":false},"excerpt":{"rendered":"<p>\u00a0F\u00f6r\u00e4ndrade f\u00f6ruts\u00e4ttningar f\u00f6r matchningsleverant\u00f6rer\u00a0 Som ni k\u00e4nner till har det skett ett antal f\u00f6r\u00e4ndringar i avtalet f\u00f6r Rusta och matcha 2. Bland annat har Arbetsf\u00f6rmedlingen publicerat betyg, resultatuppf\u00f6ljningar och nu n\u00e4rmast har ett antal h\u00e4vningar &hellip;<\/p>\n","protected":false},"author":222,"featured_media":18603,"comment_status":"closed","ping_status":"closed","sticky":false,"template":"","format":"standard","meta":{"_acf_changed":false,"footnotes":""},"categories":[192],"tags":[],"article_type":[8,211],"agreement":[],"for-members":[],"class_list":["post-20429","post","type-post","status-publish","format-standard","has-post-thumbnail","hentry","category-arbetsformedlingen","type-aktuellt","type-blogg"],"acf":[],"yoast_head":"<!-- This site is optimized with the Yoast SEO Premium plugin v26.8 (Yoast SEO v26.8) - https:\/\/yoast.com\/product\/yoast-seo-premium-wordpress\/ -->\n<title>Kommer branschen omdefinieras av h\u00e4vningarna? - Kompetensf\u00f6retagen<\/title>\n<meta name=\"description\" content=\"Kommer branschen omdefinieras av h\u00e4vningarna? En analys av hur Arbetsf\u00f6rmedlingens agerande p\u00e5verkar matchningsakt\u00f6rer och marknaden.\" \/>\n<meta name=\"robots\" content=\"index, follow, max-snippet:-1, max-image-preview:large, max-video-preview:-1\" \/>\n<link rel=\"canonical\" href=\"https:\/\/www.kompetensforetagen.se\/2025\/06\/kommer-branschen-omdefinieras-av-havningarna\/\" \/>\n<meta property=\"og:locale\" content=\"sv_SE\" \/>\n<meta property=\"og:type\" content=\"article\" \/>\n<meta property=\"og:title\" content=\"Kommer branschen omdefinieras av h\u00e4vningarna?\" \/>\n<meta property=\"og:description\" content=\"Kommer branschen omdefinieras av h\u00e4vningarna? En analys av hur Arbetsf\u00f6rmedlingens agerande p\u00e5verkar matchningsakt\u00f6rer och marknaden.\" \/>\n<meta property=\"og:url\" content=\"https:\/\/www.kompetensforetagen.se\/2025\/06\/kommer-branschen-omdefinieras-av-havningarna\/\" \/>\n<meta property=\"og:site_name\" content=\"Kompetensf\u00f6retagen\" \/>\n<meta property=\"article:published_time\" content=\"2025-06-17T06:15:00+00:00\" \/>\n<meta property=\"article:modified_time\" content=\"2025-12-12T10:33:04+00:00\" \/>\n<meta property=\"og:image\" content=\"https:\/\/www.kompetensforetagen.se\/app\/uploads\/sites\/5\/2024\/10\/Medlemscase-hemsida-8.png\" \/>\n\t<meta property=\"og:image:width\" content=\"1900\" \/>\n\t<meta property=\"og:image:height\" content=\"1000\" \/>\n\t<meta property=\"og:image:type\" content=\"image\/png\" \/>\n<meta name=\"author\" content=\"Fredric Sk\u00e4lstad\" \/>\n<meta name=\"twitter:card\" content=\"summary_large_image\" \/>\n<meta name=\"twitter:label1\" content=\"Skriven av\" \/>\n\t<meta name=\"twitter:data1\" content=\"Fredric Sk\u00e4lstad\" \/>\n\t<meta name=\"twitter:label2\" content=\"Ber\u00e4knad l\u00e4stid\" \/>\n\t<meta name=\"twitter:data2\" content=\"3 minuter\" \/>\n<!-- \/ Yoast SEO Premium plugin. -->","yoast_head_json":{"title":"Kommer branschen omdefinieras av h\u00e4vningarna? - Kompetensf\u00f6retagen","description":"Kommer branschen omdefinieras av h\u00e4vningarna? En analys av hur Arbetsf\u00f6rmedlingens agerande p\u00e5verkar matchningsakt\u00f6rer och marknaden.","robots":{"index":"index","follow":"follow","max-snippet":"max-snippet:-1","max-image-preview":"max-image-preview:large","max-video-preview":"max-video-preview:-1"},"canonical":"https:\/\/www.kompetensforetagen.se\/2025\/06\/kommer-branschen-omdefinieras-av-havningarna\/","og_locale":"sv_SE","og_type":"article","og_title":"Kommer branschen omdefinieras av h\u00e4vningarna?","og_description":"Kommer branschen omdefinieras av h\u00e4vningarna? En analys av hur Arbetsf\u00f6rmedlingens agerande p\u00e5verkar matchningsakt\u00f6rer och marknaden.","og_url":"https:\/\/www.kompetensforetagen.se\/2025\/06\/kommer-branschen-omdefinieras-av-havningarna\/","og_site_name":"Kompetensf\u00f6retagen","article_published_time":"2025-06-17T06:15:00+00:00","article_modified_time":"2025-12-12T10:33:04+00:00","og_image":[{"width":1900,"height":1000,"url":"https:\/\/www.kompetensforetagen.se\/app\/uploads\/sites\/5\/2024\/10\/Medlemscase-hemsida-8.png","type":"image\/png"}],"author":"Fredric Sk\u00e4lstad","twitter_card":"summary_large_image","twitter_misc":{"Skriven av":"Fredric Sk\u00e4lstad","Ber\u00e4knad l\u00e4stid":"3 minuter"},"schema":{"@context":"https:\/\/schema.org","@graph":[{"@type":"Article","@id":"https:\/\/www.kompetensforetagen.se\/2025\/06\/kommer-branschen-omdefinieras-av-havningarna\/#article","isPartOf":{"@id":"https:\/\/www.kompetensforetagen.se\/2025\/06\/kommer-branschen-omdefinieras-av-havningarna\/"},"author":{"name":"Fredric Sk\u00e4lstad","@id":"https:\/\/www.kompetensforetagen.se\/#\/schema\/person\/72cd48bb411dea15e40f11d726e9eeeb"},"headline":"Kommer branschen omdefinieras av h\u00e4vningarna?","datePublished":"2025-06-17T06:15:00+00:00","dateModified":"2025-12-12T10:33:04+00:00","mainEntityOfPage":{"@id":"https:\/\/www.kompetensforetagen.se\/2025\/06\/kommer-branschen-omdefinieras-av-havningarna\/"},"wordCount":623,"publisher":{"@id":"https:\/\/www.kompetensforetagen.se\/#organization"},"image":{"@id":"https:\/\/www.kompetensforetagen.se\/2025\/06\/kommer-branschen-omdefinieras-av-havningarna\/#primaryimage"},"thumbnailUrl":"https:\/\/www.kompetensforetagen.se\/app\/uploads\/sites\/5\/2024\/10\/Medlemscase-hemsida-8.png","articleSection":["Arbetsf\u00f6rmedlingen"],"inLanguage":"sv-SE"},{"@type":"WebPage","@id":"https:\/\/www.kompetensforetagen.se\/2025\/06\/kommer-branschen-omdefinieras-av-havningarna\/","url":"https:\/\/www.kompetensforetagen.se\/2025\/06\/kommer-branschen-omdefinieras-av-havningarna\/","name":"Kommer branschen omdefinieras av h\u00e4vningarna? - Kompetensf\u00f6retagen","isPartOf":{"@id":"https:\/\/www.kompetensforetagen.se\/#website"},"primaryImageOfPage":{"@id":"https:\/\/www.kompetensforetagen.se\/2025\/06\/kommer-branschen-omdefinieras-av-havningarna\/#primaryimage"},"image":{"@id":"https:\/\/www.kompetensforetagen.se\/2025\/06\/kommer-branschen-omdefinieras-av-havningarna\/#primaryimage"},"thumbnailUrl":"https:\/\/www.kompetensforetagen.se\/app\/uploads\/sites\/5\/2024\/10\/Medlemscase-hemsida-8.png","datePublished":"2025-06-17T06:15:00+00:00","dateModified":"2025-12-12T10:33:04+00:00","description":"Kommer branschen omdefinieras av h\u00e4vningarna? En analys av hur Arbetsf\u00f6rmedlingens agerande p\u00e5verkar matchningsakt\u00f6rer och marknaden.","breadcrumb":{"@id":"https:\/\/www.kompetensforetagen.se\/2025\/06\/kommer-branschen-omdefinieras-av-havningarna\/#breadcrumb"},"inLanguage":"sv-SE","potentialAction":[{"@type":"ReadAction","target":["https:\/\/www.kompetensforetagen.se\/2025\/06\/kommer-branschen-omdefinieras-av-havningarna\/"]}]},{"@type":"ImageObject","inLanguage":"sv-SE","@id":"https:\/\/www.kompetensforetagen.se\/2025\/06\/kommer-branschen-omdefinieras-av-havningarna\/#primaryimage","url":"https:\/\/www.kompetensforetagen.se\/app\/uploads\/sites\/5\/2024\/10\/Medlemscase-hemsida-8.png","contentUrl":"https:\/\/www.kompetensforetagen.se\/app\/uploads\/sites\/5\/2024\/10\/Medlemscase-hemsida-8.png","width":1900,"height":1000,"caption":"Jessica Forss Katz: Kritiken borde riktas mot Arbetsf\u00f6rmedlingen"},{"@type":"BreadcrumbList","@id":"https:\/\/www.kompetensforetagen.se\/2025\/06\/kommer-branschen-omdefinieras-av-havningarna\/#breadcrumb","itemListElement":[{"@type":"ListItem","position":1,"name":"Home","item":"https:\/\/www.kompetensforetagen.se\/"},{"@type":"ListItem","position":2,"name":"Kommer branschen omdefinieras av h\u00e4vningarna?"}]},{"@type":"WebSite","@id":"https:\/\/www.kompetensforetagen.se\/#website","url":"https:\/\/www.kompetensforetagen.se\/","name":"Kompetensf\u00f6retagen","description":"R\u00e4tt person p\u00e5 r\u00e4tt plats kan f\u00f6r\u00e4ndra v\u00e4rlden","publisher":{"@id":"https:\/\/www.kompetensforetagen.se\/#organization"},"potentialAction":[{"@type":"SearchAction","target":{"@type":"EntryPoint","urlTemplate":"https:\/\/www.kompetensforetagen.se\/?s={search_term_string}"},"query-input":{"@type":"PropertyValueSpecification","valueRequired":true,"valueName":"search_term_string"}}],"inLanguage":"sv-SE"},{"@type":"Organization","@id":"https:\/\/www.kompetensforetagen.se\/#organization","name":"Kompetensf\u00f6retagen","url":"https:\/\/www.kompetensforetagen.se\/","logo":{"@type":"ImageObject","inLanguage":"sv-SE","@id":"https:\/\/www.kompetensforetagen.se\/#\/schema\/logo\/image\/","url":"https:\/\/www.kompetensforetagen.se\/app\/uploads\/sites\/5\/2022\/10\/logga_svart.png","contentUrl":"https:\/\/www.kompetensforetagen.se\/app\/uploads\/sites\/5\/2022\/10\/logga_svart.png","width":752,"height":64,"caption":"Kompetensf\u00f6retagen"},"image":{"@id":"https:\/\/www.kompetensforetagen.se\/#\/schema\/logo\/image\/"},"sameAs":["https:\/\/www.linkedin.com\/company\/10540032\/"]},{"@type":"Person","@id":"https:\/\/www.kompetensforetagen.se\/#\/schema\/person\/72cd48bb411dea15e40f11d726e9eeeb","name":"Fredric Sk\u00e4lstad","image":{"@type":"ImageObject","inLanguage":"sv-SE","@id":"https:\/\/www.kompetensforetagen.se\/#\/schema\/person\/image\/","url":"https:\/\/secure.gravatar.com\/avatar\/64f20bf3ac13c78aedd6054f495d1a00b38234d6bf532fa3b1cb3ff0bcc24f8d?s=96&d=mm&r=g","contentUrl":"https:\/\/secure.gravatar.com\/avatar\/64f20bf3ac13c78aedd6054f495d1a00b38234d6bf532fa3b1cb3ff0bcc24f8d?s=96&d=mm&r=g","caption":"Fredric Sk\u00e4lstad"},"description":"Fredric \u00e4r n\u00e4ringspolitisk chef p\u00e5 Kompetensf\u00f6retagen.","url":"https:\/\/www.kompetensforetagen.se\/person\/fredricskalstad\/"}]}},"_links":{"self":[{"href":"https:\/\/www.kompetensforetagen.se\/api\/wp\/v2\/posts\/20429","targetHints":{"allow":["GET"]}}],"collection":[{"href":"https:\/\/www.kompetensforetagen.se\/api\/wp\/v2\/posts"}],"about":[{"href":"https:\/\/www.kompetensforetagen.se\/api\/wp\/v2\/types\/post"}],"author":[{"embeddable":true,"href":"https:\/\/www.kompetensforetagen.se\/api\/wp\/v2\/users\/222"}],"replies":[{"embeddable":true,"href":"https:\/\/www.kompetensforetagen.se\/api\/wp\/v2\/comments?post=20429"}],"version-history":[{"count":1,"href":"https:\/\/www.kompetensforetagen.se\/api\/wp\/v2\/posts\/20429\/revisions"}],"predecessor-version":[{"id":20430,"href":"https:\/\/www.kompetensforetagen.se\/api\/wp\/v2\/posts\/20429\/revisions\/20430"}],"wp:featuredmedia":[{"embeddable":true,"href":"https:\/\/www.kompetensforetagen.se\/api\/wp\/v2\/media\/18603"}],"wp:attachment":[{"href":"https:\/\/www.kompetensforetagen.se\/api\/wp\/v2\/media?parent=20429"}],"wp:term":[{"taxonomy":"category","embeddable":true,"href":"https:\/\/www.kompetensforetagen.se\/api\/wp\/v2\/categories?post=20429"},{"taxonomy":"post_tag","embeddable":true,"href":"https:\/\/www.kompetensforetagen.se\/api\/wp\/v2\/tags?post=20429"},{"taxonomy":"type","embeddable":true,"href":"https:\/\/www.kompetensforetagen.se\/api\/wp\/v2\/article_type?post=20429"},{"taxonomy":"agreement","embeddable":true,"href":"https:\/\/www.kompetensforetagen.se\/api\/wp\/v2\/agreement?post=20429"},{"taxonomy":"for-members","embeddable":true,"href":"https:\/\/www.kompetensforetagen.se\/api\/wp\/v2\/for-members?post=20429"}],"curies":[{"name":"wp","href":"https:\/\/api.w.org\/{rel}","templated":true}]}}