{"id":20336,"date":"2025-06-12T10:42:42","date_gmt":"2025-06-12T08:42:42","guid":{"rendered":"https:\/\/www.kompetensforetagen.se\/?p=20336"},"modified":"2025-12-15T11:31:16","modified_gmt":"2025-12-15T10:31:16","slug":"vinst-for-kompetensforetagen-i-domstol","status":"publish","type":"post","link":"https:\/\/www.kompetensforetagen.se\/2025\/06\/vinst-for-kompetensforetagen-i-domstol\/","title":{"rendered":"Vinst f\u00f6r Kompetens&shy;f\u00f6retagen i domstol"},"content":{"rendered":"<p class=\"intro\">Ny dom fr\u00e5n Arbetsdomstolen ger st\u00f6d \u00e5t Kompetensf\u00f6retagens tolkning av bemanningsavtalet. Transportarbetaref\u00f6rbundets fastst\u00e4llelsetalan g\u00e4llande ber\u00e4kning av GFL avsl\u00e5s.<\/p>\n\n<p><br>Transportarbetaref\u00f6rbundet har drivit en fastst\u00e4llelsetalan gentemot Kompetensf\u00f6retagen om hur GFL ska ber\u00e4knas p\u00e5 bemanningsavtalet f\u00f6r arbetare Arbetsdomstolen valde enh\u00e4lligt att avsl\u00e5 fastst\u00e4llelsetalan. Det inneb\u00e4r i praktiken att helgl\u00f6nen i bemanningsavtalet fortsatt kompenserar f\u00f6r infallande helgdagar och ger st\u00f6d \u00e5t nuvarande branschpraxis och Kompetensf\u00f6retagens r\u00e5dgivning vid ber\u00e4kning av GFL.<\/p>\n\n\n\n<p>Kompetensf\u00f6retagen konstaterar att detta \u00e4r en viktig principiell vinst f\u00f6r branschen.<\/p>\n\n\n\n      <a href=\"https:\/\/www.arbetsdomstolen.se\/media\/zi3blxgq\/39-25.pdf\" target=\"_blank\" class=\"Button is-button is-style-fill has-black-background-color has-black-border-color has-white-color Button--arrow-tip\">\n      \n        L\u00e4s hela domen h\u00e4r\n      \n      \n                \n                <svg class='icon icon--arrow-tip'  width=\"11\" height=\"16\" viewBox=\"0 0 11 16\" fill=\"none\" xmlns=\"http:\/\/www.w3.org\/2000\/svg\">\n<path d=\"M0.858398 15L9.2304 7.99664L0.967732 1.00001\" stroke=\"black\" stroke-width=\"2\" stroke-miterlimit=\"10\"\/>\n<\/svg>\n\n        \n    <\/a>\n  \n","protected":false},"excerpt":{"rendered":"<p>Transportarbetaref\u00f6rbundet har drivit en fastst\u00e4llelsetalan gentemot Kompetensf\u00f6retagen om hur GFL ska ber\u00e4knas p\u00e5 bemanningsavtalet f\u00f6r arbetare Arbetsdomstolen valde enh\u00e4lligt att avsl\u00e5 fastst\u00e4llelsetalan. Det inneb\u00e4r i praktiken att helgl\u00f6nen i bemanningsavtalet fortsatt kompenserar f\u00f6r infallande helgdagar &hellip;<\/p>\n","protected":false},"author":222,"featured_media":20337,"comment_status":"closed","ping_status":"closed","sticky":false,"template":"","format":"standard","meta":{"_acf_changed":false,"footnotes":""},"categories":[23],"tags":[],"article_type":[8],"agreement":[],"for-members":[],"class_list":["post-20336","post","type-post","status-publish","format-standard","has-post-thumbnail","hentry","category-gfl","type-aktuellt"],"acf":[],"yoast_head":"<!-- This site is optimized with the Yoast SEO Premium plugin v26.8 (Yoast SEO v26.8) - https:\/\/yoast.com\/product\/yoast-seo-premium-wordpress\/ -->\n<title>Vinst f\u00f6r Kompetensf\u00f6retagen i domstol - Kompetensf\u00f6retagen<\/title>\n<meta name=\"description\" content=\"Vinst f\u00f6r Kompetensf\u00f6retagen i domstol. L\u00e4s om den viktiga domen som st\u00e4rker branschens villkor och r\u00e4ttigheter.\" \/>\n<meta name=\"robots\" content=\"index, follow, max-snippet:-1, max-image-preview:large, max-video-preview:-1\" \/>\n<link rel=\"canonical\" href=\"https:\/\/www.kompetensforetagen.se\/2025\/06\/vinst-for-kompetensforetagen-i-domstol\/\" \/>\n<meta property=\"og:locale\" content=\"sv_SE\" \/>\n<meta property=\"og:type\" content=\"article\" \/>\n<meta property=\"og:title\" content=\"Vinst f\u00f6r Kompetensf\u00f6retagen i domstol\" \/>\n<meta property=\"og:description\" content=\"Vinst f\u00f6r Kompetensf\u00f6retagen i domstol. L\u00e4s om den viktiga domen som st\u00e4rker branschens villkor och r\u00e4ttigheter.\" \/>\n<meta property=\"og:url\" content=\"https:\/\/www.kompetensforetagen.se\/2025\/06\/vinst-for-kompetensforetagen-i-domstol\/\" \/>\n<meta property=\"og:site_name\" content=\"Kompetensf\u00f6retagen\" \/>\n<meta property=\"article:published_time\" content=\"2025-06-12T08:42:42+00:00\" \/>\n<meta property=\"article:modified_time\" content=\"2025-12-15T10:31:16+00:00\" \/>\n<meta property=\"og:image\" content=\"https:\/\/www.kompetensforetagen.se\/app\/uploads\/sites\/5\/2025\/06\/Auktorisation.png\" \/>\n\t<meta property=\"og:image:width\" content=\"1080\" \/>\n\t<meta property=\"og:image:height\" content=\"540\" \/>\n\t<meta property=\"og:image:type\" content=\"image\/png\" \/>\n<meta name=\"author\" content=\"Fredric Sk\u00e4lstad\" \/>\n<meta name=\"twitter:card\" content=\"summary_large_image\" \/>\n<meta name=\"twitter:label1\" content=\"Skriven av\" \/>\n\t<meta name=\"twitter:data1\" content=\"Fredric Sk\u00e4lstad\" \/>\n\t<meta name=\"twitter:label2\" content=\"Ber\u00e4knad l\u00e4stid\" \/>\n\t<meta name=\"twitter:data2\" content=\"1 minut\" \/>\n<!-- \/ Yoast SEO Premium plugin. -->","yoast_head_json":{"title":"Vinst f\u00f6r Kompetensf\u00f6retagen i domstol - Kompetensf\u00f6retagen","description":"Vinst f\u00f6r Kompetensf\u00f6retagen i domstol. L\u00e4s om den viktiga domen som st\u00e4rker branschens villkor och r\u00e4ttigheter.","robots":{"index":"index","follow":"follow","max-snippet":"max-snippet:-1","max-image-preview":"max-image-preview:large","max-video-preview":"max-video-preview:-1"},"canonical":"https:\/\/www.kompetensforetagen.se\/2025\/06\/vinst-for-kompetensforetagen-i-domstol\/","og_locale":"sv_SE","og_type":"article","og_title":"Vinst f\u00f6r Kompetensf\u00f6retagen i domstol","og_description":"Vinst f\u00f6r Kompetensf\u00f6retagen i domstol. L\u00e4s om den viktiga domen som st\u00e4rker branschens villkor och r\u00e4ttigheter.","og_url":"https:\/\/www.kompetensforetagen.se\/2025\/06\/vinst-for-kompetensforetagen-i-domstol\/","og_site_name":"Kompetensf\u00f6retagen","article_published_time":"2025-06-12T08:42:42+00:00","article_modified_time":"2025-12-15T10:31:16+00:00","og_image":[{"width":1080,"height":540,"url":"https:\/\/www.kompetensforetagen.se\/app\/uploads\/sites\/5\/2025\/06\/Auktorisation.png","type":"image\/png"}],"author":"Fredric Sk\u00e4lstad","twitter_card":"summary_large_image","twitter_misc":{"Skriven av":"Fredric Sk\u00e4lstad","Ber\u00e4knad l\u00e4stid":"1 minut"},"schema":{"@context":"https:\/\/schema.org","@graph":[{"@type":"Article","@id":"https:\/\/www.kompetensforetagen.se\/2025\/06\/vinst-for-kompetensforetagen-i-domstol\/#article","isPartOf":{"@id":"https:\/\/www.kompetensforetagen.se\/2025\/06\/vinst-for-kompetensforetagen-i-domstol\/"},"author":{"name":"Fredric Sk\u00e4lstad","@id":"https:\/\/www.kompetensforetagen.se\/#\/schema\/person\/72cd48bb411dea15e40f11d726e9eeeb"},"headline":"Vinst f\u00f6r Kompetens&shy;f\u00f6retagen i domstol","datePublished":"2025-06-12T08:42:42+00:00","dateModified":"2025-12-15T10:31:16+00:00","mainEntityOfPage":{"@id":"https:\/\/www.kompetensforetagen.se\/2025\/06\/vinst-for-kompetensforetagen-i-domstol\/"},"wordCount":82,"publisher":{"@id":"https:\/\/www.kompetensforetagen.se\/#organization"},"image":{"@id":"https:\/\/www.kompetensforetagen.se\/2025\/06\/vinst-for-kompetensforetagen-i-domstol\/#primaryimage"},"thumbnailUrl":"https:\/\/www.kompetensforetagen.se\/app\/uploads\/sites\/5\/2025\/06\/Auktorisation.png","articleSection":["GFL"],"inLanguage":"sv-SE"},{"@type":"WebPage","@id":"https:\/\/www.kompetensforetagen.se\/2025\/06\/vinst-for-kompetensforetagen-i-domstol\/","url":"https:\/\/www.kompetensforetagen.se\/2025\/06\/vinst-for-kompetensforetagen-i-domstol\/","name":"Vinst f\u00f6r Kompetensf\u00f6retagen i domstol - Kompetensf\u00f6retagen","isPartOf":{"@id":"https:\/\/www.kompetensforetagen.se\/#website"},"primaryImageOfPage":{"@id":"https:\/\/www.kompetensforetagen.se\/2025\/06\/vinst-for-kompetensforetagen-i-domstol\/#primaryimage"},"image":{"@id":"https:\/\/www.kompetensforetagen.se\/2025\/06\/vinst-for-kompetensforetagen-i-domstol\/#primaryimage"},"thumbnailUrl":"https:\/\/www.kompetensforetagen.se\/app\/uploads\/sites\/5\/2025\/06\/Auktorisation.png","datePublished":"2025-06-12T08:42:42+00:00","dateModified":"2025-12-15T10:31:16+00:00","description":"Vinst f\u00f6r Kompetensf\u00f6retagen i domstol. L\u00e4s om den viktiga domen som st\u00e4rker branschens villkor och r\u00e4ttigheter.","breadcrumb":{"@id":"https:\/\/www.kompetensforetagen.se\/2025\/06\/vinst-for-kompetensforetagen-i-domstol\/#breadcrumb"},"inLanguage":"sv-SE","potentialAction":[{"@type":"ReadAction","target":["https:\/\/www.kompetensforetagen.se\/2025\/06\/vinst-for-kompetensforetagen-i-domstol\/"]}]},{"@type":"ImageObject","inLanguage":"sv-SE","@id":"https:\/\/www.kompetensforetagen.se\/2025\/06\/vinst-for-kompetensforetagen-i-domstol\/#primaryimage","url":"https:\/\/www.kompetensforetagen.se\/app\/uploads\/sites\/5\/2025\/06\/Auktorisation.png","contentUrl":"https:\/\/www.kompetensforetagen.se\/app\/uploads\/sites\/5\/2025\/06\/Auktorisation.png","width":1080,"height":540,"caption":"Vinst f\u00f6r Kompetensf\u00f6retagen i domstol"},{"@type":"BreadcrumbList","@id":"https:\/\/www.kompetensforetagen.se\/2025\/06\/vinst-for-kompetensforetagen-i-domstol\/#breadcrumb","itemListElement":[{"@type":"ListItem","position":1,"name":"Home","item":"https:\/\/www.kompetensforetagen.se\/"},{"@type":"ListItem","position":2,"name":"Vinst f\u00f6r Kompetens&shy;f\u00f6retagen i domstol"}]},{"@type":"WebSite","@id":"https:\/\/www.kompetensforetagen.se\/#website","url":"https:\/\/www.kompetensforetagen.se\/","name":"Kompetensf\u00f6retagen","description":"R\u00e4tt person p\u00e5 r\u00e4tt plats kan f\u00f6r\u00e4ndra v\u00e4rlden","publisher":{"@id":"https:\/\/www.kompetensforetagen.se\/#organization"},"potentialAction":[{"@type":"SearchAction","target":{"@type":"EntryPoint","urlTemplate":"https:\/\/www.kompetensforetagen.se\/?s={search_term_string}"},"query-input":{"@type":"PropertyValueSpecification","valueRequired":true,"valueName":"search_term_string"}}],"inLanguage":"sv-SE"},{"@type":"Organization","@id":"https:\/\/www.kompetensforetagen.se\/#organization","name":"Kompetensf\u00f6retagen","url":"https:\/\/www.kompetensforetagen.se\/","logo":{"@type":"ImageObject","inLanguage":"sv-SE","@id":"https:\/\/www.kompetensforetagen.se\/#\/schema\/logo\/image\/","url":"https:\/\/www.kompetensforetagen.se\/app\/uploads\/sites\/5\/2022\/10\/logga_svart.png","contentUrl":"https:\/\/www.kompetensforetagen.se\/app\/uploads\/sites\/5\/2022\/10\/logga_svart.png","width":752,"height":64,"caption":"Kompetensf\u00f6retagen"},"image":{"@id":"https:\/\/www.kompetensforetagen.se\/#\/schema\/logo\/image\/"},"sameAs":["https:\/\/www.linkedin.com\/company\/10540032\/"]},{"@type":"Person","@id":"https:\/\/www.kompetensforetagen.se\/#\/schema\/person\/72cd48bb411dea15e40f11d726e9eeeb","name":"Fredric Sk\u00e4lstad","image":{"@type":"ImageObject","inLanguage":"sv-SE","@id":"https:\/\/www.kompetensforetagen.se\/#\/schema\/person\/image\/","url":"https:\/\/secure.gravatar.com\/avatar\/64f20bf3ac13c78aedd6054f495d1a00b38234d6bf532fa3b1cb3ff0bcc24f8d?s=96&d=mm&r=g","contentUrl":"https:\/\/secure.gravatar.com\/avatar\/64f20bf3ac13c78aedd6054f495d1a00b38234d6bf532fa3b1cb3ff0bcc24f8d?s=96&d=mm&r=g","caption":"Fredric Sk\u00e4lstad"},"description":"Fredric \u00e4r n\u00e4ringspolitisk chef p\u00e5 Kompetensf\u00f6retagen.","url":"https:\/\/www.kompetensforetagen.se\/person\/fredricskalstad\/"}]}},"_links":{"self":[{"href":"https:\/\/www.kompetensforetagen.se\/api\/wp\/v2\/posts\/20336","targetHints":{"allow":["GET"]}}],"collection":[{"href":"https:\/\/www.kompetensforetagen.se\/api\/wp\/v2\/posts"}],"about":[{"href":"https:\/\/www.kompetensforetagen.se\/api\/wp\/v2\/types\/post"}],"author":[{"embeddable":true,"href":"https:\/\/www.kompetensforetagen.se\/api\/wp\/v2\/users\/222"}],"replies":[{"embeddable":true,"href":"https:\/\/www.kompetensforetagen.se\/api\/wp\/v2\/comments?post=20336"}],"version-history":[{"count":1,"href":"https:\/\/www.kompetensforetagen.se\/api\/wp\/v2\/posts\/20336\/revisions"}],"predecessor-version":[{"id":20338,"href":"https:\/\/www.kompetensforetagen.se\/api\/wp\/v2\/posts\/20336\/revisions\/20338"}],"wp:featuredmedia":[{"embeddable":true,"href":"https:\/\/www.kompetensforetagen.se\/api\/wp\/v2\/media\/20337"}],"wp:attachment":[{"href":"https:\/\/www.kompetensforetagen.se\/api\/wp\/v2\/media?parent=20336"}],"wp:term":[{"taxonomy":"category","embeddable":true,"href":"https:\/\/www.kompetensforetagen.se\/api\/wp\/v2\/categories?post=20336"},{"taxonomy":"post_tag","embeddable":true,"href":"https:\/\/www.kompetensforetagen.se\/api\/wp\/v2\/tags?post=20336"},{"taxonomy":"type","embeddable":true,"href":"https:\/\/www.kompetensforetagen.se\/api\/wp\/v2\/article_type?post=20336"},{"taxonomy":"agreement","embeddable":true,"href":"https:\/\/www.kompetensforetagen.se\/api\/wp\/v2\/agreement?post=20336"},{"taxonomy":"for-members","embeddable":true,"href":"https:\/\/www.kompetensforetagen.se\/api\/wp\/v2\/for-members?post=20336"}],"curies":[{"name":"wp","href":"https:\/\/api.w.org\/{rel}","templated":true}]}}