{"id":20161,"date":"2025-06-03T09:56:51","date_gmt":"2025-06-03T07:56:51","guid":{"rendered":"https:\/\/www.kompetensforetagen.se\/?p=20161"},"modified":"2025-12-12T11:32:13","modified_gmt":"2025-12-12T10:32:13","slug":"positivt-att-af-haver-avtal","status":"publish","type":"post","link":"https:\/\/www.kompetensforetagen.se\/2025\/06\/positivt-att-af-haver-avtal\/","title":{"rendered":"Positivt att AF h\u00e4ver avtal"},"content":{"rendered":"<p class=\"intro\">Nu h\u00e4ver Arbetsf\u00f6rmedlingen avtal med 94 leverant\u00f6rer. Myndigheten skriver att det handlar om leverant\u00f6rer som inte kan uppvisa tillr\u00e4ckliga resultat inom matchningstj\u00e4nsten Rusta och matcha.<\/p>\n\n<p>\u2013\u00a0Det \u00e4r positivt att <a href=\"https:\/\/www.linkedin.com\/company\/arbetsformedlingen\/\">Arbetsf\u00f6rmedlingen<\/a> g\u00e5r vidare med resultatuppf\u00f6ljningen och nu b\u00f6rjar h\u00e4va avtal med leverant\u00f6rer som underpresterat, s\u00e4ger <a href=\"https:\/\/www.linkedin.com\/in\/ACoAABzYUygB7eBjiQTOsE-S7ALESjoibzTTkM8\"><\/a><a href=\"https:\/\/www.linkedin.com\/in\/katz-jessica\/\">Jessica Forss Katz<\/a>, n\u00e4ringspolitisk expert p\u00e5 Kompetensf\u00f6retagen.<br><br>Branschen har l\u00e4nge efterfr\u00e5gat publika betyg, kontinuerliga uppf\u00f6ljningar och efterf\u00f6ljande uteslutningar. Det \u00e4r centrala pusselbitar i ett fungerande valfrihetssystem.<br><br>\u2013\u00a0H\u00f6gpresterande kompetensf\u00f6retag ska f\u00e5 b\u00e4sta f\u00f6ruts\u00e4ttningar att verka som leverant\u00f6rer till <a href=\"https:\/\/www.linkedin.com\/company\/arbetsformedlingen\/\">Arbetsf\u00f6rmedlingen<\/a>. F\u00f6r att fler arbetsl\u00f6sa ska f\u00e5 r\u00e4tt st\u00f6d till att hitta sin plats p\u00e5 arbetsmarknaden, s\u00e4ger Jessica Forss Katz<\/p>\n","protected":false},"excerpt":{"rendered":"<p>\u2013\u00a0Det \u00e4r positivt att Arbetsf\u00f6rmedlingen g\u00e5r vidare med resultatuppf\u00f6ljningen och nu b\u00f6rjar h\u00e4va avtal med leverant\u00f6rer som underpresterat, s\u00e4ger Jessica Forss Katz, n\u00e4ringspolitisk expert p\u00e5 Kompetensf\u00f6retagen. Branschen har l\u00e4nge efterfr\u00e5gat publika betyg, kontinuerliga uppf\u00f6ljningar och &hellip;<\/p>\n","protected":false},"author":222,"featured_media":18603,"comment_status":"closed","ping_status":"closed","sticky":false,"template":"","format":"standard","meta":{"_acf_changed":false,"footnotes":""},"categories":[192],"tags":[],"article_type":[193],"agreement":[],"for-members":[],"class_list":["post-20161","post","type-post","status-publish","format-standard","has-post-thumbnail","hentry","category-arbetsformedlingen","type-kommentar"],"acf":[],"yoast_head":"<!-- This site is optimized with the Yoast SEO Premium plugin v26.8 (Yoast SEO v26.8) - https:\/\/yoast.com\/product\/yoast-seo-premium-wordpress\/ -->\n<title>Positivt att AF h\u00e4ver avtal - Kompetensf\u00f6retagen<\/title>\n<meta name=\"description\" content=\"Positivt att AF h\u00e4ver avtal. Kompetensf\u00f6retagen v\u00e4lkomnar att Arbetsf\u00f6rmedlingen agerar mot leverant\u00f6rer som inte lever upp till kraven.\" \/>\n<meta name=\"robots\" content=\"index, follow, max-snippet:-1, max-image-preview:large, max-video-preview:-1\" \/>\n<link rel=\"canonical\" href=\"https:\/\/www.kompetensforetagen.se\/2025\/06\/positivt-att-af-haver-avtal\/\" \/>\n<meta property=\"og:locale\" content=\"sv_SE\" \/>\n<meta property=\"og:type\" content=\"article\" \/>\n<meta property=\"og:title\" content=\"Positivt att AF h\u00e4ver avtal\" \/>\n<meta property=\"og:description\" content=\"Positivt att AF h\u00e4ver avtal. Kompetensf\u00f6retagen v\u00e4lkomnar att Arbetsf\u00f6rmedlingen agerar mot leverant\u00f6rer som inte lever upp till kraven.\" \/>\n<meta property=\"og:url\" content=\"https:\/\/www.kompetensforetagen.se\/2025\/06\/positivt-att-af-haver-avtal\/\" \/>\n<meta property=\"og:site_name\" content=\"Kompetensf\u00f6retagen\" \/>\n<meta property=\"article:published_time\" content=\"2025-06-03T07:56:51+00:00\" \/>\n<meta property=\"article:modified_time\" content=\"2025-12-12T10:32:13+00:00\" \/>\n<meta property=\"og:image\" content=\"https:\/\/www.kompetensforetagen.se\/app\/uploads\/sites\/5\/2024\/10\/Medlemscase-hemsida-8.png\" \/>\n\t<meta property=\"og:image:width\" content=\"1900\" \/>\n\t<meta property=\"og:image:height\" content=\"1000\" \/>\n\t<meta property=\"og:image:type\" content=\"image\/png\" \/>\n<meta name=\"author\" content=\"Fredric Sk\u00e4lstad\" \/>\n<meta name=\"twitter:card\" content=\"summary_large_image\" \/>\n<meta name=\"twitter:label1\" content=\"Skriven av\" \/>\n\t<meta name=\"twitter:data1\" content=\"Fredric Sk\u00e4lstad\" \/>\n\t<meta name=\"twitter:label2\" content=\"Ber\u00e4knad l\u00e4stid\" \/>\n\t<meta name=\"twitter:data2\" content=\"1 minut\" \/>\n<!-- \/ Yoast SEO Premium plugin. -->","yoast_head_json":{"title":"Positivt att AF h\u00e4ver avtal - Kompetensf\u00f6retagen","description":"Positivt att AF h\u00e4ver avtal. Kompetensf\u00f6retagen v\u00e4lkomnar att Arbetsf\u00f6rmedlingen agerar mot leverant\u00f6rer som inte lever upp till kraven.","robots":{"index":"index","follow":"follow","max-snippet":"max-snippet:-1","max-image-preview":"max-image-preview:large","max-video-preview":"max-video-preview:-1"},"canonical":"https:\/\/www.kompetensforetagen.se\/2025\/06\/positivt-att-af-haver-avtal\/","og_locale":"sv_SE","og_type":"article","og_title":"Positivt att AF h\u00e4ver avtal","og_description":"Positivt att AF h\u00e4ver avtal. Kompetensf\u00f6retagen v\u00e4lkomnar att Arbetsf\u00f6rmedlingen agerar mot leverant\u00f6rer som inte lever upp till kraven.","og_url":"https:\/\/www.kompetensforetagen.se\/2025\/06\/positivt-att-af-haver-avtal\/","og_site_name":"Kompetensf\u00f6retagen","article_published_time":"2025-06-03T07:56:51+00:00","article_modified_time":"2025-12-12T10:32:13+00:00","og_image":[{"width":1900,"height":1000,"url":"https:\/\/www.kompetensforetagen.se\/app\/uploads\/sites\/5\/2024\/10\/Medlemscase-hemsida-8.png","type":"image\/png"}],"author":"Fredric Sk\u00e4lstad","twitter_card":"summary_large_image","twitter_misc":{"Skriven av":"Fredric Sk\u00e4lstad","Ber\u00e4knad l\u00e4stid":"1 minut"},"schema":{"@context":"https:\/\/schema.org","@graph":[{"@type":"Article","@id":"https:\/\/www.kompetensforetagen.se\/2025\/06\/positivt-att-af-haver-avtal\/#article","isPartOf":{"@id":"https:\/\/www.kompetensforetagen.se\/2025\/06\/positivt-att-af-haver-avtal\/"},"author":{"name":"Fredric Sk\u00e4lstad","@id":"https:\/\/www.kompetensforetagen.se\/#\/schema\/person\/72cd48bb411dea15e40f11d726e9eeeb"},"headline":"Positivt att AF h\u00e4ver avtal","datePublished":"2025-06-03T07:56:51+00:00","dateModified":"2025-12-12T10:32:13+00:00","mainEntityOfPage":{"@id":"https:\/\/www.kompetensforetagen.se\/2025\/06\/positivt-att-af-haver-avtal\/"},"wordCount":107,"publisher":{"@id":"https:\/\/www.kompetensforetagen.se\/#organization"},"image":{"@id":"https:\/\/www.kompetensforetagen.se\/2025\/06\/positivt-att-af-haver-avtal\/#primaryimage"},"thumbnailUrl":"https:\/\/www.kompetensforetagen.se\/app\/uploads\/sites\/5\/2024\/10\/Medlemscase-hemsida-8.png","articleSection":["Arbetsf\u00f6rmedlingen"],"inLanguage":"sv-SE"},{"@type":"WebPage","@id":"https:\/\/www.kompetensforetagen.se\/2025\/06\/positivt-att-af-haver-avtal\/","url":"https:\/\/www.kompetensforetagen.se\/2025\/06\/positivt-att-af-haver-avtal\/","name":"Positivt att AF h\u00e4ver avtal - Kompetensf\u00f6retagen","isPartOf":{"@id":"https:\/\/www.kompetensforetagen.se\/#website"},"primaryImageOfPage":{"@id":"https:\/\/www.kompetensforetagen.se\/2025\/06\/positivt-att-af-haver-avtal\/#primaryimage"},"image":{"@id":"https:\/\/www.kompetensforetagen.se\/2025\/06\/positivt-att-af-haver-avtal\/#primaryimage"},"thumbnailUrl":"https:\/\/www.kompetensforetagen.se\/app\/uploads\/sites\/5\/2024\/10\/Medlemscase-hemsida-8.png","datePublished":"2025-06-03T07:56:51+00:00","dateModified":"2025-12-12T10:32:13+00:00","description":"Positivt att AF h\u00e4ver avtal. Kompetensf\u00f6retagen v\u00e4lkomnar att Arbetsf\u00f6rmedlingen agerar mot leverant\u00f6rer som inte lever upp till kraven.","breadcrumb":{"@id":"https:\/\/www.kompetensforetagen.se\/2025\/06\/positivt-att-af-haver-avtal\/#breadcrumb"},"inLanguage":"sv-SE","potentialAction":[{"@type":"ReadAction","target":["https:\/\/www.kompetensforetagen.se\/2025\/06\/positivt-att-af-haver-avtal\/"]}]},{"@type":"ImageObject","inLanguage":"sv-SE","@id":"https:\/\/www.kompetensforetagen.se\/2025\/06\/positivt-att-af-haver-avtal\/#primaryimage","url":"https:\/\/www.kompetensforetagen.se\/app\/uploads\/sites\/5\/2024\/10\/Medlemscase-hemsida-8.png","contentUrl":"https:\/\/www.kompetensforetagen.se\/app\/uploads\/sites\/5\/2024\/10\/Medlemscase-hemsida-8.png","width":1900,"height":1000,"caption":"Jessica Forss Katz: Kritiken borde riktas mot Arbetsf\u00f6rmedlingen"},{"@type":"BreadcrumbList","@id":"https:\/\/www.kompetensforetagen.se\/2025\/06\/positivt-att-af-haver-avtal\/#breadcrumb","itemListElement":[{"@type":"ListItem","position":1,"name":"Home","item":"https:\/\/www.kompetensforetagen.se\/"},{"@type":"ListItem","position":2,"name":"Positivt att AF h\u00e4ver avtal"}]},{"@type":"WebSite","@id":"https:\/\/www.kompetensforetagen.se\/#website","url":"https:\/\/www.kompetensforetagen.se\/","name":"Kompetensf\u00f6retagen","description":"R\u00e4tt person p\u00e5 r\u00e4tt plats kan f\u00f6r\u00e4ndra v\u00e4rlden","publisher":{"@id":"https:\/\/www.kompetensforetagen.se\/#organization"},"potentialAction":[{"@type":"SearchAction","target":{"@type":"EntryPoint","urlTemplate":"https:\/\/www.kompetensforetagen.se\/?s={search_term_string}"},"query-input":{"@type":"PropertyValueSpecification","valueRequired":true,"valueName":"search_term_string"}}],"inLanguage":"sv-SE"},{"@type":"Organization","@id":"https:\/\/www.kompetensforetagen.se\/#organization","name":"Kompetensf\u00f6retagen","url":"https:\/\/www.kompetensforetagen.se\/","logo":{"@type":"ImageObject","inLanguage":"sv-SE","@id":"https:\/\/www.kompetensforetagen.se\/#\/schema\/logo\/image\/","url":"https:\/\/www.kompetensforetagen.se\/app\/uploads\/sites\/5\/2022\/10\/logga_svart.png","contentUrl":"https:\/\/www.kompetensforetagen.se\/app\/uploads\/sites\/5\/2022\/10\/logga_svart.png","width":752,"height":64,"caption":"Kompetensf\u00f6retagen"},"image":{"@id":"https:\/\/www.kompetensforetagen.se\/#\/schema\/logo\/image\/"},"sameAs":["https:\/\/www.linkedin.com\/company\/10540032\/"]},{"@type":"Person","@id":"https:\/\/www.kompetensforetagen.se\/#\/schema\/person\/72cd48bb411dea15e40f11d726e9eeeb","name":"Fredric Sk\u00e4lstad","image":{"@type":"ImageObject","inLanguage":"sv-SE","@id":"https:\/\/www.kompetensforetagen.se\/#\/schema\/person\/image\/","url":"https:\/\/secure.gravatar.com\/avatar\/64f20bf3ac13c78aedd6054f495d1a00b38234d6bf532fa3b1cb3ff0bcc24f8d?s=96&d=mm&r=g","contentUrl":"https:\/\/secure.gravatar.com\/avatar\/64f20bf3ac13c78aedd6054f495d1a00b38234d6bf532fa3b1cb3ff0bcc24f8d?s=96&d=mm&r=g","caption":"Fredric Sk\u00e4lstad"},"description":"Fredric \u00e4r n\u00e4ringspolitisk chef p\u00e5 Kompetensf\u00f6retagen.","url":"https:\/\/www.kompetensforetagen.se\/person\/fredricskalstad\/"}]}},"_links":{"self":[{"href":"https:\/\/www.kompetensforetagen.se\/api\/wp\/v2\/posts\/20161","targetHints":{"allow":["GET"]}}],"collection":[{"href":"https:\/\/www.kompetensforetagen.se\/api\/wp\/v2\/posts"}],"about":[{"href":"https:\/\/www.kompetensforetagen.se\/api\/wp\/v2\/types\/post"}],"author":[{"embeddable":true,"href":"https:\/\/www.kompetensforetagen.se\/api\/wp\/v2\/users\/222"}],"replies":[{"embeddable":true,"href":"https:\/\/www.kompetensforetagen.se\/api\/wp\/v2\/comments?post=20161"}],"version-history":[{"count":1,"href":"https:\/\/www.kompetensforetagen.se\/api\/wp\/v2\/posts\/20161\/revisions"}],"predecessor-version":[{"id":20162,"href":"https:\/\/www.kompetensforetagen.se\/api\/wp\/v2\/posts\/20161\/revisions\/20162"}],"wp:featuredmedia":[{"embeddable":true,"href":"https:\/\/www.kompetensforetagen.se\/api\/wp\/v2\/media\/18603"}],"wp:attachment":[{"href":"https:\/\/www.kompetensforetagen.se\/api\/wp\/v2\/media?parent=20161"}],"wp:term":[{"taxonomy":"category","embeddable":true,"href":"https:\/\/www.kompetensforetagen.se\/api\/wp\/v2\/categories?post=20161"},{"taxonomy":"post_tag","embeddable":true,"href":"https:\/\/www.kompetensforetagen.se\/api\/wp\/v2\/tags?post=20161"},{"taxonomy":"type","embeddable":true,"href":"https:\/\/www.kompetensforetagen.se\/api\/wp\/v2\/article_type?post=20161"},{"taxonomy":"agreement","embeddable":true,"href":"https:\/\/www.kompetensforetagen.se\/api\/wp\/v2\/agreement?post=20161"},{"taxonomy":"for-members","embeddable":true,"href":"https:\/\/www.kompetensforetagen.se\/api\/wp\/v2\/for-members?post=20161"}],"curies":[{"name":"wp","href":"https:\/\/api.w.org\/{rel}","templated":true}]}}